{"id":67608,"date":"2022-01-31T10:44:27","date_gmt":"2022-01-31T10:44:27","guid":{"rendered":"http:\/\/www.noticiasradioreflejos.com.ar\/2021\/?p=67608"},"modified":"2022-01-31T10:44:27","modified_gmt":"2022-01-31T10:44:27","slug":"concluyeron-la-busqueda-del-escalador-italiano-por-las-nulas-chances-de-supervivencia","status":"publish","type":"post","link":"https:\/\/www.noticiasradioreflejos.com.ar\/2021\/concluyeron-la-busqueda-del-escalador-italiano-por-las-nulas-chances-de-supervivencia\/","title":{"rendered":"Concluyeron la b\u00fasqueda del escalador italiano por las nulas chances de supervivencia"},"content":{"rendered":"<p>El escalador italiano sufri\u00f3 heridas de gravedad y su equipo fue arrastrado por una avalancha de nieve y piedras. Tom\u00e1s Aguil\u00f3 ya hab\u00eda sido rescatado el s\u00e1bado por la ma\u00f1ana tras quedar colgado y dar aviso desde una de las paredes del Cerro Torre.<!--more--><\/p>\n<figure class=\"mb-3\"><img decoding=\"async\" src=\"https:\/\/www.telam.com.ar\/thumbs\/bluesteel\/advf\/imagenes\/2022\/01\/61f4616412e0f_900.jpg\" alt=\"El grupo de bsqueda logr rescatar a Toms Aguil Foto Walter Diaz\" width=\"100%\" height=\"100%\" \/><\/p>\n<div class=\"media-icons\"><\/div><figcaption>El grupo de b\u00fasqueda logr\u00f3 rescatar a Tom\u00e1s Aguil\u00f3. Foto Walter Diaz<\/figcaption><\/figure>\n<p>La b\u00fasqueda del escalador italiano\u00a0<strong>Korra Pesce<\/strong>, que fue alcanzado por una avalancha cuando descend\u00eda del\u00a0<strong>Cerro Torre<\/strong>\u00a0junto al argentino\u00a0<strong>Tom\u00e1s Aguil\u00f3<\/strong>, se dio ester domingo por concluida, debido a las posibilidades nulas de supervivencia y la inseguridad para los rescatistas por lo riguroso del clima en la zona de\u00a0<strong>El Chalt\u00e9n<\/strong>.<\/p>\n<p>Seg\u00fan informaron a T\u00e9lam fuentes de la oficina del\u00a0<strong>Parque Nacional Los Glaciares<\/strong>\u00a0zona norte,\u00a0<a href=\"https:\/\/www.telam.com.ar\/notas\/202201\/582163-avalancha-el-chalten-rescate-escalador.html\" target=\"_blank\" rel=\"noopener\">los rescatistas que fueron este s\u00e1bado la b\u00fasqueda de Pesce retornaron \u00aben muy malas condiciones<\/a>, muy cansados. Subieron y estaba nevando\u00bb.<\/p>\n<p>\u00abLa b\u00fasqueda se dio por terminada porque no hay condiciones seguras para los rescatistas por lo riguroso del clima. Localizaron donde debe estar el italiano, se llama Box de los Ingleses y es muy alto. Las posibilidades de sobrevivir son m\u00ednimas\u00bb, dijo la fuente, que particip\u00f3 del operativo.<\/p>\n<figure class=\"mb-3\"><img decoding=\"async\" src=\"https:\/\/www.telam.com.ar\/thumbs\/bluesteel\/advf\/imagenes\/2022\/01\/61f461724f9be_900.jpg\" alt=\"Korra Pesce fue alcanzado por una avalancha cuando descenda del Cerro Torre Foto Walter Diaz\" width=\"100%\" height=\"100%\" \/><\/p>\n<div class=\"media-icons\"><\/div><figcaption>Korra Pesce fue alcanzado por una avalancha cuando descend\u00eda del Cerro Torre. Foto Walter Diaz<\/figcaption><\/figure>\n<p>El grupo de b\u00fasqueda lo integraron<strong>\u00a055 personas<\/strong>, de la comisi\u00f3n de auxilio El Chalt\u00e9n, Ej\u00e9rcito argentino, con un helic\u00f3ptero, y brigadistas de Parques Nacionales<\/p>\n<p>Aguil\u00f3 y Pesce hab\u00edan logrado hacer cumbre y comenzaban el descenso cuando la avalancha los sorprendi\u00f3 el viernes en mitad de la noche.<\/p>\n<p>Los dos monta\u00f1istas, de larga trayectoria como escaladores, ya hab\u00edan subido en otras oportunidades el Cerro Torre, una de las cumbres m\u00e1s extremas de Am\u00e9rica del Sur, con una altura de 3.133 metros y ubicada en los Campos de Hielo sur.<\/p>\n<p>De hecho, ambos integraron un equipo que logr\u00f3 repetir \u00abPsycho Vertical\u00bb, una haza\u00f1a que en 1986 hab\u00edan hecho dos escaladores eslovenos y que nadie hab\u00eda repetido hasta 2016.<\/p>\n<p>Desde Parques Nacionales indicaron que Aguil\u00f3 se encontraba en una zona de muy dif\u00edcil acceso. Por eso, los rescatistas\u00a0<strong>tuvieron que bajarlo en un camilla<\/strong>\u00a0hasta que pudieron ir al punto de encuentro denominado Niponino.<\/p>\n<figure class=\"mb-3\"><img decoding=\"async\" src=\"https:\/\/www.telam.com.ar\/thumbs\/bluesteel\/advf\/imagenes\/2022\/01\/61f553667f590_900.jpg\" alt=\"Dan por concluida la bsqueda de un escalador italiano\" width=\"100%\" height=\"100%\" \/><\/p>\n<div class=\"media-icons\"><\/div><figcaption>Dan por concluida la b\u00fasqueda de un escalador italiano.<\/figcaption><\/figure>\n<p>Reci\u00e9n ah\u00ed, y luego de 30 horas desde que la avalancha lo cubri\u00f3, Aguil\u00f3 pudo ser subido a un helic\u00f3ptero del Ej\u00e9rcito argentino para ser evacuado y trasladado a un hospital de El Calafate.<\/p>\n<p>As\u00ed lo confirmaron a T\u00e9lam fuentes de Parques Nacionales y del hospital de alta complejidad Samic de El Calafate, donde se\u00f1alaron que el andinista se encuentra estable y fuera de peligro a pesar de las heridas.<\/p>\n<p>El accidente que sufrieron los monta\u00f1istas es el segundo que se produce en El Chalt\u00e9n en menos de un mes. El 6 de enero, otra avalancha de nieve y rocas en el cerro Aguja La Guillaumet (2.750 metros) arrastr\u00f3 al alem\u00e1n Robert Grasegger, quien muri\u00f3 all\u00ed. Su mujer, Anna Truntschig, fue rescatada y trasladada.<\/p>\n<p>Aguil\u00f3 naci\u00f3 en Bariloche pero vive en El Chalt\u00e9n desde 2006 y es parte de los deportistas que cuentan con el sponsor de la marca Patagonia. Ascendi\u00f3 once veces el Cerro Fitz Roy y dos el Torre, y tiene su propia empresa de gu\u00edas de monta\u00f1a junto con otros dos socios, Patagonia Ascent.<\/p>\n<p>Pesce, de 41 a\u00f1os, naci\u00f3 en Novara, Italia, y vive en Chamonix, Francia. Sus haza\u00f1as como monta\u00f1ista, que incluyen el Himalaya, se cuentan en los Alpes y en la Patagonia, donde hab\u00eda logrado repetir junto con Aguil\u00f3 la Psycho Vertical, una legendaria v\u00eda de ascenso a la de Torre Egger, en El Chalt\u00e9n.<\/p>\n","protected":false},"excerpt":{"rendered":"<p>El escalador italiano sufri\u00f3 heridas de gravedad y su equipo fue arrastrado por una avalancha de nieve y piedras. Tom\u00e1s Aguil\u00f3 ya hab\u00eda sido rescatado el s\u00e1bado por la ma\u00f1ana tras quedar colgado y dar aviso desde una de las paredes del Cerro Torre.<\/p>\n","protected":false},"author":3,"featured_media":0,"comment_status":"closed","ping_status":"closed","sticky":false,"template":"","format":"standard","meta":{"footnotes":""},"categories":[26],"tags":[],"class_list":["post-67608","post","type-post","status-publish","format-standard","hentry","category-sociedad"],"yoast_head":"<!-- This site is optimized with the Yoast SEO plugin v25.9 - https:\/\/yoast.com\/wordpress\/plugins\/seo\/ -->\n<title>Concluyeron la b\u00fasqueda del escalador italiano por las nulas chances de supervivencia - Noticias Radio Reflejos<\/title>\n<meta name=\"robots\" content=\"index, follow, max-snippet:-1, max-image-preview:large, max-video-preview:-1\" \/>\n<link rel=\"canonical\" href=\"https:\/\/www.noticiasradioreflejos.com.ar\/2021\/concluyeron-la-busqueda-del-escalador-italiano-por-las-nulas-chances-de-supervivencia\/\" \/>\n<meta property=\"og:locale\" content=\"es_ES\" \/>\n<meta property=\"og:type\" content=\"article\" \/>\n<meta property=\"og:title\" content=\"Concluyeron la b\u00fasqueda del escalador italiano por las nulas chances de supervivencia - Noticias Radio Reflejos\" \/>\n<meta property=\"og:description\" content=\"El escalador italiano sufri\u00f3 heridas de gravedad y su equipo fue arrastrado por una avalancha de nieve y piedras. Tom\u00e1s Aguil\u00f3 ya hab\u00eda sido rescatado el s\u00e1bado por la ma\u00f1ana tras quedar colgado y dar aviso desde una de las paredes del Cerro Torre.\" \/>\n<meta property=\"og:url\" content=\"https:\/\/www.noticiasradioreflejos.com.ar\/2021\/concluyeron-la-busqueda-del-escalador-italiano-por-las-nulas-chances-de-supervivencia\/\" \/>\n<meta property=\"og:site_name\" content=\"Noticias Radio Reflejos\" \/>\n<meta property=\"article:published_time\" content=\"2022-01-31T10:44:27+00:00\" \/>\n<meta property=\"og:image\" content=\"https:\/\/www.telam.com.ar\/thumbs\/bluesteel\/advf\/imagenes\/2022\/01\/61f4616412e0f_900.jpg\" \/>\n<meta name=\"author\" content=\"Arnaldo Botto\" \/>\n<meta name=\"twitter:card\" content=\"summary_large_image\" \/>\n<script type=\"application\/ld+json\" class=\"yoast-schema-graph\">{\"@context\":\"https:\/\/schema.org\",\"@graph\":[{\"@type\":\"WebPage\",\"@id\":\"https:\/\/www.noticiasradioreflejos.com.ar\/2021\/concluyeron-la-busqueda-del-escalador-italiano-por-las-nulas-chances-de-supervivencia\/\",\"url\":\"https:\/\/www.noticiasradioreflejos.com.ar\/2021\/concluyeron-la-busqueda-del-escalador-italiano-por-las-nulas-chances-de-supervivencia\/\",\"name\":\"Concluyeron la b\u00fasqueda del escalador italiano por las nulas chances de supervivencia - Noticias Radio Reflejos\",\"isPartOf\":{\"@id\":\"https:\/\/www.noticiasradioreflejos.com.ar\/2021\/#website\"},\"primaryImageOfPage\":{\"@id\":\"https:\/\/www.noticiasradioreflejos.com.ar\/2021\/concluyeron-la-busqueda-del-escalador-italiano-por-las-nulas-chances-de-supervivencia\/#primaryimage\"},\"image\":{\"@id\":\"https:\/\/www.noticiasradioreflejos.com.ar\/2021\/concluyeron-la-busqueda-del-escalador-italiano-por-las-nulas-chances-de-supervivencia\/#primaryimage\"},\"thumbnailUrl\":\"https:\/\/www.telam.com.ar\/thumbs\/bluesteel\/advf\/imagenes\/2022\/01\/61f4616412e0f_900.jpg\",\"datePublished\":\"2022-01-31T10:44:27+00:00\",\"author\":{\"@id\":\"https:\/\/www.noticiasradioreflejos.com.ar\/2021\/#\/schema\/person\/ad82545263dcc5ec0996818884fd5fb1\"},\"breadcrumb\":{\"@id\":\"https:\/\/www.noticiasradioreflejos.com.ar\/2021\/concluyeron-la-busqueda-del-escalador-italiano-por-las-nulas-chances-de-supervivencia\/#breadcrumb\"},\"inLanguage\":\"es\",\"potentialAction\":[{\"@type\":\"ReadAction\",\"target\":[\"https:\/\/www.noticiasradioreflejos.com.ar\/2021\/concluyeron-la-busqueda-del-escalador-italiano-por-las-nulas-chances-de-supervivencia\/\"]}]},{\"@type\":\"ImageObject\",\"inLanguage\":\"es\",\"@id\":\"https:\/\/www.noticiasradioreflejos.com.ar\/2021\/concluyeron-la-busqueda-del-escalador-italiano-por-las-nulas-chances-de-supervivencia\/#primaryimage\",\"url\":\"https:\/\/www.telam.com.ar\/thumbs\/bluesteel\/advf\/imagenes\/2022\/01\/61f4616412e0f_900.jpg\",\"contentUrl\":\"https:\/\/www.telam.com.ar\/thumbs\/bluesteel\/advf\/imagenes\/2022\/01\/61f4616412e0f_900.jpg\"},{\"@type\":\"BreadcrumbList\",\"@id\":\"https:\/\/www.noticiasradioreflejos.com.ar\/2021\/concluyeron-la-busqueda-del-escalador-italiano-por-las-nulas-chances-de-supervivencia\/#breadcrumb\",\"itemListElement\":[{\"@type\":\"ListItem\",\"position\":1,\"name\":\"Portada\",\"item\":\"https:\/\/www.noticiasradioreflejos.com.ar\/2021\/\"},{\"@type\":\"ListItem\",\"position\":2,\"name\":\"Concluyeron la b\u00fasqueda del escalador italiano por las nulas chances de supervivencia\"}]},{\"@type\":\"WebSite\",\"@id\":\"https:\/\/www.noticiasradioreflejos.com.ar\/2021\/#website\",\"url\":\"https:\/\/www.noticiasradioreflejos.com.ar\/2021\/\",\"name\":\"Noticias Radio Reflejos\",\"description\":\"Las noticias de mi comarca\",\"potentialAction\":[{\"@type\":\"SearchAction\",\"target\":{\"@type\":\"EntryPoint\",\"urlTemplate\":\"https:\/\/www.noticiasradioreflejos.com.ar\/2021\/?s={search_term_string}\"},\"query-input\":{\"@type\":\"PropertyValueSpecification\",\"valueRequired\":true,\"valueName\":\"search_term_string\"}}],\"inLanguage\":\"es\"},{\"@type\":\"Person\",\"@id\":\"https:\/\/www.noticiasradioreflejos.com.ar\/2021\/#\/schema\/person\/ad82545263dcc5ec0996818884fd5fb1\",\"name\":\"Arnaldo Botto\",\"image\":{\"@type\":\"ImageObject\",\"inLanguage\":\"es\",\"@id\":\"https:\/\/www.noticiasradioreflejos.com.ar\/2021\/#\/schema\/person\/image\/\",\"url\":\"https:\/\/secure.gravatar.com\/avatar\/55cb5e37c1efa326397366e6974cb338056df65cb50e7d64d1cf314e87504837?s=96&d=mm&r=g\",\"contentUrl\":\"https:\/\/secure.gravatar.com\/avatar\/55cb5e37c1efa326397366e6974cb338056df65cb50e7d64d1cf314e87504837?s=96&d=mm&r=g\",\"caption\":\"Arnaldo Botto\"},\"url\":\"https:\/\/www.noticiasradioreflejos.com.ar\/2021\/author\/arnaldo\/\"}]}<\/script>\n<!-- \/ Yoast SEO plugin. -->","yoast_head_json":{"title":"Concluyeron la b\u00fasqueda del escalador italiano por las nulas chances de supervivencia - Noticias Radio Reflejos","robots":{"index":"index","follow":"follow","max-snippet":"max-snippet:-1","max-image-preview":"max-image-preview:large","max-video-preview":"max-video-preview:-1"},"canonical":"https:\/\/www.noticiasradioreflejos.com.ar\/2021\/concluyeron-la-busqueda-del-escalador-italiano-por-las-nulas-chances-de-supervivencia\/","og_locale":"es_ES","og_type":"article","og_title":"Concluyeron la b\u00fasqueda del escalador italiano por las nulas chances de supervivencia - Noticias Radio Reflejos","og_description":"El escalador italiano sufri\u00f3 heridas de gravedad y su equipo fue arrastrado por una avalancha de nieve y piedras. Tom\u00e1s Aguil\u00f3 ya hab\u00eda sido rescatado el s\u00e1bado por la ma\u00f1ana tras quedar colgado y dar aviso desde una de las paredes del Cerro Torre.","og_url":"https:\/\/www.noticiasradioreflejos.com.ar\/2021\/concluyeron-la-busqueda-del-escalador-italiano-por-las-nulas-chances-de-supervivencia\/","og_site_name":"Noticias Radio Reflejos","article_published_time":"2022-01-31T10:44:27+00:00","og_image":[{"url":"https:\/\/www.telam.com.ar\/thumbs\/bluesteel\/advf\/imagenes\/2022\/01\/61f4616412e0f_900.jpg","type":"","width":"","height":""}],"author":"Arnaldo Botto","twitter_card":"summary_large_image","schema":{"@context":"https:\/\/schema.org","@graph":[{"@type":"WebPage","@id":"https:\/\/www.noticiasradioreflejos.com.ar\/2021\/concluyeron-la-busqueda-del-escalador-italiano-por-las-nulas-chances-de-supervivencia\/","url":"https:\/\/www.noticiasradioreflejos.com.ar\/2021\/concluyeron-la-busqueda-del-escalador-italiano-por-las-nulas-chances-de-supervivencia\/","name":"Concluyeron la b\u00fasqueda del escalador italiano por las nulas chances de supervivencia - Noticias Radio Reflejos","isPartOf":{"@id":"https:\/\/www.noticiasradioreflejos.com.ar\/2021\/#website"},"primaryImageOfPage":{"@id":"https:\/\/www.noticiasradioreflejos.com.ar\/2021\/concluyeron-la-busqueda-del-escalador-italiano-por-las-nulas-chances-de-supervivencia\/#primaryimage"},"image":{"@id":"https:\/\/www.noticiasradioreflejos.com.ar\/2021\/concluyeron-la-busqueda-del-escalador-italiano-por-las-nulas-chances-de-supervivencia\/#primaryimage"},"thumbnailUrl":"https:\/\/www.telam.com.ar\/thumbs\/bluesteel\/advf\/imagenes\/2022\/01\/61f4616412e0f_900.jpg","datePublished":"2022-01-31T10:44:27+00:00","author":{"@id":"https:\/\/www.noticiasradioreflejos.com.ar\/2021\/#\/schema\/person\/ad82545263dcc5ec0996818884fd5fb1"},"breadcrumb":{"@id":"https:\/\/www.noticiasradioreflejos.com.ar\/2021\/concluyeron-la-busqueda-del-escalador-italiano-por-las-nulas-chances-de-supervivencia\/#breadcrumb"},"inLanguage":"es","potentialAction":[{"@type":"ReadAction","target":["https:\/\/www.noticiasradioreflejos.com.ar\/2021\/concluyeron-la-busqueda-del-escalador-italiano-por-las-nulas-chances-de-supervivencia\/"]}]},{"@type":"ImageObject","inLanguage":"es","@id":"https:\/\/www.noticiasradioreflejos.com.ar\/2021\/concluyeron-la-busqueda-del-escalador-italiano-por-las-nulas-chances-de-supervivencia\/#primaryimage","url":"https:\/\/www.telam.com.ar\/thumbs\/bluesteel\/advf\/imagenes\/2022\/01\/61f4616412e0f_900.jpg","contentUrl":"https:\/\/www.telam.com.ar\/thumbs\/bluesteel\/advf\/imagenes\/2022\/01\/61f4616412e0f_900.jpg"},{"@type":"BreadcrumbList","@id":"https:\/\/www.noticiasradioreflejos.com.ar\/2021\/concluyeron-la-busqueda-del-escalador-italiano-por-las-nulas-chances-de-supervivencia\/#breadcrumb","itemListElement":[{"@type":"ListItem","position":1,"name":"Portada","item":"https:\/\/www.noticiasradioreflejos.com.ar\/2021\/"},{"@type":"ListItem","position":2,"name":"Concluyeron la b\u00fasqueda del escalador italiano por las nulas chances de supervivencia"}]},{"@type":"WebSite","@id":"https:\/\/www.noticiasradioreflejos.com.ar\/2021\/#website","url":"https:\/\/www.noticiasradioreflejos.com.ar\/2021\/","name":"Noticias Radio Reflejos","description":"Las noticias de mi comarca","potentialAction":[{"@type":"SearchAction","target":{"@type":"EntryPoint","urlTemplate":"https:\/\/www.noticiasradioreflejos.com.ar\/2021\/?s={search_term_string}"},"query-input":{"@type":"PropertyValueSpecification","valueRequired":true,"valueName":"search_term_string"}}],"inLanguage":"es"},{"@type":"Person","@id":"https:\/\/www.noticiasradioreflejos.com.ar\/2021\/#\/schema\/person\/ad82545263dcc5ec0996818884fd5fb1","name":"Arnaldo Botto","image":{"@type":"ImageObject","inLanguage":"es","@id":"https:\/\/www.noticiasradioreflejos.com.ar\/2021\/#\/schema\/person\/image\/","url":"https:\/\/secure.gravatar.com\/avatar\/55cb5e37c1efa326397366e6974cb338056df65cb50e7d64d1cf314e87504837?s=96&d=mm&r=g","contentUrl":"https:\/\/secure.gravatar.com\/avatar\/55cb5e37c1efa326397366e6974cb338056df65cb50e7d64d1cf314e87504837?s=96&d=mm&r=g","caption":"Arnaldo Botto"},"url":"https:\/\/www.noticiasradioreflejos.com.ar\/2021\/author\/arnaldo\/"}]}},"_links":{"self":[{"href":"https:\/\/www.noticiasradioreflejos.com.ar\/2021\/wp-json\/wp\/v2\/posts\/67608","targetHints":{"allow":["GET"]}}],"collection":[{"href":"https:\/\/www.noticiasradioreflejos.com.ar\/2021\/wp-json\/wp\/v2\/posts"}],"about":[{"href":"https:\/\/www.noticiasradioreflejos.com.ar\/2021\/wp-json\/wp\/v2\/types\/post"}],"author":[{"embeddable":true,"href":"https:\/\/www.noticiasradioreflejos.com.ar\/2021\/wp-json\/wp\/v2\/users\/3"}],"replies":[{"embeddable":true,"href":"https:\/\/www.noticiasradioreflejos.com.ar\/2021\/wp-json\/wp\/v2\/comments?post=67608"}],"version-history":[{"count":2,"href":"https:\/\/www.noticiasradioreflejos.com.ar\/2021\/wp-json\/wp\/v2\/posts\/67608\/revisions"}],"predecessor-version":[{"id":67611,"href":"https:\/\/www.noticiasradioreflejos.com.ar\/2021\/wp-json\/wp\/v2\/posts\/67608\/revisions\/67611"}],"wp:attachment":[{"href":"https:\/\/www.noticiasradioreflejos.com.ar\/2021\/wp-json\/wp\/v2\/media?parent=67608"}],"wp:term":[{"taxonomy":"category","embeddable":true,"href":"https:\/\/www.noticiasradioreflejos.com.ar\/2021\/wp-json\/wp\/v2\/categories?post=67608"},{"taxonomy":"post_tag","embeddable":true,"href":"https:\/\/www.noticiasradioreflejos.com.ar\/2021\/wp-json\/wp\/v2\/tags?post=67608"}],"curies":[{"name":"wp","href":"https:\/\/api.w.org\/{rel}","templated":true}]}}