{"id":67605,"date":"2022-01-31T10:39:56","date_gmt":"2022-01-31T10:39:56","guid":{"rendered":"http:\/\/www.noticiasradioreflejos.com.ar\/2021\/?p=67605"},"modified":"2022-01-31T10:39:56","modified_gmt":"2022-01-31T10:39:56","slug":"conflicto-entre-rusia-y-ucrania-cual-tendria-que-ser-la-posicion-argentina","status":"publish","type":"post","link":"https:\/\/www.noticiasradioreflejos.com.ar\/2021\/conflicto-entre-rusia-y-ucrania-cual-tendria-que-ser-la-posicion-argentina\/","title":{"rendered":"Conflicto entre Rusia y Ucrania, cual tendr\u00eda que ser la posici\u00f3n Argentina"},"content":{"rendered":"<p>Este conflicto es un resabio de la llamada guerra fr\u00eda. Por lo tanto no es un hecho aislado y considerarlo de ese modo constituye un error y un desconocimiento hist\u00f3rico.<!--more--><br \/>\nAnte el pedido de membres\u00eda de Ucrania a la OTAN y a la CEE (Comunidad Econ\u00f3mica Europea), Rusia reacciona enviando 127000 soldados a la frontera con Ucrania, pone en alerta la flota del Mar Negro, dijo \u00abejercicios\u00bb.<br \/>\nNoruega detect\u00f3 parte de la flota del B\u00e1ltico que pasaba por el Mar del Norte hacia la zona del conflicto y en esta semana empezaron los \u00abejercicios\u00bb a\u00e9reos entre Rusia y Bielorusia, con los aviones de 5ta generaci\u00f3n SU-35S en una demostraci\u00f3n de fuerza, que podr\u00eda dejar a Putin en una situaci\u00f3n sin retorno. Los funcionarios m\u00e1s duros de su gobierno piden la invasi\u00f3n, cosa que si Occidente no sede a los pedidos de Rusia, Putin no tendr\u00eda otro remedio que invadir Ucrania, caso contrario se debilitaria internamente.<br \/>\nLo descripto resulta de una interpretaci\u00f3n diferente al analizar la historia reciente, desde 1991, cuando se disuelve la URSS.<br \/>\nDesde la disoluci\u00f3n de la Uni\u00f3n Sovi\u00e9tica y del Pacto de Varsovia, muchos de esos pa\u00edses pidieron la Membresia de la OTAN. Algunos ya fueron aceptados y otros est\u00e1n pendiente de aprobaci\u00f3n o tienen fecha para incorporarse en esta d\u00e9cada.<br \/>\nEsto llevo a que haya bases de la OTAN a 200 Km de la frontera de Rusia, convirti\u00e9ndose en un riesgo para la seguridad de dicho Pa\u00eds.<br \/>\nAs\u00ed vemos como los pa\u00edses B\u00e1lticos: Estonia, Letonia y Lituania hoy son parte de la OTAN con bases en sus territorios. Los 2 primeros comparten frontera con Rusia, pero no s\u00f3lo eso, sino que controlan desde ese lugar, todos los movimientos de la Armada Rusa en el Mar B\u00e1ltico y su paso al mar del Norte.<br \/>\nAl sur de estos Pa\u00edses esta Ucrania, que si la OTAN pusiera bases en dicho pa\u00eds, m\u00e1s las bases que ya tiene en Turqu\u00eda, controlar\u00eda a la Armada Rusa acantonada en el Mar Negro y en el Mar de Azov. Aparte tengamos en cuenta que un tercio del gas que Rusia le vende a Europa, pasa por territorio Ucraniano.<br \/>\nSi nos vamos para el Este entre Europa Oriental y Asia occidental (entre el Mar Negro y el Caspio), est\u00e1 la zona del C\u00e1ucaso donde Georgia, ex territorio de la URSS, tambi\u00e9n pidi\u00f3 Membres\u00eda a la OTAN y tiene fecha para incorporarse en el 2026.<br \/>\nLa OTAN pr\u00e1cticamente quedar\u00eda con bases en toda la frontera Rusa con Europa, desde el B\u00e1ltico hasta el Caspio y estrat\u00e9gicamente Rusia queda en estado de debilidad.<br \/>\nAnte este avance de la OTAN, Rusia viene reaccionando en el C\u00e1ucaso apoyando a los separatistas pro Rusos en Abjasia y Osetia del Sur, territorio reclamado por Georgia y tambi\u00e9n la pen\u00ednsula de Crimea, despu\u00e9s del triunfo de los separatistas de Ucrania se anexaron a Rusia como Rep\u00fablica de Crimea y la Federaci\u00f3n Rusa instal\u00f3 una base en Sebastopol.<br \/>\nEsta pen\u00ednsula que el imperio Ruso ocup\u00f3 en 1783 y permaneci\u00f3 bajo su poder, hasta que Nikita kruschev Primer ministro y Pte del PC de la URSS en 1954 se la devolvi\u00f3 a la Rep\u00fablica socialista Sovi\u00e9tica de Ucrania, quedando en su \u00f3rbita despu\u00e9s de la disoluci\u00f3n de la Uni\u00f3n Sovi\u00e9tica.<br \/>\nAl tomar todo el contexto hist\u00f3rico, que lleva a considerar que la OTAN se sienta en condiciones de ejercer el rol de gendarme del Mundo y que Rusia niega de plano esa supremac\u00eda, ya que en el siglo XXI las bases fijas son m\u00e1s costosas y un blanco m\u00e1s f\u00e1cil para sus misiles hipers\u00f3nicos Zircon, que desde un submarino puede alcanzar cualquier lugar y son pr\u00e1cticamente indetectables para los radares de OTAN, resulta que este enfrentamiento pone en riesgo la paz del mundo.<br \/>\nM\u00e1s all\u00e1 del rol err\u00e1tico que a tenido y tiene la OTAN en estos tiempos, la tradici\u00f3n Argentina ha sido la neutralidad, ora por pertenecer a los pa\u00edses no alineados, o bien por su pr\u00e9dica por la paz, esto no significa que el racconto sobre el conflicto en ciernes, no imposibilite una visi\u00f3n de pol\u00edtica internacional, a\u00fan cuando sea para consumo interno, a\u00fan teniendo presente nuestros intereses econ\u00f3micos enrolados en cualquiera de los bandos en disputa, nos obliga a trabajar junto al resto de las naciones por el di\u00e1logo y la desmilitarizaci\u00f3n de la zona. Un futuro acuerdo tiene que incluir toda la frontera Rusa, desde el B\u00e1ltico hasta el C\u00e1ucaso pasando por Ucrania.<br \/>\nTrabajar para la paz tendr\u00eda que ser el objetivo de la mayor\u00eda de las naciones.<\/p>\n<p>&nbsp;<\/p>\n<div class=\"media__description \" data-nosnippet=\"\">Foto de archivo: \u00a9 Sputnik \/ Valeriy Melnikov<\/div>\n<p>&nbsp;<\/p>\n<p><em><strong>FABIO ABRAHAM Ex Secretario de Gobierno<\/strong><\/em><br \/>\n<em><strong>Concejal (MC)<\/strong><\/em><br \/>\n<em><strong>Lomas de Zamora <\/strong><\/em><br \/>\n<em><strong>fabioabraham@hotmail.com.ar<\/strong><\/em><\/p>\n","protected":false},"excerpt":{"rendered":"<p>Este conflicto es un resabio de la llamada guerra fr\u00eda. Por lo tanto no es un hecho aislado y considerarlo de ese modo constituye un error y un desconocimiento hist\u00f3rico.<\/p>\n","protected":false},"author":3,"featured_media":0,"comment_status":"closed","ping_status":"closed","sticky":false,"template":"","format":"standard","meta":{"footnotes":""},"categories":[24],"tags":[],"class_list":["post-67605","post","type-post","status-publish","format-standard","hentry","category-politica"],"yoast_head":"<!-- This site is optimized with the Yoast SEO plugin v25.9 - https:\/\/yoast.com\/wordpress\/plugins\/seo\/ -->\n<title>Conflicto entre Rusia y Ucrania, cual tendr\u00eda que ser la posici\u00f3n Argentina - Noticias Radio Reflejos<\/title>\n<meta name=\"robots\" content=\"index, follow, max-snippet:-1, max-image-preview:large, max-video-preview:-1\" \/>\n<link rel=\"canonical\" href=\"https:\/\/www.noticiasradioreflejos.com.ar\/2021\/conflicto-entre-rusia-y-ucrania-cual-tendria-que-ser-la-posicion-argentina\/\" \/>\n<meta property=\"og:locale\" content=\"es_ES\" \/>\n<meta property=\"og:type\" content=\"article\" \/>\n<meta property=\"og:title\" content=\"Conflicto entre Rusia y Ucrania, cual tendr\u00eda que ser la posici\u00f3n Argentina - Noticias Radio Reflejos\" \/>\n<meta property=\"og:description\" content=\"Este conflicto es un resabio de la llamada guerra fr\u00eda. Por lo tanto no es un hecho aislado y considerarlo de ese modo constituye un error y un desconocimiento hist\u00f3rico.\" \/>\n<meta property=\"og:url\" content=\"https:\/\/www.noticiasradioreflejos.com.ar\/2021\/conflicto-entre-rusia-y-ucrania-cual-tendria-que-ser-la-posicion-argentina\/\" \/>\n<meta property=\"og:site_name\" content=\"Noticias Radio Reflejos\" \/>\n<meta property=\"article:published_time\" content=\"2022-01-31T10:39:56+00:00\" \/>\n<meta property=\"og:image\" content=\"https:\/\/www.noticiasradioreflejos.com.ar\/2021\/wp-content\/uploads\/2021\/07\/logosol300x200.png\" \/>\n\t<meta property=\"og:image:width\" content=\"300\" \/>\n\t<meta property=\"og:image:height\" content=\"200\" \/>\n\t<meta property=\"og:image:type\" content=\"image\/png\" \/>\n<meta name=\"author\" content=\"Arnaldo Botto\" \/>\n<meta name=\"twitter:card\" content=\"summary_large_image\" \/>\n<script type=\"application\/ld+json\" class=\"yoast-schema-graph\">{\"@context\":\"https:\/\/schema.org\",\"@graph\":[{\"@type\":\"WebPage\",\"@id\":\"https:\/\/www.noticiasradioreflejos.com.ar\/2021\/conflicto-entre-rusia-y-ucrania-cual-tendria-que-ser-la-posicion-argentina\/\",\"url\":\"https:\/\/www.noticiasradioreflejos.com.ar\/2021\/conflicto-entre-rusia-y-ucrania-cual-tendria-que-ser-la-posicion-argentina\/\",\"name\":\"Conflicto entre Rusia y Ucrania, cual tendr\u00eda que ser la posici\u00f3n Argentina - Noticias Radio Reflejos\",\"isPartOf\":{\"@id\":\"https:\/\/www.noticiasradioreflejos.com.ar\/2021\/#website\"},\"datePublished\":\"2022-01-31T10:39:56+00:00\",\"author\":{\"@id\":\"https:\/\/www.noticiasradioreflejos.com.ar\/2021\/#\/schema\/person\/ad82545263dcc5ec0996818884fd5fb1\"},\"breadcrumb\":{\"@id\":\"https:\/\/www.noticiasradioreflejos.com.ar\/2021\/conflicto-entre-rusia-y-ucrania-cual-tendria-que-ser-la-posicion-argentina\/#breadcrumb\"},\"inLanguage\":\"es\",\"potentialAction\":[{\"@type\":\"ReadAction\",\"target\":[\"https:\/\/www.noticiasradioreflejos.com.ar\/2021\/conflicto-entre-rusia-y-ucrania-cual-tendria-que-ser-la-posicion-argentina\/\"]}]},{\"@type\":\"BreadcrumbList\",\"@id\":\"https:\/\/www.noticiasradioreflejos.com.ar\/2021\/conflicto-entre-rusia-y-ucrania-cual-tendria-que-ser-la-posicion-argentina\/#breadcrumb\",\"itemListElement\":[{\"@type\":\"ListItem\",\"position\":1,\"name\":\"Portada\",\"item\":\"https:\/\/www.noticiasradioreflejos.com.ar\/2021\/\"},{\"@type\":\"ListItem\",\"position\":2,\"name\":\"Conflicto entre Rusia y Ucrania, cual tendr\u00eda que ser la posici\u00f3n Argentina\"}]},{\"@type\":\"WebSite\",\"@id\":\"https:\/\/www.noticiasradioreflejos.com.ar\/2021\/#website\",\"url\":\"https:\/\/www.noticiasradioreflejos.com.ar\/2021\/\",\"name\":\"Noticias Radio Reflejos\",\"description\":\"Las noticias de mi comarca\",\"potentialAction\":[{\"@type\":\"SearchAction\",\"target\":{\"@type\":\"EntryPoint\",\"urlTemplate\":\"https:\/\/www.noticiasradioreflejos.com.ar\/2021\/?s={search_term_string}\"},\"query-input\":{\"@type\":\"PropertyValueSpecification\",\"valueRequired\":true,\"valueName\":\"search_term_string\"}}],\"inLanguage\":\"es\"},{\"@type\":\"Person\",\"@id\":\"https:\/\/www.noticiasradioreflejos.com.ar\/2021\/#\/schema\/person\/ad82545263dcc5ec0996818884fd5fb1\",\"name\":\"Arnaldo Botto\",\"image\":{\"@type\":\"ImageObject\",\"inLanguage\":\"es\",\"@id\":\"https:\/\/www.noticiasradioreflejos.com.ar\/2021\/#\/schema\/person\/image\/\",\"url\":\"https:\/\/secure.gravatar.com\/avatar\/55cb5e37c1efa326397366e6974cb338056df65cb50e7d64d1cf314e87504837?s=96&d=mm&r=g\",\"contentUrl\":\"https:\/\/secure.gravatar.com\/avatar\/55cb5e37c1efa326397366e6974cb338056df65cb50e7d64d1cf314e87504837?s=96&d=mm&r=g\",\"caption\":\"Arnaldo Botto\"},\"url\":\"https:\/\/www.noticiasradioreflejos.com.ar\/2021\/author\/arnaldo\/\"}]}<\/script>\n<!-- \/ Yoast SEO plugin. -->","yoast_head_json":{"title":"Conflicto entre Rusia y Ucrania, cual tendr\u00eda que ser la posici\u00f3n Argentina - Noticias Radio Reflejos","robots":{"index":"index","follow":"follow","max-snippet":"max-snippet:-1","max-image-preview":"max-image-preview:large","max-video-preview":"max-video-preview:-1"},"canonical":"https:\/\/www.noticiasradioreflejos.com.ar\/2021\/conflicto-entre-rusia-y-ucrania-cual-tendria-que-ser-la-posicion-argentina\/","og_locale":"es_ES","og_type":"article","og_title":"Conflicto entre Rusia y Ucrania, cual tendr\u00eda que ser la posici\u00f3n Argentina - Noticias Radio Reflejos","og_description":"Este conflicto es un resabio de la llamada guerra fr\u00eda. Por lo tanto no es un hecho aislado y considerarlo de ese modo constituye un error y un desconocimiento hist\u00f3rico.","og_url":"https:\/\/www.noticiasradioreflejos.com.ar\/2021\/conflicto-entre-rusia-y-ucrania-cual-tendria-que-ser-la-posicion-argentina\/","og_site_name":"Noticias Radio Reflejos","article_published_time":"2022-01-31T10:39:56+00:00","og_image":[{"width":300,"height":200,"url":"https:\/\/www.noticiasradioreflejos.com.ar\/2021\/wp-content\/uploads\/2021\/07\/logosol300x200.png","type":"image\/png"}],"author":"Arnaldo Botto","twitter_card":"summary_large_image","schema":{"@context":"https:\/\/schema.org","@graph":[{"@type":"WebPage","@id":"https:\/\/www.noticiasradioreflejos.com.ar\/2021\/conflicto-entre-rusia-y-ucrania-cual-tendria-que-ser-la-posicion-argentina\/","url":"https:\/\/www.noticiasradioreflejos.com.ar\/2021\/conflicto-entre-rusia-y-ucrania-cual-tendria-que-ser-la-posicion-argentina\/","name":"Conflicto entre Rusia y Ucrania, cual tendr\u00eda que ser la posici\u00f3n Argentina - Noticias Radio Reflejos","isPartOf":{"@id":"https:\/\/www.noticiasradioreflejos.com.ar\/2021\/#website"},"datePublished":"2022-01-31T10:39:56+00:00","author":{"@id":"https:\/\/www.noticiasradioreflejos.com.ar\/2021\/#\/schema\/person\/ad82545263dcc5ec0996818884fd5fb1"},"breadcrumb":{"@id":"https:\/\/www.noticiasradioreflejos.com.ar\/2021\/conflicto-entre-rusia-y-ucrania-cual-tendria-que-ser-la-posicion-argentina\/#breadcrumb"},"inLanguage":"es","potentialAction":[{"@type":"ReadAction","target":["https:\/\/www.noticiasradioreflejos.com.ar\/2021\/conflicto-entre-rusia-y-ucrania-cual-tendria-que-ser-la-posicion-argentina\/"]}]},{"@type":"BreadcrumbList","@id":"https:\/\/www.noticiasradioreflejos.com.ar\/2021\/conflicto-entre-rusia-y-ucrania-cual-tendria-que-ser-la-posicion-argentina\/#breadcrumb","itemListElement":[{"@type":"ListItem","position":1,"name":"Portada","item":"https:\/\/www.noticiasradioreflejos.com.ar\/2021\/"},{"@type":"ListItem","position":2,"name":"Conflicto entre Rusia y Ucrania, cual tendr\u00eda que ser la posici\u00f3n Argentina"}]},{"@type":"WebSite","@id":"https:\/\/www.noticiasradioreflejos.com.ar\/2021\/#website","url":"https:\/\/www.noticiasradioreflejos.com.ar\/2021\/","name":"Noticias Radio Reflejos","description":"Las noticias de mi comarca","potentialAction":[{"@type":"SearchAction","target":{"@type":"EntryPoint","urlTemplate":"https:\/\/www.noticiasradioreflejos.com.ar\/2021\/?s={search_term_string}"},"query-input":{"@type":"PropertyValueSpecification","valueRequired":true,"valueName":"search_term_string"}}],"inLanguage":"es"},{"@type":"Person","@id":"https:\/\/www.noticiasradioreflejos.com.ar\/2021\/#\/schema\/person\/ad82545263dcc5ec0996818884fd5fb1","name":"Arnaldo Botto","image":{"@type":"ImageObject","inLanguage":"es","@id":"https:\/\/www.noticiasradioreflejos.com.ar\/2021\/#\/schema\/person\/image\/","url":"https:\/\/secure.gravatar.com\/avatar\/55cb5e37c1efa326397366e6974cb338056df65cb50e7d64d1cf314e87504837?s=96&d=mm&r=g","contentUrl":"https:\/\/secure.gravatar.com\/avatar\/55cb5e37c1efa326397366e6974cb338056df65cb50e7d64d1cf314e87504837?s=96&d=mm&r=g","caption":"Arnaldo Botto"},"url":"https:\/\/www.noticiasradioreflejos.com.ar\/2021\/author\/arnaldo\/"}]}},"_links":{"self":[{"href":"https:\/\/www.noticiasradioreflejos.com.ar\/2021\/wp-json\/wp\/v2\/posts\/67605","targetHints":{"allow":["GET"]}}],"collection":[{"href":"https:\/\/www.noticiasradioreflejos.com.ar\/2021\/wp-json\/wp\/v2\/posts"}],"about":[{"href":"https:\/\/www.noticiasradioreflejos.com.ar\/2021\/wp-json\/wp\/v2\/types\/post"}],"author":[{"embeddable":true,"href":"https:\/\/www.noticiasradioreflejos.com.ar\/2021\/wp-json\/wp\/v2\/users\/3"}],"replies":[{"embeddable":true,"href":"https:\/\/www.noticiasradioreflejos.com.ar\/2021\/wp-json\/wp\/v2\/comments?post=67605"}],"version-history":[{"count":1,"href":"https:\/\/www.noticiasradioreflejos.com.ar\/2021\/wp-json\/wp\/v2\/posts\/67605\/revisions"}],"predecessor-version":[{"id":67607,"href":"https:\/\/www.noticiasradioreflejos.com.ar\/2021\/wp-json\/wp\/v2\/posts\/67605\/revisions\/67607"}],"wp:attachment":[{"href":"https:\/\/www.noticiasradioreflejos.com.ar\/2021\/wp-json\/wp\/v2\/media?parent=67605"}],"wp:term":[{"taxonomy":"category","embeddable":true,"href":"https:\/\/www.noticiasradioreflejos.com.ar\/2021\/wp-json\/wp\/v2\/categories?post=67605"},{"taxonomy":"post_tag","embeddable":true,"href":"https:\/\/www.noticiasradioreflejos.com.ar\/2021\/wp-json\/wp\/v2\/tags?post=67605"}],"curies":[{"name":"wp","href":"https:\/\/api.w.org\/{rel}","templated":true}]}}