{"id":67602,"date":"2022-01-31T10:33:18","date_gmt":"2022-01-31T10:33:18","guid":{"rendered":"http:\/\/www.noticiasradioreflejos.com.ar\/2021\/?p=67602"},"modified":"2022-01-31T10:33:18","modified_gmt":"2022-01-31T10:33:18","slug":"el-gobierno-bonaerense-gestiona-la-presencialidad-absoluta-en-las-aulas","status":"publish","type":"post","link":"https:\/\/www.noticiasradioreflejos.com.ar\/2021\/el-gobierno-bonaerense-gestiona-la-presencialidad-absoluta-en-las-aulas\/","title":{"rendered":"El Gobierno bonaerense gestiona la \u00abpresencialidad absoluta\u00bb en las aulas"},"content":{"rendered":"<p>\u00abEstamos trabajando para poder tener presencialidad absoluta. Ahora con la vacuna no es indispensable que garanticemos la distancia. Lo que tenemos que garantizar es el uso de barbijo de calidad, desde primer grado con barbijo\u00bb, dijo el ministro de Salud bonaerense.<!--more--><\/p>\n<figure class=\"mb-3\"><img decoding=\"async\" src=\"https:\/\/www.telam.com.ar\/thumbs\/bluesteel\/advf\/imagenes\/2021\/09\/6135fae73f3e4_900.jpg\" alt=\"Si contina el marcado descenso la vuelta a clases ser total\" width=\"100%\" height=\"100%\" \/><\/p>\n<div class=\"media-icons\"><\/div><figcaption>Si contin\u00faa el marcado descenso, la vuelta a clases ser\u00e1 total.<\/figcaption><\/figure>\n<p>El ministro de Salud bonaerense,\u00a0<strong>Nicol\u00e1s Kreplak<\/strong>, dijo este domingo que\u00a0<a href=\"https:\/\/www.telam.com.ar\/notas\/202201\/581493-vizzotti-coronavirus-casos-baja.html\" target=\"_blank\" rel=\"noopener\">la pandemia \u00abest\u00e1 bajando\u00bb\u00a0<\/a>y que se est\u00e1 trabajando en un protocolo para tener \u00abpresencialidad absoluta\u00bb en el inicio de clases, que incluye vacunar a los chicos y proveerles barbijos en las escuelas.<\/p>\n<p>\u00abLa pandemia est\u00e1 bajando. Hay que ver c\u00f3mo evolucionan las cosas con 5 millones de personas movi\u00e9ndose con el inicio de las clases\u00bb, dijo el funcionario bonaerense a Radio 10.<\/p>\n<p>\u00ab<strong>Ya estamos trabajando en el comienzo de clases para que no hayan nuevos contagios ante la circulaci\u00f3n masiva de gente<\/strong>\u00ab, precis\u00f3.<\/p>\n<p>\u00abEl testeo se cambi\u00f3 en todo el pa\u00eds.\u00a0<strong>Se est\u00e1 viendo una baja<\/strong>, tiene que ver a que \u00d3micron tiene una incubaci\u00f3n m\u00e1s baja, sobre todo en las personas vacunadas\u00bb, agreg\u00f3. \u00abHay una ca\u00edda r\u00e1pida de los casos, como hemos visto en el mundo con la variante \u00d3micron. Se est\u00e1n reduciendo las internaciones tambi\u00e9n en todo el pa\u00eds. Tambi\u00e9n la gente est\u00e1 llamando menos, eso lo tomamos como un factor sintomatol\u00f3gico\u00bb, agreg\u00f3 el funcionario bonaerense.<\/p>\n<p>Respecto del inicio de clases, Kreplak sostuvo que \u00abestamos trabajando para poder tener presencialidad absoluta. Ahora con la vacuna no es indispensable que garanticemos la distancia. Tenemos que garantizar el uso de barbijo de calidad, desde primer grado con barbijo\u00bb.<\/p>\n<figure class=\"mb-3\"><img decoding=\"async\" src=\"https:\/\/www.telam.com.ar\/thumbs\/bluesteel\/advf\/imagenes\/2021\/10\/617d40e3bc322_900.jpg\" alt=\"Tenemos que tratar de cambiar el tapaboca de tela por uno de calidad expres Kreplak\" width=\"100%\" height=\"100%\" \/><\/p>\n<div class=\"media-icons\"><\/div><figcaption>\u00abTenemos que tratar de cambiar el tapaboca de tela por uno de calidad\u00bb, expres\u00f3 Kreplak<\/figcaption><\/figure>\n<p>\u00abTenemos que tratar de\u00a0<strong>cambiar el tapaboca de tela por uno de calidad<\/strong>. El objetivo es proveerle el barbijo a los chicos para que usen de calidad\u00bb, anticip\u00f3.<\/p>\n<p>\u00abLos trabajadores de la educaci\u00f3n tienen las tres dosis libres y vamos a ir a vacunar a los chicos a las escuelas. Vamos a hacer un esfuerzo muy grande a partir de marzo. Estamos trabajando en un protocolo para tener presencialidad absoluta\u00bb.<\/p>\n<p>\u00abLo que sucede es que los testeos es una forma de hacer diagn\u00f3stico. Con el Covid sucede que cuando uno tiene muchas enfermedades respiratorias circulando necesit\u00e1s hacer un test. Llega un momento en el que hay tanta circulaci\u00f3n que uno ya no necesita necesariamente un estudio complementario para detectar el virus\u00bb, se\u00f1al\u00f3.<\/p>\n<p>\u00abEst\u00e1 habiendo menos contagios, en provincia hay un 33 por ciento menos que la semana anterior.\u00a0<strong>Est\u00e1 bajando la pandemia. Esperemos que no tenga una subida nuevamente y que empiece un descenso continuado<\/strong>\u00ab, concluy\u00f3.<\/p>\n","protected":false},"excerpt":{"rendered":"<p>\u00abEstamos trabajando para poder tener presencialidad absoluta. Ahora con la vacuna no es indispensable que garanticemos la distancia. Lo que tenemos que garantizar es el uso de barbijo de calidad, desde primer grado con barbijo\u00bb, dijo el ministro de Salud bonaerense.<\/p>\n","protected":false},"author":3,"featured_media":0,"comment_status":"closed","ping_status":"closed","sticky":false,"template":"","format":"standard","meta":{"footnotes":""},"categories":[34],"tags":[],"class_list":["post-67602","post","type-post","status-publish","format-standard","hentry","category-educacion"],"yoast_head":"<!-- This site is optimized with the Yoast SEO plugin v25.9 - https:\/\/yoast.com\/wordpress\/plugins\/seo\/ -->\n<title>El Gobierno bonaerense gestiona la &quot;presencialidad absoluta&quot; en las aulas - Noticias Radio Reflejos<\/title>\n<meta name=\"robots\" content=\"index, follow, max-snippet:-1, max-image-preview:large, max-video-preview:-1\" \/>\n<link rel=\"canonical\" href=\"https:\/\/www.noticiasradioreflejos.com.ar\/2021\/el-gobierno-bonaerense-gestiona-la-presencialidad-absoluta-en-las-aulas\/\" \/>\n<meta property=\"og:locale\" content=\"es_ES\" \/>\n<meta property=\"og:type\" content=\"article\" \/>\n<meta property=\"og:title\" content=\"El Gobierno bonaerense gestiona la &quot;presencialidad absoluta&quot; en las aulas - Noticias Radio Reflejos\" \/>\n<meta property=\"og:description\" content=\"\u00abEstamos trabajando para poder tener presencialidad absoluta. Ahora con la vacuna no es indispensable que garanticemos la distancia. Lo que tenemos que garantizar es el uso de barbijo de calidad, desde primer grado con barbijo\u00bb, dijo el ministro de Salud bonaerense.\" \/>\n<meta property=\"og:url\" content=\"https:\/\/www.noticiasradioreflejos.com.ar\/2021\/el-gobierno-bonaerense-gestiona-la-presencialidad-absoluta-en-las-aulas\/\" \/>\n<meta property=\"og:site_name\" content=\"Noticias Radio Reflejos\" \/>\n<meta property=\"article:published_time\" content=\"2022-01-31T10:33:18+00:00\" \/>\n<meta property=\"og:image\" content=\"https:\/\/www.telam.com.ar\/thumbs\/bluesteel\/advf\/imagenes\/2021\/09\/6135fae73f3e4_900.jpg\" \/>\n<meta name=\"author\" content=\"Arnaldo Botto\" \/>\n<meta name=\"twitter:card\" content=\"summary_large_image\" \/>\n<script type=\"application\/ld+json\" class=\"yoast-schema-graph\">{\"@context\":\"https:\/\/schema.org\",\"@graph\":[{\"@type\":\"WebPage\",\"@id\":\"https:\/\/www.noticiasradioreflejos.com.ar\/2021\/el-gobierno-bonaerense-gestiona-la-presencialidad-absoluta-en-las-aulas\/\",\"url\":\"https:\/\/www.noticiasradioreflejos.com.ar\/2021\/el-gobierno-bonaerense-gestiona-la-presencialidad-absoluta-en-las-aulas\/\",\"name\":\"El Gobierno bonaerense gestiona la \\\"presencialidad absoluta\\\" en las aulas - Noticias Radio Reflejos\",\"isPartOf\":{\"@id\":\"https:\/\/www.noticiasradioreflejos.com.ar\/2021\/#website\"},\"primaryImageOfPage\":{\"@id\":\"https:\/\/www.noticiasradioreflejos.com.ar\/2021\/el-gobierno-bonaerense-gestiona-la-presencialidad-absoluta-en-las-aulas\/#primaryimage\"},\"image\":{\"@id\":\"https:\/\/www.noticiasradioreflejos.com.ar\/2021\/el-gobierno-bonaerense-gestiona-la-presencialidad-absoluta-en-las-aulas\/#primaryimage\"},\"thumbnailUrl\":\"https:\/\/www.telam.com.ar\/thumbs\/bluesteel\/advf\/imagenes\/2021\/09\/6135fae73f3e4_900.jpg\",\"datePublished\":\"2022-01-31T10:33:18+00:00\",\"author\":{\"@id\":\"https:\/\/www.noticiasradioreflejos.com.ar\/2021\/#\/schema\/person\/ad82545263dcc5ec0996818884fd5fb1\"},\"breadcrumb\":{\"@id\":\"https:\/\/www.noticiasradioreflejos.com.ar\/2021\/el-gobierno-bonaerense-gestiona-la-presencialidad-absoluta-en-las-aulas\/#breadcrumb\"},\"inLanguage\":\"es\",\"potentialAction\":[{\"@type\":\"ReadAction\",\"target\":[\"https:\/\/www.noticiasradioreflejos.com.ar\/2021\/el-gobierno-bonaerense-gestiona-la-presencialidad-absoluta-en-las-aulas\/\"]}]},{\"@type\":\"ImageObject\",\"inLanguage\":\"es\",\"@id\":\"https:\/\/www.noticiasradioreflejos.com.ar\/2021\/el-gobierno-bonaerense-gestiona-la-presencialidad-absoluta-en-las-aulas\/#primaryimage\",\"url\":\"https:\/\/www.telam.com.ar\/thumbs\/bluesteel\/advf\/imagenes\/2021\/09\/6135fae73f3e4_900.jpg\",\"contentUrl\":\"https:\/\/www.telam.com.ar\/thumbs\/bluesteel\/advf\/imagenes\/2021\/09\/6135fae73f3e4_900.jpg\"},{\"@type\":\"BreadcrumbList\",\"@id\":\"https:\/\/www.noticiasradioreflejos.com.ar\/2021\/el-gobierno-bonaerense-gestiona-la-presencialidad-absoluta-en-las-aulas\/#breadcrumb\",\"itemListElement\":[{\"@type\":\"ListItem\",\"position\":1,\"name\":\"Portada\",\"item\":\"https:\/\/www.noticiasradioreflejos.com.ar\/2021\/\"},{\"@type\":\"ListItem\",\"position\":2,\"name\":\"El Gobierno bonaerense gestiona la \u00abpresencialidad absoluta\u00bb en las aulas\"}]},{\"@type\":\"WebSite\",\"@id\":\"https:\/\/www.noticiasradioreflejos.com.ar\/2021\/#website\",\"url\":\"https:\/\/www.noticiasradioreflejos.com.ar\/2021\/\",\"name\":\"Noticias Radio Reflejos\",\"description\":\"Las noticias de mi comarca\",\"potentialAction\":[{\"@type\":\"SearchAction\",\"target\":{\"@type\":\"EntryPoint\",\"urlTemplate\":\"https:\/\/www.noticiasradioreflejos.com.ar\/2021\/?s={search_term_string}\"},\"query-input\":{\"@type\":\"PropertyValueSpecification\",\"valueRequired\":true,\"valueName\":\"search_term_string\"}}],\"inLanguage\":\"es\"},{\"@type\":\"Person\",\"@id\":\"https:\/\/www.noticiasradioreflejos.com.ar\/2021\/#\/schema\/person\/ad82545263dcc5ec0996818884fd5fb1\",\"name\":\"Arnaldo Botto\",\"image\":{\"@type\":\"ImageObject\",\"inLanguage\":\"es\",\"@id\":\"https:\/\/www.noticiasradioreflejos.com.ar\/2021\/#\/schema\/person\/image\/\",\"url\":\"https:\/\/secure.gravatar.com\/avatar\/55cb5e37c1efa326397366e6974cb338056df65cb50e7d64d1cf314e87504837?s=96&d=mm&r=g\",\"contentUrl\":\"https:\/\/secure.gravatar.com\/avatar\/55cb5e37c1efa326397366e6974cb338056df65cb50e7d64d1cf314e87504837?s=96&d=mm&r=g\",\"caption\":\"Arnaldo Botto\"},\"url\":\"https:\/\/www.noticiasradioreflejos.com.ar\/2021\/author\/arnaldo\/\"}]}<\/script>\n<!-- \/ Yoast SEO plugin. -->","yoast_head_json":{"title":"El Gobierno bonaerense gestiona la \"presencialidad absoluta\" en las aulas - Noticias Radio Reflejos","robots":{"index":"index","follow":"follow","max-snippet":"max-snippet:-1","max-image-preview":"max-image-preview:large","max-video-preview":"max-video-preview:-1"},"canonical":"https:\/\/www.noticiasradioreflejos.com.ar\/2021\/el-gobierno-bonaerense-gestiona-la-presencialidad-absoluta-en-las-aulas\/","og_locale":"es_ES","og_type":"article","og_title":"El Gobierno bonaerense gestiona la \"presencialidad absoluta\" en las aulas - Noticias Radio Reflejos","og_description":"\u00abEstamos trabajando para poder tener presencialidad absoluta. Ahora con la vacuna no es indispensable que garanticemos la distancia. Lo que tenemos que garantizar es el uso de barbijo de calidad, desde primer grado con barbijo\u00bb, dijo el ministro de Salud bonaerense.","og_url":"https:\/\/www.noticiasradioreflejos.com.ar\/2021\/el-gobierno-bonaerense-gestiona-la-presencialidad-absoluta-en-las-aulas\/","og_site_name":"Noticias Radio Reflejos","article_published_time":"2022-01-31T10:33:18+00:00","og_image":[{"url":"https:\/\/www.telam.com.ar\/thumbs\/bluesteel\/advf\/imagenes\/2021\/09\/6135fae73f3e4_900.jpg","type":"","width":"","height":""}],"author":"Arnaldo Botto","twitter_card":"summary_large_image","schema":{"@context":"https:\/\/schema.org","@graph":[{"@type":"WebPage","@id":"https:\/\/www.noticiasradioreflejos.com.ar\/2021\/el-gobierno-bonaerense-gestiona-la-presencialidad-absoluta-en-las-aulas\/","url":"https:\/\/www.noticiasradioreflejos.com.ar\/2021\/el-gobierno-bonaerense-gestiona-la-presencialidad-absoluta-en-las-aulas\/","name":"El Gobierno bonaerense gestiona la \"presencialidad absoluta\" en las aulas - Noticias Radio Reflejos","isPartOf":{"@id":"https:\/\/www.noticiasradioreflejos.com.ar\/2021\/#website"},"primaryImageOfPage":{"@id":"https:\/\/www.noticiasradioreflejos.com.ar\/2021\/el-gobierno-bonaerense-gestiona-la-presencialidad-absoluta-en-las-aulas\/#primaryimage"},"image":{"@id":"https:\/\/www.noticiasradioreflejos.com.ar\/2021\/el-gobierno-bonaerense-gestiona-la-presencialidad-absoluta-en-las-aulas\/#primaryimage"},"thumbnailUrl":"https:\/\/www.telam.com.ar\/thumbs\/bluesteel\/advf\/imagenes\/2021\/09\/6135fae73f3e4_900.jpg","datePublished":"2022-01-31T10:33:18+00:00","author":{"@id":"https:\/\/www.noticiasradioreflejos.com.ar\/2021\/#\/schema\/person\/ad82545263dcc5ec0996818884fd5fb1"},"breadcrumb":{"@id":"https:\/\/www.noticiasradioreflejos.com.ar\/2021\/el-gobierno-bonaerense-gestiona-la-presencialidad-absoluta-en-las-aulas\/#breadcrumb"},"inLanguage":"es","potentialAction":[{"@type":"ReadAction","target":["https:\/\/www.noticiasradioreflejos.com.ar\/2021\/el-gobierno-bonaerense-gestiona-la-presencialidad-absoluta-en-las-aulas\/"]}]},{"@type":"ImageObject","inLanguage":"es","@id":"https:\/\/www.noticiasradioreflejos.com.ar\/2021\/el-gobierno-bonaerense-gestiona-la-presencialidad-absoluta-en-las-aulas\/#primaryimage","url":"https:\/\/www.telam.com.ar\/thumbs\/bluesteel\/advf\/imagenes\/2021\/09\/6135fae73f3e4_900.jpg","contentUrl":"https:\/\/www.telam.com.ar\/thumbs\/bluesteel\/advf\/imagenes\/2021\/09\/6135fae73f3e4_900.jpg"},{"@type":"BreadcrumbList","@id":"https:\/\/www.noticiasradioreflejos.com.ar\/2021\/el-gobierno-bonaerense-gestiona-la-presencialidad-absoluta-en-las-aulas\/#breadcrumb","itemListElement":[{"@type":"ListItem","position":1,"name":"Portada","item":"https:\/\/www.noticiasradioreflejos.com.ar\/2021\/"},{"@type":"ListItem","position":2,"name":"El Gobierno bonaerense gestiona la \u00abpresencialidad absoluta\u00bb en las aulas"}]},{"@type":"WebSite","@id":"https:\/\/www.noticiasradioreflejos.com.ar\/2021\/#website","url":"https:\/\/www.noticiasradioreflejos.com.ar\/2021\/","name":"Noticias Radio Reflejos","description":"Las noticias de mi comarca","potentialAction":[{"@type":"SearchAction","target":{"@type":"EntryPoint","urlTemplate":"https:\/\/www.noticiasradioreflejos.com.ar\/2021\/?s={search_term_string}"},"query-input":{"@type":"PropertyValueSpecification","valueRequired":true,"valueName":"search_term_string"}}],"inLanguage":"es"},{"@type":"Person","@id":"https:\/\/www.noticiasradioreflejos.com.ar\/2021\/#\/schema\/person\/ad82545263dcc5ec0996818884fd5fb1","name":"Arnaldo Botto","image":{"@type":"ImageObject","inLanguage":"es","@id":"https:\/\/www.noticiasradioreflejos.com.ar\/2021\/#\/schema\/person\/image\/","url":"https:\/\/secure.gravatar.com\/avatar\/55cb5e37c1efa326397366e6974cb338056df65cb50e7d64d1cf314e87504837?s=96&d=mm&r=g","contentUrl":"https:\/\/secure.gravatar.com\/avatar\/55cb5e37c1efa326397366e6974cb338056df65cb50e7d64d1cf314e87504837?s=96&d=mm&r=g","caption":"Arnaldo Botto"},"url":"https:\/\/www.noticiasradioreflejos.com.ar\/2021\/author\/arnaldo\/"}]}},"_links":{"self":[{"href":"https:\/\/www.noticiasradioreflejos.com.ar\/2021\/wp-json\/wp\/v2\/posts\/67602","targetHints":{"allow":["GET"]}}],"collection":[{"href":"https:\/\/www.noticiasradioreflejos.com.ar\/2021\/wp-json\/wp\/v2\/posts"}],"about":[{"href":"https:\/\/www.noticiasradioreflejos.com.ar\/2021\/wp-json\/wp\/v2\/types\/post"}],"author":[{"embeddable":true,"href":"https:\/\/www.noticiasradioreflejos.com.ar\/2021\/wp-json\/wp\/v2\/users\/3"}],"replies":[{"embeddable":true,"href":"https:\/\/www.noticiasradioreflejos.com.ar\/2021\/wp-json\/wp\/v2\/comments?post=67602"}],"version-history":[{"count":1,"href":"https:\/\/www.noticiasradioreflejos.com.ar\/2021\/wp-json\/wp\/v2\/posts\/67602\/revisions"}],"predecessor-version":[{"id":67604,"href":"https:\/\/www.noticiasradioreflejos.com.ar\/2021\/wp-json\/wp\/v2\/posts\/67602\/revisions\/67604"}],"wp:attachment":[{"href":"https:\/\/www.noticiasradioreflejos.com.ar\/2021\/wp-json\/wp\/v2\/media?parent=67602"}],"wp:term":[{"taxonomy":"category","embeddable":true,"href":"https:\/\/www.noticiasradioreflejos.com.ar\/2021\/wp-json\/wp\/v2\/categories?post=67602"},{"taxonomy":"post_tag","embeddable":true,"href":"https:\/\/www.noticiasradioreflejos.com.ar\/2021\/wp-json\/wp\/v2\/tags?post=67602"}],"curies":[{"name":"wp","href":"https:\/\/api.w.org\/{rel}","templated":true}]}}