{"id":67596,"date":"2022-01-31T03:34:38","date_gmt":"2022-01-31T03:34:38","guid":{"rendered":"http:\/\/www.noticiasradioreflejos.com.ar\/2021\/?p=67596"},"modified":"2022-01-31T09:54:46","modified_gmt":"2022-01-31T09:54:46","slug":"victor-heredia-dio-calor-y-emocion-al-frio-anochecer-de-villa-ventana","status":"publish","type":"post","link":"https:\/\/www.noticiasradioreflejos.com.ar\/2021\/victor-heredia-dio-calor-y-emocion-al-frio-anochecer-de-villa-ventana\/","title":{"rendered":"V\u00edctor Heredia dio calor y emoci\u00f3n al fr\u00edo anochecer de Villa Ventana."},"content":{"rendered":"<div dir=\"auto\">En su segunda entrega en la comarca, \u201cHuellas de la Cultura\u201d propuso un imborrable momento con la presencia del cantautor popular de Am\u00e9rica, que a lo largo de m\u00e1s de una hora interpret\u00f3 canciones de su repertorio, utilizando al canto popular de la Villa como coro.<\/div>\n<div dir=\"auto\">Un aplauso y ovaci\u00f3n cerrados despidieron al cantante y su grupo del escenario de la Plaza Salerno.<\/div>\n<p><!--more--><\/p>\n<p><a title=\"Victor Heredia Villa Ventana (47)\" href=\"https:\/\/www.flickr.com\/photos\/182279889@N02\/51852351882\/in\/dateposted-public\/\" data-flickr-embed=\"true\"><img loading=\"lazy\" decoding=\"async\" src=\"https:\/\/live.staticflickr.com\/65535\/51852351882_fab76acc30_c.jpg\" alt=\"Victor Heredia Villa Ventana (47)\" width=\"800\" height=\"450\" \/><\/a><script async src=\"\/\/embedr.flickr.com\/assets\/client-code.js\" charset=\"utf-8\"><\/script><\/p>\n<p><strong>Tres M\u00e1s Uno Folklore <\/strong>acompa\u00f1ado por los\u00a0<strong>bailarines de la Escuela Folkl\u00f3rica Municipal<\/strong> brindaron momentos de m\u00fasica, canciones y bailes a los espectadores que fueron llegando a la plaza de Villa Ventana desde horas de la tarde.<\/p>\n<p>De los casi 30 grados de una tarde donde prevaleci\u00f3 el viento, el anochecer se present\u00f3 verdaderamente fr\u00edo, con una temperatura que no super\u00f3 los 14\u00b0 y el viento del sudeste puso la t\u00e9rmica en menos de 10\u00b0. Sin embargo, los espectadores abrigados a la espera del n\u00famero central, hicieron el aguante para disfrutar de un espect\u00e1culo de gran jerarqu\u00eda.<\/p>\n<p><a title=\"Victor Heredia Villa Ventana (24)\" href=\"https:\/\/www.flickr.com\/photos\/182279889@N02\/51853975065\/in\/dateposted-public\/\" data-flickr-embed=\"true\"><img loading=\"lazy\" decoding=\"async\" src=\"https:\/\/live.staticflickr.com\/65535\/51853975065_eeb77034e5_c.jpg\" alt=\"Victor Heredia Villa Ventana (24)\" width=\"800\" height=\"450\" \/><\/a><script async src=\"\/\/embedr.flickr.com\/assets\/client-code.js\" charset=\"utf-8\"><\/script><\/p>\n<p><b>V\u00edctor Heredia<\/b> hizo su presentaci\u00f3n en el escenario pasadas las 20,30 horas,<b> <\/b>abriendo el recital con \u00abOjos de Cielo\u00bb para luego llevar a cantar y acompa\u00f1ar su extenso repertorio a todos los presentes, que formaron un gran coro popular, haciendo vibrar \u00a0la Plaza Salerno con \u00abTodav\u00eda cantamos\u00bb, \u00abSobreviviendo\u00bb, \u00abCoraje\u00bb, \u00abEl viejo Mat\u00edas\u00bb entre otros.<\/p>\n<p>Fueron 70 minutos de canciones, m\u00fasica y melod\u00edas que la gente lleva muy impregnadas en su memoria y as\u00ed lo mostraron con su participaci\u00f3n permanente durante el espect\u00e1culo.<\/p>\n<p><a title=\"Victor Heredia Villa Ventana (73)\" href=\"https:\/\/www.flickr.com\/photos\/182279889@N02\/51853314881\/in\/dateposted-public\/\" data-flickr-embed=\"true\"><img loading=\"lazy\" decoding=\"async\" src=\"https:\/\/live.staticflickr.com\/65535\/51853314881_5eb8970343_c.jpg\" alt=\"Victor Heredia Villa Ventana (73)\" width=\"800\" height=\"450\" \/><\/a><script async src=\"\/\/embedr.flickr.com\/assets\/client-code.js\" charset=\"utf-8\"><\/script><\/p>\n<p>Luego del magn\u00edfico show de Marcela Morelo del pasado mi\u00e9rcoles en Sierra de la Ventana, Huellas en las Sierras\u00a0 cumpli\u00f3 con un rol preponderante en el verano de la Comarca.<\/p>\n<p>Entre los espectadores estuvieron el Intendente Sergio Bordoni, integrantes del gabinete municipal y concejales del Frente de Todos.<\/p>\n<p><iframe loading=\"lazy\" width=\"853\" height=\"480\" src=\"https:\/\/www.youtube.com\/embed\/ETBSPyoVtu4\" title=\"YouTube video player\" frameborder=\"0\" allow=\"accelerometer; autoplay; clipboard-write; encrypted-media; gyroscope; picture-in-picture\" allowfullscreen><\/iframe><\/p>\n<p><iframe loading=\"lazy\" style=\"border: none; overflow: hidden;\" src=\"https:\/\/www.facebook.com\/plugins\/post.php?href=https%3A%2F%2Fwww.facebook.com%2FNoticiasRadioReflejos%2Fposts%2F1559840417717194&amp;show_text=true&amp;width=500\" width=\"500\" height=\"761\" frameborder=\"0\" scrolling=\"no\" allowfullscreen=\"allowfullscreen\"><\/iframe><\/p>\n","protected":false},"excerpt":{"rendered":"<p>En su segunda entrega en la comarca, \u201cHuellas de la Cultura\u201d propuso un imborrable momento con la presencia del cantautor popular de Am\u00e9rica, que a lo largo de m\u00e1s de una hora interpret\u00f3 canciones de su repertorio, utilizando al canto popular de la Villa como coro. Un aplauso y ovaci\u00f3n cerrados despidieron al cantante y [&hellip;]<\/p>\n","protected":false},"author":3,"featured_media":0,"comment_status":"closed","ping_status":"closed","sticky":false,"template":"","format":"standard","meta":{"footnotes":""},"categories":[35,28],"tags":[48],"class_list":["post-67596","post","type-post","status-publish","format-standard","hentry","category-cultura","category-municipales","tag-destacada"],"yoast_head":"<!-- This site is optimized with the Yoast SEO plugin v25.9 - https:\/\/yoast.com\/wordpress\/plugins\/seo\/ -->\n<title>V\u00edctor Heredia dio calor y emoci\u00f3n al fr\u00edo anochecer de Villa Ventana. - Noticias Radio Reflejos<\/title>\n<meta name=\"robots\" content=\"index, follow, max-snippet:-1, max-image-preview:large, max-video-preview:-1\" \/>\n<link rel=\"canonical\" href=\"https:\/\/www.noticiasradioreflejos.com.ar\/2021\/victor-heredia-dio-calor-y-emocion-al-frio-anochecer-de-villa-ventana\/\" \/>\n<meta property=\"og:locale\" content=\"es_ES\" \/>\n<meta property=\"og:type\" content=\"article\" \/>\n<meta property=\"og:title\" content=\"V\u00edctor Heredia dio calor y emoci\u00f3n al fr\u00edo anochecer de Villa Ventana. - Noticias Radio Reflejos\" \/>\n<meta property=\"og:description\" content=\"En su segunda entrega en la comarca, \u201cHuellas de la Cultura\u201d propuso un imborrable momento con la presencia del cantautor popular de Am\u00e9rica, que a lo largo de m\u00e1s de una hora interpret\u00f3 canciones de su repertorio, utilizando al canto popular de la Villa como coro. Un aplauso y ovaci\u00f3n cerrados despidieron al cantante y [&hellip;]\" \/>\n<meta property=\"og:url\" content=\"https:\/\/www.noticiasradioreflejos.com.ar\/2021\/victor-heredia-dio-calor-y-emocion-al-frio-anochecer-de-villa-ventana\/\" \/>\n<meta property=\"og:site_name\" content=\"Noticias Radio Reflejos\" \/>\n<meta property=\"article:published_time\" content=\"2022-01-31T03:34:38+00:00\" \/>\n<meta property=\"article:modified_time\" content=\"2022-01-31T09:54:46+00:00\" \/>\n<meta property=\"og:image\" content=\"https:\/\/live.staticflickr.com\/65535\/51852351882_fab76acc30_c.jpg\" \/>\n<meta name=\"author\" content=\"Arnaldo Botto\" \/>\n<meta name=\"twitter:card\" content=\"summary_large_image\" \/>\n<script type=\"application\/ld+json\" class=\"yoast-schema-graph\">{\"@context\":\"https:\/\/schema.org\",\"@graph\":[{\"@type\":\"WebPage\",\"@id\":\"https:\/\/www.noticiasradioreflejos.com.ar\/2021\/victor-heredia-dio-calor-y-emocion-al-frio-anochecer-de-villa-ventana\/\",\"url\":\"https:\/\/www.noticiasradioreflejos.com.ar\/2021\/victor-heredia-dio-calor-y-emocion-al-frio-anochecer-de-villa-ventana\/\",\"name\":\"V\u00edctor Heredia dio calor y emoci\u00f3n al fr\u00edo anochecer de Villa Ventana. - Noticias Radio Reflejos\",\"isPartOf\":{\"@id\":\"https:\/\/www.noticiasradioreflejos.com.ar\/2021\/#website\"},\"primaryImageOfPage\":{\"@id\":\"https:\/\/www.noticiasradioreflejos.com.ar\/2021\/victor-heredia-dio-calor-y-emocion-al-frio-anochecer-de-villa-ventana\/#primaryimage\"},\"image\":{\"@id\":\"https:\/\/www.noticiasradioreflejos.com.ar\/2021\/victor-heredia-dio-calor-y-emocion-al-frio-anochecer-de-villa-ventana\/#primaryimage\"},\"thumbnailUrl\":\"https:\/\/live.staticflickr.com\/65535\/51852351882_fab76acc30_c.jpg\",\"datePublished\":\"2022-01-31T03:34:38+00:00\",\"dateModified\":\"2022-01-31T09:54:46+00:00\",\"author\":{\"@id\":\"https:\/\/www.noticiasradioreflejos.com.ar\/2021\/#\/schema\/person\/ad82545263dcc5ec0996818884fd5fb1\"},\"breadcrumb\":{\"@id\":\"https:\/\/www.noticiasradioreflejos.com.ar\/2021\/victor-heredia-dio-calor-y-emocion-al-frio-anochecer-de-villa-ventana\/#breadcrumb\"},\"inLanguage\":\"es\",\"potentialAction\":[{\"@type\":\"ReadAction\",\"target\":[\"https:\/\/www.noticiasradioreflejos.com.ar\/2021\/victor-heredia-dio-calor-y-emocion-al-frio-anochecer-de-villa-ventana\/\"]}]},{\"@type\":\"ImageObject\",\"inLanguage\":\"es\",\"@id\":\"https:\/\/www.noticiasradioreflejos.com.ar\/2021\/victor-heredia-dio-calor-y-emocion-al-frio-anochecer-de-villa-ventana\/#primaryimage\",\"url\":\"https:\/\/live.staticflickr.com\/65535\/51852351882_fab76acc30_c.jpg\",\"contentUrl\":\"https:\/\/live.staticflickr.com\/65535\/51852351882_fab76acc30_c.jpg\"},{\"@type\":\"BreadcrumbList\",\"@id\":\"https:\/\/www.noticiasradioreflejos.com.ar\/2021\/victor-heredia-dio-calor-y-emocion-al-frio-anochecer-de-villa-ventana\/#breadcrumb\",\"itemListElement\":[{\"@type\":\"ListItem\",\"position\":1,\"name\":\"Portada\",\"item\":\"https:\/\/www.noticiasradioreflejos.com.ar\/2021\/\"},{\"@type\":\"ListItem\",\"position\":2,\"name\":\"V\u00edctor Heredia dio calor y emoci\u00f3n al fr\u00edo anochecer de Villa Ventana.\"}]},{\"@type\":\"WebSite\",\"@id\":\"https:\/\/www.noticiasradioreflejos.com.ar\/2021\/#website\",\"url\":\"https:\/\/www.noticiasradioreflejos.com.ar\/2021\/\",\"name\":\"Noticias Radio Reflejos\",\"description\":\"Las noticias de mi comarca\",\"potentialAction\":[{\"@type\":\"SearchAction\",\"target\":{\"@type\":\"EntryPoint\",\"urlTemplate\":\"https:\/\/www.noticiasradioreflejos.com.ar\/2021\/?s={search_term_string}\"},\"query-input\":{\"@type\":\"PropertyValueSpecification\",\"valueRequired\":true,\"valueName\":\"search_term_string\"}}],\"inLanguage\":\"es\"},{\"@type\":\"Person\",\"@id\":\"https:\/\/www.noticiasradioreflejos.com.ar\/2021\/#\/schema\/person\/ad82545263dcc5ec0996818884fd5fb1\",\"name\":\"Arnaldo Botto\",\"image\":{\"@type\":\"ImageObject\",\"inLanguage\":\"es\",\"@id\":\"https:\/\/www.noticiasradioreflejos.com.ar\/2021\/#\/schema\/person\/image\/\",\"url\":\"https:\/\/secure.gravatar.com\/avatar\/55cb5e37c1efa326397366e6974cb338056df65cb50e7d64d1cf314e87504837?s=96&d=mm&r=g\",\"contentUrl\":\"https:\/\/secure.gravatar.com\/avatar\/55cb5e37c1efa326397366e6974cb338056df65cb50e7d64d1cf314e87504837?s=96&d=mm&r=g\",\"caption\":\"Arnaldo Botto\"},\"url\":\"https:\/\/www.noticiasradioreflejos.com.ar\/2021\/author\/arnaldo\/\"}]}<\/script>\n<!-- \/ Yoast SEO plugin. -->","yoast_head_json":{"title":"V\u00edctor Heredia dio calor y emoci\u00f3n al fr\u00edo anochecer de Villa Ventana. - Noticias Radio Reflejos","robots":{"index":"index","follow":"follow","max-snippet":"max-snippet:-1","max-image-preview":"max-image-preview:large","max-video-preview":"max-video-preview:-1"},"canonical":"https:\/\/www.noticiasradioreflejos.com.ar\/2021\/victor-heredia-dio-calor-y-emocion-al-frio-anochecer-de-villa-ventana\/","og_locale":"es_ES","og_type":"article","og_title":"V\u00edctor Heredia dio calor y emoci\u00f3n al fr\u00edo anochecer de Villa Ventana. - Noticias Radio Reflejos","og_description":"En su segunda entrega en la comarca, \u201cHuellas de la Cultura\u201d propuso un imborrable momento con la presencia del cantautor popular de Am\u00e9rica, que a lo largo de m\u00e1s de una hora interpret\u00f3 canciones de su repertorio, utilizando al canto popular de la Villa como coro. Un aplauso y ovaci\u00f3n cerrados despidieron al cantante y [&hellip;]","og_url":"https:\/\/www.noticiasradioreflejos.com.ar\/2021\/victor-heredia-dio-calor-y-emocion-al-frio-anochecer-de-villa-ventana\/","og_site_name":"Noticias Radio Reflejos","article_published_time":"2022-01-31T03:34:38+00:00","article_modified_time":"2022-01-31T09:54:46+00:00","og_image":[{"url":"https:\/\/live.staticflickr.com\/65535\/51852351882_fab76acc30_c.jpg","type":"","width":"","height":""}],"author":"Arnaldo Botto","twitter_card":"summary_large_image","schema":{"@context":"https:\/\/schema.org","@graph":[{"@type":"WebPage","@id":"https:\/\/www.noticiasradioreflejos.com.ar\/2021\/victor-heredia-dio-calor-y-emocion-al-frio-anochecer-de-villa-ventana\/","url":"https:\/\/www.noticiasradioreflejos.com.ar\/2021\/victor-heredia-dio-calor-y-emocion-al-frio-anochecer-de-villa-ventana\/","name":"V\u00edctor Heredia dio calor y emoci\u00f3n al fr\u00edo anochecer de Villa Ventana. - Noticias Radio Reflejos","isPartOf":{"@id":"https:\/\/www.noticiasradioreflejos.com.ar\/2021\/#website"},"primaryImageOfPage":{"@id":"https:\/\/www.noticiasradioreflejos.com.ar\/2021\/victor-heredia-dio-calor-y-emocion-al-frio-anochecer-de-villa-ventana\/#primaryimage"},"image":{"@id":"https:\/\/www.noticiasradioreflejos.com.ar\/2021\/victor-heredia-dio-calor-y-emocion-al-frio-anochecer-de-villa-ventana\/#primaryimage"},"thumbnailUrl":"https:\/\/live.staticflickr.com\/65535\/51852351882_fab76acc30_c.jpg","datePublished":"2022-01-31T03:34:38+00:00","dateModified":"2022-01-31T09:54:46+00:00","author":{"@id":"https:\/\/www.noticiasradioreflejos.com.ar\/2021\/#\/schema\/person\/ad82545263dcc5ec0996818884fd5fb1"},"breadcrumb":{"@id":"https:\/\/www.noticiasradioreflejos.com.ar\/2021\/victor-heredia-dio-calor-y-emocion-al-frio-anochecer-de-villa-ventana\/#breadcrumb"},"inLanguage":"es","potentialAction":[{"@type":"ReadAction","target":["https:\/\/www.noticiasradioreflejos.com.ar\/2021\/victor-heredia-dio-calor-y-emocion-al-frio-anochecer-de-villa-ventana\/"]}]},{"@type":"ImageObject","inLanguage":"es","@id":"https:\/\/www.noticiasradioreflejos.com.ar\/2021\/victor-heredia-dio-calor-y-emocion-al-frio-anochecer-de-villa-ventana\/#primaryimage","url":"https:\/\/live.staticflickr.com\/65535\/51852351882_fab76acc30_c.jpg","contentUrl":"https:\/\/live.staticflickr.com\/65535\/51852351882_fab76acc30_c.jpg"},{"@type":"BreadcrumbList","@id":"https:\/\/www.noticiasradioreflejos.com.ar\/2021\/victor-heredia-dio-calor-y-emocion-al-frio-anochecer-de-villa-ventana\/#breadcrumb","itemListElement":[{"@type":"ListItem","position":1,"name":"Portada","item":"https:\/\/www.noticiasradioreflejos.com.ar\/2021\/"},{"@type":"ListItem","position":2,"name":"V\u00edctor Heredia dio calor y emoci\u00f3n al fr\u00edo anochecer de Villa Ventana."}]},{"@type":"WebSite","@id":"https:\/\/www.noticiasradioreflejos.com.ar\/2021\/#website","url":"https:\/\/www.noticiasradioreflejos.com.ar\/2021\/","name":"Noticias Radio Reflejos","description":"Las noticias de mi comarca","potentialAction":[{"@type":"SearchAction","target":{"@type":"EntryPoint","urlTemplate":"https:\/\/www.noticiasradioreflejos.com.ar\/2021\/?s={search_term_string}"},"query-input":{"@type":"PropertyValueSpecification","valueRequired":true,"valueName":"search_term_string"}}],"inLanguage":"es"},{"@type":"Person","@id":"https:\/\/www.noticiasradioreflejos.com.ar\/2021\/#\/schema\/person\/ad82545263dcc5ec0996818884fd5fb1","name":"Arnaldo Botto","image":{"@type":"ImageObject","inLanguage":"es","@id":"https:\/\/www.noticiasradioreflejos.com.ar\/2021\/#\/schema\/person\/image\/","url":"https:\/\/secure.gravatar.com\/avatar\/55cb5e37c1efa326397366e6974cb338056df65cb50e7d64d1cf314e87504837?s=96&d=mm&r=g","contentUrl":"https:\/\/secure.gravatar.com\/avatar\/55cb5e37c1efa326397366e6974cb338056df65cb50e7d64d1cf314e87504837?s=96&d=mm&r=g","caption":"Arnaldo Botto"},"url":"https:\/\/www.noticiasradioreflejos.com.ar\/2021\/author\/arnaldo\/"}]}},"_links":{"self":[{"href":"https:\/\/www.noticiasradioreflejos.com.ar\/2021\/wp-json\/wp\/v2\/posts\/67596","targetHints":{"allow":["GET"]}}],"collection":[{"href":"https:\/\/www.noticiasradioreflejos.com.ar\/2021\/wp-json\/wp\/v2\/posts"}],"about":[{"href":"https:\/\/www.noticiasradioreflejos.com.ar\/2021\/wp-json\/wp\/v2\/types\/post"}],"author":[{"embeddable":true,"href":"https:\/\/www.noticiasradioreflejos.com.ar\/2021\/wp-json\/wp\/v2\/users\/3"}],"replies":[{"embeddable":true,"href":"https:\/\/www.noticiasradioreflejos.com.ar\/2021\/wp-json\/wp\/v2\/comments?post=67596"}],"version-history":[{"count":4,"href":"https:\/\/www.noticiasradioreflejos.com.ar\/2021\/wp-json\/wp\/v2\/posts\/67596\/revisions"}],"predecessor-version":[{"id":67601,"href":"https:\/\/www.noticiasradioreflejos.com.ar\/2021\/wp-json\/wp\/v2\/posts\/67596\/revisions\/67601"}],"wp:attachment":[{"href":"https:\/\/www.noticiasradioreflejos.com.ar\/2021\/wp-json\/wp\/v2\/media?parent=67596"}],"wp:term":[{"taxonomy":"category","embeddable":true,"href":"https:\/\/www.noticiasradioreflejos.com.ar\/2021\/wp-json\/wp\/v2\/categories?post=67596"},{"taxonomy":"post_tag","embeddable":true,"href":"https:\/\/www.noticiasradioreflejos.com.ar\/2021\/wp-json\/wp\/v2\/tags?post=67596"}],"curies":[{"name":"wp","href":"https:\/\/api.w.org\/{rel}","templated":true}]}}