{"id":67592,"date":"2022-01-30T12:16:47","date_gmt":"2022-01-30T12:16:47","guid":{"rendered":"http:\/\/www.noticiasradioreflejos.com.ar\/2021\/?p=67592"},"modified":"2022-01-30T12:16:56","modified_gmt":"2022-01-30T12:16:56","slug":"enero-un-exito-turistico-termina-con-un-alto-nivel-de-ocupacion-en-destinos-turisticos-de-todo-el-pais","status":"publish","type":"post","link":"https:\/\/www.noticiasradioreflejos.com.ar\/2021\/enero-un-exito-turistico-termina-con-un-alto-nivel-de-ocupacion-en-destinos-turisticos-de-todo-el-pais\/","title":{"rendered":"Enero, un \u00e9xito tur\u00edstico: termina con un alto nivel de ocupaci\u00f3n en destinos tur\u00edsticos de todo el pa\u00eds"},"content":{"rendered":"<p>En el marco del segundo cambio de quincena de la temporada, manifiestan buenas perspectivas por el tambi\u00e9n alto registro de reservas a partir de este fin de semana, en particular en los centros veraniegos de la costa bonaerense<br \/>\n<!--more--><\/p>\n<div>\n<div class=\"wrapper-editable-content\">\n<div>\n<div class=\"container-md\">\n<div class=\"row\">\n<div class=\"col-md-12 speak\">\n<div class=\"paragraph\">\n<figure class=\"mb-3\"><img decoding=\"async\" src=\"https:\/\/www.telam.com.ar\/thumbs\/bluesteel\/advf\/imagenes\/2022\/01\/61f0540dc6627_900.jpg\" alt=\"Pinamar turistas de la segunda quincena\" width=\"100%\" height=\"100%\" \/><\/p>\n<div class=\"media-icons\"><\/div><figcaption>Pinamar turistas de la segunda quincena<\/figcaption><\/figure>\n<p>Destinos tur\u00edsticos de todo el pa\u00eds finalizan enero con muy buenos niveles de ocupaci\u00f3n y, en el marco del segundo cambio de quincena de la temporada, manifiestan buenas perspectivas por el tambi\u00e9n alto registro de reservas a partir de este fin de semana, en particular en los centros veraniegos de la costa bonaerense.<\/p>\n<p><strong>En esa zona atl\u00e1ntica, los altos \u00edndices de ocupaci\u00f3n -todos por encima del 90%-<\/strong>\u00a0se daban tanto en peque\u00f1os destinos donde es f\u00e1cil colmar sus pocos miles de plazas tur\u00edsticas sino tambi\u00e9n en los de gran porte, como Mar del Plata o Pinamar, seg\u00fan datos suministrados este s\u00e1bado por el Ministerio de Turismo y Deportes (Minturdep).<\/p>\n<p>La situaci\u00f3n se repite en centros tur\u00edsticos veraniegos alejados de la costa atl\u00e1ntica, como los de C\u00f3rdoba, donde se destaca Villa Carlos Paz; la Patagonia, con San Carlos de Bariloche a la cabeza; el Noroeste Argentino (NOA) y el Litoral fluvial.<\/p>\n<h2 class=\"\">La costa atl\u00e1ntica<\/h2>\n<p>En<strong>\u00a0Mar del Plata<\/strong>, que cuenta con 36.000 camas hoteleras y unas 350.000 informales, entre casas y departamentos,\u00a0<strong>la segunda quincena de enero culmina con una ocupaci\u00f3n promedio del 90%.<\/strong><\/p>\n<p><strong>Pinamar<\/strong>, el segundo partido de la costa bonaerense en capacidad de hospedaje, con 25.000 plazas en hoteles y 275.000 extrahoteleras, m\u00e1s tres campings, seg\u00fan un informe preliminar \u00abest\u00e1 en un 98% en todas las localidades, y no va a bajar de eso\u00bb, seg\u00fan lo adelantado a T\u00e9lam por su subsecretario de Turismo y Desarrollo Econ\u00f3mico, Juan Ibarguren.<\/p>\n<figure class=\"mb-3\"><img decoding=\"async\" src=\"https:\/\/www.telam.com.ar\/thumbs\/bluesteel\/advf\/imagenes\/2018\/01\/5a6f601a72f27_900.jpg\" alt=\"Playa de Mar del Plata\" width=\"100%\" height=\"100%\" \/><\/p>\n<div class=\"media-icons\"><\/div><figcaption>Playa de Mar del Plata<\/figcaption><\/figure>\n<p><strong>Desde el Partido de la Costa, el subsecretario de Turismo, Cristian Escudero, dijo a esta agencia que en enero recibieron 1.290.000 turistas<\/strong>, lo que significa un 41% m\u00e1s que en el verano anterior, en plena pandemia, y 4% arriba de 2020, antes del coronavirus.<\/p>\n<p>Sobre este distrito bonaerense, que en sus 14 localidades acumula m\u00e1s de 25.000 camas tur\u00edsticas, el Minturdep dio cuenta de un 95% de ocupaci\u00f3n.<\/p>\n<p>Esa cartera tambi\u00e9n destac\u00f3 como destinos balnearios de alta afluencia a Villa Gesell, con 95% sobre 7.200 plazas, y Miramar, con 90% de sus 3.000 localidades, en tanto un informe de la provincia de Buenos Aires se\u00f1ala que Mar Chiquita, con 2.800 plazas, tuvo este mes un promedio del 95%.<\/p>\n<h2 class=\"\">Tandil y C\u00f3rdoba<\/h2>\n<p>Alejada del mar, la comuna bonaerense de Tandil\u00a0<strong>mantuvo ocupado el 76% de sus 8.000 camas<\/strong>, y otros destinos tambi\u00e9n serranos, como los de C\u00f3rdoba, rondaron el 90%, seg\u00fan lo informado por la provincia a la cartera de Turismo.<\/p>\n<p><strong>Villa Carlos Paz, que acumula unas 70.000 plazas de las 120.000 con que cuenta la provincia (395.000 con extrahoteleras), registr\u00f3 en enero una ocupaci\u00f3n del 86%<\/strong>, en tanto con menos capacidad\u00a0<strong>Mina Clavero, en Traslasierra<\/strong>, estuvo en el 93% (13.000 camas), y\u00a0<strong>Villa General Belgrano<\/strong>, en el\u00a0<strong>Valle de Calamuchita<\/strong>, en 95% (sobre 5.000).<\/p>\n<figure class=\"mb-3\"><img decoding=\"async\" src=\"https:\/\/www.telam.com.ar\/thumbs\/bluesteel\/advf\/imagenes\/2018\/01\/5a5375db854c5_900.jpg\" alt=\"Villa Carlos Paz Crdoba\" width=\"100%\" height=\"100%\" \/><\/p>\n<div class=\"media-icons\"><\/div><figcaption>Villa Carlos Paz, C\u00f3rdoba<\/figcaption><\/figure>\n<h2 class=\"\">Patagonia<\/h2>\n<p>En la Patagonia, sus destinos \u00abviven una gran segunda quincena de enero\u00bb asegura un comunicado ministerial, que lo adjudica al impulso dado por el programa\u00a0<strong>Previaje, y destaca a Bariloche, el mayor centro tur\u00edstico de la regi\u00f3n, con 97% de ocupaci\u00f3n de sus 38.000 plazas.<\/strong><\/p>\n<p>Tambi\u00e9n en R\u00edo Negro, pero en la costa,<strong>\u00a0Las Grutas marc\u00f3 95% sobre 44.000 lugares<\/strong>, y los centros tur\u00edsticos neuquinos de San Mart\u00edn de los Andes y Villa La Angostura estuvieron en el 97% de sus 6.600 y 8.000 plazas, respectivamente.<\/p>\n<figure class=\"mb-3\"><img decoding=\"async\" src=\"https:\/\/www.telam.com.ar\/thumbs\/bluesteel\/advf\/imagenes\/2022\/01\/61e0a0cac70e5_900.jpg\" alt=\"Paisajes de Bariloche Foto Alejandra Bartoliche\" width=\"100%\" height=\"100%\" \/><\/p>\n<div class=\"media-icons\"><\/div><figcaption>Paisajes de Bariloche (Foto Alejandra Bartoliche)<\/figcaption><\/figure>\n<p>Algunos de los otros destinos patag\u00f3nicos con alta ocupaci\u00f3n durante enero fueron\u00a0<strong>Puerto Madryn<\/strong>, en la costa de Chubut, con 95% en relaci\u00f3n unas 7.000 camas, y la capital fueguina,\u00a0<strong>Ushuaia<\/strong>, que mantuvo ocupado el 90% de sus 6.000 plazas disponibles.<\/p>\n<h2 class=\"\">Cuyo<\/h2>\n<p>Los niveles de ocupaci\u00f3n son muy altos tambi\u00e9n en la regi\u00f3n de Cuyo, donde se destacan destinos como 97% en\u00a0<strong>San Rafael<\/strong>, en el sur de Mendoza, con 97% de 10.000 plazas -toda la provincia tuvo un promedio de 85% sobre 40.000 localidades-, y\u00a0<strong>Merlo<\/strong>, en San Luis, que con 15.000 camas tuvo un registro del 96%.<\/p>\n<figure class=\"mb-3\"><img decoding=\"async\" src=\"https:\/\/www.telam.com.ar\/thumbs\/bluesteel\/advf\/imagenes\/2022\/01\/61e5f07946280_900.jpg\" alt=\"San Rafael Mendoza\" width=\"100%\" height=\"100%\" \/><\/p>\n<div class=\"media-icons\"><\/div><figcaption>San Rafael, Mendoza<\/figcaption><\/figure>\n<h2 class=\"\">Litoral<\/h2>\n<p>En el Litoral, la<strong>\u00a0provincia de Corrientes<\/strong>, con unas 15.000 plazas, estuvo en el 85%; en\u00a0<strong>Misiones, tanto Puerto Iguaz\u00fa<\/strong>\u00a0(15.000 plazas) como\u00a0<strong>El Soberbio\u00a0<\/strong>(500) finalizan con el 90%.<\/p>\n<figure class=\"mb-3\"><img decoding=\"async\" src=\"https:\/\/www.telam.com.ar\/thumbs\/bluesteel\/advf\/imagenes\/2020\/10\/5f9b2d91f1ec0_900.jpg\" alt=\"Las Cataratas del Iguaz Misiones\" width=\"100%\" height=\"100%\" \/><\/p>\n<div class=\"media-icons\"><\/div><figcaption>Las Cataratas del Iguaz\u00fa, Misiones<\/figcaption><\/figure>\n<h2 class=\"\">Noroeste argentino<\/h2>\n<p>En el NOA se destacan\u00a0<strong>Jujuy<\/strong>, con un promedio provincial del 80% de ocupaci\u00f3n de sus 12.000 camas tur\u00edsticas, y\u00a0<strong>Taf\u00ed del Valle<\/strong>, en Tucum\u00e1n, con el 73% sobre 1.800 plazas.<\/p>\n<figure class=\"mb-3\"><img decoding=\"async\" src=\"https:\/\/www.telam.com.ar\/thumbs\/bluesteel\/advf\/imagenes\/2021\/09\/615648d1a905c_900.jpg\" alt=\"Taf del Valle Tucumn Foto del Ministerio de Turismo\" width=\"100%\" height=\"100%\" \/><\/p>\n<div class=\"media-icons\"><\/div><figcaption>Taf\u00ed del Valle, Tucum\u00e1n (Foto del Ministerio de Turismo)<\/figcaption><\/figure>\n<h2 class=\"\">Lammens y el Previaje<\/h2>\n<p>El\u00a0<strong>ministro de Turismo y Deportes, Mat\u00edas Lammens, sostuvo en relaci\u00f3n al balance de enero que \u00abcon estos n\u00fameros tan alentadores que nos llegan desde destinos de todo el pa\u00eds se consolida una temporada de verano r\u00e9cord\u00bb.<\/strong><\/p>\n<p>\u00abAdem\u00e1s -continu\u00f3 en un comunicado-, seg\u00fan las estad\u00edsticas que tenemos gracias a PreViaje, son muy buenas las proyecciones para febrero y el fin de semana largo de Carnaval\u00bb y asegur\u00f3 que \u00abel turismo est\u00e1 en marcha en todo el pa\u00eds\u00bb.<\/p>\n<figure class=\"mb-3\"><img decoding=\"async\" src=\"https:\/\/www.telam.com.ar\/thumbs\/bluesteel\/advf\/imagenes\/2022\/01\/61f5b28db7b26_900.jpg\" alt=\"Cacheuta Mendoza Foto Alfredo Ponce\" width=\"100%\" height=\"100%\" \/><\/p>\n<div class=\"media-icons\"><\/div><figcaption>Cacheuta, Mendoza (Foto Alfredo Ponce)<\/figcaption><\/figure>\n<p>El documento incluye palabras sobre el tema del presidente de la\u00a0<strong>C\u00e1mara Argentina de Turismo (CAT), Gustavo Hani<\/strong>, quien afirm\u00f3 que \u00abel primer tramo de esta temporada en pandemia estuvo signada por tres variables: el impulso del PreViaje; la respuesta masiva de los argentinos y la fuerte contagiosidad de la tercera ola\u00bb.<\/p>\n<p><strong>\u00abSabiendo que el turismo en pandemia es de alta imprevisibilidad, desde CAT consideramos que si bajan los niveles de contagios la temporada se mantendr\u00e1 en valores r\u00e9cords en los principales destinos de verano de Argentina\u00bb<\/strong>, vaticin\u00f3 el directivo del sector privado.<\/p>\n<figure class=\"mb-3\"><img decoding=\"async\" src=\"https:\/\/www.telam.com.ar\/thumbs\/bluesteel\/advf\/imagenes\/2022\/01\/61f5b2034a51c_900.jpg\" alt=\"Mar del Plata Foto Diego Izquierdo\" width=\"100%\" height=\"100%\" \/><\/p>\n<div class=\"media-icons\"><\/div><figcaption>Mar del Plata (Foto Diego Izquierdo)<\/figcaption><\/figure>\n<\/div>\n<\/div>\n<\/div>\n<\/div>\n<\/div>\n<\/div>\n<\/div>\n","protected":false},"excerpt":{"rendered":"<p>En el marco del segundo cambio de quincena de la temporada, manifiestan buenas perspectivas por el tambi\u00e9n alto registro de reservas a partir de este fin de semana, en particular en los centros veraniegos de la costa bonaerense<\/p>\n","protected":false},"author":3,"featured_media":7098,"comment_status":"closed","ping_status":"closed","sticky":false,"template":"","format":"standard","meta":{"footnotes":""},"categories":[33],"tags":[],"class_list":["post-67592","post","type-post","status-publish","format-standard","has-post-thumbnail","hentry","category-turismo"],"yoast_head":"<!-- This site is optimized with the Yoast SEO plugin v25.9 - https:\/\/yoast.com\/wordpress\/plugins\/seo\/ -->\n<title>Enero, un \u00e9xito tur\u00edstico: termina con un alto nivel de ocupaci\u00f3n en destinos tur\u00edsticos de todo el pa\u00eds - Noticias Radio Reflejos<\/title>\n<meta name=\"robots\" content=\"index, follow, max-snippet:-1, max-image-preview:large, max-video-preview:-1\" \/>\n<link rel=\"canonical\" href=\"https:\/\/www.noticiasradioreflejos.com.ar\/2021\/enero-un-exito-turistico-termina-con-un-alto-nivel-de-ocupacion-en-destinos-turisticos-de-todo-el-pais\/\" \/>\n<meta property=\"og:locale\" content=\"es_ES\" \/>\n<meta property=\"og:type\" content=\"article\" \/>\n<meta property=\"og:title\" content=\"Enero, un \u00e9xito tur\u00edstico: termina con un alto nivel de ocupaci\u00f3n en destinos tur\u00edsticos de todo el pa\u00eds - Noticias Radio Reflejos\" \/>\n<meta property=\"og:description\" content=\"En el marco del segundo cambio de quincena de la temporada, manifiestan buenas perspectivas por el tambi\u00e9n alto registro de reservas a partir de este fin de semana, en particular en los centros veraniegos de la costa bonaerense\" \/>\n<meta property=\"og:url\" content=\"https:\/\/www.noticiasradioreflejos.com.ar\/2021\/enero-un-exito-turistico-termina-con-un-alto-nivel-de-ocupacion-en-destinos-turisticos-de-todo-el-pais\/\" \/>\n<meta property=\"og:site_name\" content=\"Noticias Radio Reflejos\" \/>\n<meta property=\"article:published_time\" content=\"2022-01-30T12:16:47+00:00\" \/>\n<meta property=\"article:modified_time\" content=\"2022-01-30T12:16:56+00:00\" \/>\n<meta property=\"og:image\" content=\"https:\/\/www.noticiasradioreflejos.com.ar\/2021\/wp-content\/uploads\/2017\/02\/Los-angelitos.jpg\" \/>\n\t<meta property=\"og:image:width\" content=\"1024\" \/>\n\t<meta property=\"og:image:height\" content=\"768\" \/>\n\t<meta property=\"og:image:type\" content=\"image\/jpeg\" \/>\n<meta name=\"author\" content=\"Arnaldo Botto\" \/>\n<meta name=\"twitter:card\" content=\"summary_large_image\" \/>\n<script type=\"application\/ld+json\" class=\"yoast-schema-graph\">{\"@context\":\"https:\/\/schema.org\",\"@graph\":[{\"@type\":\"WebPage\",\"@id\":\"https:\/\/www.noticiasradioreflejos.com.ar\/2021\/enero-un-exito-turistico-termina-con-un-alto-nivel-de-ocupacion-en-destinos-turisticos-de-todo-el-pais\/\",\"url\":\"https:\/\/www.noticiasradioreflejos.com.ar\/2021\/enero-un-exito-turistico-termina-con-un-alto-nivel-de-ocupacion-en-destinos-turisticos-de-todo-el-pais\/\",\"name\":\"Enero, un \u00e9xito tur\u00edstico: termina con un alto nivel de ocupaci\u00f3n en destinos tur\u00edsticos de todo el pa\u00eds - Noticias Radio Reflejos\",\"isPartOf\":{\"@id\":\"https:\/\/www.noticiasradioreflejos.com.ar\/2021\/#website\"},\"primaryImageOfPage\":{\"@id\":\"https:\/\/www.noticiasradioreflejos.com.ar\/2021\/enero-un-exito-turistico-termina-con-un-alto-nivel-de-ocupacion-en-destinos-turisticos-de-todo-el-pais\/#primaryimage\"},\"image\":{\"@id\":\"https:\/\/www.noticiasradioreflejos.com.ar\/2021\/enero-un-exito-turistico-termina-con-un-alto-nivel-de-ocupacion-en-destinos-turisticos-de-todo-el-pais\/#primaryimage\"},\"thumbnailUrl\":\"https:\/\/www.noticiasradioreflejos.com.ar\/2021\/wp-content\/uploads\/2017\/02\/Los-angelitos.jpg\",\"datePublished\":\"2022-01-30T12:16:47+00:00\",\"dateModified\":\"2022-01-30T12:16:56+00:00\",\"author\":{\"@id\":\"https:\/\/www.noticiasradioreflejos.com.ar\/2021\/#\/schema\/person\/ad82545263dcc5ec0996818884fd5fb1\"},\"breadcrumb\":{\"@id\":\"https:\/\/www.noticiasradioreflejos.com.ar\/2021\/enero-un-exito-turistico-termina-con-un-alto-nivel-de-ocupacion-en-destinos-turisticos-de-todo-el-pais\/#breadcrumb\"},\"inLanguage\":\"es\",\"potentialAction\":[{\"@type\":\"ReadAction\",\"target\":[\"https:\/\/www.noticiasradioreflejos.com.ar\/2021\/enero-un-exito-turistico-termina-con-un-alto-nivel-de-ocupacion-en-destinos-turisticos-de-todo-el-pais\/\"]}]},{\"@type\":\"ImageObject\",\"inLanguage\":\"es\",\"@id\":\"https:\/\/www.noticiasradioreflejos.com.ar\/2021\/enero-un-exito-turistico-termina-con-un-alto-nivel-de-ocupacion-en-destinos-turisticos-de-todo-el-pais\/#primaryimage\",\"url\":\"https:\/\/www.noticiasradioreflejos.com.ar\/2021\/wp-content\/uploads\/2017\/02\/Los-angelitos.jpg\",\"contentUrl\":\"https:\/\/www.noticiasradioreflejos.com.ar\/2021\/wp-content\/uploads\/2017\/02\/Los-angelitos.jpg\",\"width\":1024,\"height\":768},{\"@type\":\"BreadcrumbList\",\"@id\":\"https:\/\/www.noticiasradioreflejos.com.ar\/2021\/enero-un-exito-turistico-termina-con-un-alto-nivel-de-ocupacion-en-destinos-turisticos-de-todo-el-pais\/#breadcrumb\",\"itemListElement\":[{\"@type\":\"ListItem\",\"position\":1,\"name\":\"Portada\",\"item\":\"https:\/\/www.noticiasradioreflejos.com.ar\/2021\/\"},{\"@type\":\"ListItem\",\"position\":2,\"name\":\"Enero, un \u00e9xito tur\u00edstico: termina con un alto nivel de ocupaci\u00f3n en destinos tur\u00edsticos de todo el pa\u00eds\"}]},{\"@type\":\"WebSite\",\"@id\":\"https:\/\/www.noticiasradioreflejos.com.ar\/2021\/#website\",\"url\":\"https:\/\/www.noticiasradioreflejos.com.ar\/2021\/\",\"name\":\"Noticias Radio Reflejos\",\"description\":\"Las noticias de mi comarca\",\"potentialAction\":[{\"@type\":\"SearchAction\",\"target\":{\"@type\":\"EntryPoint\",\"urlTemplate\":\"https:\/\/www.noticiasradioreflejos.com.ar\/2021\/?s={search_term_string}\"},\"query-input\":{\"@type\":\"PropertyValueSpecification\",\"valueRequired\":true,\"valueName\":\"search_term_string\"}}],\"inLanguage\":\"es\"},{\"@type\":\"Person\",\"@id\":\"https:\/\/www.noticiasradioreflejos.com.ar\/2021\/#\/schema\/person\/ad82545263dcc5ec0996818884fd5fb1\",\"name\":\"Arnaldo Botto\",\"image\":{\"@type\":\"ImageObject\",\"inLanguage\":\"es\",\"@id\":\"https:\/\/www.noticiasradioreflejos.com.ar\/2021\/#\/schema\/person\/image\/\",\"url\":\"https:\/\/secure.gravatar.com\/avatar\/55cb5e37c1efa326397366e6974cb338056df65cb50e7d64d1cf314e87504837?s=96&d=mm&r=g\",\"contentUrl\":\"https:\/\/secure.gravatar.com\/avatar\/55cb5e37c1efa326397366e6974cb338056df65cb50e7d64d1cf314e87504837?s=96&d=mm&r=g\",\"caption\":\"Arnaldo Botto\"},\"url\":\"https:\/\/www.noticiasradioreflejos.com.ar\/2021\/author\/arnaldo\/\"}]}<\/script>\n<!-- \/ Yoast SEO plugin. -->","yoast_head_json":{"title":"Enero, un \u00e9xito tur\u00edstico: termina con un alto nivel de ocupaci\u00f3n en destinos tur\u00edsticos de todo el pa\u00eds - Noticias Radio Reflejos","robots":{"index":"index","follow":"follow","max-snippet":"max-snippet:-1","max-image-preview":"max-image-preview:large","max-video-preview":"max-video-preview:-1"},"canonical":"https:\/\/www.noticiasradioreflejos.com.ar\/2021\/enero-un-exito-turistico-termina-con-un-alto-nivel-de-ocupacion-en-destinos-turisticos-de-todo-el-pais\/","og_locale":"es_ES","og_type":"article","og_title":"Enero, un \u00e9xito tur\u00edstico: termina con un alto nivel de ocupaci\u00f3n en destinos tur\u00edsticos de todo el pa\u00eds - Noticias Radio Reflejos","og_description":"En el marco del segundo cambio de quincena de la temporada, manifiestan buenas perspectivas por el tambi\u00e9n alto registro de reservas a partir de este fin de semana, en particular en los centros veraniegos de la costa bonaerense","og_url":"https:\/\/www.noticiasradioreflejos.com.ar\/2021\/enero-un-exito-turistico-termina-con-un-alto-nivel-de-ocupacion-en-destinos-turisticos-de-todo-el-pais\/","og_site_name":"Noticias Radio Reflejos","article_published_time":"2022-01-30T12:16:47+00:00","article_modified_time":"2022-01-30T12:16:56+00:00","og_image":[{"width":1024,"height":768,"url":"https:\/\/www.noticiasradioreflejos.com.ar\/2021\/wp-content\/uploads\/2017\/02\/Los-angelitos.jpg","type":"image\/jpeg"}],"author":"Arnaldo Botto","twitter_card":"summary_large_image","schema":{"@context":"https:\/\/schema.org","@graph":[{"@type":"WebPage","@id":"https:\/\/www.noticiasradioreflejos.com.ar\/2021\/enero-un-exito-turistico-termina-con-un-alto-nivel-de-ocupacion-en-destinos-turisticos-de-todo-el-pais\/","url":"https:\/\/www.noticiasradioreflejos.com.ar\/2021\/enero-un-exito-turistico-termina-con-un-alto-nivel-de-ocupacion-en-destinos-turisticos-de-todo-el-pais\/","name":"Enero, un \u00e9xito tur\u00edstico: termina con un alto nivel de ocupaci\u00f3n en destinos tur\u00edsticos de todo el pa\u00eds - Noticias Radio Reflejos","isPartOf":{"@id":"https:\/\/www.noticiasradioreflejos.com.ar\/2021\/#website"},"primaryImageOfPage":{"@id":"https:\/\/www.noticiasradioreflejos.com.ar\/2021\/enero-un-exito-turistico-termina-con-un-alto-nivel-de-ocupacion-en-destinos-turisticos-de-todo-el-pais\/#primaryimage"},"image":{"@id":"https:\/\/www.noticiasradioreflejos.com.ar\/2021\/enero-un-exito-turistico-termina-con-un-alto-nivel-de-ocupacion-en-destinos-turisticos-de-todo-el-pais\/#primaryimage"},"thumbnailUrl":"https:\/\/www.noticiasradioreflejos.com.ar\/2021\/wp-content\/uploads\/2017\/02\/Los-angelitos.jpg","datePublished":"2022-01-30T12:16:47+00:00","dateModified":"2022-01-30T12:16:56+00:00","author":{"@id":"https:\/\/www.noticiasradioreflejos.com.ar\/2021\/#\/schema\/person\/ad82545263dcc5ec0996818884fd5fb1"},"breadcrumb":{"@id":"https:\/\/www.noticiasradioreflejos.com.ar\/2021\/enero-un-exito-turistico-termina-con-un-alto-nivel-de-ocupacion-en-destinos-turisticos-de-todo-el-pais\/#breadcrumb"},"inLanguage":"es","potentialAction":[{"@type":"ReadAction","target":["https:\/\/www.noticiasradioreflejos.com.ar\/2021\/enero-un-exito-turistico-termina-con-un-alto-nivel-de-ocupacion-en-destinos-turisticos-de-todo-el-pais\/"]}]},{"@type":"ImageObject","inLanguage":"es","@id":"https:\/\/www.noticiasradioreflejos.com.ar\/2021\/enero-un-exito-turistico-termina-con-un-alto-nivel-de-ocupacion-en-destinos-turisticos-de-todo-el-pais\/#primaryimage","url":"https:\/\/www.noticiasradioreflejos.com.ar\/2021\/wp-content\/uploads\/2017\/02\/Los-angelitos.jpg","contentUrl":"https:\/\/www.noticiasradioreflejos.com.ar\/2021\/wp-content\/uploads\/2017\/02\/Los-angelitos.jpg","width":1024,"height":768},{"@type":"BreadcrumbList","@id":"https:\/\/www.noticiasradioreflejos.com.ar\/2021\/enero-un-exito-turistico-termina-con-un-alto-nivel-de-ocupacion-en-destinos-turisticos-de-todo-el-pais\/#breadcrumb","itemListElement":[{"@type":"ListItem","position":1,"name":"Portada","item":"https:\/\/www.noticiasradioreflejos.com.ar\/2021\/"},{"@type":"ListItem","position":2,"name":"Enero, un \u00e9xito tur\u00edstico: termina con un alto nivel de ocupaci\u00f3n en destinos tur\u00edsticos de todo el pa\u00eds"}]},{"@type":"WebSite","@id":"https:\/\/www.noticiasradioreflejos.com.ar\/2021\/#website","url":"https:\/\/www.noticiasradioreflejos.com.ar\/2021\/","name":"Noticias Radio Reflejos","description":"Las noticias de mi comarca","potentialAction":[{"@type":"SearchAction","target":{"@type":"EntryPoint","urlTemplate":"https:\/\/www.noticiasradioreflejos.com.ar\/2021\/?s={search_term_string}"},"query-input":{"@type":"PropertyValueSpecification","valueRequired":true,"valueName":"search_term_string"}}],"inLanguage":"es"},{"@type":"Person","@id":"https:\/\/www.noticiasradioreflejos.com.ar\/2021\/#\/schema\/person\/ad82545263dcc5ec0996818884fd5fb1","name":"Arnaldo Botto","image":{"@type":"ImageObject","inLanguage":"es","@id":"https:\/\/www.noticiasradioreflejos.com.ar\/2021\/#\/schema\/person\/image\/","url":"https:\/\/secure.gravatar.com\/avatar\/55cb5e37c1efa326397366e6974cb338056df65cb50e7d64d1cf314e87504837?s=96&d=mm&r=g","contentUrl":"https:\/\/secure.gravatar.com\/avatar\/55cb5e37c1efa326397366e6974cb338056df65cb50e7d64d1cf314e87504837?s=96&d=mm&r=g","caption":"Arnaldo Botto"},"url":"https:\/\/www.noticiasradioreflejos.com.ar\/2021\/author\/arnaldo\/"}]}},"_links":{"self":[{"href":"https:\/\/www.noticiasradioreflejos.com.ar\/2021\/wp-json\/wp\/v2\/posts\/67592","targetHints":{"allow":["GET"]}}],"collection":[{"href":"https:\/\/www.noticiasradioreflejos.com.ar\/2021\/wp-json\/wp\/v2\/posts"}],"about":[{"href":"https:\/\/www.noticiasradioreflejos.com.ar\/2021\/wp-json\/wp\/v2\/types\/post"}],"author":[{"embeddable":true,"href":"https:\/\/www.noticiasradioreflejos.com.ar\/2021\/wp-json\/wp\/v2\/users\/3"}],"replies":[{"embeddable":true,"href":"https:\/\/www.noticiasradioreflejos.com.ar\/2021\/wp-json\/wp\/v2\/comments?post=67592"}],"version-history":[{"count":1,"href":"https:\/\/www.noticiasradioreflejos.com.ar\/2021\/wp-json\/wp\/v2\/posts\/67592\/revisions"}],"predecessor-version":[{"id":67593,"href":"https:\/\/www.noticiasradioreflejos.com.ar\/2021\/wp-json\/wp\/v2\/posts\/67592\/revisions\/67593"}],"wp:featuredmedia":[{"embeddable":true,"href":"https:\/\/www.noticiasradioreflejos.com.ar\/2021\/wp-json\/wp\/v2\/media\/7098"}],"wp:attachment":[{"href":"https:\/\/www.noticiasradioreflejos.com.ar\/2021\/wp-json\/wp\/v2\/media?parent=67592"}],"wp:term":[{"taxonomy":"category","embeddable":true,"href":"https:\/\/www.noticiasradioreflejos.com.ar\/2021\/wp-json\/wp\/v2\/categories?post=67592"},{"taxonomy":"post_tag","embeddable":true,"href":"https:\/\/www.noticiasradioreflejos.com.ar\/2021\/wp-json\/wp\/v2\/tags?post=67592"}],"curies":[{"name":"wp","href":"https:\/\/api.w.org\/{rel}","templated":true}]}}