{"id":67561,"date":"2022-01-28T22:08:41","date_gmt":"2022-01-28T22:08:41","guid":{"rendered":"http:\/\/www.noticiasradioreflejos.com.ar\/2021\/?p=67561"},"modified":"2022-01-28T22:08:41","modified_gmt":"2022-01-28T22:08:41","slug":"situacion-sanitaria-en-el-distrito-por-suerte-no-tiene-la-misma-presentacion-en-cuanto-a-gravedad-y-tasa-de-mortalidad-que-tenian-las-variables-del-ano-pasado","status":"publish","type":"post","link":"https:\/\/www.noticiasradioreflejos.com.ar\/2021\/situacion-sanitaria-en-el-distrito-por-suerte-no-tiene-la-misma-presentacion-en-cuanto-a-gravedad-y-tasa-de-mortalidad-que-tenian-las-variables-del-ano-pasado\/","title":{"rendered":"Situaci\u00f3n sanitaria en el distrito: \u00abPor suerte, no tiene la misma presentaci\u00f3n en cuanto a gravedad y tasa de mortalidad que ten\u00edan las variables del a\u00f1o pasado\u00bb"},"content":{"rendered":"<p>Noelia Baier, Secretaria de Salud de Tornquist Municipio, comunica la situaci\u00f3n general del \u00e1rea de salud del distrito de Tornquist. Tambi\u00e9n conversamos con el Dr. Daniel Barca, jefe de UTI y referente distrital del comit\u00e9 de crisis de Covid para que nos informe acerca de la situaci\u00f3n actual de la pandemia en el distrito.<!--more--><\/p>\n<p>\u00abEra algo que ya desde noviembre\/diciembre se esperaba, pero lamentablemente ya somos bastantes los que hemos transitado la enfermedad\u00bb se refiri\u00f3 al incremento de los contagios de Covid-19.<\/p>\n<p><img loading=\"lazy\" decoding=\"async\" class=\"aligncenter size-full wp-image-67571\" src=\"http:\/\/www.noticiasradioreflejos.com.ar\/2021\/wp-content\/uploads\/2022\/01\/Noelia-Baier.png\" alt=\"\" width=\"466\" height=\"347\" \/><\/p>\n<p>A ra\u00edz de tantos contagios y tantos aislamientos, Noelia comenta que todas las \u00e1reas del Municipio se han visto afectadas debido a la escasez de personal para trabajar. \u00abLo vivimos con mucho personal aislado que dificultaba la cobertura de distintos puestos, pero el \u00e1rea de salud no puede bajar las persianas\u00bb expres\u00f3.<\/p>\n<p>Noelia inform\u00f3 que en el Hospital Municipal se encuentran 5 pacientes internados en sala com\u00fan, de los cuales 3 son Covid positivo. En terapia, hay dos personas internadas y una de ellas es positivo.<\/p>\n<p>En relaci\u00f3n a las obras en marcha del \u00e1rea de salud, la secretaria del \u00e1rea comunic\u00f3 que, en cuanto a lo que es el Hospital de Tornquist, se contin\u00faan con los mismos objetivos trazados hace ya algunos meses. \u00abAyer se inici\u00f3 el proceso de compra de materiales. Se van a refaccionar los 12 ba\u00f1os de las habitaciones del hospital y antes de la pandemia ven\u00edamos con esta idea, de colocar todos los implementos para discapacidad y todo lo que tiene que ver con eso\u00bb. Agreg\u00f3 que alrededor del 10 de febrero vendr\u00e1 la empresa a cargo de la instalaci\u00f3n del tom\u00f3grafo a realizar la emplomaci\u00f3n de las paredes. \u00abEl tom\u00f3grafo estamos esperando a que llegue en unos d\u00edas\u00bb.<\/p>\n<p>Noelia coment\u00f3 que el Dr. Herrera se est\u00e1 encargando de solucionar algunas cuestiones que tienen que ver con las especialidades de la medicina, tales son la psiquiatr\u00eda, la otorrinolaringolog\u00eda y neumolog\u00eda, servicios que no se est\u00e1n brindando en Tornquist debido a la falta de profesionales que quieran o puedan ocupar los puestos.<\/p>\n<p>\u00abEst\u00e1 en carpeta la finalizaci\u00f3n del lavadero del Hospital de Sierra. La semana que viene tengo una reuni\u00f3n con la gente de la cooperadora. Tambi\u00e9n tenemos pre visto en breve inaugurar la sala de d\u00eda de oncolog\u00eda en un espacio distinto, que estar\u00e1 en lo que era el ex hogar de menores\u00bb inform\u00f3 en relaci\u00f3n a las incorporaciones en Sierra de la Ventana. Agreg\u00f3 que se han recibido muchas donaciones con aparatolog\u00eda para poner lo que ser\u00eda un consultorio de kinesiolog\u00eda y que se mejorar\u00e1n los servicios de oncolog\u00eda.<\/p>\n<p>\u00abPor suerte, no tiene la misma presentaci\u00f3n en cuanto a gravedad y tasa de mortalidad que ten\u00edan las variables del a\u00f1o pasado\u00bb se refiri\u00f3 el Dr. Daniel Barca a la nueva cepa de Covid que arras\u00f3 de contagios a nuestro distrito. Mencion\u00f3 que los protocolos se mantienen din\u00e1micos, cambiando todo el tiempo, debido a que la sintomatolog\u00eda de esta nueva cepa es muy diferente.<br \/>\n<img loading=\"lazy\" decoding=\"async\" class=\"aligncenter size-full wp-image-59334\" src=\"http:\/\/www.noticiasradioreflejos.com.ar\/2021\/wp-content\/uploads\/2021\/06\/Hospital-menor-E.-Aldaya-10.jpeg\" alt=\"\" width=\"1160\" height=\"653\" srcset=\"https:\/\/www.noticiasradioreflejos.com.ar\/2021\/wp-content\/uploads\/2021\/06\/Hospital-menor-E.-Aldaya-10.jpeg 1160w, https:\/\/www.noticiasradioreflejos.com.ar\/2021\/wp-content\/uploads\/2021\/06\/Hospital-menor-E.-Aldaya-10-300x169.jpeg 300w, https:\/\/www.noticiasradioreflejos.com.ar\/2021\/wp-content\/uploads\/2021\/06\/Hospital-menor-E.-Aldaya-10-1024x576.jpeg 1024w, https:\/\/www.noticiasradioreflejos.com.ar\/2021\/wp-content\/uploads\/2021\/06\/Hospital-menor-E.-Aldaya-10-768x432.jpeg 768w, https:\/\/www.noticiasradioreflejos.com.ar\/2021\/wp-content\/uploads\/2021\/06\/Hospital-menor-E.-Aldaya-10-750x422.jpeg 750w, https:\/\/www.noticiasradioreflejos.com.ar\/2021\/wp-content\/uploads\/2021\/06\/Hospital-menor-E.-Aldaya-10-1140x642.jpeg 1140w\" sizes=\"auto, (max-width: 1160px) 100vw, 1160px\" \/><\/p>\n<p>Daniel inform\u00f3 que est\u00e1n habiendo cambios, como por ejemplo, que se hisopan \u00fanicamente personas con s\u00edntomas que est\u00e9n embarazadas, que sean mayores de 60 a\u00f1os o personas con alg\u00fan antecedente m\u00e9dico que los mantenga en los grupos de riesgo. Menciona que el resto de las personas que no entran en estos grupos y tengan s\u00edntomas pueden utilizar la aplicaci\u00f3n CuidAr para recibir una constancia de infectado para presentar en los trabajos, por ejemplo. \u00abHoy la gente se declara positivo con respecto a los s\u00edntomas\u00bb aclar\u00f3.<\/p>\n<p>\u00abSe ha abierto tanto la circulaci\u00f3n que la gente tiene que cuidarse. Hemos estado tanto tiempo encerrados que la gente ya est\u00e1 agotada. Puedo comprender que la gente est\u00e9 cansada, pero la responsabilidad primaria siempre fue el autocuidado\u00bb respondi\u00f3 Daniel cuando un oyente le reclam\u00f3 el hecho de dejar de hisopar a quienes no pertenecen al grupo de riesgo.<\/p>\n<p><img loading=\"lazy\" decoding=\"async\" class=\"aligncenter size-full wp-image-67570\" src=\"http:\/\/www.noticiasradioreflejos.com.ar\/2021\/wp-content\/uploads\/2022\/01\/Dr-Barca.jpeg\" alt=\"\" width=\"1280\" height=\"854\" \/><\/p>\n<p>Le consultamos a Daniel cu\u00e1nto tiene que ver el proceso de vacunaci\u00f3n con los resultados de contagios y de cambios en los protocolos. \u00abAc\u00e1 hay que marcar un punto important\u00edsimo que es la vacuna, est\u00e1 marcando la diferencia\u00bb hizo referencia a que la variable \u00d3micron tambi\u00e9n puede ser nociva para la salud de las personas y generar pacientes graves que puedan saturar el sistema, pero que la vacuna ha hecho la diferencia. \u00abHoy estamos lej\u00edsimo de saturar al sistema y eso lo hizo la vacuna\u00bb expres\u00f3. Adem\u00e1s, asegur\u00f3 que quienes cuentan con las 3 dosis de la vacuna tienden a ser m\u00e1s inmunes a esta \u00faltima variable que quienes no la tienen.<\/p>\n<p>\u00abLa otra diferencia a parte de la vacuna es que esta variable tiene otro tipo de comportamiento sobre las personas, y eso hace que los cuadros sean un poco m\u00e1s leves\u00bb manifest\u00f3 el m\u00e9dico. \u00abHemos tenido momentos peores\u00bb mencion\u00f3 Barca comparando los pacientes cr\u00edticos que se ten\u00edan antes de la vacuna y despu\u00e9s, tambi\u00e9n haciendo alusi\u00f3n a los fallecidos por Covid-19.<\/p>\n<p>\u00abLa vacuna sigue siendo efectiva, sigue siendo importante\u00bb le transmiti\u00f3 Barca a todos los oyentes de la radio.<\/p>\n<p>\u00abQue se haya podido hacer este procedimiento para nosotros fue un orgullo\u00bb comunic\u00f3 finalmente Daniel el hecho de haber podido realizar \u00abplasmaf\u00e9resis\u00bb con los instrumentos de di\u00e1lisis, un tratamiento que es de muy dif\u00edcil acceso mismo en Bah\u00eda Blanca, sobre una paciente de terapia del Hospital Municipal.<\/p>\n<p><strong>Nota completa a continuaci\u00f3n:<\/strong><br \/>\n<iframe loading=\"lazy\" src=\"https:\/\/w.soundcloud.com\/player\/?url=https%3A\/\/api.soundcloud.com\/tracks\/1205422888&amp;color=%23ff5500&amp;auto_play=false&amp;hide_related=false&amp;show_comments=true&amp;show_user=true&amp;show_reposts=false&amp;show_teaser=true\" width=\"100%\" height=\"166\" frameborder=\"no\" scrolling=\"no\"><\/iframe><\/p>\n<div style=\"font-size: 10px; color: #cccccc; line-break: anywhere; word-break: normal; overflow: hidden; white-space: nowrap; text-overflow: ellipsis; font-family: Interstate,Lucida Grande,Lucida Sans Unicode,Lucida Sans,Garuda,Verdana,Tahoma,sans-serif; font-weight: 100;\"><a style=\"color: #cccccc; text-decoration: none;\" title=\"fmreflejos 103.7\" href=\"https:\/\/soundcloud.com\/fmreflejos-103-7\" target=\"_blank\" rel=\"noopener\">fmreflejos 103.7<\/a> \u00b7 <a style=\"color: #cccccc; text-decoration: none;\" title=\"Noelia Baier\" href=\"https:\/\/soundcloud.com\/fmreflejos-103-7\/noelia-baier-3\" target=\"_blank\" rel=\"noopener\">Noelia Baier<\/a><\/div>\n","protected":false},"excerpt":{"rendered":"<p>Noelia Baier, Secretaria de Salud de Tornquist Municipio, comunica la situaci\u00f3n general del \u00e1rea de salud del distrito de Tornquist. Tambi\u00e9n conversamos con el Dr. Daniel Barca, jefe de UTI y referente distrital del comit\u00e9 de crisis de Covid para que nos informe acerca de la situaci\u00f3n actual de la pandemia en el distrito.<\/p>\n","protected":false},"author":3,"featured_media":59291,"comment_status":"closed","ping_status":"closed","sticky":false,"template":"","format":"standard","meta":{"footnotes":""},"categories":[30],"tags":[48],"class_list":["post-67561","post","type-post","status-publish","format-standard","has-post-thumbnail","hentry","category-salud","tag-destacada"],"yoast_head":"<!-- This site is optimized with the Yoast SEO plugin v25.9 - https:\/\/yoast.com\/wordpress\/plugins\/seo\/ -->\n<title>Situaci\u00f3n sanitaria en el distrito: &quot;Por suerte, no tiene la misma presentaci\u00f3n en cuanto a gravedad y tasa de mortalidad que ten\u00edan las variables del a\u00f1o pasado&quot; - Noticias Radio Reflejos<\/title>\n<meta name=\"robots\" content=\"index, follow, max-snippet:-1, max-image-preview:large, max-video-preview:-1\" \/>\n<link rel=\"canonical\" href=\"https:\/\/www.noticiasradioreflejos.com.ar\/2021\/situacion-sanitaria-en-el-distrito-por-suerte-no-tiene-la-misma-presentacion-en-cuanto-a-gravedad-y-tasa-de-mortalidad-que-tenian-las-variables-del-ano-pasado\/\" \/>\n<meta property=\"og:locale\" content=\"es_ES\" \/>\n<meta property=\"og:type\" content=\"article\" \/>\n<meta property=\"og:title\" content=\"Situaci\u00f3n sanitaria en el distrito: &quot;Por suerte, no tiene la misma presentaci\u00f3n en cuanto a gravedad y tasa de mortalidad que ten\u00edan las variables del a\u00f1o pasado&quot; - Noticias Radio Reflejos\" \/>\n<meta property=\"og:description\" content=\"Noelia Baier, Secretaria de Salud de Tornquist Municipio, comunica la situaci\u00f3n general del \u00e1rea de salud del distrito de Tornquist. Tambi\u00e9n conversamos con el Dr. Daniel Barca, jefe de UTI y referente distrital del comit\u00e9 de crisis de Covid para que nos informe acerca de la situaci\u00f3n actual de la pandemia en el distrito.\" \/>\n<meta property=\"og:url\" content=\"https:\/\/www.noticiasradioreflejos.com.ar\/2021\/situacion-sanitaria-en-el-distrito-por-suerte-no-tiene-la-misma-presentacion-en-cuanto-a-gravedad-y-tasa-de-mortalidad-que-tenian-las-variables-del-ano-pasado\/\" \/>\n<meta property=\"og:site_name\" content=\"Noticias Radio Reflejos\" \/>\n<meta property=\"article:published_time\" content=\"2022-01-28T22:08:41+00:00\" \/>\n<meta property=\"og:image\" content=\"https:\/\/www.noticiasradioreflejos.com.ar\/2021\/wp-content\/uploads\/2021\/06\/Hospital-Emerg1.jpg\" \/>\n\t<meta property=\"og:image:width\" content=\"1280\" \/>\n\t<meta property=\"og:image:height\" content=\"720\" \/>\n\t<meta property=\"og:image:type\" content=\"image\/jpeg\" \/>\n<meta name=\"author\" content=\"Arnaldo Botto\" \/>\n<meta name=\"twitter:card\" content=\"summary_large_image\" \/>\n<script type=\"application\/ld+json\" class=\"yoast-schema-graph\">{\"@context\":\"https:\/\/schema.org\",\"@graph\":[{\"@type\":\"WebPage\",\"@id\":\"https:\/\/www.noticiasradioreflejos.com.ar\/2021\/situacion-sanitaria-en-el-distrito-por-suerte-no-tiene-la-misma-presentacion-en-cuanto-a-gravedad-y-tasa-de-mortalidad-que-tenian-las-variables-del-ano-pasado\/\",\"url\":\"https:\/\/www.noticiasradioreflejos.com.ar\/2021\/situacion-sanitaria-en-el-distrito-por-suerte-no-tiene-la-misma-presentacion-en-cuanto-a-gravedad-y-tasa-de-mortalidad-que-tenian-las-variables-del-ano-pasado\/\",\"name\":\"Situaci\u00f3n sanitaria en el distrito: \\\"Por suerte, no tiene la misma presentaci\u00f3n en cuanto a gravedad y tasa de mortalidad que ten\u00edan las variables del a\u00f1o pasado\\\" - Noticias Radio Reflejos\",\"isPartOf\":{\"@id\":\"https:\/\/www.noticiasradioreflejos.com.ar\/2021\/#website\"},\"primaryImageOfPage\":{\"@id\":\"https:\/\/www.noticiasradioreflejos.com.ar\/2021\/situacion-sanitaria-en-el-distrito-por-suerte-no-tiene-la-misma-presentacion-en-cuanto-a-gravedad-y-tasa-de-mortalidad-que-tenian-las-variables-del-ano-pasado\/#primaryimage\"},\"image\":{\"@id\":\"https:\/\/www.noticiasradioreflejos.com.ar\/2021\/situacion-sanitaria-en-el-distrito-por-suerte-no-tiene-la-misma-presentacion-en-cuanto-a-gravedad-y-tasa-de-mortalidad-que-tenian-las-variables-del-ano-pasado\/#primaryimage\"},\"thumbnailUrl\":\"https:\/\/www.noticiasradioreflejos.com.ar\/2021\/wp-content\/uploads\/2021\/06\/Hospital-Emerg1.jpg\",\"datePublished\":\"2022-01-28T22:08:41+00:00\",\"author\":{\"@id\":\"https:\/\/www.noticiasradioreflejos.com.ar\/2021\/#\/schema\/person\/ad82545263dcc5ec0996818884fd5fb1\"},\"breadcrumb\":{\"@id\":\"https:\/\/www.noticiasradioreflejos.com.ar\/2021\/situacion-sanitaria-en-el-distrito-por-suerte-no-tiene-la-misma-presentacion-en-cuanto-a-gravedad-y-tasa-de-mortalidad-que-tenian-las-variables-del-ano-pasado\/#breadcrumb\"},\"inLanguage\":\"es\",\"potentialAction\":[{\"@type\":\"ReadAction\",\"target\":[\"https:\/\/www.noticiasradioreflejos.com.ar\/2021\/situacion-sanitaria-en-el-distrito-por-suerte-no-tiene-la-misma-presentacion-en-cuanto-a-gravedad-y-tasa-de-mortalidad-que-tenian-las-variables-del-ano-pasado\/\"]}]},{\"@type\":\"ImageObject\",\"inLanguage\":\"es\",\"@id\":\"https:\/\/www.noticiasradioreflejos.com.ar\/2021\/situacion-sanitaria-en-el-distrito-por-suerte-no-tiene-la-misma-presentacion-en-cuanto-a-gravedad-y-tasa-de-mortalidad-que-tenian-las-variables-del-ano-pasado\/#primaryimage\",\"url\":\"https:\/\/www.noticiasradioreflejos.com.ar\/2021\/wp-content\/uploads\/2021\/06\/Hospital-Emerg1.jpg\",\"contentUrl\":\"https:\/\/www.noticiasradioreflejos.com.ar\/2021\/wp-content\/uploads\/2021\/06\/Hospital-Emerg1.jpg\",\"width\":1280,\"height\":720},{\"@type\":\"BreadcrumbList\",\"@id\":\"https:\/\/www.noticiasradioreflejos.com.ar\/2021\/situacion-sanitaria-en-el-distrito-por-suerte-no-tiene-la-misma-presentacion-en-cuanto-a-gravedad-y-tasa-de-mortalidad-que-tenian-las-variables-del-ano-pasado\/#breadcrumb\",\"itemListElement\":[{\"@type\":\"ListItem\",\"position\":1,\"name\":\"Portada\",\"item\":\"https:\/\/www.noticiasradioreflejos.com.ar\/2021\/\"},{\"@type\":\"ListItem\",\"position\":2,\"name\":\"Situaci\u00f3n sanitaria en el distrito: \u00abPor suerte, no tiene la misma presentaci\u00f3n en cuanto a gravedad y tasa de mortalidad que ten\u00edan las variables del a\u00f1o pasado\u00bb\"}]},{\"@type\":\"WebSite\",\"@id\":\"https:\/\/www.noticiasradioreflejos.com.ar\/2021\/#website\",\"url\":\"https:\/\/www.noticiasradioreflejos.com.ar\/2021\/\",\"name\":\"Noticias Radio Reflejos\",\"description\":\"Las noticias de mi comarca\",\"potentialAction\":[{\"@type\":\"SearchAction\",\"target\":{\"@type\":\"EntryPoint\",\"urlTemplate\":\"https:\/\/www.noticiasradioreflejos.com.ar\/2021\/?s={search_term_string}\"},\"query-input\":{\"@type\":\"PropertyValueSpecification\",\"valueRequired\":true,\"valueName\":\"search_term_string\"}}],\"inLanguage\":\"es\"},{\"@type\":\"Person\",\"@id\":\"https:\/\/www.noticiasradioreflejos.com.ar\/2021\/#\/schema\/person\/ad82545263dcc5ec0996818884fd5fb1\",\"name\":\"Arnaldo Botto\",\"image\":{\"@type\":\"ImageObject\",\"inLanguage\":\"es\",\"@id\":\"https:\/\/www.noticiasradioreflejos.com.ar\/2021\/#\/schema\/person\/image\/\",\"url\":\"https:\/\/secure.gravatar.com\/avatar\/55cb5e37c1efa326397366e6974cb338056df65cb50e7d64d1cf314e87504837?s=96&d=mm&r=g\",\"contentUrl\":\"https:\/\/secure.gravatar.com\/avatar\/55cb5e37c1efa326397366e6974cb338056df65cb50e7d64d1cf314e87504837?s=96&d=mm&r=g\",\"caption\":\"Arnaldo Botto\"},\"url\":\"https:\/\/www.noticiasradioreflejos.com.ar\/2021\/author\/arnaldo\/\"}]}<\/script>\n<!-- \/ Yoast SEO plugin. -->","yoast_head_json":{"title":"Situaci\u00f3n sanitaria en el distrito: \"Por suerte, no tiene la misma presentaci\u00f3n en cuanto a gravedad y tasa de mortalidad que ten\u00edan las variables del a\u00f1o pasado\" - Noticias Radio Reflejos","robots":{"index":"index","follow":"follow","max-snippet":"max-snippet:-1","max-image-preview":"max-image-preview:large","max-video-preview":"max-video-preview:-1"},"canonical":"https:\/\/www.noticiasradioreflejos.com.ar\/2021\/situacion-sanitaria-en-el-distrito-por-suerte-no-tiene-la-misma-presentacion-en-cuanto-a-gravedad-y-tasa-de-mortalidad-que-tenian-las-variables-del-ano-pasado\/","og_locale":"es_ES","og_type":"article","og_title":"Situaci\u00f3n sanitaria en el distrito: \"Por suerte, no tiene la misma presentaci\u00f3n en cuanto a gravedad y tasa de mortalidad que ten\u00edan las variables del a\u00f1o pasado\" - Noticias Radio Reflejos","og_description":"Noelia Baier, Secretaria de Salud de Tornquist Municipio, comunica la situaci\u00f3n general del \u00e1rea de salud del distrito de Tornquist. Tambi\u00e9n conversamos con el Dr. Daniel Barca, jefe de UTI y referente distrital del comit\u00e9 de crisis de Covid para que nos informe acerca de la situaci\u00f3n actual de la pandemia en el distrito.","og_url":"https:\/\/www.noticiasradioreflejos.com.ar\/2021\/situacion-sanitaria-en-el-distrito-por-suerte-no-tiene-la-misma-presentacion-en-cuanto-a-gravedad-y-tasa-de-mortalidad-que-tenian-las-variables-del-ano-pasado\/","og_site_name":"Noticias Radio Reflejos","article_published_time":"2022-01-28T22:08:41+00:00","og_image":[{"width":1280,"height":720,"url":"https:\/\/www.noticiasradioreflejos.com.ar\/2021\/wp-content\/uploads\/2021\/06\/Hospital-Emerg1.jpg","type":"image\/jpeg"}],"author":"Arnaldo Botto","twitter_card":"summary_large_image","schema":{"@context":"https:\/\/schema.org","@graph":[{"@type":"WebPage","@id":"https:\/\/www.noticiasradioreflejos.com.ar\/2021\/situacion-sanitaria-en-el-distrito-por-suerte-no-tiene-la-misma-presentacion-en-cuanto-a-gravedad-y-tasa-de-mortalidad-que-tenian-las-variables-del-ano-pasado\/","url":"https:\/\/www.noticiasradioreflejos.com.ar\/2021\/situacion-sanitaria-en-el-distrito-por-suerte-no-tiene-la-misma-presentacion-en-cuanto-a-gravedad-y-tasa-de-mortalidad-que-tenian-las-variables-del-ano-pasado\/","name":"Situaci\u00f3n sanitaria en el distrito: \"Por suerte, no tiene la misma presentaci\u00f3n en cuanto a gravedad y tasa de mortalidad que ten\u00edan las variables del a\u00f1o pasado\" - Noticias Radio Reflejos","isPartOf":{"@id":"https:\/\/www.noticiasradioreflejos.com.ar\/2021\/#website"},"primaryImageOfPage":{"@id":"https:\/\/www.noticiasradioreflejos.com.ar\/2021\/situacion-sanitaria-en-el-distrito-por-suerte-no-tiene-la-misma-presentacion-en-cuanto-a-gravedad-y-tasa-de-mortalidad-que-tenian-las-variables-del-ano-pasado\/#primaryimage"},"image":{"@id":"https:\/\/www.noticiasradioreflejos.com.ar\/2021\/situacion-sanitaria-en-el-distrito-por-suerte-no-tiene-la-misma-presentacion-en-cuanto-a-gravedad-y-tasa-de-mortalidad-que-tenian-las-variables-del-ano-pasado\/#primaryimage"},"thumbnailUrl":"https:\/\/www.noticiasradioreflejos.com.ar\/2021\/wp-content\/uploads\/2021\/06\/Hospital-Emerg1.jpg","datePublished":"2022-01-28T22:08:41+00:00","author":{"@id":"https:\/\/www.noticiasradioreflejos.com.ar\/2021\/#\/schema\/person\/ad82545263dcc5ec0996818884fd5fb1"},"breadcrumb":{"@id":"https:\/\/www.noticiasradioreflejos.com.ar\/2021\/situacion-sanitaria-en-el-distrito-por-suerte-no-tiene-la-misma-presentacion-en-cuanto-a-gravedad-y-tasa-de-mortalidad-que-tenian-las-variables-del-ano-pasado\/#breadcrumb"},"inLanguage":"es","potentialAction":[{"@type":"ReadAction","target":["https:\/\/www.noticiasradioreflejos.com.ar\/2021\/situacion-sanitaria-en-el-distrito-por-suerte-no-tiene-la-misma-presentacion-en-cuanto-a-gravedad-y-tasa-de-mortalidad-que-tenian-las-variables-del-ano-pasado\/"]}]},{"@type":"ImageObject","inLanguage":"es","@id":"https:\/\/www.noticiasradioreflejos.com.ar\/2021\/situacion-sanitaria-en-el-distrito-por-suerte-no-tiene-la-misma-presentacion-en-cuanto-a-gravedad-y-tasa-de-mortalidad-que-tenian-las-variables-del-ano-pasado\/#primaryimage","url":"https:\/\/www.noticiasradioreflejos.com.ar\/2021\/wp-content\/uploads\/2021\/06\/Hospital-Emerg1.jpg","contentUrl":"https:\/\/www.noticiasradioreflejos.com.ar\/2021\/wp-content\/uploads\/2021\/06\/Hospital-Emerg1.jpg","width":1280,"height":720},{"@type":"BreadcrumbList","@id":"https:\/\/www.noticiasradioreflejos.com.ar\/2021\/situacion-sanitaria-en-el-distrito-por-suerte-no-tiene-la-misma-presentacion-en-cuanto-a-gravedad-y-tasa-de-mortalidad-que-tenian-las-variables-del-ano-pasado\/#breadcrumb","itemListElement":[{"@type":"ListItem","position":1,"name":"Portada","item":"https:\/\/www.noticiasradioreflejos.com.ar\/2021\/"},{"@type":"ListItem","position":2,"name":"Situaci\u00f3n sanitaria en el distrito: \u00abPor suerte, no tiene la misma presentaci\u00f3n en cuanto a gravedad y tasa de mortalidad que ten\u00edan las variables del a\u00f1o pasado\u00bb"}]},{"@type":"WebSite","@id":"https:\/\/www.noticiasradioreflejos.com.ar\/2021\/#website","url":"https:\/\/www.noticiasradioreflejos.com.ar\/2021\/","name":"Noticias Radio Reflejos","description":"Las noticias de mi comarca","potentialAction":[{"@type":"SearchAction","target":{"@type":"EntryPoint","urlTemplate":"https:\/\/www.noticiasradioreflejos.com.ar\/2021\/?s={search_term_string}"},"query-input":{"@type":"PropertyValueSpecification","valueRequired":true,"valueName":"search_term_string"}}],"inLanguage":"es"},{"@type":"Person","@id":"https:\/\/www.noticiasradioreflejos.com.ar\/2021\/#\/schema\/person\/ad82545263dcc5ec0996818884fd5fb1","name":"Arnaldo Botto","image":{"@type":"ImageObject","inLanguage":"es","@id":"https:\/\/www.noticiasradioreflejos.com.ar\/2021\/#\/schema\/person\/image\/","url":"https:\/\/secure.gravatar.com\/avatar\/55cb5e37c1efa326397366e6974cb338056df65cb50e7d64d1cf314e87504837?s=96&d=mm&r=g","contentUrl":"https:\/\/secure.gravatar.com\/avatar\/55cb5e37c1efa326397366e6974cb338056df65cb50e7d64d1cf314e87504837?s=96&d=mm&r=g","caption":"Arnaldo Botto"},"url":"https:\/\/www.noticiasradioreflejos.com.ar\/2021\/author\/arnaldo\/"}]}},"_links":{"self":[{"href":"https:\/\/www.noticiasradioreflejos.com.ar\/2021\/wp-json\/wp\/v2\/posts\/67561","targetHints":{"allow":["GET"]}}],"collection":[{"href":"https:\/\/www.noticiasradioreflejos.com.ar\/2021\/wp-json\/wp\/v2\/posts"}],"about":[{"href":"https:\/\/www.noticiasradioreflejos.com.ar\/2021\/wp-json\/wp\/v2\/types\/post"}],"author":[{"embeddable":true,"href":"https:\/\/www.noticiasradioreflejos.com.ar\/2021\/wp-json\/wp\/v2\/users\/3"}],"replies":[{"embeddable":true,"href":"https:\/\/www.noticiasradioreflejos.com.ar\/2021\/wp-json\/wp\/v2\/comments?post=67561"}],"version-history":[{"count":2,"href":"https:\/\/www.noticiasradioreflejos.com.ar\/2021\/wp-json\/wp\/v2\/posts\/67561\/revisions"}],"predecessor-version":[{"id":67572,"href":"https:\/\/www.noticiasradioreflejos.com.ar\/2021\/wp-json\/wp\/v2\/posts\/67561\/revisions\/67572"}],"wp:featuredmedia":[{"embeddable":true,"href":"https:\/\/www.noticiasradioreflejos.com.ar\/2021\/wp-json\/wp\/v2\/media\/59291"}],"wp:attachment":[{"href":"https:\/\/www.noticiasradioreflejos.com.ar\/2021\/wp-json\/wp\/v2\/media?parent=67561"}],"wp:term":[{"taxonomy":"category","embeddable":true,"href":"https:\/\/www.noticiasradioreflejos.com.ar\/2021\/wp-json\/wp\/v2\/categories?post=67561"},{"taxonomy":"post_tag","embeddable":true,"href":"https:\/\/www.noticiasradioreflejos.com.ar\/2021\/wp-json\/wp\/v2\/tags?post=67561"}],"curies":[{"name":"wp","href":"https:\/\/api.w.org\/{rel}","templated":true}]}}