{"id":67557,"date":"2022-01-28T21:52:40","date_gmt":"2022-01-28T21:52:40","guid":{"rendered":"http:\/\/www.noticiasradioreflejos.com.ar\/2021\/?p=67557"},"modified":"2022-01-28T21:55:43","modified_gmt":"2022-01-28T21:55:43","slug":"estaba-deteriorado-pero-estaba-total-y-absolutamente-arreglable","status":"publish","type":"post","link":"https:\/\/www.noticiasradioreflejos.com.ar\/2021\/estaba-deteriorado-pero-estaba-total-y-absolutamente-arreglable\/","title":{"rendered":"Mural en la delegaci\u00f3n de Saldungaray: \u00abEstaba deteriorado, pero estaba total y absolutamente arreglable\u00bb."},"content":{"rendered":"<p>A ra\u00edz de las denuncias por la destrucci\u00f3n de un mural dentro de la Delegaci\u00f3n Municipal de Saldungaray realizado por el <strong>artista Pl\u00e1stico Carlos Giusti<\/strong>, pintor\u00a0 profesor de la Universidad de La Matanza, quisimos conocer la opini\u00f3n de quien realiz\u00f3 el mural de Jos\u00e9 Hern\u00e1ndez, una de las cuatro obras que tienen que ver con la revalorizaci\u00f3n de las obras del arquitecto e ingeniero civil, Francisco Salamone.<!--more--><\/p>\n<p>\u00abFue particular, no s\u00f3lo por lo\u00a0 pasado, sino por trabajar dentro de la Delegaci\u00f3n de Saldungaray, que fue construida por Francisco Salamone. Est\u00e1bamos tratando de revalorizar los murales de Francisco Salamone en una casa que la hab\u00eda hecho \u00e9l\u00bb, comparti\u00f3 un poco c\u00f3mo se sinti\u00f3 al realizar su trabajo.<\/p>\n<p><a title=\"Carlos Giusti (5)\" href=\"https:\/\/www.flickr.com\/photos\/182279889@N02\/51848547533\/in\/dateposted-public\/\" data-flickr-embed=\"true\"><img loading=\"lazy\" decoding=\"async\" src=\"https:\/\/live.staticflickr.com\/65535\/51848547533_0d37304071_c.jpg\" alt=\"Carlos Giusti (5)\" width=\"720\" height=\"540\" \/><\/a><script async src=\"\/\/embedr.flickr.com\/assets\/client-code.js\" charset=\"utf-8\"><\/script><\/p>\n<p>A lo largo de casi 15 a\u00f1os, el profesor Giusti desarroll\u00f3 el taller <strong>\u00abCompartiendo los Pinceles\u00bb <\/strong>del\u00a0 cual participaron artistas pl\u00e1sticos, vecinos y estudiantes de bellas artes de muchos lugares del pa\u00eds. Dentro del taller surgi\u00f3 la propuesta de realizar murales en diferentes edificios p\u00fablicos formando parte de un Proyecto de Revalorizaci\u00f3n de la obra del Arquitecto Francisco Salamone; el que se dedic\u00f3 a Jos\u00e9 Hern\u00e1ndez se encontraba emplazado en la Delegaci\u00f3n Municipal de la localidad de Saldungaray.<\/p>\n<p><a title=\"Carlos Giusti (4)\" href=\"https:\/\/www.flickr.com\/photos\/182279889@N02\/51847513687\/in\/dateposted-public\/\" data-flickr-embed=\"true\"><img loading=\"lazy\" decoding=\"async\" src=\"https:\/\/live.staticflickr.com\/65535\/51847513687_d21e9dfec3_c.jpg\" alt=\"Carlos Giusti (4)\" width=\"720\" height=\"540\" \/><\/a><script async src=\"\/\/embedr.flickr.com\/assets\/client-code.js\" charset=\"utf-8\"><\/script><br \/>\n<span style=\"color: #ff6600;\"><em>En la imagen, alumnos del taller \u00abCompartiendo los Pinceles\u00bb junto a Giusti mientras se realizaba el mural.<\/em><\/span><\/p>\n<p>El equipo estuvo trabajando en 4 murales dentro de este proyecto de revalorizaci\u00f3n de la obra de Salamone. \u00abHicimos nuestro primer mural, de ah\u00ed ya estaba aprobado nuestro proyecto, y de ah\u00ed sali\u00f3 el mural de la inmigraci\u00f3n con el cristo y los rayos del cementerio. Despu\u00e9s nos vamos al Mar\u00eda Auxiliadora, nos vamos con la figura del muchacho de campo observando la obra de Salamone. Despu\u00e9s nos vamos a la iglesia, y despu\u00e9s nos vamos a la Delegaci\u00f3n, donde hicimos el mural de Jos\u00e9 Hern\u00e1ndez\u00bb.<\/p>\n<p><a title=\"FB_IMG_1643317381456\" href=\"https:\/\/www.flickr.com\/photos\/182279889@N02\/51847739731\/in\/dateposted-public\/\" data-flickr-embed=\"true\"><img loading=\"lazy\" decoding=\"async\" src=\"https:\/\/live.staticflickr.com\/65535\/51847739731_8771e0800c_c.jpg\" alt=\"FB_IMG_1643317381456\" width=\"484\" height=\"800\" \/><\/a><script async src=\"\/\/embedr.flickr.com\/assets\/client-code.js\" charset=\"utf-8\"><\/script><\/p>\n<p>Carlos coment\u00f3 que este \u00faltimo mural mencionado les llev\u00f3 bastante trabajo, donde tambi\u00e9n aprovecharon a dar algunas clases de muralismo y de artes pl\u00e1sticas<strong>. \u00abEstaba deteriorado, pero estaba total y absolutamente arreglable\u00bb<\/strong> se refiri\u00f3 al mural que fue tapado. \u00abHace dos o tres d\u00edas me llega la informaci\u00f3n de que iban a restaurar la Delegaci\u00f3n. Dentro hab\u00eda un mural que lo hicimos nosotros con mucho amor. No se contactaron conmigo y directamente taparon el mural\u00bb, coment\u00f3 el incidente.<\/p>\n<h4><strong>El reclamo del Frente de Todos<\/strong><\/h4>\n<p>La Presidente del Bloque del Frente de Todos de Tornquist, Profesora Marcela Gim\u00e9nez, envi\u00f3 el martes 25 de febrero una nota a la Sra. Intendente interina, Beatriz D\u00edaz, donde pidi\u00f3 \u00abRespetar el Mural\u00bb, habiendo tomado conocimiento de las refacciones que se estaban llevando a cabo en el edificio municipal.<\/p>\n<p><a title=\"Nota de gimenez a Diaz\" href=\"https:\/\/www.flickr.com\/photos\/182279889@N02\/51848825569\/in\/dateposted-public\/\" data-flickr-embed=\"true\"><img loading=\"lazy\" decoding=\"async\" src=\"https:\/\/live.staticflickr.com\/65535\/51848825569_df564232ec_c.jpg\" alt=\"Nota de gimenez a Diaz\" width=\"518\" height=\"800\" \/><\/a><script async src=\"\/\/embedr.flickr.com\/assets\/client-code.js\" charset=\"utf-8\"><\/script><\/p>\n<p>48 horas despu\u00e9s, la jefa comunal contesta fundamentando que la \u00abAdministraci\u00f3n prioriz\u00f3 el mantenimiento del edificio que se encuentra <b>declarado Edificio Hist\u00f3rico Nacional mediante el decreto 1138\/14 <\/b>y destacando que <b>\u00abel material con el que estaba hecho no estaba fijado a la pared y que la misma se encontraba con rajaduras de gran consideraci\u00f3n.\u00bb<\/b><\/p>\n<p>&nbsp;<\/p>\n<p><a title=\"Bety Diaz\" href=\"https:\/\/www.flickr.com\/photos\/182279889@N02\/51849137705\/in\/dateposted-public\/\" data-flickr-embed=\"true\"><img loading=\"lazy\" decoding=\"async\" src=\"https:\/\/live.staticflickr.com\/65535\/51849137705_dab6201d21_c.jpg\" alt=\"Bety Diaz\" width=\"554\" height=\"800\" \/><\/a><script async src=\"\/\/embedr.flickr.com\/assets\/client-code.js\" charset=\"utf-8\"><\/script><\/p>\n<p>&nbsp;<\/p>\n<p>Giusti por su parte menciona que no se sabe qui\u00e9n tom\u00f3 la decisi\u00f3n, pero que seguramente tuvo que ver con la comuna. <strong>\u00abYo no creo que alguien vaya a tapar un mural sin preguntarle al intendente. Si hay una responsabilidad, le cabe al se\u00f1or intendente\u00bb<\/strong> expres\u00f3 y agreg\u00f3 Carlos bastante molesto, \u00absoluci\u00f3n ya no tiene ninguna. Ahora hay que hacer uno nuevo\u00bb.<\/p>\n<p>&nbsp;<\/p>\n<p>Nota completa a continuaci\u00f3n:<br \/>\n<iframe loading=\"lazy\" src=\"https:\/\/w.soundcloud.com\/player\/?url=https%3A\/\/api.soundcloud.com\/tracks\/1205499328&amp;color=%23ff5500&amp;auto_play=false&amp;hide_related=false&amp;show_comments=true&amp;show_user=true&amp;show_reposts=false&amp;show_teaser=true\" width=\"100%\" height=\"166\" frameborder=\"no\" scrolling=\"no\"><\/iframe><\/p>\n<div style=\"font-size: 10px; color: #cccccc; line-break: anywhere; word-break: normal; overflow: hidden; white-space: nowrap; text-overflow: ellipsis; font-family: Interstate,Lucida Grande,Lucida Sans Unicode,Lucida Sans,Garuda,Verdana,Tahoma,sans-serif; font-weight: 100;\"><a style=\"color: #cccccc; text-decoration: none;\" title=\"fmreflejos 103.7\" href=\"https:\/\/soundcloud.com\/fmreflejos-103-7\" target=\"_blank\" rel=\"noopener\">fmreflejos 103.7<\/a> \u00b7 <a style=\"color: #cccccc; text-decoration: none;\" title=\"Carlos Giusti\" href=\"https:\/\/soundcloud.com\/fmreflejos-103-7\/carlos-giusti-2\" target=\"_blank\" rel=\"noopener\">Carlos Giusti<\/a><\/div>\n<p><iframe loading=\"lazy\" title=\"YouTube video player\" src=\"https:\/\/www.youtube.com\/embed\/sVz8-k4Hcu4\" width=\"656\" height=\"480\" frameborder=\"0\" allowfullscreen=\"allowfullscreen\"><\/iframe><\/p>\n<p><a title=\"Carlos Giusti (1)\" href=\"https:\/\/www.flickr.com\/photos\/182279889@N02\/51848547463\/in\/dateposted-public\/\" data-flickr-embed=\"true\"><img loading=\"lazy\" decoding=\"async\" src=\"https:\/\/live.staticflickr.com\/65535\/51848547463_0300ac5990_c.jpg\" alt=\"Carlos Giusti (1)\" width=\"800\" height=\"600\" \/><\/a><script async src=\"\/\/embedr.flickr.com\/assets\/client-code.js\" charset=\"utf-8\"><\/script><\/p>\n<p><a title=\"Carlos Giusti (4)\" href=\"https:\/\/www.flickr.com\/photos\/182279889@N02\/51848806704\/in\/dateposted-public\/\" data-flickr-embed=\"true\"><img loading=\"lazy\" decoding=\"async\" src=\"https:\/\/live.staticflickr.com\/65535\/51848806704_b760770e9d_c.jpg\" alt=\"Carlos Giusti (4)\" width=\"800\" height=\"600\" \/><\/a><script async src=\"\/\/embedr.flickr.com\/assets\/client-code.js\" charset=\"utf-8\"><\/script><\/p>\n<p><a title=\"Carlos Giusti (3)\" href=\"https:\/\/www.flickr.com\/photos\/182279889@N02\/51848547503\/in\/dateposted-public\/\" data-flickr-embed=\"true\"><img loading=\"lazy\" decoding=\"async\" src=\"https:\/\/live.staticflickr.com\/65535\/51848547503_da9a098be9_c.jpg\" alt=\"Carlos Giusti (3)\" width=\"800\" height=\"600\" \/><\/a><script async src=\"\/\/embedr.flickr.com\/assets\/client-code.js\" charset=\"utf-8\"><\/script><\/p>\n","protected":false},"excerpt":{"rendered":"<p>A ra\u00edz de las denuncias por la destrucci\u00f3n de un mural dentro de la Delegaci\u00f3n Municipal de Saldungaray realizado por el artista Pl\u00e1stico Carlos Giusti, pintor\u00a0 profesor de la Universidad de La Matanza, quisimos conocer la opini\u00f3n de quien realiz\u00f3 el mural de Jos\u00e9 Hern\u00e1ndez, una de las cuatro obras que tienen que ver con [&hellip;]<\/p>\n","protected":false},"author":3,"featured_media":0,"comment_status":"closed","ping_status":"closed","sticky":false,"template":"","format":"standard","meta":{"footnotes":""},"categories":[35],"tags":[48],"class_list":["post-67557","post","type-post","status-publish","format-standard","hentry","category-cultura","tag-destacada"],"yoast_head":"<!-- This site is optimized with the Yoast SEO plugin v25.9 - https:\/\/yoast.com\/wordpress\/plugins\/seo\/ -->\n<title>Mural en la delegaci\u00f3n de Saldungaray: &quot;Estaba deteriorado, pero estaba total y absolutamente arreglable&quot;. - Noticias Radio Reflejos<\/title>\n<meta name=\"robots\" content=\"index, follow, max-snippet:-1, max-image-preview:large, max-video-preview:-1\" \/>\n<link rel=\"canonical\" href=\"https:\/\/www.noticiasradioreflejos.com.ar\/2021\/estaba-deteriorado-pero-estaba-total-y-absolutamente-arreglable\/\" \/>\n<meta property=\"og:locale\" content=\"es_ES\" \/>\n<meta property=\"og:type\" content=\"article\" \/>\n<meta property=\"og:title\" content=\"Mural en la delegaci\u00f3n de Saldungaray: &quot;Estaba deteriorado, pero estaba total y absolutamente arreglable&quot;. - Noticias Radio Reflejos\" \/>\n<meta property=\"og:description\" content=\"A ra\u00edz de las denuncias por la destrucci\u00f3n de un mural dentro de la Delegaci\u00f3n Municipal de Saldungaray realizado por el artista Pl\u00e1stico Carlos Giusti, pintor\u00a0 profesor de la Universidad de La Matanza, quisimos conocer la opini\u00f3n de quien realiz\u00f3 el mural de Jos\u00e9 Hern\u00e1ndez, una de las cuatro obras que tienen que ver con [&hellip;]\" \/>\n<meta property=\"og:url\" content=\"https:\/\/www.noticiasradioreflejos.com.ar\/2021\/estaba-deteriorado-pero-estaba-total-y-absolutamente-arreglable\/\" \/>\n<meta property=\"og:site_name\" content=\"Noticias Radio Reflejos\" \/>\n<meta property=\"article:published_time\" content=\"2022-01-28T21:52:40+00:00\" \/>\n<meta property=\"article:modified_time\" content=\"2022-01-28T21:55:43+00:00\" \/>\n<meta property=\"og:image\" content=\"https:\/\/live.staticflickr.com\/65535\/51848547533_0d37304071_c.jpg\" \/>\n<meta name=\"author\" content=\"Arnaldo Botto\" \/>\n<meta name=\"twitter:card\" content=\"summary_large_image\" \/>\n<script type=\"application\/ld+json\" class=\"yoast-schema-graph\">{\"@context\":\"https:\/\/schema.org\",\"@graph\":[{\"@type\":\"WebPage\",\"@id\":\"https:\/\/www.noticiasradioreflejos.com.ar\/2021\/estaba-deteriorado-pero-estaba-total-y-absolutamente-arreglable\/\",\"url\":\"https:\/\/www.noticiasradioreflejos.com.ar\/2021\/estaba-deteriorado-pero-estaba-total-y-absolutamente-arreglable\/\",\"name\":\"Mural en la delegaci\u00f3n de Saldungaray: \\\"Estaba deteriorado, pero estaba total y absolutamente arreglable\\\". - Noticias Radio Reflejos\",\"isPartOf\":{\"@id\":\"https:\/\/www.noticiasradioreflejos.com.ar\/2021\/#website\"},\"primaryImageOfPage\":{\"@id\":\"https:\/\/www.noticiasradioreflejos.com.ar\/2021\/estaba-deteriorado-pero-estaba-total-y-absolutamente-arreglable\/#primaryimage\"},\"image\":{\"@id\":\"https:\/\/www.noticiasradioreflejos.com.ar\/2021\/estaba-deteriorado-pero-estaba-total-y-absolutamente-arreglable\/#primaryimage\"},\"thumbnailUrl\":\"https:\/\/live.staticflickr.com\/65535\/51848547533_0d37304071_c.jpg\",\"datePublished\":\"2022-01-28T21:52:40+00:00\",\"dateModified\":\"2022-01-28T21:55:43+00:00\",\"author\":{\"@id\":\"https:\/\/www.noticiasradioreflejos.com.ar\/2021\/#\/schema\/person\/ad82545263dcc5ec0996818884fd5fb1\"},\"breadcrumb\":{\"@id\":\"https:\/\/www.noticiasradioreflejos.com.ar\/2021\/estaba-deteriorado-pero-estaba-total-y-absolutamente-arreglable\/#breadcrumb\"},\"inLanguage\":\"es\",\"potentialAction\":[{\"@type\":\"ReadAction\",\"target\":[\"https:\/\/www.noticiasradioreflejos.com.ar\/2021\/estaba-deteriorado-pero-estaba-total-y-absolutamente-arreglable\/\"]}]},{\"@type\":\"ImageObject\",\"inLanguage\":\"es\",\"@id\":\"https:\/\/www.noticiasradioreflejos.com.ar\/2021\/estaba-deteriorado-pero-estaba-total-y-absolutamente-arreglable\/#primaryimage\",\"url\":\"https:\/\/live.staticflickr.com\/65535\/51848547533_0d37304071_c.jpg\",\"contentUrl\":\"https:\/\/live.staticflickr.com\/65535\/51848547533_0d37304071_c.jpg\"},{\"@type\":\"BreadcrumbList\",\"@id\":\"https:\/\/www.noticiasradioreflejos.com.ar\/2021\/estaba-deteriorado-pero-estaba-total-y-absolutamente-arreglable\/#breadcrumb\",\"itemListElement\":[{\"@type\":\"ListItem\",\"position\":1,\"name\":\"Portada\",\"item\":\"https:\/\/www.noticiasradioreflejos.com.ar\/2021\/\"},{\"@type\":\"ListItem\",\"position\":2,\"name\":\"Mural en la delegaci\u00f3n de Saldungaray: \u00abEstaba deteriorado, pero estaba total y absolutamente arreglable\u00bb.\"}]},{\"@type\":\"WebSite\",\"@id\":\"https:\/\/www.noticiasradioreflejos.com.ar\/2021\/#website\",\"url\":\"https:\/\/www.noticiasradioreflejos.com.ar\/2021\/\",\"name\":\"Noticias Radio Reflejos\",\"description\":\"Las noticias de mi comarca\",\"potentialAction\":[{\"@type\":\"SearchAction\",\"target\":{\"@type\":\"EntryPoint\",\"urlTemplate\":\"https:\/\/www.noticiasradioreflejos.com.ar\/2021\/?s={search_term_string}\"},\"query-input\":{\"@type\":\"PropertyValueSpecification\",\"valueRequired\":true,\"valueName\":\"search_term_string\"}}],\"inLanguage\":\"es\"},{\"@type\":\"Person\",\"@id\":\"https:\/\/www.noticiasradioreflejos.com.ar\/2021\/#\/schema\/person\/ad82545263dcc5ec0996818884fd5fb1\",\"name\":\"Arnaldo Botto\",\"image\":{\"@type\":\"ImageObject\",\"inLanguage\":\"es\",\"@id\":\"https:\/\/www.noticiasradioreflejos.com.ar\/2021\/#\/schema\/person\/image\/\",\"url\":\"https:\/\/secure.gravatar.com\/avatar\/55cb5e37c1efa326397366e6974cb338056df65cb50e7d64d1cf314e87504837?s=96&d=mm&r=g\",\"contentUrl\":\"https:\/\/secure.gravatar.com\/avatar\/55cb5e37c1efa326397366e6974cb338056df65cb50e7d64d1cf314e87504837?s=96&d=mm&r=g\",\"caption\":\"Arnaldo Botto\"},\"url\":\"https:\/\/www.noticiasradioreflejos.com.ar\/2021\/author\/arnaldo\/\"}]}<\/script>\n<!-- \/ Yoast SEO plugin. -->","yoast_head_json":{"title":"Mural en la delegaci\u00f3n de Saldungaray: \"Estaba deteriorado, pero estaba total y absolutamente arreglable\". - Noticias Radio Reflejos","robots":{"index":"index","follow":"follow","max-snippet":"max-snippet:-1","max-image-preview":"max-image-preview:large","max-video-preview":"max-video-preview:-1"},"canonical":"https:\/\/www.noticiasradioreflejos.com.ar\/2021\/estaba-deteriorado-pero-estaba-total-y-absolutamente-arreglable\/","og_locale":"es_ES","og_type":"article","og_title":"Mural en la delegaci\u00f3n de Saldungaray: \"Estaba deteriorado, pero estaba total y absolutamente arreglable\". - Noticias Radio Reflejos","og_description":"A ra\u00edz de las denuncias por la destrucci\u00f3n de un mural dentro de la Delegaci\u00f3n Municipal de Saldungaray realizado por el artista Pl\u00e1stico Carlos Giusti, pintor\u00a0 profesor de la Universidad de La Matanza, quisimos conocer la opini\u00f3n de quien realiz\u00f3 el mural de Jos\u00e9 Hern\u00e1ndez, una de las cuatro obras que tienen que ver con [&hellip;]","og_url":"https:\/\/www.noticiasradioreflejos.com.ar\/2021\/estaba-deteriorado-pero-estaba-total-y-absolutamente-arreglable\/","og_site_name":"Noticias Radio Reflejos","article_published_time":"2022-01-28T21:52:40+00:00","article_modified_time":"2022-01-28T21:55:43+00:00","og_image":[{"url":"https:\/\/live.staticflickr.com\/65535\/51848547533_0d37304071_c.jpg","type":"","width":"","height":""}],"author":"Arnaldo Botto","twitter_card":"summary_large_image","schema":{"@context":"https:\/\/schema.org","@graph":[{"@type":"WebPage","@id":"https:\/\/www.noticiasradioreflejos.com.ar\/2021\/estaba-deteriorado-pero-estaba-total-y-absolutamente-arreglable\/","url":"https:\/\/www.noticiasradioreflejos.com.ar\/2021\/estaba-deteriorado-pero-estaba-total-y-absolutamente-arreglable\/","name":"Mural en la delegaci\u00f3n de Saldungaray: \"Estaba deteriorado, pero estaba total y absolutamente arreglable\". - Noticias Radio Reflejos","isPartOf":{"@id":"https:\/\/www.noticiasradioreflejos.com.ar\/2021\/#website"},"primaryImageOfPage":{"@id":"https:\/\/www.noticiasradioreflejos.com.ar\/2021\/estaba-deteriorado-pero-estaba-total-y-absolutamente-arreglable\/#primaryimage"},"image":{"@id":"https:\/\/www.noticiasradioreflejos.com.ar\/2021\/estaba-deteriorado-pero-estaba-total-y-absolutamente-arreglable\/#primaryimage"},"thumbnailUrl":"https:\/\/live.staticflickr.com\/65535\/51848547533_0d37304071_c.jpg","datePublished":"2022-01-28T21:52:40+00:00","dateModified":"2022-01-28T21:55:43+00:00","author":{"@id":"https:\/\/www.noticiasradioreflejos.com.ar\/2021\/#\/schema\/person\/ad82545263dcc5ec0996818884fd5fb1"},"breadcrumb":{"@id":"https:\/\/www.noticiasradioreflejos.com.ar\/2021\/estaba-deteriorado-pero-estaba-total-y-absolutamente-arreglable\/#breadcrumb"},"inLanguage":"es","potentialAction":[{"@type":"ReadAction","target":["https:\/\/www.noticiasradioreflejos.com.ar\/2021\/estaba-deteriorado-pero-estaba-total-y-absolutamente-arreglable\/"]}]},{"@type":"ImageObject","inLanguage":"es","@id":"https:\/\/www.noticiasradioreflejos.com.ar\/2021\/estaba-deteriorado-pero-estaba-total-y-absolutamente-arreglable\/#primaryimage","url":"https:\/\/live.staticflickr.com\/65535\/51848547533_0d37304071_c.jpg","contentUrl":"https:\/\/live.staticflickr.com\/65535\/51848547533_0d37304071_c.jpg"},{"@type":"BreadcrumbList","@id":"https:\/\/www.noticiasradioreflejos.com.ar\/2021\/estaba-deteriorado-pero-estaba-total-y-absolutamente-arreglable\/#breadcrumb","itemListElement":[{"@type":"ListItem","position":1,"name":"Portada","item":"https:\/\/www.noticiasradioreflejos.com.ar\/2021\/"},{"@type":"ListItem","position":2,"name":"Mural en la delegaci\u00f3n de Saldungaray: \u00abEstaba deteriorado, pero estaba total y absolutamente arreglable\u00bb."}]},{"@type":"WebSite","@id":"https:\/\/www.noticiasradioreflejos.com.ar\/2021\/#website","url":"https:\/\/www.noticiasradioreflejos.com.ar\/2021\/","name":"Noticias Radio Reflejos","description":"Las noticias de mi comarca","potentialAction":[{"@type":"SearchAction","target":{"@type":"EntryPoint","urlTemplate":"https:\/\/www.noticiasradioreflejos.com.ar\/2021\/?s={search_term_string}"},"query-input":{"@type":"PropertyValueSpecification","valueRequired":true,"valueName":"search_term_string"}}],"inLanguage":"es"},{"@type":"Person","@id":"https:\/\/www.noticiasradioreflejos.com.ar\/2021\/#\/schema\/person\/ad82545263dcc5ec0996818884fd5fb1","name":"Arnaldo Botto","image":{"@type":"ImageObject","inLanguage":"es","@id":"https:\/\/www.noticiasradioreflejos.com.ar\/2021\/#\/schema\/person\/image\/","url":"https:\/\/secure.gravatar.com\/avatar\/55cb5e37c1efa326397366e6974cb338056df65cb50e7d64d1cf314e87504837?s=96&d=mm&r=g","contentUrl":"https:\/\/secure.gravatar.com\/avatar\/55cb5e37c1efa326397366e6974cb338056df65cb50e7d64d1cf314e87504837?s=96&d=mm&r=g","caption":"Arnaldo Botto"},"url":"https:\/\/www.noticiasradioreflejos.com.ar\/2021\/author\/arnaldo\/"}]}},"_links":{"self":[{"href":"https:\/\/www.noticiasradioreflejos.com.ar\/2021\/wp-json\/wp\/v2\/posts\/67557","targetHints":{"allow":["GET"]}}],"collection":[{"href":"https:\/\/www.noticiasradioreflejos.com.ar\/2021\/wp-json\/wp\/v2\/posts"}],"about":[{"href":"https:\/\/www.noticiasradioreflejos.com.ar\/2021\/wp-json\/wp\/v2\/types\/post"}],"author":[{"embeddable":true,"href":"https:\/\/www.noticiasradioreflejos.com.ar\/2021\/wp-json\/wp\/v2\/users\/3"}],"replies":[{"embeddable":true,"href":"https:\/\/www.noticiasradioreflejos.com.ar\/2021\/wp-json\/wp\/v2\/comments?post=67557"}],"version-history":[{"count":4,"href":"https:\/\/www.noticiasradioreflejos.com.ar\/2021\/wp-json\/wp\/v2\/posts\/67557\/revisions"}],"predecessor-version":[{"id":67569,"href":"https:\/\/www.noticiasradioreflejos.com.ar\/2021\/wp-json\/wp\/v2\/posts\/67557\/revisions\/67569"}],"wp:attachment":[{"href":"https:\/\/www.noticiasradioreflejos.com.ar\/2021\/wp-json\/wp\/v2\/media?parent=67557"}],"wp:term":[{"taxonomy":"category","embeddable":true,"href":"https:\/\/www.noticiasradioreflejos.com.ar\/2021\/wp-json\/wp\/v2\/categories?post=67557"},{"taxonomy":"post_tag","embeddable":true,"href":"https:\/\/www.noticiasradioreflejos.com.ar\/2021\/wp-json\/wp\/v2\/tags?post=67557"}],"curies":[{"name":"wp","href":"https:\/\/api.w.org\/{rel}","templated":true}]}}