{"id":67555,"date":"2022-01-28T21:06:10","date_gmt":"2022-01-28T21:06:10","guid":{"rendered":"http:\/\/www.noticiasradioreflejos.com.ar\/2021\/?p=67555"},"modified":"2022-01-28T21:07:21","modified_gmt":"2022-01-28T21:07:21","slug":"temporada-estival-en-la-comarca-indices-de-ocupacion-y-un-proyecto-para-el-sitio-historico-ex-club-hotel","status":"publish","type":"post","link":"https:\/\/www.noticiasradioreflejos.com.ar\/2021\/temporada-estival-en-la-comarca-indices-de-ocupacion-y-un-proyecto-para-el-sitio-historico-ex-club-hotel\/","title":{"rendered":"Temporada estival en la comarca: Indices de ocupaci\u00f3n y un proyecto para el sitio hist\u00f3rico Ex Club Hotel."},"content":{"rendered":"<p>El Secretario de Turismo de Tornquist Municipio, inform\u00f3 hoy en FM Reflejos acerca de algunos proyectos que se vienen para la comarca serrana y tambi\u00e9n nos coment\u00f3 c\u00f3mo va la temporada de verano en lo que va del a\u00f1o.<!--more--><\/p>\n<p>Gustavo comenz\u00f3 la nota coment\u00e1ndonos que esta tarde tendr\u00eda una reuni\u00f3n en Villa Ventana con profesores y estudiantes de arquitectura de la UBA y la universidad de San Mart\u00edn para realizar la evaluaci\u00f3n correspondiente para ver en qu\u00e9 situaci\u00f3n se encuentra el Ex Club Hotel y cu\u00e1les son aquellas partes del predio que se puedan restaurar para fines tur\u00edsticos. El Secretario de Turismo explic\u00f3 que los profesionales se acercar\u00e1n al gran predio tur\u00edstico con el fin de analizar c\u00f3mo estaba el Hotel en sus or\u00edgenes y pasar el informe sobre qu\u00e9 es lo que se puede hacer. \u00abEl informe nos dar\u00eda la posibilidad de tener un pantallazo general de c\u00f3mo est\u00e1 el hotel\u00bb expres\u00f3.<\/p>\n<p>Gustavo volvi\u00f3 a recordar, como en todas las notas, que la temporada pasada ha sido r\u00e9cord para la comarca. \u00abDonde para nosotros la temporada de verano es una temporada intermedia, el a\u00f1o pasado hizo que sea una temporada alta\u00bb inform\u00f3. Continu\u00f3 comentando que a trav\u00e9s del ente mixto, todas las c\u00e1maras que representan al sector tur\u00edstico junto con el Poder Ejecutivo y el Judicial trabajar\u00e1n en conjunto para fomentar el turismo en el distrito.<\/p>\n<p><img loading=\"lazy\" decoding=\"async\" class=\"aligncenter size-full wp-image-4811\" src=\"http:\/\/www.noticiasradioreflejos.com.ar\/2021\/wp-content\/uploads\/2016\/12\/hotel-sierra.jpg\" alt=\"\" width=\"855\" height=\"514\" srcset=\"https:\/\/www.noticiasradioreflejos.com.ar\/2021\/wp-content\/uploads\/2016\/12\/hotel-sierra.jpg 855w, https:\/\/www.noticiasradioreflejos.com.ar\/2021\/wp-content\/uploads\/2016\/12\/hotel-sierra-300x180.jpg 300w, https:\/\/www.noticiasradioreflejos.com.ar\/2021\/wp-content\/uploads\/2016\/12\/hotel-sierra-768x462.jpg 768w, https:\/\/www.noticiasradioreflejos.com.ar\/2021\/wp-content\/uploads\/2016\/12\/hotel-sierra-750x451.jpg 750w\" sizes=\"auto, (max-width: 855px) 100vw, 855px\" \/><\/p>\n<p>\u00abNosotros venimos trabajando con la subsecretar\u00eda de turismo de Buenos Aires permanentemente y con algunos colegas de la regi\u00f3n. Estamos trabajando con estad\u00edsticas de la Pcia. de Buenos Aires, pero tambi\u00e9n a nivel Nacional. Hoy en d\u00eda la Provincia tiene programas para desarrollar los destinos tur\u00edsticos\u00bb explic\u00f3 c\u00f3mo es que se est\u00e1 trabajando desde la Secretar\u00eda para continuar promoviendo el movimiento tur\u00edstico en Tornquist.<\/p>\n<p>Gustavo nos comparti\u00f3 el informe de la primera quincena de Enero: \u00abNos marc\u00f3 un 70 % de ocupaci\u00f3n, que comparado con la temporada 2021, en enero, nos marc\u00f3 un 84 %. Por lo que estamos viendo de esta segunda quincena, vamos a andar en un 75 % de ocupaci\u00f3n\u00bb. Aclar\u00f3 que, de todos modos, los n\u00fameros son mucho m\u00e1s altos que en a\u00f1os anteriores.<\/p>\n<p>Nota completa a continuaci\u00f3n:<br \/>\n<iframe loading=\"lazy\" src=\"https:\/\/w.soundcloud.com\/player\/?url=https%3A\/\/api.soundcloud.com\/tracks\/1205404066&amp;color=%23ff5500&amp;auto_play=false&amp;hide_related=false&amp;show_comments=true&amp;show_user=true&amp;show_reposts=false&amp;show_teaser=true\" width=\"100%\" height=\"166\" frameborder=\"no\" scrolling=\"no\"><\/iframe><\/p>\n<div style=\"font-size: 10px; color: #cccccc; line-break: anywhere; word-break: normal; overflow: hidden; white-space: nowrap; text-overflow: ellipsis; font-family: Interstate,Lucida Grande,Lucida Sans Unicode,Lucida Sans,Garuda,Verdana,Tahoma,sans-serif; font-weight: 100;\"><a style=\"color: #cccccc; text-decoration: none;\" title=\"fmreflejos 103.7\" href=\"https:\/\/soundcloud.com\/fmreflejos-103-7\" target=\"_blank\" rel=\"noopener\">fmreflejos 103.7<\/a> \u00b7 <a style=\"color: #cccccc; text-decoration: none;\" title=\"Gustavo Sandoval\" href=\"https:\/\/soundcloud.com\/fmreflejos-103-7\/gustavo-sandoval-1\" target=\"_blank\" rel=\"noopener\">Gustavo Sandoval<\/a><\/div>\n","protected":false},"excerpt":{"rendered":"<p>El Secretario de Turismo de Tornquist Municipio, inform\u00f3 hoy en FM Reflejos acerca de algunos proyectos que se vienen para la comarca serrana y tambi\u00e9n nos coment\u00f3 c\u00f3mo va la temporada de verano en lo que va del a\u00f1o.<\/p>\n","protected":false},"author":3,"featured_media":67564,"comment_status":"closed","ping_status":"closed","sticky":false,"template":"","format":"standard","meta":{"footnotes":""},"categories":[33],"tags":[48],"class_list":["post-67555","post","type-post","status-publish","format-standard","has-post-thumbnail","hentry","category-turismo","tag-destacada"],"yoast_head":"<!-- This site is optimized with the Yoast SEO plugin v25.9 - https:\/\/yoast.com\/wordpress\/plugins\/seo\/ -->\n<title>Temporada estival en la comarca: Indices de ocupaci\u00f3n y un proyecto para el sitio hist\u00f3rico Ex Club Hotel. - Noticias Radio Reflejos<\/title>\n<meta name=\"robots\" content=\"index, follow, max-snippet:-1, max-image-preview:large, max-video-preview:-1\" \/>\n<link rel=\"canonical\" href=\"https:\/\/www.noticiasradioreflejos.com.ar\/2021\/temporada-estival-en-la-comarca-indices-de-ocupacion-y-un-proyecto-para-el-sitio-historico-ex-club-hotel\/\" \/>\n<meta property=\"og:locale\" content=\"es_ES\" \/>\n<meta property=\"og:type\" content=\"article\" \/>\n<meta property=\"og:title\" content=\"Temporada estival en la comarca: Indices de ocupaci\u00f3n y un proyecto para el sitio hist\u00f3rico Ex Club Hotel. - Noticias Radio Reflejos\" \/>\n<meta property=\"og:description\" content=\"El Secretario de Turismo de Tornquist Municipio, inform\u00f3 hoy en FM Reflejos acerca de algunos proyectos que se vienen para la comarca serrana y tambi\u00e9n nos coment\u00f3 c\u00f3mo va la temporada de verano en lo que va del a\u00f1o.\" \/>\n<meta property=\"og:url\" content=\"https:\/\/www.noticiasradioreflejos.com.ar\/2021\/temporada-estival-en-la-comarca-indices-de-ocupacion-y-un-proyecto-para-el-sitio-historico-ex-club-hotel\/\" \/>\n<meta property=\"og:site_name\" content=\"Noticias Radio Reflejos\" \/>\n<meta property=\"article:published_time\" content=\"2022-01-28T21:06:10+00:00\" \/>\n<meta property=\"article:modified_time\" content=\"2022-01-28T21:07:21+00:00\" \/>\n<meta property=\"og:image\" content=\"https:\/\/www.noticiasradioreflejos.com.ar\/2021\/wp-content\/uploads\/2022\/01\/Diquesito-Verano.jpg\" \/>\n\t<meta property=\"og:image:width\" content=\"2048\" \/>\n\t<meta property=\"og:image:height\" content=\"1024\" \/>\n\t<meta property=\"og:image:type\" content=\"image\/jpeg\" \/>\n<meta name=\"author\" content=\"Arnaldo Botto\" \/>\n<meta name=\"twitter:card\" content=\"summary_large_image\" \/>\n<script type=\"application\/ld+json\" class=\"yoast-schema-graph\">{\"@context\":\"https:\/\/schema.org\",\"@graph\":[{\"@type\":\"WebPage\",\"@id\":\"https:\/\/www.noticiasradioreflejos.com.ar\/2021\/temporada-estival-en-la-comarca-indices-de-ocupacion-y-un-proyecto-para-el-sitio-historico-ex-club-hotel\/\",\"url\":\"https:\/\/www.noticiasradioreflejos.com.ar\/2021\/temporada-estival-en-la-comarca-indices-de-ocupacion-y-un-proyecto-para-el-sitio-historico-ex-club-hotel\/\",\"name\":\"Temporada estival en la comarca: Indices de ocupaci\u00f3n y un proyecto para el sitio hist\u00f3rico Ex Club Hotel. - Noticias Radio Reflejos\",\"isPartOf\":{\"@id\":\"https:\/\/www.noticiasradioreflejos.com.ar\/2021\/#website\"},\"primaryImageOfPage\":{\"@id\":\"https:\/\/www.noticiasradioreflejos.com.ar\/2021\/temporada-estival-en-la-comarca-indices-de-ocupacion-y-un-proyecto-para-el-sitio-historico-ex-club-hotel\/#primaryimage\"},\"image\":{\"@id\":\"https:\/\/www.noticiasradioreflejos.com.ar\/2021\/temporada-estival-en-la-comarca-indices-de-ocupacion-y-un-proyecto-para-el-sitio-historico-ex-club-hotel\/#primaryimage\"},\"thumbnailUrl\":\"https:\/\/www.noticiasradioreflejos.com.ar\/2021\/wp-content\/uploads\/2022\/01\/Diquesito-Verano.jpg\",\"datePublished\":\"2022-01-28T21:06:10+00:00\",\"dateModified\":\"2022-01-28T21:07:21+00:00\",\"author\":{\"@id\":\"https:\/\/www.noticiasradioreflejos.com.ar\/2021\/#\/schema\/person\/ad82545263dcc5ec0996818884fd5fb1\"},\"breadcrumb\":{\"@id\":\"https:\/\/www.noticiasradioreflejos.com.ar\/2021\/temporada-estival-en-la-comarca-indices-de-ocupacion-y-un-proyecto-para-el-sitio-historico-ex-club-hotel\/#breadcrumb\"},\"inLanguage\":\"es\",\"potentialAction\":[{\"@type\":\"ReadAction\",\"target\":[\"https:\/\/www.noticiasradioreflejos.com.ar\/2021\/temporada-estival-en-la-comarca-indices-de-ocupacion-y-un-proyecto-para-el-sitio-historico-ex-club-hotel\/\"]}]},{\"@type\":\"ImageObject\",\"inLanguage\":\"es\",\"@id\":\"https:\/\/www.noticiasradioreflejos.com.ar\/2021\/temporada-estival-en-la-comarca-indices-de-ocupacion-y-un-proyecto-para-el-sitio-historico-ex-club-hotel\/#primaryimage\",\"url\":\"https:\/\/www.noticiasradioreflejos.com.ar\/2021\/wp-content\/uploads\/2022\/01\/Diquesito-Verano.jpg\",\"contentUrl\":\"https:\/\/www.noticiasradioreflejos.com.ar\/2021\/wp-content\/uploads\/2022\/01\/Diquesito-Verano.jpg\",\"width\":2048,\"height\":1024},{\"@type\":\"BreadcrumbList\",\"@id\":\"https:\/\/www.noticiasradioreflejos.com.ar\/2021\/temporada-estival-en-la-comarca-indices-de-ocupacion-y-un-proyecto-para-el-sitio-historico-ex-club-hotel\/#breadcrumb\",\"itemListElement\":[{\"@type\":\"ListItem\",\"position\":1,\"name\":\"Portada\",\"item\":\"https:\/\/www.noticiasradioreflejos.com.ar\/2021\/\"},{\"@type\":\"ListItem\",\"position\":2,\"name\":\"Temporada estival en la comarca: Indices de ocupaci\u00f3n y un proyecto para el sitio hist\u00f3rico Ex Club Hotel.\"}]},{\"@type\":\"WebSite\",\"@id\":\"https:\/\/www.noticiasradioreflejos.com.ar\/2021\/#website\",\"url\":\"https:\/\/www.noticiasradioreflejos.com.ar\/2021\/\",\"name\":\"Noticias Radio Reflejos\",\"description\":\"Las noticias de mi comarca\",\"potentialAction\":[{\"@type\":\"SearchAction\",\"target\":{\"@type\":\"EntryPoint\",\"urlTemplate\":\"https:\/\/www.noticiasradioreflejos.com.ar\/2021\/?s={search_term_string}\"},\"query-input\":{\"@type\":\"PropertyValueSpecification\",\"valueRequired\":true,\"valueName\":\"search_term_string\"}}],\"inLanguage\":\"es\"},{\"@type\":\"Person\",\"@id\":\"https:\/\/www.noticiasradioreflejos.com.ar\/2021\/#\/schema\/person\/ad82545263dcc5ec0996818884fd5fb1\",\"name\":\"Arnaldo Botto\",\"image\":{\"@type\":\"ImageObject\",\"inLanguage\":\"es\",\"@id\":\"https:\/\/www.noticiasradioreflejos.com.ar\/2021\/#\/schema\/person\/image\/\",\"url\":\"https:\/\/secure.gravatar.com\/avatar\/55cb5e37c1efa326397366e6974cb338056df65cb50e7d64d1cf314e87504837?s=96&d=mm&r=g\",\"contentUrl\":\"https:\/\/secure.gravatar.com\/avatar\/55cb5e37c1efa326397366e6974cb338056df65cb50e7d64d1cf314e87504837?s=96&d=mm&r=g\",\"caption\":\"Arnaldo Botto\"},\"url\":\"https:\/\/www.noticiasradioreflejos.com.ar\/2021\/author\/arnaldo\/\"}]}<\/script>\n<!-- \/ Yoast SEO plugin. -->","yoast_head_json":{"title":"Temporada estival en la comarca: Indices de ocupaci\u00f3n y un proyecto para el sitio hist\u00f3rico Ex Club Hotel. - Noticias Radio Reflejos","robots":{"index":"index","follow":"follow","max-snippet":"max-snippet:-1","max-image-preview":"max-image-preview:large","max-video-preview":"max-video-preview:-1"},"canonical":"https:\/\/www.noticiasradioreflejos.com.ar\/2021\/temporada-estival-en-la-comarca-indices-de-ocupacion-y-un-proyecto-para-el-sitio-historico-ex-club-hotel\/","og_locale":"es_ES","og_type":"article","og_title":"Temporada estival en la comarca: Indices de ocupaci\u00f3n y un proyecto para el sitio hist\u00f3rico Ex Club Hotel. - Noticias Radio Reflejos","og_description":"El Secretario de Turismo de Tornquist Municipio, inform\u00f3 hoy en FM Reflejos acerca de algunos proyectos que se vienen para la comarca serrana y tambi\u00e9n nos coment\u00f3 c\u00f3mo va la temporada de verano en lo que va del a\u00f1o.","og_url":"https:\/\/www.noticiasradioreflejos.com.ar\/2021\/temporada-estival-en-la-comarca-indices-de-ocupacion-y-un-proyecto-para-el-sitio-historico-ex-club-hotel\/","og_site_name":"Noticias Radio Reflejos","article_published_time":"2022-01-28T21:06:10+00:00","article_modified_time":"2022-01-28T21:07:21+00:00","og_image":[{"width":2048,"height":1024,"url":"https:\/\/www.noticiasradioreflejos.com.ar\/2021\/wp-content\/uploads\/2022\/01\/Diquesito-Verano.jpg","type":"image\/jpeg"}],"author":"Arnaldo Botto","twitter_card":"summary_large_image","schema":{"@context":"https:\/\/schema.org","@graph":[{"@type":"WebPage","@id":"https:\/\/www.noticiasradioreflejos.com.ar\/2021\/temporada-estival-en-la-comarca-indices-de-ocupacion-y-un-proyecto-para-el-sitio-historico-ex-club-hotel\/","url":"https:\/\/www.noticiasradioreflejos.com.ar\/2021\/temporada-estival-en-la-comarca-indices-de-ocupacion-y-un-proyecto-para-el-sitio-historico-ex-club-hotel\/","name":"Temporada estival en la comarca: Indices de ocupaci\u00f3n y un proyecto para el sitio hist\u00f3rico Ex Club Hotel. - Noticias Radio Reflejos","isPartOf":{"@id":"https:\/\/www.noticiasradioreflejos.com.ar\/2021\/#website"},"primaryImageOfPage":{"@id":"https:\/\/www.noticiasradioreflejos.com.ar\/2021\/temporada-estival-en-la-comarca-indices-de-ocupacion-y-un-proyecto-para-el-sitio-historico-ex-club-hotel\/#primaryimage"},"image":{"@id":"https:\/\/www.noticiasradioreflejos.com.ar\/2021\/temporada-estival-en-la-comarca-indices-de-ocupacion-y-un-proyecto-para-el-sitio-historico-ex-club-hotel\/#primaryimage"},"thumbnailUrl":"https:\/\/www.noticiasradioreflejos.com.ar\/2021\/wp-content\/uploads\/2022\/01\/Diquesito-Verano.jpg","datePublished":"2022-01-28T21:06:10+00:00","dateModified":"2022-01-28T21:07:21+00:00","author":{"@id":"https:\/\/www.noticiasradioreflejos.com.ar\/2021\/#\/schema\/person\/ad82545263dcc5ec0996818884fd5fb1"},"breadcrumb":{"@id":"https:\/\/www.noticiasradioreflejos.com.ar\/2021\/temporada-estival-en-la-comarca-indices-de-ocupacion-y-un-proyecto-para-el-sitio-historico-ex-club-hotel\/#breadcrumb"},"inLanguage":"es","potentialAction":[{"@type":"ReadAction","target":["https:\/\/www.noticiasradioreflejos.com.ar\/2021\/temporada-estival-en-la-comarca-indices-de-ocupacion-y-un-proyecto-para-el-sitio-historico-ex-club-hotel\/"]}]},{"@type":"ImageObject","inLanguage":"es","@id":"https:\/\/www.noticiasradioreflejos.com.ar\/2021\/temporada-estival-en-la-comarca-indices-de-ocupacion-y-un-proyecto-para-el-sitio-historico-ex-club-hotel\/#primaryimage","url":"https:\/\/www.noticiasradioreflejos.com.ar\/2021\/wp-content\/uploads\/2022\/01\/Diquesito-Verano.jpg","contentUrl":"https:\/\/www.noticiasradioreflejos.com.ar\/2021\/wp-content\/uploads\/2022\/01\/Diquesito-Verano.jpg","width":2048,"height":1024},{"@type":"BreadcrumbList","@id":"https:\/\/www.noticiasradioreflejos.com.ar\/2021\/temporada-estival-en-la-comarca-indices-de-ocupacion-y-un-proyecto-para-el-sitio-historico-ex-club-hotel\/#breadcrumb","itemListElement":[{"@type":"ListItem","position":1,"name":"Portada","item":"https:\/\/www.noticiasradioreflejos.com.ar\/2021\/"},{"@type":"ListItem","position":2,"name":"Temporada estival en la comarca: Indices de ocupaci\u00f3n y un proyecto para el sitio hist\u00f3rico Ex Club Hotel."}]},{"@type":"WebSite","@id":"https:\/\/www.noticiasradioreflejos.com.ar\/2021\/#website","url":"https:\/\/www.noticiasradioreflejos.com.ar\/2021\/","name":"Noticias Radio Reflejos","description":"Las noticias de mi comarca","potentialAction":[{"@type":"SearchAction","target":{"@type":"EntryPoint","urlTemplate":"https:\/\/www.noticiasradioreflejos.com.ar\/2021\/?s={search_term_string}"},"query-input":{"@type":"PropertyValueSpecification","valueRequired":true,"valueName":"search_term_string"}}],"inLanguage":"es"},{"@type":"Person","@id":"https:\/\/www.noticiasradioreflejos.com.ar\/2021\/#\/schema\/person\/ad82545263dcc5ec0996818884fd5fb1","name":"Arnaldo Botto","image":{"@type":"ImageObject","inLanguage":"es","@id":"https:\/\/www.noticiasradioreflejos.com.ar\/2021\/#\/schema\/person\/image\/","url":"https:\/\/secure.gravatar.com\/avatar\/55cb5e37c1efa326397366e6974cb338056df65cb50e7d64d1cf314e87504837?s=96&d=mm&r=g","contentUrl":"https:\/\/secure.gravatar.com\/avatar\/55cb5e37c1efa326397366e6974cb338056df65cb50e7d64d1cf314e87504837?s=96&d=mm&r=g","caption":"Arnaldo Botto"},"url":"https:\/\/www.noticiasradioreflejos.com.ar\/2021\/author\/arnaldo\/"}]}},"_links":{"self":[{"href":"https:\/\/www.noticiasradioreflejos.com.ar\/2021\/wp-json\/wp\/v2\/posts\/67555","targetHints":{"allow":["GET"]}}],"collection":[{"href":"https:\/\/www.noticiasradioreflejos.com.ar\/2021\/wp-json\/wp\/v2\/posts"}],"about":[{"href":"https:\/\/www.noticiasradioreflejos.com.ar\/2021\/wp-json\/wp\/v2\/types\/post"}],"author":[{"embeddable":true,"href":"https:\/\/www.noticiasradioreflejos.com.ar\/2021\/wp-json\/wp\/v2\/users\/3"}],"replies":[{"embeddable":true,"href":"https:\/\/www.noticiasradioreflejos.com.ar\/2021\/wp-json\/wp\/v2\/comments?post=67555"}],"version-history":[{"count":2,"href":"https:\/\/www.noticiasradioreflejos.com.ar\/2021\/wp-json\/wp\/v2\/posts\/67555\/revisions"}],"predecessor-version":[{"id":67565,"href":"https:\/\/www.noticiasradioreflejos.com.ar\/2021\/wp-json\/wp\/v2\/posts\/67555\/revisions\/67565"}],"wp:featuredmedia":[{"embeddable":true,"href":"https:\/\/www.noticiasradioreflejos.com.ar\/2021\/wp-json\/wp\/v2\/media\/67564"}],"wp:attachment":[{"href":"https:\/\/www.noticiasradioreflejos.com.ar\/2021\/wp-json\/wp\/v2\/media?parent=67555"}],"wp:term":[{"taxonomy":"category","embeddable":true,"href":"https:\/\/www.noticiasradioreflejos.com.ar\/2021\/wp-json\/wp\/v2\/categories?post=67555"},{"taxonomy":"post_tag","embeddable":true,"href":"https:\/\/www.noticiasradioreflejos.com.ar\/2021\/wp-json\/wp\/v2\/tags?post=67555"}],"curies":[{"name":"wp","href":"https:\/\/api.w.org\/{rel}","templated":true}]}}