{"id":67551,"date":"2022-01-28T17:15:08","date_gmt":"2022-01-28T17:15:08","guid":{"rendered":"http:\/\/www.noticiasradioreflejos.com.ar\/2021\/?p=67551"},"modified":"2022-01-28T17:15:53","modified_gmt":"2022-01-28T17:15:53","slug":"victor-heredia-lleva-sus-clasicos-a-villa-ventana-de-la-mano-del-ciclo-huellas-de-la-cultura-2","status":"publish","type":"post","link":"https:\/\/www.noticiasradioreflejos.com.ar\/2021\/victor-heredia-lleva-sus-clasicos-a-villa-ventana-de-la-mano-del-ciclo-huellas-de-la-cultura-2\/","title":{"rendered":"V\u00edctor Heredia lleva sus cl\u00e1sicos a Villa Ventana de la mano del ciclo Huellas de la Cultura"},"content":{"rendered":"<p>Con un repertorio folcl\u00f3rico y ac\u00fastico, el hist\u00f3rico cantautor se presentar\u00e1 este domingo 30 en el ciclo musical que celebra a aquellos g\u00e9neros que circulan en la Provincia.<!--more--><br \/>\nHuellas de la Cultura desembarca en <strong>Villa Ventana (Tornquist)<\/strong> este domingo 30 de enero junto a V\u00edctor Heredia para seguir celebrando la m\u00fasica que atraviesa la provincia de Buenos Aires. El show se desarrollar\u00e1 a las 20 horas en Plaza Salerno (Cruz del Sur y Tres Picos). Las entradas -libres y gratuitas- se pueden adquirir mediante la app ReCreo.<\/p>\n<p>Al momento del ingreso se deber\u00e1 presentar pase sanitario.<\/p>\n<p>El programa Huellas de la Cultura en esta temporada homenajea a los diversos g\u00e9neros musicales que atraviesan la Provincia a trav\u00e9s de sus exponentes. Durante este verano, el programa se divide en cuatro ciclos: Huellas en la Arena, Huellas en las Lagunas, Huellas Conurbanas y Huellas en las Sierras, cuyo arranque cont\u00f3 con Marcela<br \/>\nMorelo y que ahora da paso al creador de himnos como \u201cSobreviviendo\u201d, \u201cTodav\u00eda cantamos\u201d o \u201cBailando con tu sombra\u201d.<br \/>\nEl artista presentar\u00e1 su m\u00e1s reciente canci\u00f3n, \u201cUn simple abrazo\u201d , adem\u00e1s de repasar junto a su banda habitual una repertorio en el que desarrolla la canci\u00f3n popular y folklore con profunda sensibilidad y compromiso social. El nuevo single es una rese\u00f1a sobre una de las limitaciones m\u00e1s sensibles que padeci\u00f3 y padece a\u00fan la humanidad: el abrazo. El tema \u2013lanzado junto a un videoclip producido por Tute- fue coescrito con<br \/>\nPedro Aznar y los arreglos pertenecen a Bab\u00fa Cervi\u00f1o<br \/>\nHuellas de la Cultura es parte de las actividades que el Instituto Cultural desarrolla en el marco de<strong> ReCreo<\/strong>, el programa de Promoci\u00f3n Tur\u00edstica y Cultural de la Provincia.<\/p>\n","protected":false},"excerpt":{"rendered":"<p>Con un repertorio folcl\u00f3rico y ac\u00fastico, el hist\u00f3rico cantautor se presentar\u00e1 este domingo 30 en el ciclo musical que celebra a aquellos g\u00e9neros que circulan en la Provincia.<\/p>\n","protected":false},"author":3,"featured_media":0,"comment_status":"closed","ping_status":"closed","sticky":false,"template":"","format":"standard","meta":{"footnotes":""},"categories":[35,28],"tags":[],"class_list":["post-67551","post","type-post","status-publish","format-standard","hentry","category-cultura","category-municipales"],"yoast_head":"<!-- This site is optimized with the Yoast SEO plugin v25.9 - https:\/\/yoast.com\/wordpress\/plugins\/seo\/ -->\n<title>V\u00edctor Heredia lleva sus cl\u00e1sicos a Villa Ventana de la mano del ciclo Huellas de la Cultura - Noticias Radio Reflejos<\/title>\n<meta name=\"robots\" content=\"index, follow, max-snippet:-1, max-image-preview:large, max-video-preview:-1\" \/>\n<link rel=\"canonical\" href=\"https:\/\/www.noticiasradioreflejos.com.ar\/2021\/victor-heredia-lleva-sus-clasicos-a-villa-ventana-de-la-mano-del-ciclo-huellas-de-la-cultura-2\/\" \/>\n<meta property=\"og:locale\" content=\"es_ES\" \/>\n<meta property=\"og:type\" content=\"article\" \/>\n<meta property=\"og:title\" content=\"V\u00edctor Heredia lleva sus cl\u00e1sicos a Villa Ventana de la mano del ciclo Huellas de la Cultura - Noticias Radio Reflejos\" \/>\n<meta property=\"og:description\" content=\"Con un repertorio folcl\u00f3rico y ac\u00fastico, el hist\u00f3rico cantautor se presentar\u00e1 este domingo 30 en el ciclo musical que celebra a aquellos g\u00e9neros que circulan en la Provincia.\" \/>\n<meta property=\"og:url\" content=\"https:\/\/www.noticiasradioreflejos.com.ar\/2021\/victor-heredia-lleva-sus-clasicos-a-villa-ventana-de-la-mano-del-ciclo-huellas-de-la-cultura-2\/\" \/>\n<meta property=\"og:site_name\" content=\"Noticias Radio Reflejos\" \/>\n<meta property=\"article:published_time\" content=\"2022-01-28T17:15:08+00:00\" \/>\n<meta property=\"article:modified_time\" content=\"2022-01-28T17:15:53+00:00\" \/>\n<meta property=\"og:image\" content=\"https:\/\/www.noticiasradioreflejos.com.ar\/2021\/wp-content\/uploads\/2021\/07\/logosol300x200.png\" \/>\n\t<meta property=\"og:image:width\" content=\"300\" \/>\n\t<meta property=\"og:image:height\" content=\"200\" \/>\n\t<meta property=\"og:image:type\" content=\"image\/png\" \/>\n<meta name=\"author\" content=\"Arnaldo Botto\" \/>\n<meta name=\"twitter:card\" content=\"summary_large_image\" \/>\n<script type=\"application\/ld+json\" class=\"yoast-schema-graph\">{\"@context\":\"https:\/\/schema.org\",\"@graph\":[{\"@type\":\"WebPage\",\"@id\":\"https:\/\/www.noticiasradioreflejos.com.ar\/2021\/victor-heredia-lleva-sus-clasicos-a-villa-ventana-de-la-mano-del-ciclo-huellas-de-la-cultura-2\/\",\"url\":\"https:\/\/www.noticiasradioreflejos.com.ar\/2021\/victor-heredia-lleva-sus-clasicos-a-villa-ventana-de-la-mano-del-ciclo-huellas-de-la-cultura-2\/\",\"name\":\"V\u00edctor Heredia lleva sus cl\u00e1sicos a Villa Ventana de la mano del ciclo Huellas de la Cultura - Noticias Radio Reflejos\",\"isPartOf\":{\"@id\":\"https:\/\/www.noticiasradioreflejos.com.ar\/2021\/#website\"},\"datePublished\":\"2022-01-28T17:15:08+00:00\",\"dateModified\":\"2022-01-28T17:15:53+00:00\",\"author\":{\"@id\":\"https:\/\/www.noticiasradioreflejos.com.ar\/2021\/#\/schema\/person\/ad82545263dcc5ec0996818884fd5fb1\"},\"breadcrumb\":{\"@id\":\"https:\/\/www.noticiasradioreflejos.com.ar\/2021\/victor-heredia-lleva-sus-clasicos-a-villa-ventana-de-la-mano-del-ciclo-huellas-de-la-cultura-2\/#breadcrumb\"},\"inLanguage\":\"es\",\"potentialAction\":[{\"@type\":\"ReadAction\",\"target\":[\"https:\/\/www.noticiasradioreflejos.com.ar\/2021\/victor-heredia-lleva-sus-clasicos-a-villa-ventana-de-la-mano-del-ciclo-huellas-de-la-cultura-2\/\"]}]},{\"@type\":\"BreadcrumbList\",\"@id\":\"https:\/\/www.noticiasradioreflejos.com.ar\/2021\/victor-heredia-lleva-sus-clasicos-a-villa-ventana-de-la-mano-del-ciclo-huellas-de-la-cultura-2\/#breadcrumb\",\"itemListElement\":[{\"@type\":\"ListItem\",\"position\":1,\"name\":\"Portada\",\"item\":\"https:\/\/www.noticiasradioreflejos.com.ar\/2021\/\"},{\"@type\":\"ListItem\",\"position\":2,\"name\":\"V\u00edctor Heredia lleva sus cl\u00e1sicos a Villa Ventana de la mano del ciclo Huellas de la Cultura\"}]},{\"@type\":\"WebSite\",\"@id\":\"https:\/\/www.noticiasradioreflejos.com.ar\/2021\/#website\",\"url\":\"https:\/\/www.noticiasradioreflejos.com.ar\/2021\/\",\"name\":\"Noticias Radio Reflejos\",\"description\":\"Las noticias de mi comarca\",\"potentialAction\":[{\"@type\":\"SearchAction\",\"target\":{\"@type\":\"EntryPoint\",\"urlTemplate\":\"https:\/\/www.noticiasradioreflejos.com.ar\/2021\/?s={search_term_string}\"},\"query-input\":{\"@type\":\"PropertyValueSpecification\",\"valueRequired\":true,\"valueName\":\"search_term_string\"}}],\"inLanguage\":\"es\"},{\"@type\":\"Person\",\"@id\":\"https:\/\/www.noticiasradioreflejos.com.ar\/2021\/#\/schema\/person\/ad82545263dcc5ec0996818884fd5fb1\",\"name\":\"Arnaldo Botto\",\"image\":{\"@type\":\"ImageObject\",\"inLanguage\":\"es\",\"@id\":\"https:\/\/www.noticiasradioreflejos.com.ar\/2021\/#\/schema\/person\/image\/\",\"url\":\"https:\/\/secure.gravatar.com\/avatar\/55cb5e37c1efa326397366e6974cb338056df65cb50e7d64d1cf314e87504837?s=96&d=mm&r=g\",\"contentUrl\":\"https:\/\/secure.gravatar.com\/avatar\/55cb5e37c1efa326397366e6974cb338056df65cb50e7d64d1cf314e87504837?s=96&d=mm&r=g\",\"caption\":\"Arnaldo Botto\"},\"url\":\"https:\/\/www.noticiasradioreflejos.com.ar\/2021\/author\/arnaldo\/\"}]}<\/script>\n<!-- \/ Yoast SEO plugin. -->","yoast_head_json":{"title":"V\u00edctor Heredia lleva sus cl\u00e1sicos a Villa Ventana de la mano del ciclo Huellas de la Cultura - Noticias Radio Reflejos","robots":{"index":"index","follow":"follow","max-snippet":"max-snippet:-1","max-image-preview":"max-image-preview:large","max-video-preview":"max-video-preview:-1"},"canonical":"https:\/\/www.noticiasradioreflejos.com.ar\/2021\/victor-heredia-lleva-sus-clasicos-a-villa-ventana-de-la-mano-del-ciclo-huellas-de-la-cultura-2\/","og_locale":"es_ES","og_type":"article","og_title":"V\u00edctor Heredia lleva sus cl\u00e1sicos a Villa Ventana de la mano del ciclo Huellas de la Cultura - Noticias Radio Reflejos","og_description":"Con un repertorio folcl\u00f3rico y ac\u00fastico, el hist\u00f3rico cantautor se presentar\u00e1 este domingo 30 en el ciclo musical que celebra a aquellos g\u00e9neros que circulan en la Provincia.","og_url":"https:\/\/www.noticiasradioreflejos.com.ar\/2021\/victor-heredia-lleva-sus-clasicos-a-villa-ventana-de-la-mano-del-ciclo-huellas-de-la-cultura-2\/","og_site_name":"Noticias Radio Reflejos","article_published_time":"2022-01-28T17:15:08+00:00","article_modified_time":"2022-01-28T17:15:53+00:00","og_image":[{"width":300,"height":200,"url":"https:\/\/www.noticiasradioreflejos.com.ar\/2021\/wp-content\/uploads\/2021\/07\/logosol300x200.png","type":"image\/png"}],"author":"Arnaldo Botto","twitter_card":"summary_large_image","schema":{"@context":"https:\/\/schema.org","@graph":[{"@type":"WebPage","@id":"https:\/\/www.noticiasradioreflejos.com.ar\/2021\/victor-heredia-lleva-sus-clasicos-a-villa-ventana-de-la-mano-del-ciclo-huellas-de-la-cultura-2\/","url":"https:\/\/www.noticiasradioreflejos.com.ar\/2021\/victor-heredia-lleva-sus-clasicos-a-villa-ventana-de-la-mano-del-ciclo-huellas-de-la-cultura-2\/","name":"V\u00edctor Heredia lleva sus cl\u00e1sicos a Villa Ventana de la mano del ciclo Huellas de la Cultura - Noticias Radio Reflejos","isPartOf":{"@id":"https:\/\/www.noticiasradioreflejos.com.ar\/2021\/#website"},"datePublished":"2022-01-28T17:15:08+00:00","dateModified":"2022-01-28T17:15:53+00:00","author":{"@id":"https:\/\/www.noticiasradioreflejos.com.ar\/2021\/#\/schema\/person\/ad82545263dcc5ec0996818884fd5fb1"},"breadcrumb":{"@id":"https:\/\/www.noticiasradioreflejos.com.ar\/2021\/victor-heredia-lleva-sus-clasicos-a-villa-ventana-de-la-mano-del-ciclo-huellas-de-la-cultura-2\/#breadcrumb"},"inLanguage":"es","potentialAction":[{"@type":"ReadAction","target":["https:\/\/www.noticiasradioreflejos.com.ar\/2021\/victor-heredia-lleva-sus-clasicos-a-villa-ventana-de-la-mano-del-ciclo-huellas-de-la-cultura-2\/"]}]},{"@type":"BreadcrumbList","@id":"https:\/\/www.noticiasradioreflejos.com.ar\/2021\/victor-heredia-lleva-sus-clasicos-a-villa-ventana-de-la-mano-del-ciclo-huellas-de-la-cultura-2\/#breadcrumb","itemListElement":[{"@type":"ListItem","position":1,"name":"Portada","item":"https:\/\/www.noticiasradioreflejos.com.ar\/2021\/"},{"@type":"ListItem","position":2,"name":"V\u00edctor Heredia lleva sus cl\u00e1sicos a Villa Ventana de la mano del ciclo Huellas de la Cultura"}]},{"@type":"WebSite","@id":"https:\/\/www.noticiasradioreflejos.com.ar\/2021\/#website","url":"https:\/\/www.noticiasradioreflejos.com.ar\/2021\/","name":"Noticias Radio Reflejos","description":"Las noticias de mi comarca","potentialAction":[{"@type":"SearchAction","target":{"@type":"EntryPoint","urlTemplate":"https:\/\/www.noticiasradioreflejos.com.ar\/2021\/?s={search_term_string}"},"query-input":{"@type":"PropertyValueSpecification","valueRequired":true,"valueName":"search_term_string"}}],"inLanguage":"es"},{"@type":"Person","@id":"https:\/\/www.noticiasradioreflejos.com.ar\/2021\/#\/schema\/person\/ad82545263dcc5ec0996818884fd5fb1","name":"Arnaldo Botto","image":{"@type":"ImageObject","inLanguage":"es","@id":"https:\/\/www.noticiasradioreflejos.com.ar\/2021\/#\/schema\/person\/image\/","url":"https:\/\/secure.gravatar.com\/avatar\/55cb5e37c1efa326397366e6974cb338056df65cb50e7d64d1cf314e87504837?s=96&d=mm&r=g","contentUrl":"https:\/\/secure.gravatar.com\/avatar\/55cb5e37c1efa326397366e6974cb338056df65cb50e7d64d1cf314e87504837?s=96&d=mm&r=g","caption":"Arnaldo Botto"},"url":"https:\/\/www.noticiasradioreflejos.com.ar\/2021\/author\/arnaldo\/"}]}},"_links":{"self":[{"href":"https:\/\/www.noticiasradioreflejos.com.ar\/2021\/wp-json\/wp\/v2\/posts\/67551","targetHints":{"allow":["GET"]}}],"collection":[{"href":"https:\/\/www.noticiasradioreflejos.com.ar\/2021\/wp-json\/wp\/v2\/posts"}],"about":[{"href":"https:\/\/www.noticiasradioreflejos.com.ar\/2021\/wp-json\/wp\/v2\/types\/post"}],"author":[{"embeddable":true,"href":"https:\/\/www.noticiasradioreflejos.com.ar\/2021\/wp-json\/wp\/v2\/users\/3"}],"replies":[{"embeddable":true,"href":"https:\/\/www.noticiasradioreflejos.com.ar\/2021\/wp-json\/wp\/v2\/comments?post=67551"}],"version-history":[{"count":2,"href":"https:\/\/www.noticiasradioreflejos.com.ar\/2021\/wp-json\/wp\/v2\/posts\/67551\/revisions"}],"predecessor-version":[{"id":67553,"href":"https:\/\/www.noticiasradioreflejos.com.ar\/2021\/wp-json\/wp\/v2\/posts\/67551\/revisions\/67553"}],"wp:attachment":[{"href":"https:\/\/www.noticiasradioreflejos.com.ar\/2021\/wp-json\/wp\/v2\/media?parent=67551"}],"wp:term":[{"taxonomy":"category","embeddable":true,"href":"https:\/\/www.noticiasradioreflejos.com.ar\/2021\/wp-json\/wp\/v2\/categories?post=67551"},{"taxonomy":"post_tag","embeddable":true,"href":"https:\/\/www.noticiasradioreflejos.com.ar\/2021\/wp-json\/wp\/v2\/tags?post=67551"}],"curies":[{"name":"wp","href":"https:\/\/api.w.org\/{rel}","templated":true}]}}