{"id":67544,"date":"2022-01-28T16:52:09","date_gmt":"2022-01-28T16:52:09","guid":{"rendered":"http:\/\/www.noticiasradioreflejos.com.ar\/2021\/?p=67544"},"modified":"2022-01-28T19:59:09","modified_gmt":"2022-01-28T19:59:09","slug":"el-fmi-confirmo-el-acuerdo-con-la-argentina-sobre-la-deuda","status":"publish","type":"post","link":"https:\/\/www.noticiasradioreflejos.com.ar\/2021\/el-fmi-confirmo-el-acuerdo-con-la-argentina-sobre-la-deuda\/","title":{"rendered":"El FMI confirm\u00f3 el acuerdo con la Argentina sobre la deuda"},"content":{"rendered":"<p>\u201cEl personal t\u00e9cnico del FMI y las autoridades argentinas han llegado a entendimientos sobre pol\u00edticas clave \u00ab, indic\u00f3 el organismo en un comunicado. Continuar\u00e1 el trabajo en las pr\u00f3ximas semanas para alcanzar \u00abun acuerdo final de un programa que estar\u00e1 sujeto a la aprobaci\u00f3n del Directorio\u00bb, agrega.<!--more--><\/p>\n<figure class=\"mb-3\"><img decoding=\"async\" src=\"https:\/\/www.telam.com.ar\/thumbs\/bluesteel\/advf\/imagenes\/2022\/01\/61f05f0d00a3a_900.jpg\" alt=\"Telam SE\" width=\"100%\" height=\"100%\" \/><\/p>\n<div class=\"media-icons\"><\/div><figcaption><\/figcaption><\/figure>\n<p>El Fondo Monetario Internacional (FMI) confirm\u00f3 este viernes el entendimiento con el gobierno argentino sobre la renegociaci\u00f3n de la deuda de US$ 44.000 millones y anunci\u00f3 que seguir\u00e1n trabajando en las pr\u00f3ximas semanas para alcanzar \u00abun acuerdo final de un programa que estar\u00e1 sujeto a la aprobaci\u00f3n del Directorio\u00bb.<\/p>\n<p>\u201cEl personal t\u00e9cnico del FMI y las autoridades argentinas han llegado a entendimientos sobre pol\u00edticas clave como parte de sus discusiones en curso sobre un programa respaldado por el FMI\u00bb, indicaron en un\u00a0<a href=\"https:\/\/www.imf.org\/es\/News\/Articles\/2022\/01\/28\/pr2218-argentina-imf-staff-statement-on-argentina\" target=\"_blank\" rel=\"noopener\">comunicado\u00a0<\/a>al precisar los entendimientos en el plano fiscal y monetario, entre otros.<\/p>\n<p style=\"margin: 12px auto 6px auto; font-family: Helvetica,Arial,Sans-serif; font-style: normal; font-variant: normal; font-weight: normal; font-size: 14px; line-height: normal; font-size-adjust: none; font-stretch: normal; -x-system-font: none; display: block;\"><a style=\"text-decoration: underline;\" title=\"View Declaraci\u00f3n Del Equipo Del FMI Sobre Argentina on Scribd\" href=\"https:\/\/www.scribd.com\/document\/555552790\/Declaracion-Del-Equipo-Del-FMI-Sobre-Argentina#from_embed\">Declaraci\u00f3n Del Equipo Del FMI Sobre Argentina<\/a> by <a style=\"text-decoration: underline;\" title=\"View FM Reflejos Sierra de la Ventana's profile on Scribd\" href=\"https:\/\/es.scribd.com\/user\/128459674\/FM-Reflejos-Sierra-de-la-Ventana#from_embed\">FM Reflejos Sierra de la Ventana<\/a> on Scribd<\/p>\n<p><iframe loading=\"lazy\" id=\"doc_69762\" class=\"scribd_iframe_embed\" title=\"Declaraci\u00f3n Del Equipo Del FMI Sobre Argentina\" src=\"https:\/\/es.scribd.com\/embeds\/555552790\/content?start_page=1&amp;view_mode=scroll&amp;access_key=key-DgqqTCyv4VteDnXBtHrv\" width=\"100%\" height=\"600\" frameborder=\"0\" scrolling=\"no\" data-auto-height=\"false\" data-aspect-ratio=\"0.7735849056603774\"><\/iframe><\/p>\n<p>&nbsp;<\/p>\n<p>&nbsp;<\/p>\n<h2 class=\"my-3 speak\">Los principales puntos del acuerdo con el FMI<\/h2>\n<p>El ministro de Econom\u00eda, Mart\u00edn Guzm\u00e1n, afirm\u00f3 este viernes que \u00abse lleg\u00f3 al mejor acuerdo que se pod\u00eda lograr\u00bb con el Fondo Monetario Internacional (FMI), que permitir\u00e1 \u00ababrir un camino m\u00e1s transitable\u00bb para el desarrollo econ\u00f3mico del pa\u00eds, con la mirada puesta en la mejora de la producci\u00f3n y la generaci\u00f3n de trabajo.<\/p>\n<p>\u00abSe lleg\u00f3 al mejor acuerdo que se pod\u00eda llegar\u00bb, enfatiz\u00f3 el ministro durante la conferencia de prensa que comparti\u00f3 con el Jefe de Gabinete, Juan Manzur, en el microcine del Palacio de Hacienda.<\/p>\n<p>La rueda se dio luego de que el presidente Alberto Fern\u00e1ndez anunciara minutos antes que Argentina alcanz\u00f3 un acuerdo con el FMI. \u00abTen\u00edamos una soga al cuello y ahora, un camino por recorrer\u00bb, se\u00f1al\u00f3 el Presidente en uno de los tramos del mensaje que fue grabado en la Quinta de Olivos.<\/p>\n<p>En la conferencia de prensa, Guzm\u00e1n explic\u00f3 que el Programa de Entendimiento con el FMI tendr\u00e1 una extensi\u00f3n inicial de \u00abdos a\u00f1os y medio\u00bb, plazo que se extender\u00e1 a diez a\u00f1os cuando se terminen de acordar \u00ablos memorandos de las pol\u00edticas econ\u00f3micas y financieras\u00bb, que desembocar\u00e1n en un acuerdo de facilidades extendidas, que deber\u00e1 ser refrendado por el Congreso Nacional.<\/p>\n<p>Estos memorandos se discutir\u00e1n sobre la base de lo \u00abya acordado\u00bb, que incluye el desembolso de fondos frescos para cancelar los actuales vencimientos, una vez que el FMI apruebe las revisiones de las cuentas p\u00fablicas que realizar\u00e1 en forma trimestral.<\/p>\n<p>Guzm\u00e1n arranc\u00f3 su exposici\u00f3n cuestionando el rol del gobierno de Mauricio Macri, que acord\u00f3 con el FMI el pr\u00e9stamo r\u00e9cord en la historia de la instituci\u00f3n por alrededor de US$ 57.000 millones, de los cuales se llegaron a desembolsar US$ 45.000.<\/p>\n<p>\u00abEse programa result\u00f3 en un profundo fracaso y deterioro de la situaci\u00f3n econ\u00f3mica y social en la Argentina. El propio FMI reconoci\u00f3 que el programa fall\u00f3, que no logr\u00f3 alcanzar ninguno de los objetivos que se hab\u00eda planteado, tanto en la esfera econ\u00f3mica, como en la social y financiera\u00bb, remarc\u00f3 el titular del Palacio de Hacienda.<\/p>\n<p>De hecho, el planteo de la actual administraci\u00f3n ante las autoridades del FMI \u00abevit\u00f3 socavar las oportunidades de desarrollo de nuestra Naci\u00f3n, pudiendo seguir en la senda de la recuperaci\u00f3n econ\u00f3mica tan fuerte que est\u00e1 viviendo la Argentina\u00bb.<\/p>\n<p>Al brindar detalles del entendimiento, el ministro dijo que \u201cla pol\u00edtica cambiaria va a seguir en la l\u00ednea en la que se ha venido llevando a cabo\u201d y que no habr\u00e1 \u201cning\u00fan salto cambiario\u201d. \u201cSe plantea una meta para 2022 de crecimiento de las reservas internacionales de 5.000 millones de d\u00f3lares\u201d, agreg\u00f3 Guzm\u00e1n.<\/p>\n<p>El ministro tambi\u00e9n subray\u00f3 que se consensu\u00f3 una \u201cpol\u00edtica fiscal que no inhiba la continuidad de la recuperaci\u00f3n\u201d.<\/p>\n<p>De esta manera, indic\u00f3 que habr\u00e1 \u201cuna reducci\u00f3n gradual del d\u00e9ficit fiscal sobre la base de una econom\u00eda que se recupera\u201d y que para el a\u00f1o 2022 se proyecta un d\u00e9ficit fiscal primario de 2,5% del PBI; para 2023, 1,9%; y para 2024, 0,9%.<\/p>\n<p>En cuanto a la pol\u00edtica monetaria, el ministro asegur\u00f3 que se prev\u00e9 una \u201creducci\u00f3n gradual pero decidida de la asistencia monetaria que realiza el Banco Central al Tesoro\u201d y anticip\u00f3 que este a\u00f1o, \u201cel financiamiento monetario ser\u00e1 de 1% del PBI; en 2023 alrededor de 0,6%; y en 2024 este ser\u00e1 cercano a 0\u201d.<\/p>\n<p>\u201cSe apunta a converger en una situaci\u00f3n en la cual no haya m\u00e1s financiamiento sistem\u00e1tico del Banco Central al Tesoro\u201d, complet\u00f3.<\/p>\n<p>En otro tramo de la conferencia, Guzm\u00e1n afirm\u00f3 que hubo consenso con el FMI en que \u201cla inflaci\u00f3n es un fen\u00f3meno multicausal\u201d, que incluye un factor productivo, problema que se atacar\u00e1 con \u201cun conjunto de pol\u00edticas que apuntan a promover el desarrollo de los sectores que tienen capacidad de generar divisas en nuestra econom\u00eda\u201d.<\/p>\n<p>En cuanto a la pol\u00edtica monetaria, sostuvo que se aplicar\u00e1 \u201cuna estructura de tasas de inter\u00e9s reales positivas\u201d. Adem\u00e1s, remarc\u00f3 que \u201clos acuerdos de precios van a tener un rol y un espacio importante en el esquema inflacionario\u201d.<\/p>\n<p>En el plano pol\u00edtico, Guzm\u00e1n resalt\u00f3 la \u00abtranquilidad y la capacidad de negociar defendiendo los intereses de la Naci\u00f3n\u00bb del presidente Alberto Fern\u00e1ndez, como as\u00ed tambi\u00e9n la \u00abfuerza \u00fanica\u00bb de la vicepresidenta Cristina Fern\u00e1ndez de Kirchner.<\/p>\n<p>La ponderaci\u00f3n se extendi\u00f3 tambi\u00e9n al presidente de la C\u00e1mara de Diputados, Sergio Massa, que \u00abha estado muy activo, ayudando much\u00edsimo sobre todo en la recta final, tanto en el plano nacional como en el internacional\u00bb.<\/p>\n<p>\u00abInvito a todos a acompa\u00f1ar este proceso y tambi\u00e9n invito a la oposici\u00f3n. El Programa ser\u00e1 m\u00e1s robusto si el apoyo social y pol\u00edtico es m\u00e1s amplio\u00bb, manifest\u00f3 el jefe de la cartera de Hacienda.<\/p>\n<p>Manzur<\/p>\n<p>Por su parte, el jefe de Gabinete, Juan Manzur, destac\u00f3 el trabajo del presidente Alberto Fern\u00e1ndez y del ministro Guzm\u00e1n para que el acuerdo no comprometa las metas de crecimiento.<\/p>\n<p>\u00abLo \u00fanico que ped\u00edamos es que la Argentina pueda seguir creciendo\u00bb, sostuvo Manzur, luego de criticar al expresidente Mauricio Macri por haber \u00abendeudado irresponsablemente a la Argentina\u00bb en 2018.<\/p>\n<p>Tambi\u00e9n destac\u00f3 el \u00abacompa\u00f1amiento de la totalidad de los gobernadores y gobernadoras de la Argentina\u00bb.<\/p>\n<p>\u00abSiempre hubo vocaci\u00f3n y decisi\u00f3n pol\u00edtica de acordar, lo \u00fanico que buscaba nuestro Gobierno es que este acuerdo no impida el crecimiento\u00bb<br \/>\nManzur<\/p>\n<p>Manzur abri\u00f3 la conferencia de prensa celebrada en el Palacio de Hacienda en la que el ministro Guzm\u00e1n explic\u00f3 los detalles t\u00e9cnicos del principio de acuerdo alcanzado con el FMI, por la renegociaci\u00f3n de la deuda de US$ 44.000 millones contra\u00edda durante la administraci\u00f3n macrista.<\/p>\n<p>El jefe de Gabinete se\u00f1al\u00f3 que \u00abla deuda es una tragedia para la Argentina, por su magnitud\u00bb y por lo que se hizo con esos fondos que el FMI le entreg\u00f3 al Gobierno de Mauricio Macri.<\/p>\n<p>\u00abSiempre hubo vocaci\u00f3n y decisi\u00f3n pol\u00edtica de acordar, lo \u00fanico que buscaba nuestro Gobierno es que este acuerdo no impida el crecimiento, seguir hacia adelante en el proceso de recuperaci\u00f3n acelerado que hoy est\u00e1 viviendo la Argentina\u00bb, remarc\u00f3 el Jefe de Gabinete.<\/p>\n<p>Pesce<\/p>\n<p>El presidente del Banco Central de la Rep\u00fablica Argentina (BCRA), Miguel \u00c1ngel Pesce, destac\u00f3 el acuerdo alcanzado con el Fondo Monetario Internacional (FMI) como \u00abpositivo\u00bb porque \u00abprev\u00e9 crecimiento econ\u00f3mico\u00bb y afirm\u00f3 que esto sumado a una serie de estrategias permitir\u00e1 incrementar las reservas en 2022.<\/p>\n<p>\u00abEste es un acuerdo positivo porque no es un acuerdo recesivo, es un acuerdo que prev\u00e9 crecimiento, que no prev\u00e9 ajuste del gasto, que prev\u00e9 crecimiento en el gasto de capital, que prev\u00e9 que se continuar\u00e1 con los ajustes previstos de Ley para jubilaciones y pensiones, as\u00ed que creemos que es un buen acuerdo y se diferencia claramente de la historia que ha tenido la Argentina con el Fondo Monetario Internacional\u00bb, dijo Pesce en declaraciones a radio Con Vos.<\/p>\n<p>Dijo que previo al acuerdo \u00abten\u00edamos dos precipicios insalvables porque todo el mundo hace referencia al vencimiento que ten\u00edamos en enero, que estamos pagando ahora de 717 millones de d\u00f3lares pero en marzo ten\u00edamos 3 mil millones de d\u00f3lares de capital y sobre fin de a\u00f1o se sumaban 15 mil millones m\u00e1s\u00bb.<\/p>\n<p>\u00abEra un precipicio que ten\u00edamos que salvar y el a\u00f1o que viene se repet\u00eda el mismo fen\u00f3meno, era absolutamente impagable, representaba el 30% de nuestras exportaciones; tener ese precipicio en el balance cambiario, en el balance de pagos, era absolutamente imposible de afrontar\u00bb, afirm\u00f3.<\/p>\n<p>En ese sentido, manifest\u00f3: \u00abesperamos que el programa se cierre durante el mes de febrero y el vencimiento de marzo ya entre dentro del programa, para poderlo pagar con los desembolsos que vamos a recibir por el acuerdo de facilidades extendidas\u00bb.<\/p>\n<p>En cuanto al nivel de reservas, indic\u00f3 que \u00abvan cambiando d\u00eda a d\u00eda, en este momento est\u00e1n en 38 mil millones de d\u00f3lares\u00bb y que hay una estrategia para acumularlas: \u00abTenemos por un lado el resultado del balance cambiario, por otro lado un aporte inicial del Fondo que va a mejorar nuestras reservas y por otro lado los organismos multilaterales de cr\u00e9dito que tambi\u00e9n esperamos que aumenten el saldo neto positivo durante este a\u00f1o\u00bb, explic\u00f3.<\/p>\n<p>\u00abTambi\u00e9n lo que ha ocurrido en el a\u00f1o 2021 es que ha habido una disminuci\u00f3n del financiamiento comercial a la Argentina, que se recibe por las importaciones y las exportaciones, y esperamos que ese financiamiento luego del acuerdo con el Fondo se restablezca en cifras normales, entonces todo ese conjunto va a dar un incremento de reservas para el a\u00f1o 2022\u00bb, asegur\u00f3.<\/p>\n","protected":false},"excerpt":{"rendered":"<p>\u201cEl personal t\u00e9cnico del FMI y las autoridades argentinas han llegado a entendimientos sobre pol\u00edticas clave \u00ab, indic\u00f3 el organismo en un comunicado. Continuar\u00e1 el trabajo en las pr\u00f3ximas semanas para alcanzar \u00abun acuerdo final de un programa que estar\u00e1 sujeto a la aprobaci\u00f3n del Directorio\u00bb, agrega.<\/p>\n","protected":false},"author":3,"featured_media":0,"comment_status":"closed","ping_status":"closed","sticky":false,"template":"","format":"standard","meta":{"footnotes":""},"categories":[36],"tags":[48],"class_list":["post-67544","post","type-post","status-publish","format-standard","hentry","category-economia","tag-destacada"],"yoast_head":"<!-- This site is optimized with the Yoast SEO plugin v25.9 - https:\/\/yoast.com\/wordpress\/plugins\/seo\/ -->\n<title>El FMI confirm\u00f3 el acuerdo con la Argentina sobre la deuda - Noticias Radio Reflejos<\/title>\n<meta name=\"robots\" content=\"index, follow, max-snippet:-1, max-image-preview:large, max-video-preview:-1\" \/>\n<link rel=\"canonical\" href=\"https:\/\/www.noticiasradioreflejos.com.ar\/2021\/el-fmi-confirmo-el-acuerdo-con-la-argentina-sobre-la-deuda\/\" \/>\n<meta property=\"og:locale\" content=\"es_ES\" \/>\n<meta property=\"og:type\" content=\"article\" \/>\n<meta property=\"og:title\" content=\"El FMI confirm\u00f3 el acuerdo con la Argentina sobre la deuda - Noticias Radio Reflejos\" \/>\n<meta property=\"og:description\" content=\"\u201cEl personal t\u00e9cnico del FMI y las autoridades argentinas han llegado a entendimientos sobre pol\u00edticas clave \u00ab, indic\u00f3 el organismo en un comunicado. Continuar\u00e1 el trabajo en las pr\u00f3ximas semanas para alcanzar \u00abun acuerdo final de un programa que estar\u00e1 sujeto a la aprobaci\u00f3n del Directorio\u00bb, agrega.\" \/>\n<meta property=\"og:url\" content=\"https:\/\/www.noticiasradioreflejos.com.ar\/2021\/el-fmi-confirmo-el-acuerdo-con-la-argentina-sobre-la-deuda\/\" \/>\n<meta property=\"og:site_name\" content=\"Noticias Radio Reflejos\" \/>\n<meta property=\"article:published_time\" content=\"2022-01-28T16:52:09+00:00\" \/>\n<meta property=\"article:modified_time\" content=\"2022-01-28T19:59:09+00:00\" \/>\n<meta property=\"og:image\" content=\"https:\/\/www.telam.com.ar\/thumbs\/bluesteel\/advf\/imagenes\/2022\/01\/61f05f0d00a3a_900.jpg\" \/>\n<meta name=\"author\" content=\"Arnaldo Botto\" \/>\n<meta name=\"twitter:card\" content=\"summary_large_image\" \/>\n<script type=\"application\/ld+json\" class=\"yoast-schema-graph\">{\"@context\":\"https:\/\/schema.org\",\"@graph\":[{\"@type\":\"WebPage\",\"@id\":\"https:\/\/www.noticiasradioreflejos.com.ar\/2021\/el-fmi-confirmo-el-acuerdo-con-la-argentina-sobre-la-deuda\/\",\"url\":\"https:\/\/www.noticiasradioreflejos.com.ar\/2021\/el-fmi-confirmo-el-acuerdo-con-la-argentina-sobre-la-deuda\/\",\"name\":\"El FMI confirm\u00f3 el acuerdo con la Argentina sobre la deuda - Noticias Radio Reflejos\",\"isPartOf\":{\"@id\":\"https:\/\/www.noticiasradioreflejos.com.ar\/2021\/#website\"},\"primaryImageOfPage\":{\"@id\":\"https:\/\/www.noticiasradioreflejos.com.ar\/2021\/el-fmi-confirmo-el-acuerdo-con-la-argentina-sobre-la-deuda\/#primaryimage\"},\"image\":{\"@id\":\"https:\/\/www.noticiasradioreflejos.com.ar\/2021\/el-fmi-confirmo-el-acuerdo-con-la-argentina-sobre-la-deuda\/#primaryimage\"},\"thumbnailUrl\":\"https:\/\/www.telam.com.ar\/thumbs\/bluesteel\/advf\/imagenes\/2022\/01\/61f05f0d00a3a_900.jpg\",\"datePublished\":\"2022-01-28T16:52:09+00:00\",\"dateModified\":\"2022-01-28T19:59:09+00:00\",\"author\":{\"@id\":\"https:\/\/www.noticiasradioreflejos.com.ar\/2021\/#\/schema\/person\/ad82545263dcc5ec0996818884fd5fb1\"},\"breadcrumb\":{\"@id\":\"https:\/\/www.noticiasradioreflejos.com.ar\/2021\/el-fmi-confirmo-el-acuerdo-con-la-argentina-sobre-la-deuda\/#breadcrumb\"},\"inLanguage\":\"es\",\"potentialAction\":[{\"@type\":\"ReadAction\",\"target\":[\"https:\/\/www.noticiasradioreflejos.com.ar\/2021\/el-fmi-confirmo-el-acuerdo-con-la-argentina-sobre-la-deuda\/\"]}]},{\"@type\":\"ImageObject\",\"inLanguage\":\"es\",\"@id\":\"https:\/\/www.noticiasradioreflejos.com.ar\/2021\/el-fmi-confirmo-el-acuerdo-con-la-argentina-sobre-la-deuda\/#primaryimage\",\"url\":\"https:\/\/www.telam.com.ar\/thumbs\/bluesteel\/advf\/imagenes\/2022\/01\/61f05f0d00a3a_900.jpg\",\"contentUrl\":\"https:\/\/www.telam.com.ar\/thumbs\/bluesteel\/advf\/imagenes\/2022\/01\/61f05f0d00a3a_900.jpg\"},{\"@type\":\"BreadcrumbList\",\"@id\":\"https:\/\/www.noticiasradioreflejos.com.ar\/2021\/el-fmi-confirmo-el-acuerdo-con-la-argentina-sobre-la-deuda\/#breadcrumb\",\"itemListElement\":[{\"@type\":\"ListItem\",\"position\":1,\"name\":\"Portada\",\"item\":\"https:\/\/www.noticiasradioreflejos.com.ar\/2021\/\"},{\"@type\":\"ListItem\",\"position\":2,\"name\":\"El FMI confirm\u00f3 el acuerdo con la Argentina sobre la deuda\"}]},{\"@type\":\"WebSite\",\"@id\":\"https:\/\/www.noticiasradioreflejos.com.ar\/2021\/#website\",\"url\":\"https:\/\/www.noticiasradioreflejos.com.ar\/2021\/\",\"name\":\"Noticias Radio Reflejos\",\"description\":\"Las noticias de mi comarca\",\"potentialAction\":[{\"@type\":\"SearchAction\",\"target\":{\"@type\":\"EntryPoint\",\"urlTemplate\":\"https:\/\/www.noticiasradioreflejos.com.ar\/2021\/?s={search_term_string}\"},\"query-input\":{\"@type\":\"PropertyValueSpecification\",\"valueRequired\":true,\"valueName\":\"search_term_string\"}}],\"inLanguage\":\"es\"},{\"@type\":\"Person\",\"@id\":\"https:\/\/www.noticiasradioreflejos.com.ar\/2021\/#\/schema\/person\/ad82545263dcc5ec0996818884fd5fb1\",\"name\":\"Arnaldo Botto\",\"image\":{\"@type\":\"ImageObject\",\"inLanguage\":\"es\",\"@id\":\"https:\/\/www.noticiasradioreflejos.com.ar\/2021\/#\/schema\/person\/image\/\",\"url\":\"https:\/\/secure.gravatar.com\/avatar\/55cb5e37c1efa326397366e6974cb338056df65cb50e7d64d1cf314e87504837?s=96&d=mm&r=g\",\"contentUrl\":\"https:\/\/secure.gravatar.com\/avatar\/55cb5e37c1efa326397366e6974cb338056df65cb50e7d64d1cf314e87504837?s=96&d=mm&r=g\",\"caption\":\"Arnaldo Botto\"},\"url\":\"https:\/\/www.noticiasradioreflejos.com.ar\/2021\/author\/arnaldo\/\"}]}<\/script>\n<!-- \/ Yoast SEO plugin. -->","yoast_head_json":{"title":"El FMI confirm\u00f3 el acuerdo con la Argentina sobre la deuda - Noticias Radio Reflejos","robots":{"index":"index","follow":"follow","max-snippet":"max-snippet:-1","max-image-preview":"max-image-preview:large","max-video-preview":"max-video-preview:-1"},"canonical":"https:\/\/www.noticiasradioreflejos.com.ar\/2021\/el-fmi-confirmo-el-acuerdo-con-la-argentina-sobre-la-deuda\/","og_locale":"es_ES","og_type":"article","og_title":"El FMI confirm\u00f3 el acuerdo con la Argentina sobre la deuda - Noticias Radio Reflejos","og_description":"\u201cEl personal t\u00e9cnico del FMI y las autoridades argentinas han llegado a entendimientos sobre pol\u00edticas clave \u00ab, indic\u00f3 el organismo en un comunicado. Continuar\u00e1 el trabajo en las pr\u00f3ximas semanas para alcanzar \u00abun acuerdo final de un programa que estar\u00e1 sujeto a la aprobaci\u00f3n del Directorio\u00bb, agrega.","og_url":"https:\/\/www.noticiasradioreflejos.com.ar\/2021\/el-fmi-confirmo-el-acuerdo-con-la-argentina-sobre-la-deuda\/","og_site_name":"Noticias Radio Reflejos","article_published_time":"2022-01-28T16:52:09+00:00","article_modified_time":"2022-01-28T19:59:09+00:00","og_image":[{"url":"https:\/\/www.telam.com.ar\/thumbs\/bluesteel\/advf\/imagenes\/2022\/01\/61f05f0d00a3a_900.jpg","type":"","width":"","height":""}],"author":"Arnaldo Botto","twitter_card":"summary_large_image","schema":{"@context":"https:\/\/schema.org","@graph":[{"@type":"WebPage","@id":"https:\/\/www.noticiasradioreflejos.com.ar\/2021\/el-fmi-confirmo-el-acuerdo-con-la-argentina-sobre-la-deuda\/","url":"https:\/\/www.noticiasradioreflejos.com.ar\/2021\/el-fmi-confirmo-el-acuerdo-con-la-argentina-sobre-la-deuda\/","name":"El FMI confirm\u00f3 el acuerdo con la Argentina sobre la deuda - Noticias Radio Reflejos","isPartOf":{"@id":"https:\/\/www.noticiasradioreflejos.com.ar\/2021\/#website"},"primaryImageOfPage":{"@id":"https:\/\/www.noticiasradioreflejos.com.ar\/2021\/el-fmi-confirmo-el-acuerdo-con-la-argentina-sobre-la-deuda\/#primaryimage"},"image":{"@id":"https:\/\/www.noticiasradioreflejos.com.ar\/2021\/el-fmi-confirmo-el-acuerdo-con-la-argentina-sobre-la-deuda\/#primaryimage"},"thumbnailUrl":"https:\/\/www.telam.com.ar\/thumbs\/bluesteel\/advf\/imagenes\/2022\/01\/61f05f0d00a3a_900.jpg","datePublished":"2022-01-28T16:52:09+00:00","dateModified":"2022-01-28T19:59:09+00:00","author":{"@id":"https:\/\/www.noticiasradioreflejos.com.ar\/2021\/#\/schema\/person\/ad82545263dcc5ec0996818884fd5fb1"},"breadcrumb":{"@id":"https:\/\/www.noticiasradioreflejos.com.ar\/2021\/el-fmi-confirmo-el-acuerdo-con-la-argentina-sobre-la-deuda\/#breadcrumb"},"inLanguage":"es","potentialAction":[{"@type":"ReadAction","target":["https:\/\/www.noticiasradioreflejos.com.ar\/2021\/el-fmi-confirmo-el-acuerdo-con-la-argentina-sobre-la-deuda\/"]}]},{"@type":"ImageObject","inLanguage":"es","@id":"https:\/\/www.noticiasradioreflejos.com.ar\/2021\/el-fmi-confirmo-el-acuerdo-con-la-argentina-sobre-la-deuda\/#primaryimage","url":"https:\/\/www.telam.com.ar\/thumbs\/bluesteel\/advf\/imagenes\/2022\/01\/61f05f0d00a3a_900.jpg","contentUrl":"https:\/\/www.telam.com.ar\/thumbs\/bluesteel\/advf\/imagenes\/2022\/01\/61f05f0d00a3a_900.jpg"},{"@type":"BreadcrumbList","@id":"https:\/\/www.noticiasradioreflejos.com.ar\/2021\/el-fmi-confirmo-el-acuerdo-con-la-argentina-sobre-la-deuda\/#breadcrumb","itemListElement":[{"@type":"ListItem","position":1,"name":"Portada","item":"https:\/\/www.noticiasradioreflejos.com.ar\/2021\/"},{"@type":"ListItem","position":2,"name":"El FMI confirm\u00f3 el acuerdo con la Argentina sobre la deuda"}]},{"@type":"WebSite","@id":"https:\/\/www.noticiasradioreflejos.com.ar\/2021\/#website","url":"https:\/\/www.noticiasradioreflejos.com.ar\/2021\/","name":"Noticias Radio Reflejos","description":"Las noticias de mi comarca","potentialAction":[{"@type":"SearchAction","target":{"@type":"EntryPoint","urlTemplate":"https:\/\/www.noticiasradioreflejos.com.ar\/2021\/?s={search_term_string}"},"query-input":{"@type":"PropertyValueSpecification","valueRequired":true,"valueName":"search_term_string"}}],"inLanguage":"es"},{"@type":"Person","@id":"https:\/\/www.noticiasradioreflejos.com.ar\/2021\/#\/schema\/person\/ad82545263dcc5ec0996818884fd5fb1","name":"Arnaldo Botto","image":{"@type":"ImageObject","inLanguage":"es","@id":"https:\/\/www.noticiasradioreflejos.com.ar\/2021\/#\/schema\/person\/image\/","url":"https:\/\/secure.gravatar.com\/avatar\/55cb5e37c1efa326397366e6974cb338056df65cb50e7d64d1cf314e87504837?s=96&d=mm&r=g","contentUrl":"https:\/\/secure.gravatar.com\/avatar\/55cb5e37c1efa326397366e6974cb338056df65cb50e7d64d1cf314e87504837?s=96&d=mm&r=g","caption":"Arnaldo Botto"},"url":"https:\/\/www.noticiasradioreflejos.com.ar\/2021\/author\/arnaldo\/"}]}},"_links":{"self":[{"href":"https:\/\/www.noticiasradioreflejos.com.ar\/2021\/wp-json\/wp\/v2\/posts\/67544","targetHints":{"allow":["GET"]}}],"collection":[{"href":"https:\/\/www.noticiasradioreflejos.com.ar\/2021\/wp-json\/wp\/v2\/posts"}],"about":[{"href":"https:\/\/www.noticiasradioreflejos.com.ar\/2021\/wp-json\/wp\/v2\/types\/post"}],"author":[{"embeddable":true,"href":"https:\/\/www.noticiasradioreflejos.com.ar\/2021\/wp-json\/wp\/v2\/users\/3"}],"replies":[{"embeddable":true,"href":"https:\/\/www.noticiasradioreflejos.com.ar\/2021\/wp-json\/wp\/v2\/comments?post=67544"}],"version-history":[{"count":2,"href":"https:\/\/www.noticiasradioreflejos.com.ar\/2021\/wp-json\/wp\/v2\/posts\/67544\/revisions"}],"predecessor-version":[{"id":67560,"href":"https:\/\/www.noticiasradioreflejos.com.ar\/2021\/wp-json\/wp\/v2\/posts\/67544\/revisions\/67560"}],"wp:attachment":[{"href":"https:\/\/www.noticiasradioreflejos.com.ar\/2021\/wp-json\/wp\/v2\/media?parent=67544"}],"wp:term":[{"taxonomy":"category","embeddable":true,"href":"https:\/\/www.noticiasradioreflejos.com.ar\/2021\/wp-json\/wp\/v2\/categories?post=67544"},{"taxonomy":"post_tag","embeddable":true,"href":"https:\/\/www.noticiasradioreflejos.com.ar\/2021\/wp-json\/wp\/v2\/tags?post=67544"}],"curies":[{"name":"wp","href":"https:\/\/api.w.org\/{rel}","templated":true}]}}