{"id":67537,"date":"2022-01-28T13:14:35","date_gmt":"2022-01-28T13:14:35","guid":{"rendered":"http:\/\/www.noticiasradioreflejos.com.ar\/2021\/?p=67537"},"modified":"2022-01-28T13:14:35","modified_gmt":"2022-01-28T13:14:35","slug":"alberto-fernandez-anuncio-un-acuerdo-con-el-fmi-por-la-deuda-nos-va-a-permitir-crecer-y-cumplir-con-nuestras-obligaciones","status":"publish","type":"post","link":"https:\/\/www.noticiasradioreflejos.com.ar\/2021\/alberto-fernandez-anuncio-un-acuerdo-con-el-fmi-por-la-deuda-nos-va-a-permitir-crecer-y-cumplir-con-nuestras-obligaciones\/","title":{"rendered":"Alberto Fern\u00e1ndez anunci\u00f3 un acuerdo con el FMI por la deuda: \u201cNos va a permitir crecer y cumplir con nuestras obligaciones\u201d"},"content":{"rendered":"<div class=\"section-2-col article-header\">\n<div class=\"col 2-col\">\n<h4><\/h4>\n<p>El Presidente se\u00f1al\u00f3 que \u00absufr\u00edamos un problema y ahora tenemos una soluci\u00f3n\u00bb al llegar a un acuerdo por el pago de los 44 millones de d\u00f3lares de deuda que tom\u00f3 Mauricio Macri. Enumer\u00f3 que el entendimiento no afecta a las jubilaciones, no implica una reforma laboral y permite avanzar con la obra p\u00fablica. \u00abNo nos impone llegar a un d\u00e9ficit cero\u00bb, remarc\u00f3.<\/p>\n<div class=\"author\">\n<div class=\"author-inner\">\n<div class=\"author-thumbnail\"><\/div>\n<\/div>\n<\/div>\n<\/div>\n<\/div>\n<p><!--more--><\/p>\n<div class=\"section-2-col article-main-image\">\n<div class=\"col 2-col\">\n<div class=\"multimedia-container marginBottom\">\n<div class=\"video-embed-field-responsive-video\"><iframe loading=\"lazy\" id=\"article-youtube-embed-398262\" class=\"article-youtube-embed\" title=\"YouTube video player\" src=\"https:\/\/www.youtube.com\/embed\/MwHFyjqttMM?autoplay=1&amp;mute=1&amp;enablejsapi=1\" name=\"ddd1322688303618bb77424eb229545d\" width=\"560\" height=\"315\" frameborder=\"0\" allowfullscreen=\"allowfullscreen\" data-gtm-yt-inspected-7250694_100=\"true\" data-mce-fragment=\"1\"><\/iframe><\/div>\n<\/div>\n<\/div>\n<\/div>\n<div class=\"section-2-col article-main-content\">\n<div class=\"col 1-col\"><\/div>\n<div class=\"col 2-col\">\n<div class=\"article-main-content article-text \">\n<p>Luego de una intensa semana y de meses de negociaciones,<b>\u00a0el presidente Alberto Fern\u00e1ndez anunci\u00f3 que \u00abel Gobierno de la Argentina ha llegado a un acuerdo con el Fondo Monetario Internacional\u00bb para poder pagar la deuda por 44 mil millones de d\u00f3lares<\/b>\u00a0que tom\u00f3 de forma irresponsable el gobierno del expresidente, Mauricio Macri.<\/p>\n<p>Si bien los detalles t\u00e9cnicos a\u00fan no se conocen &#8211;el ministro de Econom\u00eda, Mart\u00edn Guzm\u00e1n, dar\u00e1 una conferencia de prensa a partir de las 10.15&#8211;, el mandatario asegur\u00f3 que \u00ab<b>en comparaci\u00f3n con otros anteriores que la Argentina firm\u00f3 -y es bueno recordarlo- este acuerdo no contempla restricciones que posterguen nuestro desarrollo.<\/b>\u00a0No restringe, no limita ni condiciona, los derechos de nuestros jubilados que recuperamos en el a\u00f1o 2020. No nos obliga a una reforma laboral. Promueve nuestra inversi\u00f3n en obra p\u00fablica. No nos impone llegar a un d\u00e9ficit cero. No impacta en los servicios p\u00fablicos, no relega nuestro gasto social y respeta nuestros planes de inversi\u00f3n en ciencia y tecnolog\u00eda\u00bb. \u00abAdem\u00e1s,\u00a0<b>vamos a poder acceder a nuevos financiamientos, precisamente, porque este acuerdo existe<\/b>. Este entendimiento prev\u00e9 sostener la recuperaci\u00f3n econ\u00f3mica ya iniciada\u00bb, agreg\u00f3.<\/p>\n<div id=\"talkFireEvent\"><\/div>\n<h2>\u00abSufr\u00edamos un problema y ahora tenemos una soluci\u00f3n\u00bb<\/h2>\n<p>Fern\u00e1ndez comenz\u00f3 el discurso, que dio desde la Quinta de Olivos, remarcando que \u00abgobernar es un ejercicio de responsabilidad\u00bb, y apunt\u00f3 que\u00a0<b>\u00absufr\u00edamos un problema, y ahora tenemos una soluci\u00f3n. Ten\u00edamos una soga al cuello, una espada de Damocles, y ahora tenemos un camino que podemos recorrer.<\/b>\u00a0Sin acuerdo, no ten\u00edamos un horizonte de futuro. Con este acuerdo, podemos ordenar el presente y construir un futuro\u00bb. Entre las caracter\u00edsticas del entendimiento con el FMI, enumer\u00f3 que el mismo \u00abprev\u00e9 que no\u00a0<b>habr\u00e1 ca\u00edda del gasto real y s\u00ed un aumento en la inversi\u00f3n de obra p\u00fablica del Gobierno Nacional\u00bb<\/b>, e hizo hincapi\u00e9 en que \u00abtampoco dispone saltos devaluatorios\u00bb.<\/p>\n<p><b>El Gobierno, despu\u00e9s de idas y vueltas, finalmente decidi\u00f3 realizar el pago del primer vencimiento del a\u00f1o ante el organismo, equivalente a unos 731 millones de d\u00f3lares de intereses.<\/b>\u00a0En un principio el pago hab\u00eda sido puesto en duda por el propio gobierno, lo que gener\u00f3 una respuesta del Fondo y,<a href=\"https:\/\/www.pagina12.com.ar\/397941-expectativa-en-casa-rosada-por-la-negociacion-con-el-fmi\">\u00a0seg\u00fan contaron a este diario<\/a>, una mejor predisposici\u00f3n para terminar de renegociar. De esta forma, el Poder Ejecutivo mantuvo la l\u00ednea de cumplir con el pago de los vencimientos e intereses del acuerdo, que fue firmado por el gobierno de Cambiemos en 2018.<\/p>\n<h2>\u00abTenemos que crecer para poder pagar\u00bb<\/h2>\n<p><b>\u00abSin el acuerdo, las posibilidades comerciales econ\u00f3micas y de financiaci\u00f3n que nuestra Naci\u00f3n necesita estar\u00edan seriamente limitadas\u00bb,<\/b>\u00a0destac\u00f3 Fern\u00e1ndez. En relaci\u00f3n a la deuda multimillonaria contra\u00edda por el gobierno de Cambiemos, el Jefe de Estado resalt\u00f3 que \u00abten\u00edamos una deuda impagable que nos dejaba sin presente ni futuro y ahora\u00a0<b>tenemos un acuerdo razonable que nos va a permitir crecer y cumplir con nuestras obligaciones a trav\u00e9s de nuestro crecimiento\u00bb.<\/b>\u00a0\u00abEste acuerdo no nos condiciona. Podremos actuar ejerciendo nuestra soberan\u00eda y llevar adelante nuestras pol\u00edticas de crecimiento, desarrollo y justicia social. Es un acuerdo basado en la confianza del mundo en nuestras capacidades\u00bb, aclar\u00f3 luego.<\/p>\n<p>A continuaci\u00f3n, remarc\u00f3 que\u00a0<b>\u00abtenemos que crecer para poder pagar. De otro modo no era posible, y tampoco lo ser\u00e1\u00bb<\/b>. Para cerrar, Fern\u00e1ndez resalt\u00f3 que \u00abconf\u00edo en la Argentina\u00bb, e invit\u00f3 a \u00abmirar hacia adelante sin olvidar el pasado\u00bb. \u00abHab\u00eda un problema grav\u00edsimo y urgente y ahora tenemos una soluci\u00f3n posible y razonable. Es tiempo de unirnos en las soluciones y no de dividirnos en los problemas\u00bb, sostuvo el Presidente y al concluir destac\u00f3: \u00abla historia juzgar\u00e1 quien hizo qu\u00e9. Qui\u00e9n creo un problema y qui\u00e9n lo resolvi\u00f3\u00bb.<\/p>\n<h2>El acuerdo con el FMI, al Congreso<\/h2>\n<p>Debido a la Ley de Fortalecimiento de la Sostenibilidad de la Deuda P\u00fablica, que fue sancionada el 3 de marzo de 2021,<b>\u00a0todo programa de financiamiento u operaci\u00f3n de cr\u00e9dito p\u00fablico realizados con el FMI, deber\u00e1 pasar de forma obligatoria por el Congreso de la Naci\u00f3n.<\/b>\u00a0Sobre este tema, el mandatario dijo: \u00abTengo confianza en la Argentina y en las l\u00edneas generales de este acuerdo que elevar\u00e9 al Congreso de la Naci\u00f3n para su consideraci\u00f3n. Necesitamos que apoyen este convenio y apelo as\u00ed al compromiso nacional de todos y todas\u00bb.<\/p>\n<p>Hasta \u00faltima hora del jueves, el ministro de Econom\u00eda, Mart\u00edn Guzm\u00e1n, estuvo reunido en el Palacio de Hacienda con el representante argentino ante el FMI, Sergio Chodos, ultimando los detalles de lo que esta ma\u00f1ana anunci\u00f3 Fern\u00e1ndez. El jueves tambi\u00e9n estuvieron reunidos con el Presidente en Casa de Gobierno, a lo largo de la tarde, el Canciller, Santiago Cafiero y el titular de la C\u00e1mara de Diputados, Sergio Massa.<\/p>\n<p>Luego del discurso presidencial, el titular de la cartera, junto al Jefe de Gabinete, Juan Manzur, dar\u00e1n detalles de lo acordado con el FMI, en una conferencia de prensa desde el Ministerio de Econom\u00eda. De forma paralela, el directorio del organismo, seg\u00fan inform\u00f3 la agencia Bloomberg, mantiene una reuni\u00f3n virtual que tendr\u00e1 el objetivo de informar sobre el estado de las negociaciones con nuestro pa\u00eds.<\/p>\n<h2>El discurso completo de Alberto Fern\u00e1ndez<\/h2>\n<p><i>Buenos d\u00edas.<\/i><\/p>\n<p><i>Quiero anunciarles que el Gobierno de la Argentina ha llegado a un acuerdo con el Fondo Monetario Internacional.<\/i><\/p>\n<p><i>Gobernar es un ejercicio de responsabilidad.<\/i><\/p>\n<p><i>Sufr\u00edamos un problema, y ahora tenemos una soluci\u00f3n.<\/i><\/p>\n<p><i>Ten\u00edamos una soga al cuello, una espada de Damocles, y ahora tenemos un camino que podemos recorrer.<\/i><\/p>\n<p><i>Sin acuerdo, no ten\u00edamos un horizonte de futuro.<\/i><\/p>\n<p><i>Con este acuerdo, podemos ordenar el presente y construir un futuro.<\/i><\/p>\n<p><i>En comparaci\u00f3n con otros anteriores que la Argentina firm\u00f3 -y es bueno recordarlo- este acuerdo no contempla restricciones que posterguen nuestro desarrollo.<\/i><\/p>\n<p><i>No restringe, no limita ni condiciona, los derechos de nuestros jubilados que recuperamos en el a\u00f1o 2020.<\/i><\/p>\n<p><i>No nos obliga a una reforma laboral.<\/i><\/p>\n<p><i>Promueve nuestra inversi\u00f3n en obra p\u00fablica.<\/i><\/p>\n<p><i>No nos impone llegar a un d\u00e9ficit cero.<\/i><\/p>\n<p><i>No impacta en los servicios p\u00fablicos, no relega nuestro gasto social y respeta nuestros planes de inversi\u00f3n en ciencia y tecnolog\u00eda.<\/i><\/p>\n<p><i>Adem\u00e1s, vamos a poder acceder a nuevos financiamientos, precisamente, porque este acuerdo existe.<\/i><\/p>\n<p><i>Este entendimiento prev\u00e9 sostener la recuperaci\u00f3n econ\u00f3mica ya iniciada.<\/i><\/p>\n<p><i>Prev\u00e9 que no habr\u00e1 ca\u00edda del gasto real y s\u00ed un aumento en la inversi\u00f3n de obra p\u00fablica del Gobierno Nacional.<\/i><\/p>\n<p><i>Tampoco dispone saltos devaluatorios.<\/i><\/p>\n<p><i>Sin el acuerdo, las posibilidades comerciales econ\u00f3micas y de financiaci\u00f3n que nuestra Naci\u00f3n necesita estar\u00edan seriamente limitadas.<\/i><\/p>\n<p><i>Este acuerdo no nos condiciona. Podremos actuar ejerciendo nuestra soberan\u00eda y llevar adelante nuestras pol\u00edticas de crecimiento, desarrollo y justicia social.<\/i><\/p>\n<p><i>Es un acuerdo basado en la confianza del mundo en nuestras capacidades.<\/i><\/p>\n<p><i>Tenemos que crecer para poder pagar. De otro modo no era posible, y tampoco lo ser\u00e1.<\/i><\/p>\n<p><i>Ten\u00edamos una deuda impagable que nos dejaba sin presente ni futuro y ahora tenemos un acuerdo razonable que nos va a permitir crecer y cumplir con nuestras obligaciones a trav\u00e9s de nuestro crecimiento.<\/i><\/p>\n<p><i>Tengo fe en la Argentina.<\/i><\/p>\n<p><i>Se que somos capaces de levantarnos y salir adelante.<\/i><\/p>\n<p><i>Conf\u00edo en el dinamismo de nuestras empresas, la fortaleza de nuestra industria, el compromiso de quienes trabajan, la val\u00eda de nuestras cient\u00edficas y cient\u00edficos, el talento de nuestros emprendedores, la enorme capacidad de nuestras pymes y en los sue\u00f1os de nuestros j\u00f3venes.<\/i><\/p>\n<p><i>Creo en la Argentina.<\/i><\/p>\n<p><i>Debemos crecer y debemos honrar nuestras obligaciones al mismo tiempo que hacemos una Argentina m\u00e1s justa, con m\u00e1s desarrollo, con mejor infraestructura. Seguiremos, tambi\u00e9n, la senda de ordenar las cuentas p\u00fablicas sin condicionar nuestras pol\u00edticas de justicia social.<\/i><\/p>\n<p><i>Tengo confianza en la Argentina y en las l\u00edneas generales de este acuerdo que elevar\u00e9 al Congreso de la Naci\u00f3n para su consideraci\u00f3n. Necesitamos que apoyen este convenio y apelo as\u00ed al compromiso nacional de todos y todas.<\/i><\/p>\n<p><i>Hay futuro porque estamos afianzando este presente.<\/i><\/p>\n<p><i>La historia juzgar\u00e1 quien hizo qu\u00e9.<\/i><\/p>\n<p><i>Qui\u00e9n creo un problema y qui\u00e9n lo resolvi\u00f3.<\/i><\/p>\n<p><i>Los invito a mirar hacia adelante sin olvidar el pasado.<\/i><\/p>\n<p><i>Hab\u00eda un problema grav\u00edsimo y urgente y ahora tenemos una soluci\u00f3n posible y razonable. Es tiempo de unirnos en las soluciones y no de dividirnos en los problemas.<\/i><\/p>\n<p><i>Conf\u00edo en la Argentina, conf\u00edo en los argentinos y argentinas.<\/i><\/p>\n<p><i>Gracias por su atenci\u00f3n, buenos d\u00edas.\u00a0<\/i><\/p>\n<\/div>\n<\/div>\n<\/div>\n<p>&nbsp;<\/p>\n<div class=\"author-thumbnail\">\n<figure><img decoding=\"async\" class=\" lazyloaded\" src=\"https:\/\/images.pagina12.com.ar\/styles\/thumbnail\/public\/2020-12\/melisa-molina.png?itok=b2u9WvFz\" alt=\"Melisa Molina\" data-src=\"https:\/\/images.pagina12.com.ar\/styles\/thumbnail\/public\/2020-12\/melisa-molina.png?itok=b2u9WvFz\" \/><\/figure>\n<\/div>\n<div class=\"author-name\"><strong>Por Melisa Molina para P\u00e1gina 12<\/strong><\/div>\n","protected":false},"excerpt":{"rendered":"<p>El Presidente se\u00f1al\u00f3 que \u00absufr\u00edamos un problema y ahora tenemos una soluci\u00f3n\u00bb al llegar a un acuerdo por el pago de los 44 millones de d\u00f3lares de deuda que tom\u00f3 Mauricio Macri. Enumer\u00f3 que el entendimiento no afecta a las jubilaciones, no implica una reforma laboral y permite avanzar con la obra p\u00fablica. \u00abNo nos [&hellip;]<\/p>\n","protected":false},"author":3,"featured_media":0,"comment_status":"closed","ping_status":"closed","sticky":false,"template":"","format":"standard","meta":{"footnotes":""},"categories":[1],"tags":[48],"class_list":["post-67537","post","type-post","status-publish","format-standard","hentry","category-sin-categoria","tag-destacada"],"yoast_head":"<!-- This site is optimized with the Yoast SEO plugin v25.9 - https:\/\/yoast.com\/wordpress\/plugins\/seo\/ -->\n<title>Alberto Fern\u00e1ndez anunci\u00f3 un acuerdo con el FMI por la deuda: \u201cNos va a permitir crecer y cumplir con nuestras obligaciones\u201d - Noticias Radio Reflejos<\/title>\n<meta name=\"robots\" content=\"index, follow, max-snippet:-1, max-image-preview:large, max-video-preview:-1\" \/>\n<link rel=\"canonical\" href=\"https:\/\/www.noticiasradioreflejos.com.ar\/2021\/alberto-fernandez-anuncio-un-acuerdo-con-el-fmi-por-la-deuda-nos-va-a-permitir-crecer-y-cumplir-con-nuestras-obligaciones\/\" \/>\n<meta property=\"og:locale\" content=\"es_ES\" \/>\n<meta property=\"og:type\" content=\"article\" \/>\n<meta property=\"og:title\" content=\"Alberto Fern\u00e1ndez anunci\u00f3 un acuerdo con el FMI por la deuda: \u201cNos va a permitir crecer y cumplir con nuestras obligaciones\u201d - Noticias Radio Reflejos\" \/>\n<meta property=\"og:description\" content=\"El Presidente se\u00f1al\u00f3 que \u00absufr\u00edamos un problema y ahora tenemos una soluci\u00f3n\u00bb al llegar a un acuerdo por el pago de los 44 millones de d\u00f3lares de deuda que tom\u00f3 Mauricio Macri. Enumer\u00f3 que el entendimiento no afecta a las jubilaciones, no implica una reforma laboral y permite avanzar con la obra p\u00fablica. \u00abNo nos [&hellip;]\" \/>\n<meta property=\"og:url\" content=\"https:\/\/www.noticiasradioreflejos.com.ar\/2021\/alberto-fernandez-anuncio-un-acuerdo-con-el-fmi-por-la-deuda-nos-va-a-permitir-crecer-y-cumplir-con-nuestras-obligaciones\/\" \/>\n<meta property=\"og:site_name\" content=\"Noticias Radio Reflejos\" \/>\n<meta property=\"article:published_time\" content=\"2022-01-28T13:14:35+00:00\" \/>\n<meta property=\"og:image\" content=\"https:\/\/images.pagina12.com.ar\/styles\/thumbnail\/public\/2020-12\/melisa-molina.png?itok=b2u9WvFz\" \/>\n<meta name=\"author\" content=\"Arnaldo Botto\" \/>\n<meta name=\"twitter:card\" content=\"summary_large_image\" \/>\n<script type=\"application\/ld+json\" class=\"yoast-schema-graph\">{\"@context\":\"https:\/\/schema.org\",\"@graph\":[{\"@type\":\"WebPage\",\"@id\":\"https:\/\/www.noticiasradioreflejos.com.ar\/2021\/alberto-fernandez-anuncio-un-acuerdo-con-el-fmi-por-la-deuda-nos-va-a-permitir-crecer-y-cumplir-con-nuestras-obligaciones\/\",\"url\":\"https:\/\/www.noticiasradioreflejos.com.ar\/2021\/alberto-fernandez-anuncio-un-acuerdo-con-el-fmi-por-la-deuda-nos-va-a-permitir-crecer-y-cumplir-con-nuestras-obligaciones\/\",\"name\":\"Alberto Fern\u00e1ndez anunci\u00f3 un acuerdo con el FMI por la deuda: \u201cNos va a permitir crecer y cumplir con nuestras obligaciones\u201d - Noticias Radio Reflejos\",\"isPartOf\":{\"@id\":\"https:\/\/www.noticiasradioreflejos.com.ar\/2021\/#website\"},\"primaryImageOfPage\":{\"@id\":\"https:\/\/www.noticiasradioreflejos.com.ar\/2021\/alberto-fernandez-anuncio-un-acuerdo-con-el-fmi-por-la-deuda-nos-va-a-permitir-crecer-y-cumplir-con-nuestras-obligaciones\/#primaryimage\"},\"image\":{\"@id\":\"https:\/\/www.noticiasradioreflejos.com.ar\/2021\/alberto-fernandez-anuncio-un-acuerdo-con-el-fmi-por-la-deuda-nos-va-a-permitir-crecer-y-cumplir-con-nuestras-obligaciones\/#primaryimage\"},\"thumbnailUrl\":\"https:\/\/images.pagina12.com.ar\/styles\/thumbnail\/public\/2020-12\/melisa-molina.png?itok=b2u9WvFz\",\"datePublished\":\"2022-01-28T13:14:35+00:00\",\"author\":{\"@id\":\"https:\/\/www.noticiasradioreflejos.com.ar\/2021\/#\/schema\/person\/ad82545263dcc5ec0996818884fd5fb1\"},\"breadcrumb\":{\"@id\":\"https:\/\/www.noticiasradioreflejos.com.ar\/2021\/alberto-fernandez-anuncio-un-acuerdo-con-el-fmi-por-la-deuda-nos-va-a-permitir-crecer-y-cumplir-con-nuestras-obligaciones\/#breadcrumb\"},\"inLanguage\":\"es\",\"potentialAction\":[{\"@type\":\"ReadAction\",\"target\":[\"https:\/\/www.noticiasradioreflejos.com.ar\/2021\/alberto-fernandez-anuncio-un-acuerdo-con-el-fmi-por-la-deuda-nos-va-a-permitir-crecer-y-cumplir-con-nuestras-obligaciones\/\"]}]},{\"@type\":\"ImageObject\",\"inLanguage\":\"es\",\"@id\":\"https:\/\/www.noticiasradioreflejos.com.ar\/2021\/alberto-fernandez-anuncio-un-acuerdo-con-el-fmi-por-la-deuda-nos-va-a-permitir-crecer-y-cumplir-con-nuestras-obligaciones\/#primaryimage\",\"url\":\"https:\/\/images.pagina12.com.ar\/styles\/thumbnail\/public\/2020-12\/melisa-molina.png?itok=b2u9WvFz\",\"contentUrl\":\"https:\/\/images.pagina12.com.ar\/styles\/thumbnail\/public\/2020-12\/melisa-molina.png?itok=b2u9WvFz\"},{\"@type\":\"BreadcrumbList\",\"@id\":\"https:\/\/www.noticiasradioreflejos.com.ar\/2021\/alberto-fernandez-anuncio-un-acuerdo-con-el-fmi-por-la-deuda-nos-va-a-permitir-crecer-y-cumplir-con-nuestras-obligaciones\/#breadcrumb\",\"itemListElement\":[{\"@type\":\"ListItem\",\"position\":1,\"name\":\"Portada\",\"item\":\"https:\/\/www.noticiasradioreflejos.com.ar\/2021\/\"},{\"@type\":\"ListItem\",\"position\":2,\"name\":\"Alberto Fern\u00e1ndez anunci\u00f3 un acuerdo con el FMI por la deuda: \u201cNos va a permitir crecer y cumplir con nuestras obligaciones\u201d\"}]},{\"@type\":\"WebSite\",\"@id\":\"https:\/\/www.noticiasradioreflejos.com.ar\/2021\/#website\",\"url\":\"https:\/\/www.noticiasradioreflejos.com.ar\/2021\/\",\"name\":\"Noticias Radio Reflejos\",\"description\":\"Las noticias de mi comarca\",\"potentialAction\":[{\"@type\":\"SearchAction\",\"target\":{\"@type\":\"EntryPoint\",\"urlTemplate\":\"https:\/\/www.noticiasradioreflejos.com.ar\/2021\/?s={search_term_string}\"},\"query-input\":{\"@type\":\"PropertyValueSpecification\",\"valueRequired\":true,\"valueName\":\"search_term_string\"}}],\"inLanguage\":\"es\"},{\"@type\":\"Person\",\"@id\":\"https:\/\/www.noticiasradioreflejos.com.ar\/2021\/#\/schema\/person\/ad82545263dcc5ec0996818884fd5fb1\",\"name\":\"Arnaldo Botto\",\"image\":{\"@type\":\"ImageObject\",\"inLanguage\":\"es\",\"@id\":\"https:\/\/www.noticiasradioreflejos.com.ar\/2021\/#\/schema\/person\/image\/\",\"url\":\"https:\/\/secure.gravatar.com\/avatar\/55cb5e37c1efa326397366e6974cb338056df65cb50e7d64d1cf314e87504837?s=96&d=mm&r=g\",\"contentUrl\":\"https:\/\/secure.gravatar.com\/avatar\/55cb5e37c1efa326397366e6974cb338056df65cb50e7d64d1cf314e87504837?s=96&d=mm&r=g\",\"caption\":\"Arnaldo Botto\"},\"url\":\"https:\/\/www.noticiasradioreflejos.com.ar\/2021\/author\/arnaldo\/\"}]}<\/script>\n<!-- \/ Yoast SEO plugin. -->","yoast_head_json":{"title":"Alberto Fern\u00e1ndez anunci\u00f3 un acuerdo con el FMI por la deuda: \u201cNos va a permitir crecer y cumplir con nuestras obligaciones\u201d - Noticias Radio Reflejos","robots":{"index":"index","follow":"follow","max-snippet":"max-snippet:-1","max-image-preview":"max-image-preview:large","max-video-preview":"max-video-preview:-1"},"canonical":"https:\/\/www.noticiasradioreflejos.com.ar\/2021\/alberto-fernandez-anuncio-un-acuerdo-con-el-fmi-por-la-deuda-nos-va-a-permitir-crecer-y-cumplir-con-nuestras-obligaciones\/","og_locale":"es_ES","og_type":"article","og_title":"Alberto Fern\u00e1ndez anunci\u00f3 un acuerdo con el FMI por la deuda: \u201cNos va a permitir crecer y cumplir con nuestras obligaciones\u201d - Noticias Radio Reflejos","og_description":"El Presidente se\u00f1al\u00f3 que \u00absufr\u00edamos un problema y ahora tenemos una soluci\u00f3n\u00bb al llegar a un acuerdo por el pago de los 44 millones de d\u00f3lares de deuda que tom\u00f3 Mauricio Macri. Enumer\u00f3 que el entendimiento no afecta a las jubilaciones, no implica una reforma laboral y permite avanzar con la obra p\u00fablica. \u00abNo nos [&hellip;]","og_url":"https:\/\/www.noticiasradioreflejos.com.ar\/2021\/alberto-fernandez-anuncio-un-acuerdo-con-el-fmi-por-la-deuda-nos-va-a-permitir-crecer-y-cumplir-con-nuestras-obligaciones\/","og_site_name":"Noticias Radio Reflejos","article_published_time":"2022-01-28T13:14:35+00:00","og_image":[{"url":"https:\/\/images.pagina12.com.ar\/styles\/thumbnail\/public\/2020-12\/melisa-molina.png?itok=b2u9WvFz","type":"","width":"","height":""}],"author":"Arnaldo Botto","twitter_card":"summary_large_image","schema":{"@context":"https:\/\/schema.org","@graph":[{"@type":"WebPage","@id":"https:\/\/www.noticiasradioreflejos.com.ar\/2021\/alberto-fernandez-anuncio-un-acuerdo-con-el-fmi-por-la-deuda-nos-va-a-permitir-crecer-y-cumplir-con-nuestras-obligaciones\/","url":"https:\/\/www.noticiasradioreflejos.com.ar\/2021\/alberto-fernandez-anuncio-un-acuerdo-con-el-fmi-por-la-deuda-nos-va-a-permitir-crecer-y-cumplir-con-nuestras-obligaciones\/","name":"Alberto Fern\u00e1ndez anunci\u00f3 un acuerdo con el FMI por la deuda: \u201cNos va a permitir crecer y cumplir con nuestras obligaciones\u201d - Noticias Radio Reflejos","isPartOf":{"@id":"https:\/\/www.noticiasradioreflejos.com.ar\/2021\/#website"},"primaryImageOfPage":{"@id":"https:\/\/www.noticiasradioreflejos.com.ar\/2021\/alberto-fernandez-anuncio-un-acuerdo-con-el-fmi-por-la-deuda-nos-va-a-permitir-crecer-y-cumplir-con-nuestras-obligaciones\/#primaryimage"},"image":{"@id":"https:\/\/www.noticiasradioreflejos.com.ar\/2021\/alberto-fernandez-anuncio-un-acuerdo-con-el-fmi-por-la-deuda-nos-va-a-permitir-crecer-y-cumplir-con-nuestras-obligaciones\/#primaryimage"},"thumbnailUrl":"https:\/\/images.pagina12.com.ar\/styles\/thumbnail\/public\/2020-12\/melisa-molina.png?itok=b2u9WvFz","datePublished":"2022-01-28T13:14:35+00:00","author":{"@id":"https:\/\/www.noticiasradioreflejos.com.ar\/2021\/#\/schema\/person\/ad82545263dcc5ec0996818884fd5fb1"},"breadcrumb":{"@id":"https:\/\/www.noticiasradioreflejos.com.ar\/2021\/alberto-fernandez-anuncio-un-acuerdo-con-el-fmi-por-la-deuda-nos-va-a-permitir-crecer-y-cumplir-con-nuestras-obligaciones\/#breadcrumb"},"inLanguage":"es","potentialAction":[{"@type":"ReadAction","target":["https:\/\/www.noticiasradioreflejos.com.ar\/2021\/alberto-fernandez-anuncio-un-acuerdo-con-el-fmi-por-la-deuda-nos-va-a-permitir-crecer-y-cumplir-con-nuestras-obligaciones\/"]}]},{"@type":"ImageObject","inLanguage":"es","@id":"https:\/\/www.noticiasradioreflejos.com.ar\/2021\/alberto-fernandez-anuncio-un-acuerdo-con-el-fmi-por-la-deuda-nos-va-a-permitir-crecer-y-cumplir-con-nuestras-obligaciones\/#primaryimage","url":"https:\/\/images.pagina12.com.ar\/styles\/thumbnail\/public\/2020-12\/melisa-molina.png?itok=b2u9WvFz","contentUrl":"https:\/\/images.pagina12.com.ar\/styles\/thumbnail\/public\/2020-12\/melisa-molina.png?itok=b2u9WvFz"},{"@type":"BreadcrumbList","@id":"https:\/\/www.noticiasradioreflejos.com.ar\/2021\/alberto-fernandez-anuncio-un-acuerdo-con-el-fmi-por-la-deuda-nos-va-a-permitir-crecer-y-cumplir-con-nuestras-obligaciones\/#breadcrumb","itemListElement":[{"@type":"ListItem","position":1,"name":"Portada","item":"https:\/\/www.noticiasradioreflejos.com.ar\/2021\/"},{"@type":"ListItem","position":2,"name":"Alberto Fern\u00e1ndez anunci\u00f3 un acuerdo con el FMI por la deuda: \u201cNos va a permitir crecer y cumplir con nuestras obligaciones\u201d"}]},{"@type":"WebSite","@id":"https:\/\/www.noticiasradioreflejos.com.ar\/2021\/#website","url":"https:\/\/www.noticiasradioreflejos.com.ar\/2021\/","name":"Noticias Radio Reflejos","description":"Las noticias de mi comarca","potentialAction":[{"@type":"SearchAction","target":{"@type":"EntryPoint","urlTemplate":"https:\/\/www.noticiasradioreflejos.com.ar\/2021\/?s={search_term_string}"},"query-input":{"@type":"PropertyValueSpecification","valueRequired":true,"valueName":"search_term_string"}}],"inLanguage":"es"},{"@type":"Person","@id":"https:\/\/www.noticiasradioreflejos.com.ar\/2021\/#\/schema\/person\/ad82545263dcc5ec0996818884fd5fb1","name":"Arnaldo Botto","image":{"@type":"ImageObject","inLanguage":"es","@id":"https:\/\/www.noticiasradioreflejos.com.ar\/2021\/#\/schema\/person\/image\/","url":"https:\/\/secure.gravatar.com\/avatar\/55cb5e37c1efa326397366e6974cb338056df65cb50e7d64d1cf314e87504837?s=96&d=mm&r=g","contentUrl":"https:\/\/secure.gravatar.com\/avatar\/55cb5e37c1efa326397366e6974cb338056df65cb50e7d64d1cf314e87504837?s=96&d=mm&r=g","caption":"Arnaldo Botto"},"url":"https:\/\/www.noticiasradioreflejos.com.ar\/2021\/author\/arnaldo\/"}]}},"_links":{"self":[{"href":"https:\/\/www.noticiasradioreflejos.com.ar\/2021\/wp-json\/wp\/v2\/posts\/67537","targetHints":{"allow":["GET"]}}],"collection":[{"href":"https:\/\/www.noticiasradioreflejos.com.ar\/2021\/wp-json\/wp\/v2\/posts"}],"about":[{"href":"https:\/\/www.noticiasradioreflejos.com.ar\/2021\/wp-json\/wp\/v2\/types\/post"}],"author":[{"embeddable":true,"href":"https:\/\/www.noticiasradioreflejos.com.ar\/2021\/wp-json\/wp\/v2\/users\/3"}],"replies":[{"embeddable":true,"href":"https:\/\/www.noticiasradioreflejos.com.ar\/2021\/wp-json\/wp\/v2\/comments?post=67537"}],"version-history":[{"count":1,"href":"https:\/\/www.noticiasradioreflejos.com.ar\/2021\/wp-json\/wp\/v2\/posts\/67537\/revisions"}],"predecessor-version":[{"id":67539,"href":"https:\/\/www.noticiasradioreflejos.com.ar\/2021\/wp-json\/wp\/v2\/posts\/67537\/revisions\/67539"}],"wp:attachment":[{"href":"https:\/\/www.noticiasradioreflejos.com.ar\/2021\/wp-json\/wp\/v2\/media?parent=67537"}],"wp:term":[{"taxonomy":"category","embeddable":true,"href":"https:\/\/www.noticiasradioreflejos.com.ar\/2021\/wp-json\/wp\/v2\/categories?post=67537"},{"taxonomy":"post_tag","embeddable":true,"href":"https:\/\/www.noticiasradioreflejos.com.ar\/2021\/wp-json\/wp\/v2\/tags?post=67537"}],"curies":[{"name":"wp","href":"https:\/\/api.w.org\/{rel}","templated":true}]}}