{"id":67428,"date":"2022-01-26T10:20:03","date_gmt":"2022-01-26T10:20:03","guid":{"rendered":"http:\/\/www.noticiasradioreflejos.com.ar\/2021\/?p=67428"},"modified":"2022-01-26T10:20:36","modified_gmt":"2022-01-26T10:20:36","slug":"covid-la-mayoria-de-los-internados-en-el-hospital-penna-son-chicos-y-no-estan-vacunados","status":"publish","type":"post","link":"https:\/\/www.noticiasradioreflejos.com.ar\/2021\/covid-la-mayoria-de-los-internados-en-el-hospital-penna-son-chicos-y-no-estan-vacunados\/","title":{"rendered":"Covid: la mayor\u00eda de los internados en el Hospital Penna son chicos y no est\u00e1n vacunados"},"content":{"rendered":"<header id=\"mvp-post-head\" class=\"left relative\">Lo confirm\u00f3 su director, Gabriel Peluffo. \u201cEs una cosa bastante rara que los adultos se vacunen y no quieran vacunar a sus hijos\u201d, explic\u00f3 el pediatra.<\/header>\n<p><!--more--><\/p>\n<div class=\"mvp-post-main-out left relative\">\n<div class=\"mvp-post-main-in\">\n<div id=\"mvp-post-content\" class=\"left relative\">\n<div id=\"mvp-post-feat-img\" class=\"left relative mvp-post-feat-img-wide2\"><img loading=\"lazy\" decoding=\"async\" class=\"attachment- size- wp-post-image\" src=\"https:\/\/www.labrujula24.com\/wp-content\/uploads\/2022\/01\/Untitled-2-3.jpg\" sizes=\"auto, (max-width: 1200px) 100vw, 1200px\" srcset=\"https:\/\/www.labrujula24.com\/wp-content\/uploads\/2022\/01\/Untitled-2-3.jpg 1200w, https:\/\/www.labrujula24.com\/wp-content\/uploads\/2022\/01\/Untitled-2-3-768x461.jpg 768w, https:\/\/www.labrujula24.com\/wp-content\/uploads\/2022\/01\/Untitled-2-3-1000x600.jpg 1000w, https:\/\/www.labrujula24.com\/wp-content\/uploads\/2022\/01\/Untitled-2-3-590x354.jpg 590w, https:\/\/www.labrujula24.com\/wp-content\/uploads\/2022\/01\/Untitled-2-3-400x240.jpg 400w\" alt=\"\" width=\"1200\" height=\"720\" \/><\/div>\n<div id=\"mvp-content-wrap\" class=\"left relative\">\n<div class=\"mvp-post-soc-out right relative\">\n<div class=\"mvp-post-soc-in\">\n<div id=\"mvp-content-body\" class=\"left relative\">\n<div id=\"mvp-content-body-top\" class=\"left relative\">\n<div id=\"mvp-content-main\" class=\"left relative\">\n<div id=\"textbody\">\n<div class=\"code-block code-block-2\">\n<div class=\"at-above-post\" data-url=\"https:\/\/www.labrujula24.com\/notas\/2022\/01\/26\/la-mayoria-de-los-internados-por-covid-en-el-penna-son-chicos-y-no-estan-vacunados-n188657\/\" data-title=\"Covid: la mayor\u00eda de los internados en el Penna son chicos y no est\u00e1n vacunados\" data-description=\"Lo confirm\u00f3 su director, Gabriel Peluffo. \u201cEs una cosa bastante rara que los adultos se vacunen y no quieran vacunar a sus hijos\u201d, explic\u00f3 el pediatra. \">\n<div id=\"atstbx\" class=\"at-resp-share-element at-style-responsive addthis-smartlayers addthis-animated at4-show\" role=\"region\" aria-labelledby=\"at-1bf9fa6b-4dc9-4ddd-a6c6-ddc0f78a6aee\">\n<p>&nbsp;<\/p>\n<div class=\"at-share-btn-elements\"><\/div>\n<\/div>\n<\/div>\n<\/div>\n<p>La mayor\u00eda de los pacientes internados por coronavirus en el Hospital Penna en este \u00faltimo tiempo son chicos y preadolescentes que est\u00e1n en el \u00e1rea de pediatr\u00eda, y de los que est\u00e1n hospitalizados hoy, ninguno est\u00e1 vacunado. As\u00ed lo confirm\u00f3 a\u00a0<strong>La Br\u00fajula 24<\/strong>\u00a0el director del centro de salud provincial, Gabriel Peluffo.<\/p>\n<p>\u201cComo ha pasado a lo largo de la pandemia, una de las cuestiones m\u00e1s dif\u00edciles fue lo comunicacional. Hubo muchos idas y vueltas y mensajes contradictorios. Pero la gente tiene que basarse en el concejo de sus m\u00e9dicos profesionales. La mayor\u00eda de los pediatras apoyamos la vacunaci\u00f3n\u201d, explic\u00f3 el profesional.<\/p>\n<div class=\"code-block code-block-11\"><\/div>\n<p>\u201cEl grupo etario m\u00e1s dif\u00edcil es el grupo que est\u00e1 entre los 3 y los 11 a\u00f1os, que es el primero que se puede vacunar\u201d.<\/p>\n<figure class=\"wp-block-image size-full\"><img loading=\"lazy\" decoding=\"async\" class=\"wp-image-188659\" src=\"https:\/\/www.labrujula24.com\/wp-content\/uploads\/2022\/01\/Untitled-1-44.jpg\" sizes=\"auto, (max-width: 1200px) 100vw, 1200px\" srcset=\"https:\/\/www.labrujula24.com\/wp-content\/uploads\/2022\/01\/Untitled-1-44.jpg 1200w, https:\/\/www.labrujula24.com\/wp-content\/uploads\/2022\/01\/Untitled-1-44-768x461.jpg 768w, https:\/\/www.labrujula24.com\/wp-content\/uploads\/2022\/01\/Untitled-1-44-1000x600.jpg 1000w, https:\/\/www.labrujula24.com\/wp-content\/uploads\/2022\/01\/Untitled-1-44-590x354.jpg 590w, https:\/\/www.labrujula24.com\/wp-content\/uploads\/2022\/01\/Untitled-1-44-400x240.jpg 400w\" alt=\"\" width=\"1200\" height=\"720\" \/><\/figure>\n<p>Tambi\u00e9n indic\u00f3 que \u201chay que darle confianza a la gente. La plataforma de las vacunas es ya conocida y se ha usado en otras como la de la hepatitis o la gripe. No hay que basarse en versiones de charlas con un amigo o alg\u00fan vecino\u201d.<\/p>\n<div class=\"code-block code-block-1\"><\/div>\n<figure class=\"wp-block-embed is-type-video is-provider-youtube wp-block-embed-youtube wp-embed-aspect-4-3 wp-has-aspect-ratio\">\n<div class=\"wp-block-embed__wrapper\"><iframe loading=\"lazy\" title=\"Emisi\u00f3n en directo de LA BRUJULA 24 TELEVISI\u00d3N\" src=\"https:\/\/www.youtube.com\/embed\/sg8G8NfM_4Q?start=280&amp;feature=oembed\" width=\"740\" height=\"555\" frameborder=\"0\" allowfullscreen=\"allowfullscreen\" data-mce-fragment=\"1\"><\/iframe><\/div>\n<\/figure>\n<p>\u201cNos gustar\u00eda que la mayor\u00eda de los chicos est\u00e9 vacunados antes de iniciar las clases. La presencialidad, especialmente en la primaria, aumenta el contagio de todas las enfermedades. Es una cosa bastante rara que los adultos se vacunen y no quieran vacunar a sus hijos\u201d<\/p>\n<p>\u201cEn esta ola, lo que estamos viendo en el Hospital es que\u00a0<strong>la mayor\u00eda de los internados son pedi\u00e1tricos. Y de los internados que tenemos hoy, ninguno est\u00e1 vacunado, aunque tiene la edad para estarlo. Tenemos a tres en emergencia, y uno est\u00e1 delicado, en terapia intensiva.<\/strong>\u00a0Los chicos no son solo un vector de contagio, se pueden contagiar y terminar graves, y no todos tienen comorbilidades\u201d, finaliz\u00f3 Peluffo.<\/p>\n<\/div>\n<\/div>\n<\/div>\n<\/div>\n<\/div>\n<\/div>\n<\/div>\n<\/div>\n<\/div>\n<\/div>\n","protected":false},"excerpt":{"rendered":"<p>Lo confirm\u00f3 su director, Gabriel Peluffo. \u201cEs una cosa bastante rara que los adultos se vacunen y no quieran vacunar a sus hijos\u201d, explic\u00f3 el pediatra.<\/p>\n","protected":false},"author":3,"featured_media":0,"comment_status":"closed","ping_status":"closed","sticky":false,"template":"","format":"standard","meta":{"footnotes":""},"categories":[30],"tags":[],"class_list":["post-67428","post","type-post","status-publish","format-standard","hentry","category-salud"],"yoast_head":"<!-- This site is optimized with the Yoast SEO plugin v25.9 - https:\/\/yoast.com\/wordpress\/plugins\/seo\/ -->\n<title>Covid: la mayor\u00eda de los internados en el Hospital Penna son chicos y no est\u00e1n vacunados - Noticias Radio Reflejos<\/title>\n<meta name=\"robots\" content=\"index, follow, max-snippet:-1, max-image-preview:large, max-video-preview:-1\" \/>\n<link rel=\"canonical\" href=\"https:\/\/www.noticiasradioreflejos.com.ar\/2021\/covid-la-mayoria-de-los-internados-en-el-hospital-penna-son-chicos-y-no-estan-vacunados\/\" \/>\n<meta property=\"og:locale\" content=\"es_ES\" \/>\n<meta property=\"og:type\" content=\"article\" \/>\n<meta property=\"og:title\" content=\"Covid: la mayor\u00eda de los internados en el Hospital Penna son chicos y no est\u00e1n vacunados - Noticias Radio Reflejos\" \/>\n<meta property=\"og:description\" content=\"Lo confirm\u00f3 su director, Gabriel Peluffo. \u201cEs una cosa bastante rara que los adultos se vacunen y no quieran vacunar a sus hijos\u201d, explic\u00f3 el pediatra.\" \/>\n<meta property=\"og:url\" content=\"https:\/\/www.noticiasradioreflejos.com.ar\/2021\/covid-la-mayoria-de-los-internados-en-el-hospital-penna-son-chicos-y-no-estan-vacunados\/\" \/>\n<meta property=\"og:site_name\" content=\"Noticias Radio Reflejos\" \/>\n<meta property=\"article:published_time\" content=\"2022-01-26T10:20:03+00:00\" \/>\n<meta property=\"article:modified_time\" content=\"2022-01-26T10:20:36+00:00\" \/>\n<meta property=\"og:image\" content=\"https:\/\/www.labrujula24.com\/wp-content\/uploads\/2022\/01\/Untitled-2-3.jpg\" \/>\n<meta name=\"author\" content=\"Arnaldo Botto\" \/>\n<meta name=\"twitter:card\" content=\"summary_large_image\" \/>\n<script type=\"application\/ld+json\" class=\"yoast-schema-graph\">{\"@context\":\"https:\/\/schema.org\",\"@graph\":[{\"@type\":\"WebPage\",\"@id\":\"https:\/\/www.noticiasradioreflejos.com.ar\/2021\/covid-la-mayoria-de-los-internados-en-el-hospital-penna-son-chicos-y-no-estan-vacunados\/\",\"url\":\"https:\/\/www.noticiasradioreflejos.com.ar\/2021\/covid-la-mayoria-de-los-internados-en-el-hospital-penna-son-chicos-y-no-estan-vacunados\/\",\"name\":\"Covid: la mayor\u00eda de los internados en el Hospital Penna son chicos y no est\u00e1n vacunados - Noticias Radio Reflejos\",\"isPartOf\":{\"@id\":\"https:\/\/www.noticiasradioreflejos.com.ar\/2021\/#website\"},\"primaryImageOfPage\":{\"@id\":\"https:\/\/www.noticiasradioreflejos.com.ar\/2021\/covid-la-mayoria-de-los-internados-en-el-hospital-penna-son-chicos-y-no-estan-vacunados\/#primaryimage\"},\"image\":{\"@id\":\"https:\/\/www.noticiasradioreflejos.com.ar\/2021\/covid-la-mayoria-de-los-internados-en-el-hospital-penna-son-chicos-y-no-estan-vacunados\/#primaryimage\"},\"thumbnailUrl\":\"https:\/\/www.labrujula24.com\/wp-content\/uploads\/2022\/01\/Untitled-2-3.jpg\",\"datePublished\":\"2022-01-26T10:20:03+00:00\",\"dateModified\":\"2022-01-26T10:20:36+00:00\",\"author\":{\"@id\":\"https:\/\/www.noticiasradioreflejos.com.ar\/2021\/#\/schema\/person\/ad82545263dcc5ec0996818884fd5fb1\"},\"breadcrumb\":{\"@id\":\"https:\/\/www.noticiasradioreflejos.com.ar\/2021\/covid-la-mayoria-de-los-internados-en-el-hospital-penna-son-chicos-y-no-estan-vacunados\/#breadcrumb\"},\"inLanguage\":\"es\",\"potentialAction\":[{\"@type\":\"ReadAction\",\"target\":[\"https:\/\/www.noticiasradioreflejos.com.ar\/2021\/covid-la-mayoria-de-los-internados-en-el-hospital-penna-son-chicos-y-no-estan-vacunados\/\"]}]},{\"@type\":\"ImageObject\",\"inLanguage\":\"es\",\"@id\":\"https:\/\/www.noticiasradioreflejos.com.ar\/2021\/covid-la-mayoria-de-los-internados-en-el-hospital-penna-son-chicos-y-no-estan-vacunados\/#primaryimage\",\"url\":\"https:\/\/www.labrujula24.com\/wp-content\/uploads\/2022\/01\/Untitled-2-3.jpg\",\"contentUrl\":\"https:\/\/www.labrujula24.com\/wp-content\/uploads\/2022\/01\/Untitled-2-3.jpg\"},{\"@type\":\"BreadcrumbList\",\"@id\":\"https:\/\/www.noticiasradioreflejos.com.ar\/2021\/covid-la-mayoria-de-los-internados-en-el-hospital-penna-son-chicos-y-no-estan-vacunados\/#breadcrumb\",\"itemListElement\":[{\"@type\":\"ListItem\",\"position\":1,\"name\":\"Portada\",\"item\":\"https:\/\/www.noticiasradioreflejos.com.ar\/2021\/\"},{\"@type\":\"ListItem\",\"position\":2,\"name\":\"Covid: la mayor\u00eda de los internados en el Hospital Penna son chicos y no est\u00e1n vacunados\"}]},{\"@type\":\"WebSite\",\"@id\":\"https:\/\/www.noticiasradioreflejos.com.ar\/2021\/#website\",\"url\":\"https:\/\/www.noticiasradioreflejos.com.ar\/2021\/\",\"name\":\"Noticias Radio Reflejos\",\"description\":\"Las noticias de mi comarca\",\"potentialAction\":[{\"@type\":\"SearchAction\",\"target\":{\"@type\":\"EntryPoint\",\"urlTemplate\":\"https:\/\/www.noticiasradioreflejos.com.ar\/2021\/?s={search_term_string}\"},\"query-input\":{\"@type\":\"PropertyValueSpecification\",\"valueRequired\":true,\"valueName\":\"search_term_string\"}}],\"inLanguage\":\"es\"},{\"@type\":\"Person\",\"@id\":\"https:\/\/www.noticiasradioreflejos.com.ar\/2021\/#\/schema\/person\/ad82545263dcc5ec0996818884fd5fb1\",\"name\":\"Arnaldo Botto\",\"image\":{\"@type\":\"ImageObject\",\"inLanguage\":\"es\",\"@id\":\"https:\/\/www.noticiasradioreflejos.com.ar\/2021\/#\/schema\/person\/image\/\",\"url\":\"https:\/\/secure.gravatar.com\/avatar\/55cb5e37c1efa326397366e6974cb338056df65cb50e7d64d1cf314e87504837?s=96&d=mm&r=g\",\"contentUrl\":\"https:\/\/secure.gravatar.com\/avatar\/55cb5e37c1efa326397366e6974cb338056df65cb50e7d64d1cf314e87504837?s=96&d=mm&r=g\",\"caption\":\"Arnaldo Botto\"},\"url\":\"https:\/\/www.noticiasradioreflejos.com.ar\/2021\/author\/arnaldo\/\"}]}<\/script>\n<!-- \/ Yoast SEO plugin. -->","yoast_head_json":{"title":"Covid: la mayor\u00eda de los internados en el Hospital Penna son chicos y no est\u00e1n vacunados - Noticias Radio Reflejos","robots":{"index":"index","follow":"follow","max-snippet":"max-snippet:-1","max-image-preview":"max-image-preview:large","max-video-preview":"max-video-preview:-1"},"canonical":"https:\/\/www.noticiasradioreflejos.com.ar\/2021\/covid-la-mayoria-de-los-internados-en-el-hospital-penna-son-chicos-y-no-estan-vacunados\/","og_locale":"es_ES","og_type":"article","og_title":"Covid: la mayor\u00eda de los internados en el Hospital Penna son chicos y no est\u00e1n vacunados - Noticias Radio Reflejos","og_description":"Lo confirm\u00f3 su director, Gabriel Peluffo. \u201cEs una cosa bastante rara que los adultos se vacunen y no quieran vacunar a sus hijos\u201d, explic\u00f3 el pediatra.","og_url":"https:\/\/www.noticiasradioreflejos.com.ar\/2021\/covid-la-mayoria-de-los-internados-en-el-hospital-penna-son-chicos-y-no-estan-vacunados\/","og_site_name":"Noticias Radio Reflejos","article_published_time":"2022-01-26T10:20:03+00:00","article_modified_time":"2022-01-26T10:20:36+00:00","og_image":[{"url":"https:\/\/www.labrujula24.com\/wp-content\/uploads\/2022\/01\/Untitled-2-3.jpg","type":"","width":"","height":""}],"author":"Arnaldo Botto","twitter_card":"summary_large_image","schema":{"@context":"https:\/\/schema.org","@graph":[{"@type":"WebPage","@id":"https:\/\/www.noticiasradioreflejos.com.ar\/2021\/covid-la-mayoria-de-los-internados-en-el-hospital-penna-son-chicos-y-no-estan-vacunados\/","url":"https:\/\/www.noticiasradioreflejos.com.ar\/2021\/covid-la-mayoria-de-los-internados-en-el-hospital-penna-son-chicos-y-no-estan-vacunados\/","name":"Covid: la mayor\u00eda de los internados en el Hospital Penna son chicos y no est\u00e1n vacunados - Noticias Radio Reflejos","isPartOf":{"@id":"https:\/\/www.noticiasradioreflejos.com.ar\/2021\/#website"},"primaryImageOfPage":{"@id":"https:\/\/www.noticiasradioreflejos.com.ar\/2021\/covid-la-mayoria-de-los-internados-en-el-hospital-penna-son-chicos-y-no-estan-vacunados\/#primaryimage"},"image":{"@id":"https:\/\/www.noticiasradioreflejos.com.ar\/2021\/covid-la-mayoria-de-los-internados-en-el-hospital-penna-son-chicos-y-no-estan-vacunados\/#primaryimage"},"thumbnailUrl":"https:\/\/www.labrujula24.com\/wp-content\/uploads\/2022\/01\/Untitled-2-3.jpg","datePublished":"2022-01-26T10:20:03+00:00","dateModified":"2022-01-26T10:20:36+00:00","author":{"@id":"https:\/\/www.noticiasradioreflejos.com.ar\/2021\/#\/schema\/person\/ad82545263dcc5ec0996818884fd5fb1"},"breadcrumb":{"@id":"https:\/\/www.noticiasradioreflejos.com.ar\/2021\/covid-la-mayoria-de-los-internados-en-el-hospital-penna-son-chicos-y-no-estan-vacunados\/#breadcrumb"},"inLanguage":"es","potentialAction":[{"@type":"ReadAction","target":["https:\/\/www.noticiasradioreflejos.com.ar\/2021\/covid-la-mayoria-de-los-internados-en-el-hospital-penna-son-chicos-y-no-estan-vacunados\/"]}]},{"@type":"ImageObject","inLanguage":"es","@id":"https:\/\/www.noticiasradioreflejos.com.ar\/2021\/covid-la-mayoria-de-los-internados-en-el-hospital-penna-son-chicos-y-no-estan-vacunados\/#primaryimage","url":"https:\/\/www.labrujula24.com\/wp-content\/uploads\/2022\/01\/Untitled-2-3.jpg","contentUrl":"https:\/\/www.labrujula24.com\/wp-content\/uploads\/2022\/01\/Untitled-2-3.jpg"},{"@type":"BreadcrumbList","@id":"https:\/\/www.noticiasradioreflejos.com.ar\/2021\/covid-la-mayoria-de-los-internados-en-el-hospital-penna-son-chicos-y-no-estan-vacunados\/#breadcrumb","itemListElement":[{"@type":"ListItem","position":1,"name":"Portada","item":"https:\/\/www.noticiasradioreflejos.com.ar\/2021\/"},{"@type":"ListItem","position":2,"name":"Covid: la mayor\u00eda de los internados en el Hospital Penna son chicos y no est\u00e1n vacunados"}]},{"@type":"WebSite","@id":"https:\/\/www.noticiasradioreflejos.com.ar\/2021\/#website","url":"https:\/\/www.noticiasradioreflejos.com.ar\/2021\/","name":"Noticias Radio Reflejos","description":"Las noticias de mi comarca","potentialAction":[{"@type":"SearchAction","target":{"@type":"EntryPoint","urlTemplate":"https:\/\/www.noticiasradioreflejos.com.ar\/2021\/?s={search_term_string}"},"query-input":{"@type":"PropertyValueSpecification","valueRequired":true,"valueName":"search_term_string"}}],"inLanguage":"es"},{"@type":"Person","@id":"https:\/\/www.noticiasradioreflejos.com.ar\/2021\/#\/schema\/person\/ad82545263dcc5ec0996818884fd5fb1","name":"Arnaldo Botto","image":{"@type":"ImageObject","inLanguage":"es","@id":"https:\/\/www.noticiasradioreflejos.com.ar\/2021\/#\/schema\/person\/image\/","url":"https:\/\/secure.gravatar.com\/avatar\/55cb5e37c1efa326397366e6974cb338056df65cb50e7d64d1cf314e87504837?s=96&d=mm&r=g","contentUrl":"https:\/\/secure.gravatar.com\/avatar\/55cb5e37c1efa326397366e6974cb338056df65cb50e7d64d1cf314e87504837?s=96&d=mm&r=g","caption":"Arnaldo Botto"},"url":"https:\/\/www.noticiasradioreflejos.com.ar\/2021\/author\/arnaldo\/"}]}},"_links":{"self":[{"href":"https:\/\/www.noticiasradioreflejos.com.ar\/2021\/wp-json\/wp\/v2\/posts\/67428","targetHints":{"allow":["GET"]}}],"collection":[{"href":"https:\/\/www.noticiasradioreflejos.com.ar\/2021\/wp-json\/wp\/v2\/posts"}],"about":[{"href":"https:\/\/www.noticiasradioreflejos.com.ar\/2021\/wp-json\/wp\/v2\/types\/post"}],"author":[{"embeddable":true,"href":"https:\/\/www.noticiasradioreflejos.com.ar\/2021\/wp-json\/wp\/v2\/users\/3"}],"replies":[{"embeddable":true,"href":"https:\/\/www.noticiasradioreflejos.com.ar\/2021\/wp-json\/wp\/v2\/comments?post=67428"}],"version-history":[{"count":2,"href":"https:\/\/www.noticiasradioreflejos.com.ar\/2021\/wp-json\/wp\/v2\/posts\/67428\/revisions"}],"predecessor-version":[{"id":67431,"href":"https:\/\/www.noticiasradioreflejos.com.ar\/2021\/wp-json\/wp\/v2\/posts\/67428\/revisions\/67431"}],"wp:attachment":[{"href":"https:\/\/www.noticiasradioreflejos.com.ar\/2021\/wp-json\/wp\/v2\/media?parent=67428"}],"wp:term":[{"taxonomy":"category","embeddable":true,"href":"https:\/\/www.noticiasradioreflejos.com.ar\/2021\/wp-json\/wp\/v2\/categories?post=67428"},{"taxonomy":"post_tag","embeddable":true,"href":"https:\/\/www.noticiasradioreflejos.com.ar\/2021\/wp-json\/wp\/v2\/tags?post=67428"}],"curies":[{"name":"wp","href":"https:\/\/api.w.org\/{rel}","templated":true}]}}