{"id":67372,"date":"2022-01-25T10:17:03","date_gmt":"2022-01-25T10:17:03","guid":{"rendered":"http:\/\/www.noticiasradioreflejos.com.ar\/2021\/?p=67372"},"modified":"2022-01-25T10:17:03","modified_gmt":"2022-01-25T10:17:03","slug":"jose-luis-cabezas-como-fue-su-asesinato-la-investigacion-del-caso-y-donde-son-los-actos-en-su-memoria","status":"publish","type":"post","link":"https:\/\/www.noticiasradioreflejos.com.ar\/2021\/jose-luis-cabezas-como-fue-su-asesinato-la-investigacion-del-caso-y-donde-son-los-actos-en-su-memoria\/","title":{"rendered":"Jos\u00e9 Luis Cabezas: c\u00f3mo fue su asesinato, la investigaci\u00f3n del caso y d\u00f3nde son los actos en su memoria\u00a0"},"content":{"rendered":"<div class=\"section-2-col article-header\">\n<div class=\"col 2-col\">\n<p>Cabezas hab\u00eda conseguido tomar una fotograf\u00eda del empresario Alfredo Yabr\u00e1n.\u00a0 Fue asesinado con dos disparos en un crimen que sacudi\u00f3 a la sociedad y al mundo pol\u00edtico.<\/p>\n<\/div>\n<\/div>\n<p><!--more--><\/p>\n<div class=\"section-2-col article-main-image\">\n<div class=\"col 2-col\">\n<div class=\"article-main-media-image__container\">\n<div class=\"image-wrapper\">\n<figure>\n<figure class=\"object-fit-block--contain intrinsic-container intrinsic-container-3x2\"><img decoding=\"async\" class=\"  \" src=\"https:\/\/images.pagina12.com.ar\/styles\/focal_3_2_960x640\/public\/2022-01\/327231-3-a-na-0.jpg?itok=0rCyhQiI\" alt=\"El auto calcinado del fot\u00f3grafo Jos\u00e9 Luis Cabezas. (Fuente: NA)\" \/><\/figure><figcaption>El auto calcinado del fot\u00f3grafo Jos\u00e9 Luis Cabezas.. Imagen: NA<\/figcaption><\/figure>\n<\/div>\n<\/div>\n<\/div>\n<\/div>\n<div class=\"section-2-col article-main-content\">\n<div class=\"col 1-col\"><\/div>\n<div class=\"col 2-col\">\n<div class=\"article-main-content article-text \">\n<p>Se cumplen 25 a\u00f1os del\u00a0<b>crimen de Jos\u00e9 Luis Cabezas. El fot\u00f3grafo de la revista\u00a0<i>Noticias<\/i>\u00a0fue asesinado de dos disparos y su cuerpo calcinado dentro del auto que utilizaban para cubrir la temporada en Pinamar.\u00a0<\/b>Fue el crimen pol\u00edtico y el mensaje mafioso m\u00e1s siniestro que se recuerde desde el regreso de la democracia. El entonces gobernador de la provincia de Buenos Aires, Eduardo Duhalde, consider\u00f3 que le hab\u00edan \u00abtirado un muerto\u00bb en plena pelea por la sucesi\u00f3n con el presidente Carlos Menem. Una trama a la que se sumaban intereses econ\u00f3micos que ten\u00edan como protagonista al empresario Alfredo Yabr\u00e1n. La justicia, la verdad y la memoria fueron un permanente reclamo en estos 25 a\u00f1os aunque no siempre se dieron en el mismo momento.<\/p>\n<h2>Cu\u00e1ndo y d\u00f3nde ser\u00e1n los actos<\/h2>\n<div id=\"talkFireEvent\"><\/div>\n<p>Hoy, en distintos eventos se recordar\u00e1 la figura de Cabezas y se condenar\u00e1 a sus asesinos. A las 10, se realizar\u00e1 un acto conmemorativo en el Monumento que lo recuerda en la entrada de Pinamar, en avenida Bunge 2100.\u00a0<b>\u201cPlantaremos un \u00e1rbol y se descubrir\u00e1 una placa, como lo hacemos todos los a\u00f1os para esta fecha. Asistir\u00e1n invitados especiales como el intendente de Pinamar y representantes de Caras y Caretas que este a\u00f1o le hicieron una edici\u00f3n especial, amigos, fot\u00f3grafos y la familia\u201d, se\u00f1al\u00f3 Gladys Cabezas<\/b>, hermana del fot\u00f3grafo. A las 19, habr\u00e1 un acto en la cava donde mataron al fot\u00f3grafo. Luego,\u00a0<b>a las 20, se realizara el streaming en el canal de YouTube de P\u00e1gina\/12<\/b>\u00a0con la moderaci\u00f3n de quien escribe y las palabras de Gabriel Michi (compa\u00f1ero de Cabezas en aquella fat\u00eddica temporada) y Gladys Cabezas, hermana del fot\u00f3grafo. A la misma hora, se inaugura una muestra en la Casa de la Cultura en General Madariaga. Por otra parte, la Asociaci\u00f3n de Reporteros Gr\u00e1ficos de la Rep\u00fablica Argentina (ARGRA) realizar\u00e1 un acto a las 11, en la sede porte\u00f1a de la entidad, en Venezuela 1433, con \u00abNo hay democracia sin justicia. No hay justicia sin verdad y no hay verdad sin memoria\u00bb. Tambi\u00e9n habr\u00e1 varios actos en el interior del pa\u00eds como Villa Mercedes, Rosario, Villa Mar\u00eda, Tucum\u00e1n, y tantos otros.<\/p>\n<h2>C\u00f3mo fue el asesinato<\/h2>\n<p>Despu\u00e9s de tres a\u00f1os de investigaci\u00f3n, con todo tipo de maniobras tendientes a evitar que se pudiera llegar a la verdad, la Justicia llegar\u00eda con la sentencias del Tribunal de Dolores que\u00a0<b>conden\u00f3 a cadena perpetua a los instigadores y autores materiales del crimen de Cabezas.\u00a0<\/b>En el juicio se pudo dictaminar que en la madrugada de aquel 25 de enero de 1997 Jos\u00e9 Luis Cabezas estaban cubriendo la\u00a0<b>fiesta de cumplea\u00f1os del empresario Oscar Andreani<\/b>. Fuera, los asesinos merodeaban la zona y decidieron irse cuando fueron observados por unas vecinas. Ellas dieron avis\u00f3 a los custodios de Andreani que llamaron a la comisar\u00eda de Pinamar para denunciar los movimientos sospechosos pero ning\u00fan patrullero se acerc\u00f3 a esa exclusiva zona de Pinamar Norte. A las 4, Michi decidi\u00f3 irse porque al d\u00eda siguiente era su cumplea\u00f1os y unos amigos iban a visitarlo. Casi una hora despu\u00e9s, Cabezas dej\u00f3 el festejo de Andreani y se fue en el Ford Fiesta. En minutos lleg\u00f3 a su casa, ubicada en Rivadavia 1256.<b>\u00a0\u201cAh\u00ed est\u00e1. M\u00e9tanle ca\u00f1o y tr\u00e1iganmelo\u201d, orden\u00f3 el polic\u00eda Gustavo Prellezo. Braga y Gonz\u00e1lez lo golpearon y lo subieron al auto de\u00a0<i>Noticias<\/i>.\u00a0<\/b>Braga manejaba y Gonz\u00e1lez lo apuntaba con el arma. En el Fiat Uno, conducido por Prellezo, iban tambi\u00e9n los otros dos horneros, Jos\u00e9 Luis Auge y Miguel Retana. Mientras comenzaban a asomar los primeros rayos del sol, la caravana de dos autos tomaba por la ruta 11 hacia la ciudad de Buenos Aires. A los ocho kil\u00f3metros doblaron de golpe por un camino de tierra. Es un camino interminable de cinco kil\u00f3metros. Y ah\u00ed nom\u00e1s estacionaron a un costado de la cava.\u00a0<b>Prellezo introdujo el auto de\u00a0<\/b><i>Noticias<\/i><b>\u00a0dentro de la cava. Hizo colocar a Cabezas, que hab\u00eda conseguido sacarle una foto a Yabr\u00e1n, de rodillas en tierra al lado del asiento del acompa\u00f1ante. Ah\u00ed son\u00f3 el primer disparo. De inmediato, el segundo. Como una muestra de la premeditaci\u00f3n del crimen, el polic\u00eda Prellezo fue hasta su auto y tom\u00f3 unos bidones con combustible y le orden\u00f3 a Braga que bajara. Con su arma le orden\u00f3 a Braga que rociara el auto con el combustible. En segundos, el fuego se apoder\u00f3 del auto<\/b>.<\/p>\n<h2>La responsabilidad de Alfredo Yabr\u00e1n<\/h2>\n<p>Conocer esta verdad llev\u00f3 tres a\u00f1os de trabajo. Terminada la investigaci\u00f3n se comprob\u00f3 que<b>\u00a0Yabr\u00e1n le dijo a su jefe de seguridad, Gregorio R\u00edos, que quer\u00eda tener un verano tranquilo, sin periodistas ni fot\u00f3grafos molestos.<\/b>\u00a0Tambi\u00e9n que el empresario se hab\u00eda reunido en diciembre con el polic\u00eda con el mismo pedido. Se supo que\u00a0<b>R\u00edos contrat\u00f3 a Prellezo para sacarse de encima al equipo period\u00edstico de\u00a0<i>Noticias\u00a0<\/i><\/b>con la complicidad de sus colegas uniformados An\u00edbal Luna (que marc\u00f3 a los periodistas) y Sergio Cammarata (que ofreci\u00f3 la log\u00edstica para ocultarlos en la costa). El comisario de Pinamar, Alberto \u201cla Liebre\u201d G\u00f3mez, liber\u00f3 la zona. Prellezo contrat\u00f3 a Los Horneros para hacer el trabajo sucio.\u00a0<b>Para mayo de 1998, las pruebas que incriminaban a Yabr\u00e1n como autor intelectual eran cada vez m\u00e1s evidentes. Cuando el juzgado orden\u00f3 su detenci\u00f3n, se escap\u00f3. A los pocos d\u00edas, cercado por la polic\u00eda, se mat\u00f3.<\/b>\u00a0Un escopetazo dentro de su boca estall\u00f3 su cr\u00e1neo (su rostro estaba casi intacto) y termin\u00f3 con uno de los hombres m\u00e1s poderosos de esa Argentina de la corrupci\u00f3n y la impunidad. Aunque parec\u00eda inveros\u00edmil los estudios forenses y los testigos fueron concluyentes. Era Yabr\u00e1n. Muerto el acusado se extingui\u00f3 la causa en su contra. Porque a la Justicia no le interesa llegar a la verdad sino tan solo a la posibilidad de la condena. Y sin vida no hay condena. Pero tampoco verdad.<b>\u00a0Para su muerte, el sistema Excalibur hab\u00eda descubierto 122 llamadas entre Yabr\u00e1n y su entorno con celulares de la SIDE que figuraban a nombre de Hugo Anzorreguy, el titular del organismo. Tambi\u00e9n se encontraron llamadas entrantes y salientes con la Quinta de Olivos. Todas ellas en momentos claves de la causa Cabezas.<\/b><\/p>\n<p>Con el suicidio y la posterior condena del resto de los imputados, todo parec\u00eda terminado. Pero cuando la mayor\u00eda de la sociedad baj\u00f3 los brazos, lleg\u00f3 lo peor. Su familia, sus amigos y compa\u00f1eros y sus abogados fueron los que dieron la voz de alarma.\u00a0<b>El 13 de noviembre de 2003, la Sala I de la C\u00e1mara de Casaci\u00f3n bonaerense decidi\u00f3 recategorizar la figura del delito por el que se conden\u00f3 a los asesinos de Cabezas\u00a0<\/b>y pasaron de \u201csustracci\u00f3n de persona agravada por la muerte de la v\u00edctima, en concurso ideal con homicidio simple con dolo eventual\u201d a \u201cprivaci\u00f3n ilegal con violencia en concurso real con homicidio\u201d. En los dos casos se hablaba de un secuestro y un asesinato. Pero estos cambios de palabras<b>\u00a0redujeron las condenas de los imputados a entre 18 y 27 a\u00f1os de c\u00e1rcel,<\/b>\u00a0algo muy diferente a una cadena perpetua. S\u00f3lo Prellezo qued\u00f3 afuera de este beneficio porque sus abogados hicieron tarde la presentaci\u00f3n. La verdad segu\u00eda ah\u00ed en el expediente pero la Justicia se escurr\u00eda entre palabras dif\u00edciles de entender y compromisos pol\u00edticos ocultos. Y de a poco los culpables, los asesinos, iban recuperando la libertad.<\/p>\n<p>&nbsp;<\/p>\n<p>La herencia de Yabr\u00e1n sigue viva como siempre. Entre empresas que quedaron en poder de su mujer y sus hijos y una cadena de testaferros y abogados comandados por quien fuera la mano derecha de don Alfredo, H\u00e9ctor Colella. Mientras, Norma y Jos\u00e9, los padres de Jos\u00e9 Luis, dejaron su vida buscando Justicia. Cristina, su viuda, y Candela, su peque\u00f1a hija, tuvieron que irse del pa\u00eds para emprender una nueva vida. En esas asimetr\u00edas la memoria, la verdad y la Justicia no siempre van de la mano. Pero es nuestra obligaci\u00f3n tratar de mantenerlas unidas.<\/p>\n<\/div>\n<\/div>\n<\/div>\n<p>&nbsp;<\/p>\n<p>Por\u00a0<a class=\"no-link\">Fernando Amato para P\u00e1gina 12<\/a><\/p>\n","protected":false},"excerpt":{"rendered":"<p>Cabezas hab\u00eda conseguido tomar una fotograf\u00eda del empresario Alfredo Yabr\u00e1n.\u00a0 Fue asesinado con dos disparos en un crimen que sacudi\u00f3 a la sociedad y al mundo pol\u00edtico.<\/p>\n","protected":false},"author":3,"featured_media":0,"comment_status":"closed","ping_status":"closed","sticky":false,"template":"","format":"standard","meta":{"footnotes":""},"categories":[29,24,26],"tags":[],"class_list":["post-67372","post","type-post","status-publish","format-standard","hentry","category-policiales","category-politica","category-sociedad"],"yoast_head":"<!-- This site is optimized with the Yoast SEO plugin v25.9 - https:\/\/yoast.com\/wordpress\/plugins\/seo\/ -->\n<title>Jos\u00e9 Luis Cabezas: c\u00f3mo fue su asesinato, la investigaci\u00f3n del caso y d\u00f3nde son los actos en su memoria\u00a0 - Noticias Radio Reflejos<\/title>\n<meta name=\"robots\" content=\"index, follow, max-snippet:-1, max-image-preview:large, max-video-preview:-1\" \/>\n<link rel=\"canonical\" href=\"https:\/\/www.noticiasradioreflejos.com.ar\/2021\/jose-luis-cabezas-como-fue-su-asesinato-la-investigacion-del-caso-y-donde-son-los-actos-en-su-memoria\/\" \/>\n<meta property=\"og:locale\" content=\"es_ES\" \/>\n<meta property=\"og:type\" content=\"article\" \/>\n<meta property=\"og:title\" content=\"Jos\u00e9 Luis Cabezas: c\u00f3mo fue su asesinato, la investigaci\u00f3n del caso y d\u00f3nde son los actos en su memoria\u00a0 - Noticias Radio Reflejos\" \/>\n<meta property=\"og:description\" content=\"Cabezas hab\u00eda conseguido tomar una fotograf\u00eda del empresario Alfredo Yabr\u00e1n.\u00a0 Fue asesinado con dos disparos en un crimen que sacudi\u00f3 a la sociedad y al mundo pol\u00edtico.\" \/>\n<meta property=\"og:url\" content=\"https:\/\/www.noticiasradioreflejos.com.ar\/2021\/jose-luis-cabezas-como-fue-su-asesinato-la-investigacion-del-caso-y-donde-son-los-actos-en-su-memoria\/\" \/>\n<meta property=\"og:site_name\" content=\"Noticias Radio Reflejos\" \/>\n<meta property=\"article:published_time\" content=\"2022-01-25T10:17:03+00:00\" \/>\n<meta property=\"og:image\" content=\"https:\/\/images.pagina12.com.ar\/styles\/focal_3_2_960x640\/public\/2022-01\/327231-3-a-na-0.jpg?itok=0rCyhQiI\" \/>\n<meta name=\"author\" content=\"Arnaldo Botto\" \/>\n<meta name=\"twitter:card\" content=\"summary_large_image\" \/>\n<script type=\"application\/ld+json\" class=\"yoast-schema-graph\">{\"@context\":\"https:\/\/schema.org\",\"@graph\":[{\"@type\":\"WebPage\",\"@id\":\"https:\/\/www.noticiasradioreflejos.com.ar\/2021\/jose-luis-cabezas-como-fue-su-asesinato-la-investigacion-del-caso-y-donde-son-los-actos-en-su-memoria\/\",\"url\":\"https:\/\/www.noticiasradioreflejos.com.ar\/2021\/jose-luis-cabezas-como-fue-su-asesinato-la-investigacion-del-caso-y-donde-son-los-actos-en-su-memoria\/\",\"name\":\"Jos\u00e9 Luis Cabezas: c\u00f3mo fue su asesinato, la investigaci\u00f3n del caso y d\u00f3nde son los actos en su memoria\u00a0 - Noticias Radio Reflejos\",\"isPartOf\":{\"@id\":\"https:\/\/www.noticiasradioreflejos.com.ar\/2021\/#website\"},\"primaryImageOfPage\":{\"@id\":\"https:\/\/www.noticiasradioreflejos.com.ar\/2021\/jose-luis-cabezas-como-fue-su-asesinato-la-investigacion-del-caso-y-donde-son-los-actos-en-su-memoria\/#primaryimage\"},\"image\":{\"@id\":\"https:\/\/www.noticiasradioreflejos.com.ar\/2021\/jose-luis-cabezas-como-fue-su-asesinato-la-investigacion-del-caso-y-donde-son-los-actos-en-su-memoria\/#primaryimage\"},\"thumbnailUrl\":\"https:\/\/images.pagina12.com.ar\/styles\/focal_3_2_960x640\/public\/2022-01\/327231-3-a-na-0.jpg?itok=0rCyhQiI\",\"datePublished\":\"2022-01-25T10:17:03+00:00\",\"author\":{\"@id\":\"https:\/\/www.noticiasradioreflejos.com.ar\/2021\/#\/schema\/person\/ad82545263dcc5ec0996818884fd5fb1\"},\"breadcrumb\":{\"@id\":\"https:\/\/www.noticiasradioreflejos.com.ar\/2021\/jose-luis-cabezas-como-fue-su-asesinato-la-investigacion-del-caso-y-donde-son-los-actos-en-su-memoria\/#breadcrumb\"},\"inLanguage\":\"es\",\"potentialAction\":[{\"@type\":\"ReadAction\",\"target\":[\"https:\/\/www.noticiasradioreflejos.com.ar\/2021\/jose-luis-cabezas-como-fue-su-asesinato-la-investigacion-del-caso-y-donde-son-los-actos-en-su-memoria\/\"]}]},{\"@type\":\"ImageObject\",\"inLanguage\":\"es\",\"@id\":\"https:\/\/www.noticiasradioreflejos.com.ar\/2021\/jose-luis-cabezas-como-fue-su-asesinato-la-investigacion-del-caso-y-donde-son-los-actos-en-su-memoria\/#primaryimage\",\"url\":\"https:\/\/images.pagina12.com.ar\/styles\/focal_3_2_960x640\/public\/2022-01\/327231-3-a-na-0.jpg?itok=0rCyhQiI\",\"contentUrl\":\"https:\/\/images.pagina12.com.ar\/styles\/focal_3_2_960x640\/public\/2022-01\/327231-3-a-na-0.jpg?itok=0rCyhQiI\"},{\"@type\":\"BreadcrumbList\",\"@id\":\"https:\/\/www.noticiasradioreflejos.com.ar\/2021\/jose-luis-cabezas-como-fue-su-asesinato-la-investigacion-del-caso-y-donde-son-los-actos-en-su-memoria\/#breadcrumb\",\"itemListElement\":[{\"@type\":\"ListItem\",\"position\":1,\"name\":\"Portada\",\"item\":\"https:\/\/www.noticiasradioreflejos.com.ar\/2021\/\"},{\"@type\":\"ListItem\",\"position\":2,\"name\":\"Jos\u00e9 Luis Cabezas: c\u00f3mo fue su asesinato, la investigaci\u00f3n del caso y d\u00f3nde son los actos en su memoria\u00a0\"}]},{\"@type\":\"WebSite\",\"@id\":\"https:\/\/www.noticiasradioreflejos.com.ar\/2021\/#website\",\"url\":\"https:\/\/www.noticiasradioreflejos.com.ar\/2021\/\",\"name\":\"Noticias Radio Reflejos\",\"description\":\"Las noticias de mi comarca\",\"potentialAction\":[{\"@type\":\"SearchAction\",\"target\":{\"@type\":\"EntryPoint\",\"urlTemplate\":\"https:\/\/www.noticiasradioreflejos.com.ar\/2021\/?s={search_term_string}\"},\"query-input\":{\"@type\":\"PropertyValueSpecification\",\"valueRequired\":true,\"valueName\":\"search_term_string\"}}],\"inLanguage\":\"es\"},{\"@type\":\"Person\",\"@id\":\"https:\/\/www.noticiasradioreflejos.com.ar\/2021\/#\/schema\/person\/ad82545263dcc5ec0996818884fd5fb1\",\"name\":\"Arnaldo Botto\",\"image\":{\"@type\":\"ImageObject\",\"inLanguage\":\"es\",\"@id\":\"https:\/\/www.noticiasradioreflejos.com.ar\/2021\/#\/schema\/person\/image\/\",\"url\":\"https:\/\/secure.gravatar.com\/avatar\/55cb5e37c1efa326397366e6974cb338056df65cb50e7d64d1cf314e87504837?s=96&d=mm&r=g\",\"contentUrl\":\"https:\/\/secure.gravatar.com\/avatar\/55cb5e37c1efa326397366e6974cb338056df65cb50e7d64d1cf314e87504837?s=96&d=mm&r=g\",\"caption\":\"Arnaldo Botto\"},\"url\":\"https:\/\/www.noticiasradioreflejos.com.ar\/2021\/author\/arnaldo\/\"}]}<\/script>\n<!-- \/ Yoast SEO plugin. -->","yoast_head_json":{"title":"Jos\u00e9 Luis Cabezas: c\u00f3mo fue su asesinato, la investigaci\u00f3n del caso y d\u00f3nde son los actos en su memoria\u00a0 - Noticias Radio Reflejos","robots":{"index":"index","follow":"follow","max-snippet":"max-snippet:-1","max-image-preview":"max-image-preview:large","max-video-preview":"max-video-preview:-1"},"canonical":"https:\/\/www.noticiasradioreflejos.com.ar\/2021\/jose-luis-cabezas-como-fue-su-asesinato-la-investigacion-del-caso-y-donde-son-los-actos-en-su-memoria\/","og_locale":"es_ES","og_type":"article","og_title":"Jos\u00e9 Luis Cabezas: c\u00f3mo fue su asesinato, la investigaci\u00f3n del caso y d\u00f3nde son los actos en su memoria\u00a0 - Noticias Radio Reflejos","og_description":"Cabezas hab\u00eda conseguido tomar una fotograf\u00eda del empresario Alfredo Yabr\u00e1n.\u00a0 Fue asesinado con dos disparos en un crimen que sacudi\u00f3 a la sociedad y al mundo pol\u00edtico.","og_url":"https:\/\/www.noticiasradioreflejos.com.ar\/2021\/jose-luis-cabezas-como-fue-su-asesinato-la-investigacion-del-caso-y-donde-son-los-actos-en-su-memoria\/","og_site_name":"Noticias Radio Reflejos","article_published_time":"2022-01-25T10:17:03+00:00","og_image":[{"url":"https:\/\/images.pagina12.com.ar\/styles\/focal_3_2_960x640\/public\/2022-01\/327231-3-a-na-0.jpg?itok=0rCyhQiI","type":"","width":"","height":""}],"author":"Arnaldo Botto","twitter_card":"summary_large_image","schema":{"@context":"https:\/\/schema.org","@graph":[{"@type":"WebPage","@id":"https:\/\/www.noticiasradioreflejos.com.ar\/2021\/jose-luis-cabezas-como-fue-su-asesinato-la-investigacion-del-caso-y-donde-son-los-actos-en-su-memoria\/","url":"https:\/\/www.noticiasradioreflejos.com.ar\/2021\/jose-luis-cabezas-como-fue-su-asesinato-la-investigacion-del-caso-y-donde-son-los-actos-en-su-memoria\/","name":"Jos\u00e9 Luis Cabezas: c\u00f3mo fue su asesinato, la investigaci\u00f3n del caso y d\u00f3nde son los actos en su memoria\u00a0 - Noticias Radio Reflejos","isPartOf":{"@id":"https:\/\/www.noticiasradioreflejos.com.ar\/2021\/#website"},"primaryImageOfPage":{"@id":"https:\/\/www.noticiasradioreflejos.com.ar\/2021\/jose-luis-cabezas-como-fue-su-asesinato-la-investigacion-del-caso-y-donde-son-los-actos-en-su-memoria\/#primaryimage"},"image":{"@id":"https:\/\/www.noticiasradioreflejos.com.ar\/2021\/jose-luis-cabezas-como-fue-su-asesinato-la-investigacion-del-caso-y-donde-son-los-actos-en-su-memoria\/#primaryimage"},"thumbnailUrl":"https:\/\/images.pagina12.com.ar\/styles\/focal_3_2_960x640\/public\/2022-01\/327231-3-a-na-0.jpg?itok=0rCyhQiI","datePublished":"2022-01-25T10:17:03+00:00","author":{"@id":"https:\/\/www.noticiasradioreflejos.com.ar\/2021\/#\/schema\/person\/ad82545263dcc5ec0996818884fd5fb1"},"breadcrumb":{"@id":"https:\/\/www.noticiasradioreflejos.com.ar\/2021\/jose-luis-cabezas-como-fue-su-asesinato-la-investigacion-del-caso-y-donde-son-los-actos-en-su-memoria\/#breadcrumb"},"inLanguage":"es","potentialAction":[{"@type":"ReadAction","target":["https:\/\/www.noticiasradioreflejos.com.ar\/2021\/jose-luis-cabezas-como-fue-su-asesinato-la-investigacion-del-caso-y-donde-son-los-actos-en-su-memoria\/"]}]},{"@type":"ImageObject","inLanguage":"es","@id":"https:\/\/www.noticiasradioreflejos.com.ar\/2021\/jose-luis-cabezas-como-fue-su-asesinato-la-investigacion-del-caso-y-donde-son-los-actos-en-su-memoria\/#primaryimage","url":"https:\/\/images.pagina12.com.ar\/styles\/focal_3_2_960x640\/public\/2022-01\/327231-3-a-na-0.jpg?itok=0rCyhQiI","contentUrl":"https:\/\/images.pagina12.com.ar\/styles\/focal_3_2_960x640\/public\/2022-01\/327231-3-a-na-0.jpg?itok=0rCyhQiI"},{"@type":"BreadcrumbList","@id":"https:\/\/www.noticiasradioreflejos.com.ar\/2021\/jose-luis-cabezas-como-fue-su-asesinato-la-investigacion-del-caso-y-donde-son-los-actos-en-su-memoria\/#breadcrumb","itemListElement":[{"@type":"ListItem","position":1,"name":"Portada","item":"https:\/\/www.noticiasradioreflejos.com.ar\/2021\/"},{"@type":"ListItem","position":2,"name":"Jos\u00e9 Luis Cabezas: c\u00f3mo fue su asesinato, la investigaci\u00f3n del caso y d\u00f3nde son los actos en su memoria\u00a0"}]},{"@type":"WebSite","@id":"https:\/\/www.noticiasradioreflejos.com.ar\/2021\/#website","url":"https:\/\/www.noticiasradioreflejos.com.ar\/2021\/","name":"Noticias Radio Reflejos","description":"Las noticias de mi comarca","potentialAction":[{"@type":"SearchAction","target":{"@type":"EntryPoint","urlTemplate":"https:\/\/www.noticiasradioreflejos.com.ar\/2021\/?s={search_term_string}"},"query-input":{"@type":"PropertyValueSpecification","valueRequired":true,"valueName":"search_term_string"}}],"inLanguage":"es"},{"@type":"Person","@id":"https:\/\/www.noticiasradioreflejos.com.ar\/2021\/#\/schema\/person\/ad82545263dcc5ec0996818884fd5fb1","name":"Arnaldo Botto","image":{"@type":"ImageObject","inLanguage":"es","@id":"https:\/\/www.noticiasradioreflejos.com.ar\/2021\/#\/schema\/person\/image\/","url":"https:\/\/secure.gravatar.com\/avatar\/55cb5e37c1efa326397366e6974cb338056df65cb50e7d64d1cf314e87504837?s=96&d=mm&r=g","contentUrl":"https:\/\/secure.gravatar.com\/avatar\/55cb5e37c1efa326397366e6974cb338056df65cb50e7d64d1cf314e87504837?s=96&d=mm&r=g","caption":"Arnaldo Botto"},"url":"https:\/\/www.noticiasradioreflejos.com.ar\/2021\/author\/arnaldo\/"}]}},"_links":{"self":[{"href":"https:\/\/www.noticiasradioreflejos.com.ar\/2021\/wp-json\/wp\/v2\/posts\/67372","targetHints":{"allow":["GET"]}}],"collection":[{"href":"https:\/\/www.noticiasradioreflejos.com.ar\/2021\/wp-json\/wp\/v2\/posts"}],"about":[{"href":"https:\/\/www.noticiasradioreflejos.com.ar\/2021\/wp-json\/wp\/v2\/types\/post"}],"author":[{"embeddable":true,"href":"https:\/\/www.noticiasradioreflejos.com.ar\/2021\/wp-json\/wp\/v2\/users\/3"}],"replies":[{"embeddable":true,"href":"https:\/\/www.noticiasradioreflejos.com.ar\/2021\/wp-json\/wp\/v2\/comments?post=67372"}],"version-history":[{"count":1,"href":"https:\/\/www.noticiasradioreflejos.com.ar\/2021\/wp-json\/wp\/v2\/posts\/67372\/revisions"}],"predecessor-version":[{"id":67374,"href":"https:\/\/www.noticiasradioreflejos.com.ar\/2021\/wp-json\/wp\/v2\/posts\/67372\/revisions\/67374"}],"wp:attachment":[{"href":"https:\/\/www.noticiasradioreflejos.com.ar\/2021\/wp-json\/wp\/v2\/media?parent=67372"}],"wp:term":[{"taxonomy":"category","embeddable":true,"href":"https:\/\/www.noticiasradioreflejos.com.ar\/2021\/wp-json\/wp\/v2\/categories?post=67372"},{"taxonomy":"post_tag","embeddable":true,"href":"https:\/\/www.noticiasradioreflejos.com.ar\/2021\/wp-json\/wp\/v2\/tags?post=67372"}],"curies":[{"name":"wp","href":"https:\/\/api.w.org\/{rel}","templated":true}]}}