{"id":6712,"date":"2017-02-08T12:23:40","date_gmt":"2017-02-08T15:23:40","guid":{"rendered":"http:\/\/noticiasradioreflejos.com.ar\/noticias\/?p=6712"},"modified":"2017-02-08T12:23:40","modified_gmt":"2017-02-08T15:23:40","slug":"urgente-se-busca-el-paradero-de-aquiles-heraldo-cuevas","status":"publish","type":"post","link":"https:\/\/www.noticiasradioreflejos.com.ar\/2021\/urgente-se-busca-el-paradero-de-aquiles-heraldo-cuevas\/","title":{"rendered":"URGENTE: Se busca el paradero de &quot;Aquiles Heraldo Cuevas&quot;"},"content":{"rendered":"<p><span lang=\"ES\">Por la presente informo a ese destacado medio de prensa que se solicita la difusi\u00f3n a fin de dar con el paradero del ciudadano AQUILES HERALDO CUEVAS, 46 a\u00f1os de edad, el cual se ausento de su domicilio el d\u00eda 28 de Enero del corriente a\u00f1o\u00a0<\/span>sin saber mas nada del mismo, desconociendo motivos.<!--more--><br \/>\nSe retiro sin dinero, tarjetas de credito y debito, solo con tarjeta urbana y vestimentas siendo Camisa manga corta celeste escocesa, vaquero tipo chupin nevado, zapatillas blancas y gorra de color rojo.<br \/>\nCausante resulta ser de 1,70 mtrs de altura, peso 90 kg, robusto, de tez blanca, de ojos claros, cabellos casta\u00f1os y lados con canas, posee tatuajes en antebrazos de nombre de la madre y del hijo.<br \/>\nPersonas que puedan suministrar informacion acercarse\u00a0personalmente a COMISARIA SEGUNDA BAHIA BLANCA, Roca N\u00ba 557 o a los telefonos 455-6643 o 455-6745.-<\/p>\n","protected":false},"excerpt":{"rendered":"<p>Por la presente informo a ese destacado medio de prensa que se solicita la difusi\u00f3n a fin de dar con el paradero del ciudadano AQUILES HERALDO CUEVAS, 46 a\u00f1os de edad, el cual se ausento de su domicilio el d\u00eda 28 de Enero del corriente a\u00f1o\u00a0sin saber mas nada del mismo, desconociendo motivos.<\/p>\n","protected":false},"author":3,"featured_media":0,"comment_status":"closed","ping_status":"open","sticky":false,"template":"","format":"standard","meta":{"footnotes":""},"categories":[26],"tags":[],"class_list":["post-6712","post","type-post","status-publish","format-standard","hentry","category-sociedad"],"yoast_head":"<!-- This site is optimized with the Yoast SEO plugin v25.9 - https:\/\/yoast.com\/wordpress\/plugins\/seo\/ -->\n<title>URGENTE: Se busca el paradero de &quot;Aquiles Heraldo Cuevas&quot; - Noticias Radio Reflejos<\/title>\n<meta name=\"robots\" content=\"index, follow, max-snippet:-1, max-image-preview:large, max-video-preview:-1\" \/>\n<link rel=\"canonical\" href=\"https:\/\/www.noticiasradioreflejos.com.ar\/2021\/urgente-se-busca-el-paradero-de-aquiles-heraldo-cuevas\/\" \/>\n<meta property=\"og:locale\" content=\"es_ES\" \/>\n<meta property=\"og:type\" content=\"article\" \/>\n<meta property=\"og:title\" content=\"URGENTE: Se busca el paradero de &quot;Aquiles Heraldo Cuevas&quot; - Noticias Radio Reflejos\" \/>\n<meta property=\"og:description\" content=\"Por la presente informo a ese destacado medio de prensa que se solicita la difusi\u00f3n a fin de dar con el paradero del ciudadano AQUILES HERALDO CUEVAS, 46 a\u00f1os de edad, el cual se ausento de su domicilio el d\u00eda 28 de Enero del corriente a\u00f1o\u00a0sin saber mas nada del mismo, desconociendo motivos.\" \/>\n<meta property=\"og:url\" content=\"https:\/\/www.noticiasradioreflejos.com.ar\/2021\/urgente-se-busca-el-paradero-de-aquiles-heraldo-cuevas\/\" \/>\n<meta property=\"og:site_name\" content=\"Noticias Radio Reflejos\" \/>\n<meta property=\"article:published_time\" content=\"2017-02-08T15:23:40+00:00\" \/>\n<meta property=\"og:image\" content=\"https:\/\/www.noticiasradioreflejos.com.ar\/2021\/wp-content\/uploads\/2021\/07\/logosol300x200.png\" \/>\n\t<meta property=\"og:image:width\" content=\"300\" \/>\n\t<meta property=\"og:image:height\" content=\"200\" \/>\n\t<meta property=\"og:image:type\" content=\"image\/png\" \/>\n<meta name=\"author\" content=\"Arnaldo Botto\" \/>\n<meta name=\"twitter:card\" content=\"summary_large_image\" \/>\n<script type=\"application\/ld+json\" class=\"yoast-schema-graph\">{\"@context\":\"https:\/\/schema.org\",\"@graph\":[{\"@type\":\"WebPage\",\"@id\":\"https:\/\/www.noticiasradioreflejos.com.ar\/2021\/urgente-se-busca-el-paradero-de-aquiles-heraldo-cuevas\/\",\"url\":\"https:\/\/www.noticiasradioreflejos.com.ar\/2021\/urgente-se-busca-el-paradero-de-aquiles-heraldo-cuevas\/\",\"name\":\"URGENTE: Se busca el paradero de &quot;Aquiles Heraldo Cuevas&quot; - Noticias Radio Reflejos\",\"isPartOf\":{\"@id\":\"https:\/\/www.noticiasradioreflejos.com.ar\/2021\/#website\"},\"datePublished\":\"2017-02-08T15:23:40+00:00\",\"author\":{\"@id\":\"https:\/\/www.noticiasradioreflejos.com.ar\/2021\/#\/schema\/person\/ad82545263dcc5ec0996818884fd5fb1\"},\"breadcrumb\":{\"@id\":\"https:\/\/www.noticiasradioreflejos.com.ar\/2021\/urgente-se-busca-el-paradero-de-aquiles-heraldo-cuevas\/#breadcrumb\"},\"inLanguage\":\"es\",\"potentialAction\":[{\"@type\":\"ReadAction\",\"target\":[\"https:\/\/www.noticiasradioreflejos.com.ar\/2021\/urgente-se-busca-el-paradero-de-aquiles-heraldo-cuevas\/\"]}]},{\"@type\":\"BreadcrumbList\",\"@id\":\"https:\/\/www.noticiasradioreflejos.com.ar\/2021\/urgente-se-busca-el-paradero-de-aquiles-heraldo-cuevas\/#breadcrumb\",\"itemListElement\":[{\"@type\":\"ListItem\",\"position\":1,\"name\":\"Portada\",\"item\":\"https:\/\/www.noticiasradioreflejos.com.ar\/2021\/\"},{\"@type\":\"ListItem\",\"position\":2,\"name\":\"URGENTE: Se busca el paradero de &quot;Aquiles Heraldo Cuevas&quot;\"}]},{\"@type\":\"WebSite\",\"@id\":\"https:\/\/www.noticiasradioreflejos.com.ar\/2021\/#website\",\"url\":\"https:\/\/www.noticiasradioreflejos.com.ar\/2021\/\",\"name\":\"Noticias Radio Reflejos\",\"description\":\"Las noticias de mi comarca\",\"potentialAction\":[{\"@type\":\"SearchAction\",\"target\":{\"@type\":\"EntryPoint\",\"urlTemplate\":\"https:\/\/www.noticiasradioreflejos.com.ar\/2021\/?s={search_term_string}\"},\"query-input\":{\"@type\":\"PropertyValueSpecification\",\"valueRequired\":true,\"valueName\":\"search_term_string\"}}],\"inLanguage\":\"es\"},{\"@type\":\"Person\",\"@id\":\"https:\/\/www.noticiasradioreflejos.com.ar\/2021\/#\/schema\/person\/ad82545263dcc5ec0996818884fd5fb1\",\"name\":\"Arnaldo Botto\",\"image\":{\"@type\":\"ImageObject\",\"inLanguage\":\"es\",\"@id\":\"https:\/\/www.noticiasradioreflejos.com.ar\/2021\/#\/schema\/person\/image\/\",\"url\":\"https:\/\/secure.gravatar.com\/avatar\/55cb5e37c1efa326397366e6974cb338056df65cb50e7d64d1cf314e87504837?s=96&d=mm&r=g\",\"contentUrl\":\"https:\/\/secure.gravatar.com\/avatar\/55cb5e37c1efa326397366e6974cb338056df65cb50e7d64d1cf314e87504837?s=96&d=mm&r=g\",\"caption\":\"Arnaldo Botto\"},\"url\":\"https:\/\/www.noticiasradioreflejos.com.ar\/2021\/author\/arnaldo\/\"}]}<\/script>\n<!-- \/ Yoast SEO plugin. -->","yoast_head_json":{"title":"URGENTE: Se busca el paradero de &quot;Aquiles Heraldo Cuevas&quot; - Noticias Radio Reflejos","robots":{"index":"index","follow":"follow","max-snippet":"max-snippet:-1","max-image-preview":"max-image-preview:large","max-video-preview":"max-video-preview:-1"},"canonical":"https:\/\/www.noticiasradioreflejos.com.ar\/2021\/urgente-se-busca-el-paradero-de-aquiles-heraldo-cuevas\/","og_locale":"es_ES","og_type":"article","og_title":"URGENTE: Se busca el paradero de &quot;Aquiles Heraldo Cuevas&quot; - Noticias Radio Reflejos","og_description":"Por la presente informo a ese destacado medio de prensa que se solicita la difusi\u00f3n a fin de dar con el paradero del ciudadano AQUILES HERALDO CUEVAS, 46 a\u00f1os de edad, el cual se ausento de su domicilio el d\u00eda 28 de Enero del corriente a\u00f1o\u00a0sin saber mas nada del mismo, desconociendo motivos.","og_url":"https:\/\/www.noticiasradioreflejos.com.ar\/2021\/urgente-se-busca-el-paradero-de-aquiles-heraldo-cuevas\/","og_site_name":"Noticias Radio Reflejos","article_published_time":"2017-02-08T15:23:40+00:00","og_image":[{"width":300,"height":200,"url":"https:\/\/www.noticiasradioreflejos.com.ar\/2021\/wp-content\/uploads\/2021\/07\/logosol300x200.png","type":"image\/png"}],"author":"Arnaldo Botto","twitter_card":"summary_large_image","schema":{"@context":"https:\/\/schema.org","@graph":[{"@type":"WebPage","@id":"https:\/\/www.noticiasradioreflejos.com.ar\/2021\/urgente-se-busca-el-paradero-de-aquiles-heraldo-cuevas\/","url":"https:\/\/www.noticiasradioreflejos.com.ar\/2021\/urgente-se-busca-el-paradero-de-aquiles-heraldo-cuevas\/","name":"URGENTE: Se busca el paradero de &quot;Aquiles Heraldo Cuevas&quot; - Noticias Radio Reflejos","isPartOf":{"@id":"https:\/\/www.noticiasradioreflejos.com.ar\/2021\/#website"},"datePublished":"2017-02-08T15:23:40+00:00","author":{"@id":"https:\/\/www.noticiasradioreflejos.com.ar\/2021\/#\/schema\/person\/ad82545263dcc5ec0996818884fd5fb1"},"breadcrumb":{"@id":"https:\/\/www.noticiasradioreflejos.com.ar\/2021\/urgente-se-busca-el-paradero-de-aquiles-heraldo-cuevas\/#breadcrumb"},"inLanguage":"es","potentialAction":[{"@type":"ReadAction","target":["https:\/\/www.noticiasradioreflejos.com.ar\/2021\/urgente-se-busca-el-paradero-de-aquiles-heraldo-cuevas\/"]}]},{"@type":"BreadcrumbList","@id":"https:\/\/www.noticiasradioreflejos.com.ar\/2021\/urgente-se-busca-el-paradero-de-aquiles-heraldo-cuevas\/#breadcrumb","itemListElement":[{"@type":"ListItem","position":1,"name":"Portada","item":"https:\/\/www.noticiasradioreflejos.com.ar\/2021\/"},{"@type":"ListItem","position":2,"name":"URGENTE: Se busca el paradero de &quot;Aquiles Heraldo Cuevas&quot;"}]},{"@type":"WebSite","@id":"https:\/\/www.noticiasradioreflejos.com.ar\/2021\/#website","url":"https:\/\/www.noticiasradioreflejos.com.ar\/2021\/","name":"Noticias Radio Reflejos","description":"Las noticias de mi comarca","potentialAction":[{"@type":"SearchAction","target":{"@type":"EntryPoint","urlTemplate":"https:\/\/www.noticiasradioreflejos.com.ar\/2021\/?s={search_term_string}"},"query-input":{"@type":"PropertyValueSpecification","valueRequired":true,"valueName":"search_term_string"}}],"inLanguage":"es"},{"@type":"Person","@id":"https:\/\/www.noticiasradioreflejos.com.ar\/2021\/#\/schema\/person\/ad82545263dcc5ec0996818884fd5fb1","name":"Arnaldo Botto","image":{"@type":"ImageObject","inLanguage":"es","@id":"https:\/\/www.noticiasradioreflejos.com.ar\/2021\/#\/schema\/person\/image\/","url":"https:\/\/secure.gravatar.com\/avatar\/55cb5e37c1efa326397366e6974cb338056df65cb50e7d64d1cf314e87504837?s=96&d=mm&r=g","contentUrl":"https:\/\/secure.gravatar.com\/avatar\/55cb5e37c1efa326397366e6974cb338056df65cb50e7d64d1cf314e87504837?s=96&d=mm&r=g","caption":"Arnaldo Botto"},"url":"https:\/\/www.noticiasradioreflejos.com.ar\/2021\/author\/arnaldo\/"}]}},"_links":{"self":[{"href":"https:\/\/www.noticiasradioreflejos.com.ar\/2021\/wp-json\/wp\/v2\/posts\/6712","targetHints":{"allow":["GET"]}}],"collection":[{"href":"https:\/\/www.noticiasradioreflejos.com.ar\/2021\/wp-json\/wp\/v2\/posts"}],"about":[{"href":"https:\/\/www.noticiasradioreflejos.com.ar\/2021\/wp-json\/wp\/v2\/types\/post"}],"author":[{"embeddable":true,"href":"https:\/\/www.noticiasradioreflejos.com.ar\/2021\/wp-json\/wp\/v2\/users\/3"}],"replies":[{"embeddable":true,"href":"https:\/\/www.noticiasradioreflejos.com.ar\/2021\/wp-json\/wp\/v2\/comments?post=6712"}],"version-history":[{"count":0,"href":"https:\/\/www.noticiasradioreflejos.com.ar\/2021\/wp-json\/wp\/v2\/posts\/6712\/revisions"}],"wp:attachment":[{"href":"https:\/\/www.noticiasradioreflejos.com.ar\/2021\/wp-json\/wp\/v2\/media?parent=6712"}],"wp:term":[{"taxonomy":"category","embeddable":true,"href":"https:\/\/www.noticiasradioreflejos.com.ar\/2021\/wp-json\/wp\/v2\/categories?post=6712"},{"taxonomy":"post_tag","embeddable":true,"href":"https:\/\/www.noticiasradioreflejos.com.ar\/2021\/wp-json\/wp\/v2\/tags?post=6712"}],"curies":[{"name":"wp","href":"https:\/\/api.w.org\/{rel}","templated":true}]}}