{"id":6707,"date":"2017-02-08T10:05:39","date_gmt":"2017-02-08T13:05:39","guid":{"rendered":"http:\/\/noticiasradioreflejos.com.ar\/noticias\/?p=6707"},"modified":"2017-02-08T10:05:39","modified_gmt":"2017-02-08T13:05:39","slug":"1o-encuentro-seccional-2017-juventud-radical","status":"publish","type":"post","link":"https:\/\/www.noticiasradioreflejos.com.ar\/2021\/1o-encuentro-seccional-2017-juventud-radical\/","title":{"rendered":"1\u00ba encuentro seccional 2017 Juventud Radical"},"content":{"rendered":"<div>Con una gran presencia de j\u00f3venes radicales de la zona, se realiz\u00f3 en Monte Hermoso el 1er Seccional 2017 de la JR durante el fin de semana (4 y 5 de Febrero).<\/div>\n<p><!--more--><\/p>\n<div>\nParticiparon integrantes de las juventudes radicales de Adolfo Alsina, Bah\u00eda Blanca, Benito Juarez, Coronel Pringles, Coronel Dorrego, Coronel Suarez, Daireaux, General Lamadrid, Laprida, Pellegrini, Punta Alta, Pigue, Salliquelo, Tres Arroyos, Villarino y j\u00f3venes de la Franja Morada Regional Sur UNS.<br \/>\nTambi\u00e9n contamos con la presencia de<span class=\"m_-4849199605813412426gmail-text_exposed_show\"> Pablo Juliano, presidente de la Juventud Radical de la provincia bonaerense e integrantes de la Mesa Ejecutiva Provincial.<\/span><\/div>\n<div><span class=\"m_-4849199605813412426gmail-text_exposed_show\"><br \/>\nSe llevaron a cabo las actividades organizadas por la Secretaria de Medio Ambiente seccional en la que se reparti\u00f3 bolsas ecol\u00f3gicas y folletos informativos sobre el cuidado de nuestras playas.<br \/>\nEn el marco de la Caravana Educativa organizada por la FUA se busco acercar al turista con el lema EDUCACI\u00d3N PUBLICA PARA TODOS. Luego en instalaciones del comit\u00e9 radical, el Dr. Leandro Aparicio e integrantes de la Franja Morada UNS realizaron una charla titulada: NO a la baja de la Imputabilidad. <\/span><\/div>\n<div><span class=\"m_-4849199605813412426gmail-text_exposed_show\"><br \/>\nEn el mismo se desarrollaron los plenarios de dichas mesas donde se plantearon los pr\u00f3ximos objetivos y actividades a desarrollar durante este a\u00f1o buscando programar una agenda de trabajo en conjunto generando pol\u00edticas p\u00fablicas hacia los j\u00f3venes.<br \/>\nAgradecemos especialmente a la Juventud Radical y al Comit\u00e9 UCR Monte Hermoso por la organizaci\u00f3n de dicho evento, la buena predisposici\u00f3n y atenci\u00f3n hacia nosotros.<\/span><\/div>\n","protected":false},"excerpt":{"rendered":"<p>Con una gran presencia de j\u00f3venes radicales de la zona, se realiz\u00f3 en Monte Hermoso el 1er Seccional 2017 de la JR durante el fin de semana (4 y 5 de Febrero).<\/p>\n","protected":false},"author":3,"featured_media":0,"comment_status":"closed","ping_status":"open","sticky":false,"template":"","format":"standard","meta":{"footnotes":""},"categories":[24],"tags":[],"class_list":["post-6707","post","type-post","status-publish","format-standard","hentry","category-politica"],"yoast_head":"<!-- This site is optimized with the Yoast SEO plugin v25.9 - https:\/\/yoast.com\/wordpress\/plugins\/seo\/ -->\n<title>1\u00ba encuentro seccional 2017 Juventud Radical - Noticias Radio Reflejos<\/title>\n<meta name=\"robots\" content=\"index, follow, max-snippet:-1, max-image-preview:large, max-video-preview:-1\" \/>\n<link rel=\"canonical\" href=\"https:\/\/www.noticiasradioreflejos.com.ar\/2021\/1o-encuentro-seccional-2017-juventud-radical\/\" \/>\n<meta property=\"og:locale\" content=\"es_ES\" \/>\n<meta property=\"og:type\" content=\"article\" \/>\n<meta property=\"og:title\" content=\"1\u00ba encuentro seccional 2017 Juventud Radical - Noticias Radio Reflejos\" \/>\n<meta property=\"og:description\" content=\"Con una gran presencia de j\u00f3venes radicales de la zona, se realiz\u00f3 en Monte Hermoso el 1er Seccional 2017 de la JR durante el fin de semana (4 y 5 de Febrero).\" \/>\n<meta property=\"og:url\" content=\"https:\/\/www.noticiasradioreflejos.com.ar\/2021\/1o-encuentro-seccional-2017-juventud-radical\/\" \/>\n<meta property=\"og:site_name\" content=\"Noticias Radio Reflejos\" \/>\n<meta property=\"article:published_time\" content=\"2017-02-08T13:05:39+00:00\" \/>\n<meta property=\"og:image\" content=\"https:\/\/www.noticiasradioreflejos.com.ar\/2021\/wp-content\/uploads\/2021\/07\/logosol300x200.png\" \/>\n\t<meta property=\"og:image:width\" content=\"300\" \/>\n\t<meta property=\"og:image:height\" content=\"200\" \/>\n\t<meta property=\"og:image:type\" content=\"image\/png\" \/>\n<meta name=\"author\" content=\"Arnaldo Botto\" \/>\n<meta name=\"twitter:card\" content=\"summary_large_image\" \/>\n<script type=\"application\/ld+json\" class=\"yoast-schema-graph\">{\"@context\":\"https:\/\/schema.org\",\"@graph\":[{\"@type\":\"WebPage\",\"@id\":\"https:\/\/www.noticiasradioreflejos.com.ar\/2021\/1o-encuentro-seccional-2017-juventud-radical\/\",\"url\":\"https:\/\/www.noticiasradioreflejos.com.ar\/2021\/1o-encuentro-seccional-2017-juventud-radical\/\",\"name\":\"1\u00ba encuentro seccional 2017 Juventud Radical - Noticias Radio Reflejos\",\"isPartOf\":{\"@id\":\"https:\/\/www.noticiasradioreflejos.com.ar\/2021\/#website\"},\"datePublished\":\"2017-02-08T13:05:39+00:00\",\"author\":{\"@id\":\"https:\/\/www.noticiasradioreflejos.com.ar\/2021\/#\/schema\/person\/ad82545263dcc5ec0996818884fd5fb1\"},\"breadcrumb\":{\"@id\":\"https:\/\/www.noticiasradioreflejos.com.ar\/2021\/1o-encuentro-seccional-2017-juventud-radical\/#breadcrumb\"},\"inLanguage\":\"es\",\"potentialAction\":[{\"@type\":\"ReadAction\",\"target\":[\"https:\/\/www.noticiasradioreflejos.com.ar\/2021\/1o-encuentro-seccional-2017-juventud-radical\/\"]}]},{\"@type\":\"BreadcrumbList\",\"@id\":\"https:\/\/www.noticiasradioreflejos.com.ar\/2021\/1o-encuentro-seccional-2017-juventud-radical\/#breadcrumb\",\"itemListElement\":[{\"@type\":\"ListItem\",\"position\":1,\"name\":\"Portada\",\"item\":\"https:\/\/www.noticiasradioreflejos.com.ar\/2021\/\"},{\"@type\":\"ListItem\",\"position\":2,\"name\":\"1\u00ba encuentro seccional 2017 Juventud Radical\"}]},{\"@type\":\"WebSite\",\"@id\":\"https:\/\/www.noticiasradioreflejos.com.ar\/2021\/#website\",\"url\":\"https:\/\/www.noticiasradioreflejos.com.ar\/2021\/\",\"name\":\"Noticias Radio Reflejos\",\"description\":\"Las noticias de mi comarca\",\"potentialAction\":[{\"@type\":\"SearchAction\",\"target\":{\"@type\":\"EntryPoint\",\"urlTemplate\":\"https:\/\/www.noticiasradioreflejos.com.ar\/2021\/?s={search_term_string}\"},\"query-input\":{\"@type\":\"PropertyValueSpecification\",\"valueRequired\":true,\"valueName\":\"search_term_string\"}}],\"inLanguage\":\"es\"},{\"@type\":\"Person\",\"@id\":\"https:\/\/www.noticiasradioreflejos.com.ar\/2021\/#\/schema\/person\/ad82545263dcc5ec0996818884fd5fb1\",\"name\":\"Arnaldo Botto\",\"image\":{\"@type\":\"ImageObject\",\"inLanguage\":\"es\",\"@id\":\"https:\/\/www.noticiasradioreflejos.com.ar\/2021\/#\/schema\/person\/image\/\",\"url\":\"https:\/\/secure.gravatar.com\/avatar\/55cb5e37c1efa326397366e6974cb338056df65cb50e7d64d1cf314e87504837?s=96&d=mm&r=g\",\"contentUrl\":\"https:\/\/secure.gravatar.com\/avatar\/55cb5e37c1efa326397366e6974cb338056df65cb50e7d64d1cf314e87504837?s=96&d=mm&r=g\",\"caption\":\"Arnaldo Botto\"},\"url\":\"https:\/\/www.noticiasradioreflejos.com.ar\/2021\/author\/arnaldo\/\"}]}<\/script>\n<!-- \/ Yoast SEO plugin. -->","yoast_head_json":{"title":"1\u00ba encuentro seccional 2017 Juventud Radical - Noticias Radio Reflejos","robots":{"index":"index","follow":"follow","max-snippet":"max-snippet:-1","max-image-preview":"max-image-preview:large","max-video-preview":"max-video-preview:-1"},"canonical":"https:\/\/www.noticiasradioreflejos.com.ar\/2021\/1o-encuentro-seccional-2017-juventud-radical\/","og_locale":"es_ES","og_type":"article","og_title":"1\u00ba encuentro seccional 2017 Juventud Radical - Noticias Radio Reflejos","og_description":"Con una gran presencia de j\u00f3venes radicales de la zona, se realiz\u00f3 en Monte Hermoso el 1er Seccional 2017 de la JR durante el fin de semana (4 y 5 de Febrero).","og_url":"https:\/\/www.noticiasradioreflejos.com.ar\/2021\/1o-encuentro-seccional-2017-juventud-radical\/","og_site_name":"Noticias Radio Reflejos","article_published_time":"2017-02-08T13:05:39+00:00","og_image":[{"width":300,"height":200,"url":"https:\/\/www.noticiasradioreflejos.com.ar\/2021\/wp-content\/uploads\/2021\/07\/logosol300x200.png","type":"image\/png"}],"author":"Arnaldo Botto","twitter_card":"summary_large_image","schema":{"@context":"https:\/\/schema.org","@graph":[{"@type":"WebPage","@id":"https:\/\/www.noticiasradioreflejos.com.ar\/2021\/1o-encuentro-seccional-2017-juventud-radical\/","url":"https:\/\/www.noticiasradioreflejos.com.ar\/2021\/1o-encuentro-seccional-2017-juventud-radical\/","name":"1\u00ba encuentro seccional 2017 Juventud Radical - Noticias Radio Reflejos","isPartOf":{"@id":"https:\/\/www.noticiasradioreflejos.com.ar\/2021\/#website"},"datePublished":"2017-02-08T13:05:39+00:00","author":{"@id":"https:\/\/www.noticiasradioreflejos.com.ar\/2021\/#\/schema\/person\/ad82545263dcc5ec0996818884fd5fb1"},"breadcrumb":{"@id":"https:\/\/www.noticiasradioreflejos.com.ar\/2021\/1o-encuentro-seccional-2017-juventud-radical\/#breadcrumb"},"inLanguage":"es","potentialAction":[{"@type":"ReadAction","target":["https:\/\/www.noticiasradioreflejos.com.ar\/2021\/1o-encuentro-seccional-2017-juventud-radical\/"]}]},{"@type":"BreadcrumbList","@id":"https:\/\/www.noticiasradioreflejos.com.ar\/2021\/1o-encuentro-seccional-2017-juventud-radical\/#breadcrumb","itemListElement":[{"@type":"ListItem","position":1,"name":"Portada","item":"https:\/\/www.noticiasradioreflejos.com.ar\/2021\/"},{"@type":"ListItem","position":2,"name":"1\u00ba encuentro seccional 2017 Juventud Radical"}]},{"@type":"WebSite","@id":"https:\/\/www.noticiasradioreflejos.com.ar\/2021\/#website","url":"https:\/\/www.noticiasradioreflejos.com.ar\/2021\/","name":"Noticias Radio Reflejos","description":"Las noticias de mi comarca","potentialAction":[{"@type":"SearchAction","target":{"@type":"EntryPoint","urlTemplate":"https:\/\/www.noticiasradioreflejos.com.ar\/2021\/?s={search_term_string}"},"query-input":{"@type":"PropertyValueSpecification","valueRequired":true,"valueName":"search_term_string"}}],"inLanguage":"es"},{"@type":"Person","@id":"https:\/\/www.noticiasradioreflejos.com.ar\/2021\/#\/schema\/person\/ad82545263dcc5ec0996818884fd5fb1","name":"Arnaldo Botto","image":{"@type":"ImageObject","inLanguage":"es","@id":"https:\/\/www.noticiasradioreflejos.com.ar\/2021\/#\/schema\/person\/image\/","url":"https:\/\/secure.gravatar.com\/avatar\/55cb5e37c1efa326397366e6974cb338056df65cb50e7d64d1cf314e87504837?s=96&d=mm&r=g","contentUrl":"https:\/\/secure.gravatar.com\/avatar\/55cb5e37c1efa326397366e6974cb338056df65cb50e7d64d1cf314e87504837?s=96&d=mm&r=g","caption":"Arnaldo Botto"},"url":"https:\/\/www.noticiasradioreflejos.com.ar\/2021\/author\/arnaldo\/"}]}},"_links":{"self":[{"href":"https:\/\/www.noticiasradioreflejos.com.ar\/2021\/wp-json\/wp\/v2\/posts\/6707","targetHints":{"allow":["GET"]}}],"collection":[{"href":"https:\/\/www.noticiasradioreflejos.com.ar\/2021\/wp-json\/wp\/v2\/posts"}],"about":[{"href":"https:\/\/www.noticiasradioreflejos.com.ar\/2021\/wp-json\/wp\/v2\/types\/post"}],"author":[{"embeddable":true,"href":"https:\/\/www.noticiasradioreflejos.com.ar\/2021\/wp-json\/wp\/v2\/users\/3"}],"replies":[{"embeddable":true,"href":"https:\/\/www.noticiasradioreflejos.com.ar\/2021\/wp-json\/wp\/v2\/comments?post=6707"}],"version-history":[{"count":0,"href":"https:\/\/www.noticiasradioreflejos.com.ar\/2021\/wp-json\/wp\/v2\/posts\/6707\/revisions"}],"wp:attachment":[{"href":"https:\/\/www.noticiasradioreflejos.com.ar\/2021\/wp-json\/wp\/v2\/media?parent=6707"}],"wp:term":[{"taxonomy":"category","embeddable":true,"href":"https:\/\/www.noticiasradioreflejos.com.ar\/2021\/wp-json\/wp\/v2\/categories?post=6707"},{"taxonomy":"post_tag","embeddable":true,"href":"https:\/\/www.noticiasradioreflejos.com.ar\/2021\/wp-json\/wp\/v2\/tags?post=6707"}],"curies":[{"name":"wp","href":"https:\/\/api.w.org\/{rel}","templated":true}]}}