{"id":6705,"date":"2017-02-08T10:00:38","date_gmt":"2017-02-08T13:00:38","guid":{"rendered":"http:\/\/noticiasradioreflejos.com.ar\/noticias\/?p=6705"},"modified":"2017-02-08T10:00:38","modified_gmt":"2017-02-08T13:00:38","slug":"convocatoria-a-asamblea-de-la-asociacion-de-bomberos-voluntarios-de-villa-ventana","status":"publish","type":"post","link":"https:\/\/www.noticiasradioreflejos.com.ar\/2021\/convocatoria-a-asamblea-de-la-asociacion-de-bomberos-voluntarios-de-villa-ventana\/","title":{"rendered":"Convocatoria a Asamblea de la Asociaci\u00f3n de Bomberos Voluntarios de Villa Ventana"},"content":{"rendered":"<p>Comunicado de Asamblea por parte de la Asociaci\u00f3n de Bomberos Voluntarios de Villa Ventana.<!--more--><br \/>\nNos dirigimos a Uds. con el fin de convocarlos para\u00a0 la Asamblea General Ordinaria de nuestra Instituci\u00f3n que se llevar\u00e1 a cabo el d\u00eda 9 de marzo de 2017, a las 19,00 Hs, en nuestra sede sito en Cruz del Sur s\/n entre Zorzal y Calandria, Villa Ventana.<br \/>\nPara tratar los temas del siguiente orden del d\u00eda:<br \/>\n<strong><u>ORDEN DEL DIA<\/u><\/strong><\/p>\n<ol>\n<li>Lectura del Acta anterior.<\/li>\n<li>Aprobaci\u00f3n de la Memoria, Balance General y Cuadro de Gastos y Resultados.<\/li>\n<li>Renovaci\u00f3n de los siguientes cargos de la Comisi\u00f3n Directiva: Secretario General por renuncia, y por finalizaci\u00f3n de mandatos los siguientes cargos: Vicepresidente, Secretario de Recaudaci\u00f3n, Secretario de Actas, tres Consejeros suplentes y Revisor de Cuentas Titular y Revisor de Cuentas suplente.<\/li>\n<li>Consideraci\u00f3n Cuota social, solicitar la renovaci\u00f3n de la autorizaci\u00f3n a la Asamblea para mantener la cuota societaria a partir de 2018, al equivalente a 2 litros de nafta s\u00faper, precio vigente al cierre del ejercicio anterior en el partido de Tornquist.<\/li>\n<li>Designaci\u00f3n\u00a0 de la junta escrutadora.<\/li>\n<li>Se autoriza a la Comisi\u00f3n a dar de baja las cuotas sociales adeudadas al 31\/12\/16, correspondientes a los a\u00f1os 2014 y 2015.<\/li>\n<li>Designaci\u00f3n de dos asociados para firmar el acta.<\/li>\n<\/ol>\n<p>Art.40: Las asambleas se celebrar\u00e1n v\u00e1lidamente con la presencia de la mitad m\u00e1s uno de los socios con derecho a voto. Una hora despu\u00e9s de la fijada en la convocatoria, si antes no se hubiese conseguido ese n\u00famero se reunir\u00e1 legalmente constituida con el n\u00famero de socios presente, siempre que no fuera inferior al total de los miembros titulares del Consejo Directivo, excluidos estos.<br \/>\nSin m\u00e1s aprovechamos la oportunidad para saludarles muy atentamente.<br \/>\n<strong>\u00a0<\/strong><br \/>\n<strong>Gregorio Ernesto\u00a0 LEON\u00a0\u00a0\u00a0\u00a0\u00a0\u00a0\u00a0\u00a0\u00a0\u00a0\u00a0\u00a0\u00a0\u00a0\u00a0\u00a0\u00a0\u00a0\u00a0 \u00a0\u00a0\u00a0\u00a0\u00a0\u00a0\u00a0\u00a0\u00a0\u00a0\u00a0\u00a0\u00a0\u00a0\u00a0\u00a0\u00a0\u00a0\u00a0\u00a0\u00a0\u00a0\u00a0\u00a0\u00a0\u00a0\u00a0\u00a0\u00a0\u00a0\u00a0\u00a0\u00a0\u00a0\u00a0\u00a0\u00a0\u00a0\u00a0Ra\u00fal SALERNO<\/strong><br \/>\n<strong>\u00a0\u00a0\u00a0Secretario General\u00a0\u00a0\u00a0\u00a0\u00a0\u00a0\u00a0\u00a0\u00a0\u00a0\u00a0\u00a0\u00a0\u00a0\u00a0\u00a0\u00a0\u00a0\u00a0\u00a0\u00a0\u00a0\u00a0\u00a0\u00a0\u00a0\u00a0\u00a0\u00a0\u00a0\u00a0\u00a0\u00a0\u00a0\u00a0\u00a0\u00a0\u00a0\u00a0\u00a0\u00a0\u00a0\u00a0\u00a0\u00a0\u00a0\u00a0\u00a0\u00a0 \u00a0\u00a0\u00a0\u00a0\u00a0\u00a0\u00a0\u00a0\u00a0\u00a0\u00a0\u00a0\u00a0\u00a0\u00a0\u00a0\u00a0\u00a0\u00a0\u00a0Presidente<\/strong><\/p>\n","protected":false},"excerpt":{"rendered":"<p>Comunicado de Asamblea por parte de la Asociaci\u00f3n de Bomberos Voluntarios de Villa Ventana.<\/p>\n","protected":false},"author":3,"featured_media":0,"comment_status":"closed","ping_status":"open","sticky":false,"template":"","format":"standard","meta":{"footnotes":""},"categories":[26],"tags":[],"class_list":["post-6705","post","type-post","status-publish","format-standard","hentry","category-sociedad"],"yoast_head":"<!-- This site is optimized with the Yoast SEO plugin v25.9 - https:\/\/yoast.com\/wordpress\/plugins\/seo\/ -->\n<title>Convocatoria a Asamblea de la Asociaci\u00f3n de Bomberos Voluntarios de Villa Ventana - Noticias Radio Reflejos<\/title>\n<meta name=\"robots\" content=\"index, follow, max-snippet:-1, max-image-preview:large, max-video-preview:-1\" \/>\n<link rel=\"canonical\" href=\"https:\/\/www.noticiasradioreflejos.com.ar\/2021\/convocatoria-a-asamblea-de-la-asociacion-de-bomberos-voluntarios-de-villa-ventana\/\" \/>\n<meta property=\"og:locale\" content=\"es_ES\" \/>\n<meta property=\"og:type\" content=\"article\" \/>\n<meta property=\"og:title\" content=\"Convocatoria a Asamblea de la Asociaci\u00f3n de Bomberos Voluntarios de Villa Ventana - Noticias Radio Reflejos\" \/>\n<meta property=\"og:description\" content=\"Comunicado de Asamblea por parte de la Asociaci\u00f3n de Bomberos Voluntarios de Villa Ventana.\" \/>\n<meta property=\"og:url\" content=\"https:\/\/www.noticiasradioreflejos.com.ar\/2021\/convocatoria-a-asamblea-de-la-asociacion-de-bomberos-voluntarios-de-villa-ventana\/\" \/>\n<meta property=\"og:site_name\" content=\"Noticias Radio Reflejos\" \/>\n<meta property=\"article:published_time\" content=\"2017-02-08T13:00:38+00:00\" \/>\n<meta property=\"og:image\" content=\"https:\/\/www.noticiasradioreflejos.com.ar\/2021\/wp-content\/uploads\/2016\/12\/467_BV-Villa-dela-ventana-2001.jpg\" \/>\n\t<meta property=\"og:image:width\" content=\"200\" \/>\n\t<meta property=\"og:image:height\" content=\"200\" \/>\n\t<meta property=\"og:image:type\" content=\"image\/jpeg\" \/>\n<meta name=\"author\" content=\"Arnaldo Botto\" \/>\n<meta name=\"twitter:card\" content=\"summary_large_image\" \/>\n<script type=\"application\/ld+json\" class=\"yoast-schema-graph\">{\"@context\":\"https:\/\/schema.org\",\"@graph\":[{\"@type\":\"WebPage\",\"@id\":\"https:\/\/www.noticiasradioreflejos.com.ar\/2021\/convocatoria-a-asamblea-de-la-asociacion-de-bomberos-voluntarios-de-villa-ventana\/\",\"url\":\"https:\/\/www.noticiasradioreflejos.com.ar\/2021\/convocatoria-a-asamblea-de-la-asociacion-de-bomberos-voluntarios-de-villa-ventana\/\",\"name\":\"Convocatoria a Asamblea de la Asociaci\u00f3n de Bomberos Voluntarios de Villa Ventana - Noticias Radio Reflejos\",\"isPartOf\":{\"@id\":\"https:\/\/www.noticiasradioreflejos.com.ar\/2021\/#website\"},\"datePublished\":\"2017-02-08T13:00:38+00:00\",\"author\":{\"@id\":\"https:\/\/www.noticiasradioreflejos.com.ar\/2021\/#\/schema\/person\/ad82545263dcc5ec0996818884fd5fb1\"},\"breadcrumb\":{\"@id\":\"https:\/\/www.noticiasradioreflejos.com.ar\/2021\/convocatoria-a-asamblea-de-la-asociacion-de-bomberos-voluntarios-de-villa-ventana\/#breadcrumb\"},\"inLanguage\":\"es\",\"potentialAction\":[{\"@type\":\"ReadAction\",\"target\":[\"https:\/\/www.noticiasradioreflejos.com.ar\/2021\/convocatoria-a-asamblea-de-la-asociacion-de-bomberos-voluntarios-de-villa-ventana\/\"]}]},{\"@type\":\"BreadcrumbList\",\"@id\":\"https:\/\/www.noticiasradioreflejos.com.ar\/2021\/convocatoria-a-asamblea-de-la-asociacion-de-bomberos-voluntarios-de-villa-ventana\/#breadcrumb\",\"itemListElement\":[{\"@type\":\"ListItem\",\"position\":1,\"name\":\"Portada\",\"item\":\"https:\/\/www.noticiasradioreflejos.com.ar\/2021\/\"},{\"@type\":\"ListItem\",\"position\":2,\"name\":\"Convocatoria a Asamblea de la Asociaci\u00f3n de Bomberos Voluntarios de Villa Ventana\"}]},{\"@type\":\"WebSite\",\"@id\":\"https:\/\/www.noticiasradioreflejos.com.ar\/2021\/#website\",\"url\":\"https:\/\/www.noticiasradioreflejos.com.ar\/2021\/\",\"name\":\"Noticias Radio Reflejos\",\"description\":\"Las noticias de mi comarca\",\"potentialAction\":[{\"@type\":\"SearchAction\",\"target\":{\"@type\":\"EntryPoint\",\"urlTemplate\":\"https:\/\/www.noticiasradioreflejos.com.ar\/2021\/?s={search_term_string}\"},\"query-input\":{\"@type\":\"PropertyValueSpecification\",\"valueRequired\":true,\"valueName\":\"search_term_string\"}}],\"inLanguage\":\"es\"},{\"@type\":\"Person\",\"@id\":\"https:\/\/www.noticiasradioreflejos.com.ar\/2021\/#\/schema\/person\/ad82545263dcc5ec0996818884fd5fb1\",\"name\":\"Arnaldo Botto\",\"image\":{\"@type\":\"ImageObject\",\"inLanguage\":\"es\",\"@id\":\"https:\/\/www.noticiasradioreflejos.com.ar\/2021\/#\/schema\/person\/image\/\",\"url\":\"https:\/\/secure.gravatar.com\/avatar\/55cb5e37c1efa326397366e6974cb338056df65cb50e7d64d1cf314e87504837?s=96&d=mm&r=g\",\"contentUrl\":\"https:\/\/secure.gravatar.com\/avatar\/55cb5e37c1efa326397366e6974cb338056df65cb50e7d64d1cf314e87504837?s=96&d=mm&r=g\",\"caption\":\"Arnaldo Botto\"},\"url\":\"https:\/\/www.noticiasradioreflejos.com.ar\/2021\/author\/arnaldo\/\"}]}<\/script>\n<!-- \/ Yoast SEO plugin. -->","yoast_head_json":{"title":"Convocatoria a Asamblea de la Asociaci\u00f3n de Bomberos Voluntarios de Villa Ventana - Noticias Radio Reflejos","robots":{"index":"index","follow":"follow","max-snippet":"max-snippet:-1","max-image-preview":"max-image-preview:large","max-video-preview":"max-video-preview:-1"},"canonical":"https:\/\/www.noticiasradioreflejos.com.ar\/2021\/convocatoria-a-asamblea-de-la-asociacion-de-bomberos-voluntarios-de-villa-ventana\/","og_locale":"es_ES","og_type":"article","og_title":"Convocatoria a Asamblea de la Asociaci\u00f3n de Bomberos Voluntarios de Villa Ventana - Noticias Radio Reflejos","og_description":"Comunicado de Asamblea por parte de la Asociaci\u00f3n de Bomberos Voluntarios de Villa Ventana.","og_url":"https:\/\/www.noticiasradioreflejos.com.ar\/2021\/convocatoria-a-asamblea-de-la-asociacion-de-bomberos-voluntarios-de-villa-ventana\/","og_site_name":"Noticias Radio Reflejos","article_published_time":"2017-02-08T13:00:38+00:00","og_image":[{"width":200,"height":200,"url":"https:\/\/www.noticiasradioreflejos.com.ar\/2021\/wp-content\/uploads\/2016\/12\/467_BV-Villa-dela-ventana-2001.jpg","type":"image\/jpeg"}],"author":"Arnaldo Botto","twitter_card":"summary_large_image","schema":{"@context":"https:\/\/schema.org","@graph":[{"@type":"WebPage","@id":"https:\/\/www.noticiasradioreflejos.com.ar\/2021\/convocatoria-a-asamblea-de-la-asociacion-de-bomberos-voluntarios-de-villa-ventana\/","url":"https:\/\/www.noticiasradioreflejos.com.ar\/2021\/convocatoria-a-asamblea-de-la-asociacion-de-bomberos-voluntarios-de-villa-ventana\/","name":"Convocatoria a Asamblea de la Asociaci\u00f3n de Bomberos Voluntarios de Villa Ventana - Noticias Radio Reflejos","isPartOf":{"@id":"https:\/\/www.noticiasradioreflejos.com.ar\/2021\/#website"},"datePublished":"2017-02-08T13:00:38+00:00","author":{"@id":"https:\/\/www.noticiasradioreflejos.com.ar\/2021\/#\/schema\/person\/ad82545263dcc5ec0996818884fd5fb1"},"breadcrumb":{"@id":"https:\/\/www.noticiasradioreflejos.com.ar\/2021\/convocatoria-a-asamblea-de-la-asociacion-de-bomberos-voluntarios-de-villa-ventana\/#breadcrumb"},"inLanguage":"es","potentialAction":[{"@type":"ReadAction","target":["https:\/\/www.noticiasradioreflejos.com.ar\/2021\/convocatoria-a-asamblea-de-la-asociacion-de-bomberos-voluntarios-de-villa-ventana\/"]}]},{"@type":"BreadcrumbList","@id":"https:\/\/www.noticiasradioreflejos.com.ar\/2021\/convocatoria-a-asamblea-de-la-asociacion-de-bomberos-voluntarios-de-villa-ventana\/#breadcrumb","itemListElement":[{"@type":"ListItem","position":1,"name":"Portada","item":"https:\/\/www.noticiasradioreflejos.com.ar\/2021\/"},{"@type":"ListItem","position":2,"name":"Convocatoria a Asamblea de la Asociaci\u00f3n de Bomberos Voluntarios de Villa Ventana"}]},{"@type":"WebSite","@id":"https:\/\/www.noticiasradioreflejos.com.ar\/2021\/#website","url":"https:\/\/www.noticiasradioreflejos.com.ar\/2021\/","name":"Noticias Radio Reflejos","description":"Las noticias de mi comarca","potentialAction":[{"@type":"SearchAction","target":{"@type":"EntryPoint","urlTemplate":"https:\/\/www.noticiasradioreflejos.com.ar\/2021\/?s={search_term_string}"},"query-input":{"@type":"PropertyValueSpecification","valueRequired":true,"valueName":"search_term_string"}}],"inLanguage":"es"},{"@type":"Person","@id":"https:\/\/www.noticiasradioreflejos.com.ar\/2021\/#\/schema\/person\/ad82545263dcc5ec0996818884fd5fb1","name":"Arnaldo Botto","image":{"@type":"ImageObject","inLanguage":"es","@id":"https:\/\/www.noticiasradioreflejos.com.ar\/2021\/#\/schema\/person\/image\/","url":"https:\/\/secure.gravatar.com\/avatar\/55cb5e37c1efa326397366e6974cb338056df65cb50e7d64d1cf314e87504837?s=96&d=mm&r=g","contentUrl":"https:\/\/secure.gravatar.com\/avatar\/55cb5e37c1efa326397366e6974cb338056df65cb50e7d64d1cf314e87504837?s=96&d=mm&r=g","caption":"Arnaldo Botto"},"url":"https:\/\/www.noticiasradioreflejos.com.ar\/2021\/author\/arnaldo\/"}]}},"_links":{"self":[{"href":"https:\/\/www.noticiasradioreflejos.com.ar\/2021\/wp-json\/wp\/v2\/posts\/6705","targetHints":{"allow":["GET"]}}],"collection":[{"href":"https:\/\/www.noticiasradioreflejos.com.ar\/2021\/wp-json\/wp\/v2\/posts"}],"about":[{"href":"https:\/\/www.noticiasradioreflejos.com.ar\/2021\/wp-json\/wp\/v2\/types\/post"}],"author":[{"embeddable":true,"href":"https:\/\/www.noticiasradioreflejos.com.ar\/2021\/wp-json\/wp\/v2\/users\/3"}],"replies":[{"embeddable":true,"href":"https:\/\/www.noticiasradioreflejos.com.ar\/2021\/wp-json\/wp\/v2\/comments?post=6705"}],"version-history":[{"count":0,"href":"https:\/\/www.noticiasradioreflejos.com.ar\/2021\/wp-json\/wp\/v2\/posts\/6705\/revisions"}],"wp:attachment":[{"href":"https:\/\/www.noticiasradioreflejos.com.ar\/2021\/wp-json\/wp\/v2\/media?parent=6705"}],"wp:term":[{"taxonomy":"category","embeddable":true,"href":"https:\/\/www.noticiasradioreflejos.com.ar\/2021\/wp-json\/wp\/v2\/categories?post=6705"},{"taxonomy":"post_tag","embeddable":true,"href":"https:\/\/www.noticiasradioreflejos.com.ar\/2021\/wp-json\/wp\/v2\/tags?post=6705"}],"curies":[{"name":"wp","href":"https:\/\/api.w.org\/{rel}","templated":true}]}}