{"id":66985,"date":"2022-01-13T09:57:57","date_gmt":"2022-01-13T09:57:57","guid":{"rendered":"http:\/\/www.noticiasradioreflejos.com.ar\/2021\/?p=66985"},"modified":"2022-01-13T10:03:04","modified_gmt":"2022-01-13T10:03:04","slug":"desde-la-biblio-nos-gusta-hacer-como-un-pensar-en-comunidad-que-el-aniversario-del-pueblo-es-el-aniversario-de-todos-o-por-lo-menos-asi-deberiamos-sentirlo","status":"publish","type":"post","link":"https:\/\/www.noticiasradioreflejos.com.ar\/2021\/desde-la-biblio-nos-gusta-hacer-como-un-pensar-en-comunidad-que-el-aniversario-del-pueblo-es-el-aniversario-de-todos-o-por-lo-menos-asi-deberiamos-sentirlo\/","title":{"rendered":"\u00abDesde la Biblio nos gusta hacer como un pensar en comunidad que el aniversario del pueblo es el aniversario de todos, o por lo menos as\u00ed deber\u00edamos sentirlo\u00bb"},"content":{"rendered":"<p>El d\u00eda lunes 17 de enero Sierra de la Ventana cumple 114 a\u00f1os y la Biblioteca Mariano Moreno estar\u00e1 a cargo de la organizaci\u00f3n de la correspondiente celebraci\u00f3n. Esta ma\u00f1ana, conversamos con la Presidenta y trabajadora de la <strong>\u00abbiblio<\/strong>\u00ab, para que nos comparta detalles de lo que se podr\u00e1 disfrutar el pr\u00f3ximo domingo 16 y lunes 17 durante el festival aniversario.<!--more--><\/p>\n<p>\u00abDesde la Biblio nos gusta hacer como un pensar en comunidad que el aniversario del pueblo es el aniversario de todos, o por lo menos as\u00ed deber\u00edamos sentirlo\u00bb expres\u00f3 Erica al comenzar la nota.<\/p>\n<p>La entrevistada comenta que, gracias a un subsidio recibido por parte del Estado, cubrir\u00e1n los gastos de los artistas para armar un gran festival. \u00abUn poco la celebraci\u00f3n estuvo pensada desde ah\u00ed, como somos Biblioteca, la convocatoria arranc\u00f3 buscando escritores, narradores, de nuestra zona. Queremos hacer hincapi\u00e9 en que tenemos en la comunidad vecinos que escriben y saber qu\u00e9 es lo que escriben\u00bb.<\/p>\n<p>Erika mencion\u00f3 que, desde la biblioteca, tambi\u00e9n le interesa festejar con los turistas, es por eso que extender\u00e1n el aniversario al d\u00eda domingo 16 tambi\u00e9n donde habr\u00e1 un taller de circo seguido de un show circense. Adem\u00e1s, habr\u00e1n shows musicales para pasar la tarde-noche. \u00abHay mucha gente con ganas de celebrar, as\u00ed que un poco la propuesta es esa. Es una celebraci\u00f3n abierta, no hay consignas que nos separen\u00bb.<\/p>\n<p>Adem\u00e1s, la biblioteca estar\u00e1 presentando el d\u00eda Lunes el archivo hist\u00f3rico de la localidad de Sierra de la Ventana que se presentar\u00e1 mediante un proyector durante todo el d\u00eda. \u00abEsta todo nomenclado y digitalizado. Lo que estamos tratando de hacer es hacer la misma nomenclatura que tiene el archivo nacional para que podamos generar un registro que le dar\u00e1 visibilidad generando un archivo nacional fotogr\u00e1fico\u00bb explic\u00f3 Erika. Adem\u00e1s, agreg\u00f3 que uno de los lineamientos de esta celebraci\u00f3n tendr\u00e1 que ver con destacar la historia del pueblo para seguir conociendo a la comunidad.<\/p>\n<p>Nota completa a continuaci\u00f3n:<br \/>\n<iframe loading=\"lazy\" src=\"https:\/\/w.soundcloud.com\/player\/?url=https%3A\/\/api.soundcloud.com\/tracks\/1195072087&amp;color=%23ff5500&amp;auto_play=false&amp;hide_related=false&amp;show_comments=true&amp;show_user=true&amp;show_reposts=false&amp;show_teaser=true\" width=\"100%\" height=\"166\" frameborder=\"no\" scrolling=\"no\"><\/iframe><\/p>\n<div style=\"font-size: 10px; color: #cccccc; line-break: anywhere; word-break: normal; overflow: hidden; white-space: nowrap; text-overflow: ellipsis; font-family: Interstate,Lucida Grande,Lucida Sans Unicode,Lucida Sans,Garuda,Verdana,Tahoma,sans-serif; font-weight: 100;\"><a style=\"color: #cccccc; text-decoration: none;\" title=\"fmreflejos 103.7\" href=\"https:\/\/soundcloud.com\/fmreflejos-103-7\" target=\"_blank\" rel=\"noopener\">fmreflejos 103.7<\/a> \u00b7 <a style=\"color: #cccccc; text-decoration: none;\" title=\"Erica Vollers - 114 Aniversario de Sierra de la Ventana\" href=\"https:\/\/soundcloud.com\/fmreflejos-103-7\/erika-voller\" target=\"_blank\" rel=\"noopener\">Erica Vollers &#8211; 114 Aniversario de Sierra de la Ventana<\/a><\/div>\n<p><a title=\"WhatsApp Image 2022-01-09 at 13.04.02\" href=\"https:\/\/www.flickr.com\/photos\/182279889@N02\/51814428363\/in\/dateposted-public\/\" data-flickr-embed=\"true\"><img loading=\"lazy\" decoding=\"async\" src=\"https:\/\/live.staticflickr.com\/65535\/51814428363_6335c0c03c_c.jpg\" alt=\"WhatsApp Image 2022-01-09 at 13.04.02\" width=\"800\" height=\"799\" \/><\/a><script async src=\"\/\/embedr.flickr.com\/assets\/client-code.js\" charset=\"utf-8\"><\/script><\/p>\n","protected":false},"excerpt":{"rendered":"<p>El d\u00eda lunes 17 de enero Sierra de la Ventana cumple 114 a\u00f1os y la Biblioteca Mariano Moreno estar\u00e1 a cargo de la organizaci\u00f3n de la correspondiente celebraci\u00f3n. Esta ma\u00f1ana, conversamos con la Presidenta y trabajadora de la \u00abbiblio\u00ab, para que nos comparta detalles de lo que se podr\u00e1 disfrutar el pr\u00f3ximo domingo 16 y [&hellip;]<\/p>\n","protected":false},"author":3,"featured_media":28550,"comment_status":"closed","ping_status":"closed","sticky":false,"template":"","format":"standard","meta":{"footnotes":""},"categories":[35,26],"tags":[48],"class_list":["post-66985","post","type-post","status-publish","format-standard","has-post-thumbnail","hentry","category-cultura","category-sociedad","tag-destacada"],"yoast_head":"<!-- This site is optimized with the Yoast SEO plugin v25.9 - https:\/\/yoast.com\/wordpress\/plugins\/seo\/ -->\n<title>&quot;Desde la Biblio nos gusta hacer como un pensar en comunidad que el aniversario del pueblo es el aniversario de todos, o por lo menos as\u00ed deber\u00edamos sentirlo&quot; - Noticias Radio Reflejos<\/title>\n<meta name=\"robots\" content=\"index, follow, max-snippet:-1, max-image-preview:large, max-video-preview:-1\" \/>\n<link rel=\"canonical\" href=\"https:\/\/www.noticiasradioreflejos.com.ar\/2021\/desde-la-biblio-nos-gusta-hacer-como-un-pensar-en-comunidad-que-el-aniversario-del-pueblo-es-el-aniversario-de-todos-o-por-lo-menos-asi-deberiamos-sentirlo\/\" \/>\n<meta property=\"og:locale\" content=\"es_ES\" \/>\n<meta property=\"og:type\" content=\"article\" \/>\n<meta property=\"og:title\" content=\"&quot;Desde la Biblio nos gusta hacer como un pensar en comunidad que el aniversario del pueblo es el aniversario de todos, o por lo menos as\u00ed deber\u00edamos sentirlo&quot; - Noticias Radio Reflejos\" \/>\n<meta property=\"og:description\" content=\"El d\u00eda lunes 17 de enero Sierra de la Ventana cumple 114 a\u00f1os y la Biblioteca Mariano Moreno estar\u00e1 a cargo de la organizaci\u00f3n de la correspondiente celebraci\u00f3n. Esta ma\u00f1ana, conversamos con la Presidenta y trabajadora de la \u00abbiblio\u00ab, para que nos comparta detalles de lo que se podr\u00e1 disfrutar el pr\u00f3ximo domingo 16 y [&hellip;]\" \/>\n<meta property=\"og:url\" content=\"https:\/\/www.noticiasradioreflejos.com.ar\/2021\/desde-la-biblio-nos-gusta-hacer-como-un-pensar-en-comunidad-que-el-aniversario-del-pueblo-es-el-aniversario-de-todos-o-por-lo-menos-asi-deberiamos-sentirlo\/\" \/>\n<meta property=\"og:site_name\" content=\"Noticias Radio Reflejos\" \/>\n<meta property=\"article:published_time\" content=\"2022-01-13T09:57:57+00:00\" \/>\n<meta property=\"article:modified_time\" content=\"2022-01-13T10:03:04+00:00\" \/>\n<meta property=\"og:image\" content=\"https:\/\/www.noticiasradioreflejos.com.ar\/2021\/wp-content\/uploads\/2019\/01\/area-si.jpg\" \/>\n\t<meta property=\"og:image:width\" content=\"700\" \/>\n\t<meta property=\"og:image:height\" content=\"412\" \/>\n\t<meta property=\"og:image:type\" content=\"image\/jpeg\" \/>\n<meta name=\"author\" content=\"Arnaldo Botto\" \/>\n<meta name=\"twitter:card\" content=\"summary_large_image\" \/>\n<script type=\"application\/ld+json\" class=\"yoast-schema-graph\">{\"@context\":\"https:\/\/schema.org\",\"@graph\":[{\"@type\":\"WebPage\",\"@id\":\"https:\/\/www.noticiasradioreflejos.com.ar\/2021\/desde-la-biblio-nos-gusta-hacer-como-un-pensar-en-comunidad-que-el-aniversario-del-pueblo-es-el-aniversario-de-todos-o-por-lo-menos-asi-deberiamos-sentirlo\/\",\"url\":\"https:\/\/www.noticiasradioreflejos.com.ar\/2021\/desde-la-biblio-nos-gusta-hacer-como-un-pensar-en-comunidad-que-el-aniversario-del-pueblo-es-el-aniversario-de-todos-o-por-lo-menos-asi-deberiamos-sentirlo\/\",\"name\":\"\\\"Desde la Biblio nos gusta hacer como un pensar en comunidad que el aniversario del pueblo es el aniversario de todos, o por lo menos as\u00ed deber\u00edamos sentirlo\\\" - Noticias Radio Reflejos\",\"isPartOf\":{\"@id\":\"https:\/\/www.noticiasradioreflejos.com.ar\/2021\/#website\"},\"primaryImageOfPage\":{\"@id\":\"https:\/\/www.noticiasradioreflejos.com.ar\/2021\/desde-la-biblio-nos-gusta-hacer-como-un-pensar-en-comunidad-que-el-aniversario-del-pueblo-es-el-aniversario-de-todos-o-por-lo-menos-asi-deberiamos-sentirlo\/#primaryimage\"},\"image\":{\"@id\":\"https:\/\/www.noticiasradioreflejos.com.ar\/2021\/desde-la-biblio-nos-gusta-hacer-como-un-pensar-en-comunidad-que-el-aniversario-del-pueblo-es-el-aniversario-de-todos-o-por-lo-menos-asi-deberiamos-sentirlo\/#primaryimage\"},\"thumbnailUrl\":\"https:\/\/www.noticiasradioreflejos.com.ar\/2021\/wp-content\/uploads\/2019\/01\/area-si.jpg\",\"datePublished\":\"2022-01-13T09:57:57+00:00\",\"dateModified\":\"2022-01-13T10:03:04+00:00\",\"author\":{\"@id\":\"https:\/\/www.noticiasradioreflejos.com.ar\/2021\/#\/schema\/person\/ad82545263dcc5ec0996818884fd5fb1\"},\"breadcrumb\":{\"@id\":\"https:\/\/www.noticiasradioreflejos.com.ar\/2021\/desde-la-biblio-nos-gusta-hacer-como-un-pensar-en-comunidad-que-el-aniversario-del-pueblo-es-el-aniversario-de-todos-o-por-lo-menos-asi-deberiamos-sentirlo\/#breadcrumb\"},\"inLanguage\":\"es\",\"potentialAction\":[{\"@type\":\"ReadAction\",\"target\":[\"https:\/\/www.noticiasradioreflejos.com.ar\/2021\/desde-la-biblio-nos-gusta-hacer-como-un-pensar-en-comunidad-que-el-aniversario-del-pueblo-es-el-aniversario-de-todos-o-por-lo-menos-asi-deberiamos-sentirlo\/\"]}]},{\"@type\":\"ImageObject\",\"inLanguage\":\"es\",\"@id\":\"https:\/\/www.noticiasradioreflejos.com.ar\/2021\/desde-la-biblio-nos-gusta-hacer-como-un-pensar-en-comunidad-que-el-aniversario-del-pueblo-es-el-aniversario-de-todos-o-por-lo-menos-asi-deberiamos-sentirlo\/#primaryimage\",\"url\":\"https:\/\/www.noticiasradioreflejos.com.ar\/2021\/wp-content\/uploads\/2019\/01\/area-si.jpg\",\"contentUrl\":\"https:\/\/www.noticiasradioreflejos.com.ar\/2021\/wp-content\/uploads\/2019\/01\/area-si.jpg\",\"width\":700,\"height\":412},{\"@type\":\"BreadcrumbList\",\"@id\":\"https:\/\/www.noticiasradioreflejos.com.ar\/2021\/desde-la-biblio-nos-gusta-hacer-como-un-pensar-en-comunidad-que-el-aniversario-del-pueblo-es-el-aniversario-de-todos-o-por-lo-menos-asi-deberiamos-sentirlo\/#breadcrumb\",\"itemListElement\":[{\"@type\":\"ListItem\",\"position\":1,\"name\":\"Portada\",\"item\":\"https:\/\/www.noticiasradioreflejos.com.ar\/2021\/\"},{\"@type\":\"ListItem\",\"position\":2,\"name\":\"\u00abDesde la Biblio nos gusta hacer como un pensar en comunidad que el aniversario del pueblo es el aniversario de todos, o por lo menos as\u00ed deber\u00edamos sentirlo\u00bb\"}]},{\"@type\":\"WebSite\",\"@id\":\"https:\/\/www.noticiasradioreflejos.com.ar\/2021\/#website\",\"url\":\"https:\/\/www.noticiasradioreflejos.com.ar\/2021\/\",\"name\":\"Noticias Radio Reflejos\",\"description\":\"Las noticias de mi comarca\",\"potentialAction\":[{\"@type\":\"SearchAction\",\"target\":{\"@type\":\"EntryPoint\",\"urlTemplate\":\"https:\/\/www.noticiasradioreflejos.com.ar\/2021\/?s={search_term_string}\"},\"query-input\":{\"@type\":\"PropertyValueSpecification\",\"valueRequired\":true,\"valueName\":\"search_term_string\"}}],\"inLanguage\":\"es\"},{\"@type\":\"Person\",\"@id\":\"https:\/\/www.noticiasradioreflejos.com.ar\/2021\/#\/schema\/person\/ad82545263dcc5ec0996818884fd5fb1\",\"name\":\"Arnaldo Botto\",\"image\":{\"@type\":\"ImageObject\",\"inLanguage\":\"es\",\"@id\":\"https:\/\/www.noticiasradioreflejos.com.ar\/2021\/#\/schema\/person\/image\/\",\"url\":\"https:\/\/secure.gravatar.com\/avatar\/55cb5e37c1efa326397366e6974cb338056df65cb50e7d64d1cf314e87504837?s=96&d=mm&r=g\",\"contentUrl\":\"https:\/\/secure.gravatar.com\/avatar\/55cb5e37c1efa326397366e6974cb338056df65cb50e7d64d1cf314e87504837?s=96&d=mm&r=g\",\"caption\":\"Arnaldo Botto\"},\"url\":\"https:\/\/www.noticiasradioreflejos.com.ar\/2021\/author\/arnaldo\/\"}]}<\/script>\n<!-- \/ Yoast SEO plugin. -->","yoast_head_json":{"title":"\"Desde la Biblio nos gusta hacer como un pensar en comunidad que el aniversario del pueblo es el aniversario de todos, o por lo menos as\u00ed deber\u00edamos sentirlo\" - Noticias Radio Reflejos","robots":{"index":"index","follow":"follow","max-snippet":"max-snippet:-1","max-image-preview":"max-image-preview:large","max-video-preview":"max-video-preview:-1"},"canonical":"https:\/\/www.noticiasradioreflejos.com.ar\/2021\/desde-la-biblio-nos-gusta-hacer-como-un-pensar-en-comunidad-que-el-aniversario-del-pueblo-es-el-aniversario-de-todos-o-por-lo-menos-asi-deberiamos-sentirlo\/","og_locale":"es_ES","og_type":"article","og_title":"\"Desde la Biblio nos gusta hacer como un pensar en comunidad que el aniversario del pueblo es el aniversario de todos, o por lo menos as\u00ed deber\u00edamos sentirlo\" - Noticias Radio Reflejos","og_description":"El d\u00eda lunes 17 de enero Sierra de la Ventana cumple 114 a\u00f1os y la Biblioteca Mariano Moreno estar\u00e1 a cargo de la organizaci\u00f3n de la correspondiente celebraci\u00f3n. Esta ma\u00f1ana, conversamos con la Presidenta y trabajadora de la \u00abbiblio\u00ab, para que nos comparta detalles de lo que se podr\u00e1 disfrutar el pr\u00f3ximo domingo 16 y [&hellip;]","og_url":"https:\/\/www.noticiasradioreflejos.com.ar\/2021\/desde-la-biblio-nos-gusta-hacer-como-un-pensar-en-comunidad-que-el-aniversario-del-pueblo-es-el-aniversario-de-todos-o-por-lo-menos-asi-deberiamos-sentirlo\/","og_site_name":"Noticias Radio Reflejos","article_published_time":"2022-01-13T09:57:57+00:00","article_modified_time":"2022-01-13T10:03:04+00:00","og_image":[{"width":700,"height":412,"url":"https:\/\/www.noticiasradioreflejos.com.ar\/2021\/wp-content\/uploads\/2019\/01\/area-si.jpg","type":"image\/jpeg"}],"author":"Arnaldo Botto","twitter_card":"summary_large_image","schema":{"@context":"https:\/\/schema.org","@graph":[{"@type":"WebPage","@id":"https:\/\/www.noticiasradioreflejos.com.ar\/2021\/desde-la-biblio-nos-gusta-hacer-como-un-pensar-en-comunidad-que-el-aniversario-del-pueblo-es-el-aniversario-de-todos-o-por-lo-menos-asi-deberiamos-sentirlo\/","url":"https:\/\/www.noticiasradioreflejos.com.ar\/2021\/desde-la-biblio-nos-gusta-hacer-como-un-pensar-en-comunidad-que-el-aniversario-del-pueblo-es-el-aniversario-de-todos-o-por-lo-menos-asi-deberiamos-sentirlo\/","name":"\"Desde la Biblio nos gusta hacer como un pensar en comunidad que el aniversario del pueblo es el aniversario de todos, o por lo menos as\u00ed deber\u00edamos sentirlo\" - Noticias Radio Reflejos","isPartOf":{"@id":"https:\/\/www.noticiasradioreflejos.com.ar\/2021\/#website"},"primaryImageOfPage":{"@id":"https:\/\/www.noticiasradioreflejos.com.ar\/2021\/desde-la-biblio-nos-gusta-hacer-como-un-pensar-en-comunidad-que-el-aniversario-del-pueblo-es-el-aniversario-de-todos-o-por-lo-menos-asi-deberiamos-sentirlo\/#primaryimage"},"image":{"@id":"https:\/\/www.noticiasradioreflejos.com.ar\/2021\/desde-la-biblio-nos-gusta-hacer-como-un-pensar-en-comunidad-que-el-aniversario-del-pueblo-es-el-aniversario-de-todos-o-por-lo-menos-asi-deberiamos-sentirlo\/#primaryimage"},"thumbnailUrl":"https:\/\/www.noticiasradioreflejos.com.ar\/2021\/wp-content\/uploads\/2019\/01\/area-si.jpg","datePublished":"2022-01-13T09:57:57+00:00","dateModified":"2022-01-13T10:03:04+00:00","author":{"@id":"https:\/\/www.noticiasradioreflejos.com.ar\/2021\/#\/schema\/person\/ad82545263dcc5ec0996818884fd5fb1"},"breadcrumb":{"@id":"https:\/\/www.noticiasradioreflejos.com.ar\/2021\/desde-la-biblio-nos-gusta-hacer-como-un-pensar-en-comunidad-que-el-aniversario-del-pueblo-es-el-aniversario-de-todos-o-por-lo-menos-asi-deberiamos-sentirlo\/#breadcrumb"},"inLanguage":"es","potentialAction":[{"@type":"ReadAction","target":["https:\/\/www.noticiasradioreflejos.com.ar\/2021\/desde-la-biblio-nos-gusta-hacer-como-un-pensar-en-comunidad-que-el-aniversario-del-pueblo-es-el-aniversario-de-todos-o-por-lo-menos-asi-deberiamos-sentirlo\/"]}]},{"@type":"ImageObject","inLanguage":"es","@id":"https:\/\/www.noticiasradioreflejos.com.ar\/2021\/desde-la-biblio-nos-gusta-hacer-como-un-pensar-en-comunidad-que-el-aniversario-del-pueblo-es-el-aniversario-de-todos-o-por-lo-menos-asi-deberiamos-sentirlo\/#primaryimage","url":"https:\/\/www.noticiasradioreflejos.com.ar\/2021\/wp-content\/uploads\/2019\/01\/area-si.jpg","contentUrl":"https:\/\/www.noticiasradioreflejos.com.ar\/2021\/wp-content\/uploads\/2019\/01\/area-si.jpg","width":700,"height":412},{"@type":"BreadcrumbList","@id":"https:\/\/www.noticiasradioreflejos.com.ar\/2021\/desde-la-biblio-nos-gusta-hacer-como-un-pensar-en-comunidad-que-el-aniversario-del-pueblo-es-el-aniversario-de-todos-o-por-lo-menos-asi-deberiamos-sentirlo\/#breadcrumb","itemListElement":[{"@type":"ListItem","position":1,"name":"Portada","item":"https:\/\/www.noticiasradioreflejos.com.ar\/2021\/"},{"@type":"ListItem","position":2,"name":"\u00abDesde la Biblio nos gusta hacer como un pensar en comunidad que el aniversario del pueblo es el aniversario de todos, o por lo menos as\u00ed deber\u00edamos sentirlo\u00bb"}]},{"@type":"WebSite","@id":"https:\/\/www.noticiasradioreflejos.com.ar\/2021\/#website","url":"https:\/\/www.noticiasradioreflejos.com.ar\/2021\/","name":"Noticias Radio Reflejos","description":"Las noticias de mi comarca","potentialAction":[{"@type":"SearchAction","target":{"@type":"EntryPoint","urlTemplate":"https:\/\/www.noticiasradioreflejos.com.ar\/2021\/?s={search_term_string}"},"query-input":{"@type":"PropertyValueSpecification","valueRequired":true,"valueName":"search_term_string"}}],"inLanguage":"es"},{"@type":"Person","@id":"https:\/\/www.noticiasradioreflejos.com.ar\/2021\/#\/schema\/person\/ad82545263dcc5ec0996818884fd5fb1","name":"Arnaldo Botto","image":{"@type":"ImageObject","inLanguage":"es","@id":"https:\/\/www.noticiasradioreflejos.com.ar\/2021\/#\/schema\/person\/image\/","url":"https:\/\/secure.gravatar.com\/avatar\/55cb5e37c1efa326397366e6974cb338056df65cb50e7d64d1cf314e87504837?s=96&d=mm&r=g","contentUrl":"https:\/\/secure.gravatar.com\/avatar\/55cb5e37c1efa326397366e6974cb338056df65cb50e7d64d1cf314e87504837?s=96&d=mm&r=g","caption":"Arnaldo Botto"},"url":"https:\/\/www.noticiasradioreflejos.com.ar\/2021\/author\/arnaldo\/"}]}},"_links":{"self":[{"href":"https:\/\/www.noticiasradioreflejos.com.ar\/2021\/wp-json\/wp\/v2\/posts\/66985","targetHints":{"allow":["GET"]}}],"collection":[{"href":"https:\/\/www.noticiasradioreflejos.com.ar\/2021\/wp-json\/wp\/v2\/posts"}],"about":[{"href":"https:\/\/www.noticiasradioreflejos.com.ar\/2021\/wp-json\/wp\/v2\/types\/post"}],"author":[{"embeddable":true,"href":"https:\/\/www.noticiasradioreflejos.com.ar\/2021\/wp-json\/wp\/v2\/users\/3"}],"replies":[{"embeddable":true,"href":"https:\/\/www.noticiasradioreflejos.com.ar\/2021\/wp-json\/wp\/v2\/comments?post=66985"}],"version-history":[{"count":5,"href":"https:\/\/www.noticiasradioreflejos.com.ar\/2021\/wp-json\/wp\/v2\/posts\/66985\/revisions"}],"predecessor-version":[{"id":67004,"href":"https:\/\/www.noticiasradioreflejos.com.ar\/2021\/wp-json\/wp\/v2\/posts\/66985\/revisions\/67004"}],"wp:featuredmedia":[{"embeddable":true,"href":"https:\/\/www.noticiasradioreflejos.com.ar\/2021\/wp-json\/wp\/v2\/media\/28550"}],"wp:attachment":[{"href":"https:\/\/www.noticiasradioreflejos.com.ar\/2021\/wp-json\/wp\/v2\/media?parent=66985"}],"wp:term":[{"taxonomy":"category","embeddable":true,"href":"https:\/\/www.noticiasradioreflejos.com.ar\/2021\/wp-json\/wp\/v2\/categories?post=66985"},{"taxonomy":"post_tag","embeddable":true,"href":"https:\/\/www.noticiasradioreflejos.com.ar\/2021\/wp-json\/wp\/v2\/tags?post=66985"}],"curies":[{"name":"wp","href":"https:\/\/api.w.org\/{rel}","templated":true}]}}