{"id":66888,"date":"2022-01-10T22:35:22","date_gmt":"2022-01-10T22:35:22","guid":{"rendered":"http:\/\/www.noticiasradioreflejos.com.ar\/2021\/?p=66888"},"modified":"2022-01-10T22:35:22","modified_gmt":"2022-01-10T22:35:22","slug":"ola-de-calor-santiago-del-estero-y-bahia-blanca-superaron-los-40-grados-este-lunes","status":"publish","type":"post","link":"https:\/\/www.noticiasradioreflejos.com.ar\/2021\/ola-de-calor-santiago-del-estero-y-bahia-blanca-superaron-los-40-grados-este-lunes\/","title":{"rendered":"Ola de calor: Santiago del Estero y Bah\u00eda Blanca superaron los 40 grados este lunes"},"content":{"rendered":"<p>La<a href=\"https:\/\/www.pagina12.com.ar\/394415-el-servicio-meteorologico-nacional-emitio-alertas-por-la-ola\">\u00a0\u00abextraordinaria ola de calor\u00bb<\/a>\u00a0que afectar\u00e1 a la mayor parte del pa\u00eds comenz\u00f3 a hacerse sentir: este lunes,<b>\u00a0Bah\u00eda Blanca\u00a0<\/b>registr\u00f3 una m\u00e1xima de<b>\u00a041 grados<\/b>, mientras que\u00a0<b>Santiago del Estero\u00a0<\/b>y\u00a0<b>San Fernando del Valle de Catamarca\u00a0<\/b>debieron soportar temperaturas de\u00a0<b>40,2<\/b>\u00a0y\u00a0<b>40\u00a0<\/b>respectivamente.<!--more--><\/p>\n<div class=\"section-2-col article-main-content\">\n<div class=\"col 2-col\">\n<div class=\"article-main-content article-text \">\n<p>Los datos, aportados por los distintos observatorios meteorol\u00f3gicos del pa\u00eds, corresponden a mediciones realizadas a las 15, horario en que la\u00a0<b>Ciudad Aut\u00f3noma de Buenos Aires<\/b>\u00a0marcaba una temperatura de<b>\u00a034,3 grados<\/b>.<\/p>\n<div id=\"talkFireEvent\"><\/div>\n<div align=\"center\">\n<article class=\"embedded-entity\">\n<article class=\"media media--type-image media--view-mode-single-media-image-460\">\n<div class=\"field field--name-field-media-image field--type-image field--label-hidden field__item\"><img loading=\"lazy\" decoding=\"async\" class=\"image-style-width960\" src=\"https:\/\/images.pagina12.com.ar\/styles\/width960\/public\/2022-01\/303483-calor-caba-lombardo.jpg?itok=hTuOSvwk\" width=\"960\" height=\"540\" \/><\/div>\n<\/article>\n<\/article>\n<\/div>\n<p><i>Guadalupe Lombardo<\/i><\/p>\n<p>Seg\u00fan el Servicio Meteorol\u00f3gico Nacional (SMN), tambi\u00e9n registraban un clima muy caluroso, con m\u00e1ximas previstas a partir de los 35 grados, las provincias de\u00a0<b>C\u00f3rdoba, Tucum\u00e1n, Santa Fe, Entre R\u00edos, Neuqu\u00e9n y R\u00edo Negro.<\/b><\/p>\n<h2>Ola de calor<\/h2>\n<p>En los pr\u00f3ximos d\u00edas, el pa\u00eds se ver\u00e1 afectado por una intensa ola de calor, con\u00a0<b>temperaturas m\u00e1ximas entre los 35 y los 42 grados<\/b>, que podr\u00edan ubicar a la Argentina como el lugar m\u00e1s c\u00e1lido del planeta.<\/p>\n<p>Seg\u00fan explic\u00f3\u00a0Cindy Fern\u00e1ndez, meteor\u00f3loga del SMN, la ola de calor pronosticada para esta semana est\u00e1 causada por una<b>\u00a0masa de aire c\u00e1lido que atravesar\u00e1 el pa\u00eds desde el norte de la Patagonia hasta el norte del territorio nacional<\/b>.<\/p>\n<p>\u00abNo es algo totalmente at\u00edpico, ya ocurri\u00f3 este a\u00f1o el 1 de enero en Santiago del Estero\u00bb, advirti\u00f3 Fern\u00e1ndez, quien explic\u00f3 que esto se debe a que \u00abcasi todos los pa\u00edses est\u00e1n en el hemisferio norte, que est\u00e1 en pleno invierno ahora\u00bb.<\/p>\n<p>En este fen\u00f3meno se combinan \u00abuna serie de factores\u00bb, se\u00f1al\u00f3. \u00abPor un lado, tenemos un<b>\u00a0sistema de alta presi\u00f3n<\/b>\u00a0muy intenso que est\u00e1, en parte, afectando el norte y centro de Argentina, y permite el\u00a0<b>ingreso de una masa de aire c\u00e1lida desde el norte<\/b>\u00ab. Por otro lado,\u00a0<b>no hay presencia de frentes fr\u00edos<\/b>. Se suman, adem\u00e1s, dos condiciones: el cielo despejado y una \u00e9poca del a\u00f1o donde la insolaci\u00f3n es elevada.<\/p>\n<p>\u00abSe espera que esta ola de calor sea equiparable a olas de calor extraordinarias que hayamos tenido en la Argentina\u00bb, indic\u00f3 la especialista, quien precis\u00f3 que para que se considere\u00a0<b>ola de calor\u00a0<\/b>deben darse al menos\u00a0<b>tres d\u00edas consecutivos con temperaturas m\u00e1ximas y m\u00ednimas superiores a los valores umbrales de cada localidad<\/b>.<\/p>\n<p>En CABA, se esperan marcas t\u00e9rmicas para este jueves que rondar\u00e1n los 40. En la ciudad, la \u00faltima ola de calor ocurri\u00f3 en 2013 y dur\u00f3 nueve d\u00edas, mientras que la anterior se hab\u00eda registrado\u00a0<a href=\"https:\/\/www.pagina12.com.ar\/394272-la-historia-del-dia-con-mas-calor-en-buenos-aires-once-muert\">en 1957<\/a>, donde se alcanz\u00f3 una temperatura de 43 grados.<\/p>\n<p>Para Fern\u00e1ndez, lo m\u00e1s destacado\u00bb de este fen\u00f3meno no son solamente las marcas t\u00e9rmicas m\u00e1ximas elevadas, sino tambi\u00e9n que<b>\u00a0las temperaturas m\u00ednimas tambi\u00e9n van a ser muy altas, \u00abpor encima de los 25 grados, en pr\u00e1cticamente todo el pa\u00eds\u00bb<\/b>.<\/p>\n<p><b>\u00abEsto hace que durante la noche el cuerpo no descanse bien y que las noches sean muy calurosas\u00bb<\/b>, alert\u00f3 la meteor\u00f3loga, quien adelant\u00f3 que es posible que, en varios puntos del centro del pa\u00eds, como la provincia de Buenos Aires, parte de La Pampa, C\u00f3rdoba y Santa Fe, se alcancen los 40 grados y \u00abse mantengan esas temperaturas de m\u00e1xima durante toda la semana\u00bb.<\/p>\n<h2>Alertas<\/h2>\n<p>Desde el domingo, rige un\u00a0<b>alerta naranja\u00a0<\/b>para el oeste de Chubut y de La Pampa, este de R\u00edo Negro, sudeste de Buenos Aires, sur de Mendoza y norte de Neuqu\u00e9n, con marcas t\u00e9rmicas \u00abque\u00a0<b>pueden ser\u00a0muy peligrosas<\/b>, especialmente para los grupos de riesgo\u00bb, seg\u00fan las indicaciones del SMN.<\/p>\n<p>El organismo mantiene vigente otra advertencia del Sistema de Alerta Temprana (SAP) por temperaturas extremas de\u00a0<b>nivel amarillo\u00a0<\/b>para el oeste de R\u00edo Negro, sur de Neuqu\u00e9n, noroeste de Santa Fe, sudeste de Santiago del Estero, casi la totalidad de La Pampa y las provincias de Buenos Aires, Entre R\u00edos, C\u00f3rdoba, San Luis, San Juan, La Rioja, Catamarca y Tucum\u00e1n.<\/p>\n<div align=\"center\">\n<article class=\"embedded-entity\">\n<article class=\"media media--type-image media--view-mode-single-media-image-460\">\n<div class=\"field field--name-field-media-image field--type-image field--label-hidden field__item\"><img loading=\"lazy\" decoding=\"async\" class=\"image-style-width960\" src=\"https:\/\/images.pagina12.com.ar\/styles\/width960\/public\/2022-01\/303483-calor-santa-20fe-t-c3-a9lam.jpg?itok=PM2I1T2x\" width=\"960\" height=\"540\" \/><\/div>\n<\/article>\n<\/article>\n<\/div>\n<p><i>T\u00e9lam<\/i><\/p>\n<p>Esta categorizaci\u00f3n del SMN establece que las temperaturas esperadas \u00abpueden ser peligrosas, sobre todo para los grupos de riesgo, como beb\u00e9s y ni\u00f1os peque\u00f1os, mayores de 65 a\u00f1os y personas con enfermedades cr\u00f3nicas\u00bb.<\/p>\n<\/div>\n<\/div>\n<\/div>\n","protected":false},"excerpt":{"rendered":"<p>La\u00a0\u00abextraordinaria ola de calor\u00bb\u00a0que afectar\u00e1 a la mayor parte del pa\u00eds comenz\u00f3 a hacerse sentir: este lunes,\u00a0Bah\u00eda Blanca\u00a0registr\u00f3 una m\u00e1xima de\u00a041 grados, mientras que\u00a0Santiago del Estero\u00a0y\u00a0San Fernando del Valle de Catamarca\u00a0debieron soportar temperaturas de\u00a040,2\u00a0y\u00a040\u00a0respectivamente.<\/p>\n","protected":false},"author":3,"featured_media":0,"comment_status":"closed","ping_status":"closed","sticky":false,"template":"","format":"standard","meta":{"footnotes":""},"categories":[46,26],"tags":[],"class_list":["post-66888","post","type-post","status-publish","format-standard","hentry","category-ciencia-y-tecnologia","category-sociedad"],"yoast_head":"<!-- This site is optimized with the Yoast SEO plugin v25.9 - https:\/\/yoast.com\/wordpress\/plugins\/seo\/ -->\n<title>Ola de calor: Santiago del Estero y Bah\u00eda Blanca superaron los 40 grados este lunes - Noticias Radio Reflejos<\/title>\n<meta name=\"robots\" content=\"index, follow, max-snippet:-1, max-image-preview:large, max-video-preview:-1\" \/>\n<link rel=\"canonical\" href=\"https:\/\/www.noticiasradioreflejos.com.ar\/2021\/ola-de-calor-santiago-del-estero-y-bahia-blanca-superaron-los-40-grados-este-lunes\/\" \/>\n<meta property=\"og:locale\" content=\"es_ES\" \/>\n<meta property=\"og:type\" content=\"article\" \/>\n<meta property=\"og:title\" content=\"Ola de calor: Santiago del Estero y Bah\u00eda Blanca superaron los 40 grados este lunes - Noticias Radio Reflejos\" \/>\n<meta property=\"og:description\" content=\"La\u00a0\u00abextraordinaria ola de calor\u00bb\u00a0que afectar\u00e1 a la mayor parte del pa\u00eds comenz\u00f3 a hacerse sentir: este lunes,\u00a0Bah\u00eda Blanca\u00a0registr\u00f3 una m\u00e1xima de\u00a041 grados, mientras que\u00a0Santiago del Estero\u00a0y\u00a0San Fernando del Valle de Catamarca\u00a0debieron soportar temperaturas de\u00a040,2\u00a0y\u00a040\u00a0respectivamente.\" \/>\n<meta property=\"og:url\" content=\"https:\/\/www.noticiasradioreflejos.com.ar\/2021\/ola-de-calor-santiago-del-estero-y-bahia-blanca-superaron-los-40-grados-este-lunes\/\" \/>\n<meta property=\"og:site_name\" content=\"Noticias Radio Reflejos\" \/>\n<meta property=\"article:published_time\" content=\"2022-01-10T22:35:22+00:00\" \/>\n<meta property=\"og:image\" content=\"https:\/\/images.pagina12.com.ar\/styles\/width960\/public\/2022-01\/303483-calor-caba-lombardo.jpg?itok=hTuOSvwk\" \/>\n<meta name=\"author\" content=\"Arnaldo Botto\" \/>\n<meta name=\"twitter:card\" content=\"summary_large_image\" \/>\n<script type=\"application\/ld+json\" class=\"yoast-schema-graph\">{\"@context\":\"https:\/\/schema.org\",\"@graph\":[{\"@type\":\"WebPage\",\"@id\":\"https:\/\/www.noticiasradioreflejos.com.ar\/2021\/ola-de-calor-santiago-del-estero-y-bahia-blanca-superaron-los-40-grados-este-lunes\/\",\"url\":\"https:\/\/www.noticiasradioreflejos.com.ar\/2021\/ola-de-calor-santiago-del-estero-y-bahia-blanca-superaron-los-40-grados-este-lunes\/\",\"name\":\"Ola de calor: Santiago del Estero y Bah\u00eda Blanca superaron los 40 grados este lunes - Noticias Radio Reflejos\",\"isPartOf\":{\"@id\":\"https:\/\/www.noticiasradioreflejos.com.ar\/2021\/#website\"},\"primaryImageOfPage\":{\"@id\":\"https:\/\/www.noticiasradioreflejos.com.ar\/2021\/ola-de-calor-santiago-del-estero-y-bahia-blanca-superaron-los-40-grados-este-lunes\/#primaryimage\"},\"image\":{\"@id\":\"https:\/\/www.noticiasradioreflejos.com.ar\/2021\/ola-de-calor-santiago-del-estero-y-bahia-blanca-superaron-los-40-grados-este-lunes\/#primaryimage\"},\"thumbnailUrl\":\"https:\/\/images.pagina12.com.ar\/styles\/width960\/public\/2022-01\/303483-calor-caba-lombardo.jpg?itok=hTuOSvwk\",\"datePublished\":\"2022-01-10T22:35:22+00:00\",\"author\":{\"@id\":\"https:\/\/www.noticiasradioreflejos.com.ar\/2021\/#\/schema\/person\/ad82545263dcc5ec0996818884fd5fb1\"},\"breadcrumb\":{\"@id\":\"https:\/\/www.noticiasradioreflejos.com.ar\/2021\/ola-de-calor-santiago-del-estero-y-bahia-blanca-superaron-los-40-grados-este-lunes\/#breadcrumb\"},\"inLanguage\":\"es\",\"potentialAction\":[{\"@type\":\"ReadAction\",\"target\":[\"https:\/\/www.noticiasradioreflejos.com.ar\/2021\/ola-de-calor-santiago-del-estero-y-bahia-blanca-superaron-los-40-grados-este-lunes\/\"]}]},{\"@type\":\"ImageObject\",\"inLanguage\":\"es\",\"@id\":\"https:\/\/www.noticiasradioreflejos.com.ar\/2021\/ola-de-calor-santiago-del-estero-y-bahia-blanca-superaron-los-40-grados-este-lunes\/#primaryimage\",\"url\":\"https:\/\/images.pagina12.com.ar\/styles\/width960\/public\/2022-01\/303483-calor-caba-lombardo.jpg?itok=hTuOSvwk\",\"contentUrl\":\"https:\/\/images.pagina12.com.ar\/styles\/width960\/public\/2022-01\/303483-calor-caba-lombardo.jpg?itok=hTuOSvwk\"},{\"@type\":\"BreadcrumbList\",\"@id\":\"https:\/\/www.noticiasradioreflejos.com.ar\/2021\/ola-de-calor-santiago-del-estero-y-bahia-blanca-superaron-los-40-grados-este-lunes\/#breadcrumb\",\"itemListElement\":[{\"@type\":\"ListItem\",\"position\":1,\"name\":\"Portada\",\"item\":\"https:\/\/www.noticiasradioreflejos.com.ar\/2021\/\"},{\"@type\":\"ListItem\",\"position\":2,\"name\":\"Ola de calor: Santiago del Estero y Bah\u00eda Blanca superaron los 40 grados este lunes\"}]},{\"@type\":\"WebSite\",\"@id\":\"https:\/\/www.noticiasradioreflejos.com.ar\/2021\/#website\",\"url\":\"https:\/\/www.noticiasradioreflejos.com.ar\/2021\/\",\"name\":\"Noticias Radio Reflejos\",\"description\":\"Las noticias de mi comarca\",\"potentialAction\":[{\"@type\":\"SearchAction\",\"target\":{\"@type\":\"EntryPoint\",\"urlTemplate\":\"https:\/\/www.noticiasradioreflejos.com.ar\/2021\/?s={search_term_string}\"},\"query-input\":{\"@type\":\"PropertyValueSpecification\",\"valueRequired\":true,\"valueName\":\"search_term_string\"}}],\"inLanguage\":\"es\"},{\"@type\":\"Person\",\"@id\":\"https:\/\/www.noticiasradioreflejos.com.ar\/2021\/#\/schema\/person\/ad82545263dcc5ec0996818884fd5fb1\",\"name\":\"Arnaldo Botto\",\"image\":{\"@type\":\"ImageObject\",\"inLanguage\":\"es\",\"@id\":\"https:\/\/www.noticiasradioreflejos.com.ar\/2021\/#\/schema\/person\/image\/\",\"url\":\"https:\/\/secure.gravatar.com\/avatar\/55cb5e37c1efa326397366e6974cb338056df65cb50e7d64d1cf314e87504837?s=96&d=mm&r=g\",\"contentUrl\":\"https:\/\/secure.gravatar.com\/avatar\/55cb5e37c1efa326397366e6974cb338056df65cb50e7d64d1cf314e87504837?s=96&d=mm&r=g\",\"caption\":\"Arnaldo Botto\"},\"url\":\"https:\/\/www.noticiasradioreflejos.com.ar\/2021\/author\/arnaldo\/\"}]}<\/script>\n<!-- \/ Yoast SEO plugin. -->","yoast_head_json":{"title":"Ola de calor: Santiago del Estero y Bah\u00eda Blanca superaron los 40 grados este lunes - Noticias Radio Reflejos","robots":{"index":"index","follow":"follow","max-snippet":"max-snippet:-1","max-image-preview":"max-image-preview:large","max-video-preview":"max-video-preview:-1"},"canonical":"https:\/\/www.noticiasradioreflejos.com.ar\/2021\/ola-de-calor-santiago-del-estero-y-bahia-blanca-superaron-los-40-grados-este-lunes\/","og_locale":"es_ES","og_type":"article","og_title":"Ola de calor: Santiago del Estero y Bah\u00eda Blanca superaron los 40 grados este lunes - Noticias Radio Reflejos","og_description":"La\u00a0\u00abextraordinaria ola de calor\u00bb\u00a0que afectar\u00e1 a la mayor parte del pa\u00eds comenz\u00f3 a hacerse sentir: este lunes,\u00a0Bah\u00eda Blanca\u00a0registr\u00f3 una m\u00e1xima de\u00a041 grados, mientras que\u00a0Santiago del Estero\u00a0y\u00a0San Fernando del Valle de Catamarca\u00a0debieron soportar temperaturas de\u00a040,2\u00a0y\u00a040\u00a0respectivamente.","og_url":"https:\/\/www.noticiasradioreflejos.com.ar\/2021\/ola-de-calor-santiago-del-estero-y-bahia-blanca-superaron-los-40-grados-este-lunes\/","og_site_name":"Noticias Radio Reflejos","article_published_time":"2022-01-10T22:35:22+00:00","og_image":[{"url":"https:\/\/images.pagina12.com.ar\/styles\/width960\/public\/2022-01\/303483-calor-caba-lombardo.jpg?itok=hTuOSvwk","type":"","width":"","height":""}],"author":"Arnaldo Botto","twitter_card":"summary_large_image","schema":{"@context":"https:\/\/schema.org","@graph":[{"@type":"WebPage","@id":"https:\/\/www.noticiasradioreflejos.com.ar\/2021\/ola-de-calor-santiago-del-estero-y-bahia-blanca-superaron-los-40-grados-este-lunes\/","url":"https:\/\/www.noticiasradioreflejos.com.ar\/2021\/ola-de-calor-santiago-del-estero-y-bahia-blanca-superaron-los-40-grados-este-lunes\/","name":"Ola de calor: Santiago del Estero y Bah\u00eda Blanca superaron los 40 grados este lunes - Noticias Radio Reflejos","isPartOf":{"@id":"https:\/\/www.noticiasradioreflejos.com.ar\/2021\/#website"},"primaryImageOfPage":{"@id":"https:\/\/www.noticiasradioreflejos.com.ar\/2021\/ola-de-calor-santiago-del-estero-y-bahia-blanca-superaron-los-40-grados-este-lunes\/#primaryimage"},"image":{"@id":"https:\/\/www.noticiasradioreflejos.com.ar\/2021\/ola-de-calor-santiago-del-estero-y-bahia-blanca-superaron-los-40-grados-este-lunes\/#primaryimage"},"thumbnailUrl":"https:\/\/images.pagina12.com.ar\/styles\/width960\/public\/2022-01\/303483-calor-caba-lombardo.jpg?itok=hTuOSvwk","datePublished":"2022-01-10T22:35:22+00:00","author":{"@id":"https:\/\/www.noticiasradioreflejos.com.ar\/2021\/#\/schema\/person\/ad82545263dcc5ec0996818884fd5fb1"},"breadcrumb":{"@id":"https:\/\/www.noticiasradioreflejos.com.ar\/2021\/ola-de-calor-santiago-del-estero-y-bahia-blanca-superaron-los-40-grados-este-lunes\/#breadcrumb"},"inLanguage":"es","potentialAction":[{"@type":"ReadAction","target":["https:\/\/www.noticiasradioreflejos.com.ar\/2021\/ola-de-calor-santiago-del-estero-y-bahia-blanca-superaron-los-40-grados-este-lunes\/"]}]},{"@type":"ImageObject","inLanguage":"es","@id":"https:\/\/www.noticiasradioreflejos.com.ar\/2021\/ola-de-calor-santiago-del-estero-y-bahia-blanca-superaron-los-40-grados-este-lunes\/#primaryimage","url":"https:\/\/images.pagina12.com.ar\/styles\/width960\/public\/2022-01\/303483-calor-caba-lombardo.jpg?itok=hTuOSvwk","contentUrl":"https:\/\/images.pagina12.com.ar\/styles\/width960\/public\/2022-01\/303483-calor-caba-lombardo.jpg?itok=hTuOSvwk"},{"@type":"BreadcrumbList","@id":"https:\/\/www.noticiasradioreflejos.com.ar\/2021\/ola-de-calor-santiago-del-estero-y-bahia-blanca-superaron-los-40-grados-este-lunes\/#breadcrumb","itemListElement":[{"@type":"ListItem","position":1,"name":"Portada","item":"https:\/\/www.noticiasradioreflejos.com.ar\/2021\/"},{"@type":"ListItem","position":2,"name":"Ola de calor: Santiago del Estero y Bah\u00eda Blanca superaron los 40 grados este lunes"}]},{"@type":"WebSite","@id":"https:\/\/www.noticiasradioreflejos.com.ar\/2021\/#website","url":"https:\/\/www.noticiasradioreflejos.com.ar\/2021\/","name":"Noticias Radio Reflejos","description":"Las noticias de mi comarca","potentialAction":[{"@type":"SearchAction","target":{"@type":"EntryPoint","urlTemplate":"https:\/\/www.noticiasradioreflejos.com.ar\/2021\/?s={search_term_string}"},"query-input":{"@type":"PropertyValueSpecification","valueRequired":true,"valueName":"search_term_string"}}],"inLanguage":"es"},{"@type":"Person","@id":"https:\/\/www.noticiasradioreflejos.com.ar\/2021\/#\/schema\/person\/ad82545263dcc5ec0996818884fd5fb1","name":"Arnaldo Botto","image":{"@type":"ImageObject","inLanguage":"es","@id":"https:\/\/www.noticiasradioreflejos.com.ar\/2021\/#\/schema\/person\/image\/","url":"https:\/\/secure.gravatar.com\/avatar\/55cb5e37c1efa326397366e6974cb338056df65cb50e7d64d1cf314e87504837?s=96&d=mm&r=g","contentUrl":"https:\/\/secure.gravatar.com\/avatar\/55cb5e37c1efa326397366e6974cb338056df65cb50e7d64d1cf314e87504837?s=96&d=mm&r=g","caption":"Arnaldo Botto"},"url":"https:\/\/www.noticiasradioreflejos.com.ar\/2021\/author\/arnaldo\/"}]}},"_links":{"self":[{"href":"https:\/\/www.noticiasradioreflejos.com.ar\/2021\/wp-json\/wp\/v2\/posts\/66888","targetHints":{"allow":["GET"]}}],"collection":[{"href":"https:\/\/www.noticiasradioreflejos.com.ar\/2021\/wp-json\/wp\/v2\/posts"}],"about":[{"href":"https:\/\/www.noticiasradioreflejos.com.ar\/2021\/wp-json\/wp\/v2\/types\/post"}],"author":[{"embeddable":true,"href":"https:\/\/www.noticiasradioreflejos.com.ar\/2021\/wp-json\/wp\/v2\/users\/3"}],"replies":[{"embeddable":true,"href":"https:\/\/www.noticiasradioreflejos.com.ar\/2021\/wp-json\/wp\/v2\/comments?post=66888"}],"version-history":[{"count":1,"href":"https:\/\/www.noticiasradioreflejos.com.ar\/2021\/wp-json\/wp\/v2\/posts\/66888\/revisions"}],"predecessor-version":[{"id":66891,"href":"https:\/\/www.noticiasradioreflejos.com.ar\/2021\/wp-json\/wp\/v2\/posts\/66888\/revisions\/66891"}],"wp:attachment":[{"href":"https:\/\/www.noticiasradioreflejos.com.ar\/2021\/wp-json\/wp\/v2\/media?parent=66888"}],"wp:term":[{"taxonomy":"category","embeddable":true,"href":"https:\/\/www.noticiasradioreflejos.com.ar\/2021\/wp-json\/wp\/v2\/categories?post=66888"},{"taxonomy":"post_tag","embeddable":true,"href":"https:\/\/www.noticiasradioreflejos.com.ar\/2021\/wp-json\/wp\/v2\/tags?post=66888"}],"curies":[{"name":"wp","href":"https:\/\/api.w.org\/{rel}","templated":true}]}}