{"id":66885,"date":"2022-01-10T22:23:19","date_gmt":"2022-01-10T22:23:19","guid":{"rendered":"http:\/\/www.noticiasradioreflejos.com.ar\/2021\/?p=66885"},"modified":"2022-01-10T22:23:19","modified_gmt":"2022-01-10T22:23:19","slug":"aerolineas-cancelo-7-vuelos-por-ola-de-contagios-de-covid","status":"publish","type":"post","link":"https:\/\/www.noticiasradioreflejos.com.ar\/2021\/aerolineas-cancelo-7-vuelos-por-ola-de-contagios-de-covid\/","title":{"rendered":"Aerol\u00edneas cancel\u00f3 7 vuelos por ola de contagios de Covid"},"content":{"rendered":"<header id=\"mvp-post-head\" class=\"left relative\">\n<div class=\"mvp-author-info-wrap left relative\">\n<div class=\"mvp-author-info-text left relative\">\n<div class=\"mvp-author-info-name left relative\">Aerol\u00edneas Argentinas cancel\u00f3 vuelos por una gran cantidad de contagios de coronavirus, tanto de empleados de la l\u00ednea a\u00e9rea como de personal externo a la compa\u00f1\u00eda. Son 7 de las 230 operaciones programadas para el d\u00eda de hoy.<\/div>\n<\/div>\n<\/div>\n<\/header>\n<p><!--more--><\/p>\n<div class=\"mvp-post-main-out left relative\">\n<div class=\"mvp-post-main-in\">\n<div id=\"mvp-post-content\" class=\"left relative\">\n<div id=\"mvp-content-wrap\" class=\"left relative\">\n<div class=\"mvp-post-soc-out right relative\">\n<div class=\"mvp-post-soc-in\">\n<div id=\"mvp-content-body\" class=\"left relative\">\n<div id=\"mvp-content-body-top\" class=\"left relative\">\n<div id=\"mvp-content-main\" class=\"left relative\">\n<div id=\"textbody\">\n<p>Los vuelos que se cancelaron por la pandemia fueron el AR1720 Aeroparque\/Santa Fe, AR 1422 Aeroparque\/ San Juan, AR1430 Aeroparque\/San Luis, AR1526 Aeroparque\/Santa Rosa-R\u00edo Cuarto,\u00a0<strong>AR 1622 Aeroparque\/Bah\u00eda Blanca (solo para el tramo de ida)\u00a0<\/strong>y AR 1854 Ezeiza\/Trelew.<\/p>\n<div class=\"code-block code-block-11\"><\/div>\n<p>El presidente de Aerol\u00edneas Argentinas Pablo Ceriani anunci\u00f3 las suspensiones de vuelos en su cuenta de Twitter: \u201cTal como lo anticipamos la semana pasada, debido a la alta incidencia de contagios entre el personal de Aerol\u00edneas Argentinas y externo a la compa\u00f1\u00eda, nos vimos obligados a cancelar en el d\u00eda de hoy 7 vuelos de las 230 operaciones programadas para la fecha\u201d.<\/p>\n<p>El presidente de Aerol\u00edneas Argentinas advirti\u00f3 que la nueva ola de contagios de COVID-19 \u201cafecta fuertemente la operaci\u00f3n aerocomercial en todo el mundo\u201d. Mencion\u00f3 que \u201clos contagios de personal de las aerol\u00edneas son masivos\u201d y que generan \u201cdemoras y cancelaciones\u201d.<\/p>\n<div class=\"code-block code-block-1\"><\/div>\n<p>Ceriani comunic\u00f3 que trabajan para \u201creubicar a la mayor cantidad de pasajeros posibles\u201d y les pidi\u00f3 a los usuarios afectados por las suspensiones que revisen sus correos electr\u00f3nicos, donde les informar\u00e1n \u201ccualquier novedad sobre los itinerarios de sus vuelos y las diferentes alternativas\u201d.<\/p>\n<p>Una semana atr\u00e1s Ceriani hab\u00eda advertido que los vuelos podr\u00edan sufrir demoras, cancelaciones y\/o modificaciones debido a la ola de contagios de COVID-19 que afecta al pa\u00eds.<\/p>\n<p>El presidente de Aerol\u00edneas Argentinas compar\u00f3 la situaci\u00f3n del pa\u00eds con la que \u201cest\u00e1n viviendo todas las aerol\u00edneas del mundo\u201d por la pandemia y mencion\u00f3 las miles de cancelaciones en el mundo por los contagios de coronavirus.<\/p>\n<p>Fuente: TN<\/p>\n<\/div>\n<\/div>\n<\/div>\n<\/div>\n<\/div>\n<\/div>\n<\/div>\n<\/div>\n<\/div>\n<\/div>\n","protected":false},"excerpt":{"rendered":"<p>Aerol\u00edneas Argentinas cancel\u00f3 vuelos por una gran cantidad de contagios de coronavirus, tanto de empleados de la l\u00ednea a\u00e9rea como de personal externo a la compa\u00f1\u00eda. Son 7 de las 230 operaciones programadas para el d\u00eda de hoy.<\/p>\n","protected":false},"author":3,"featured_media":0,"comment_status":"closed","ping_status":"closed","sticky":false,"template":"","format":"standard","meta":{"footnotes":""},"categories":[30,26],"tags":[],"class_list":["post-66885","post","type-post","status-publish","format-standard","hentry","category-salud","category-sociedad"],"yoast_head":"<!-- This site is optimized with the Yoast SEO plugin v25.9 - https:\/\/yoast.com\/wordpress\/plugins\/seo\/ -->\n<title>Aerol\u00edneas cancel\u00f3 7 vuelos por ola de contagios de Covid - Noticias Radio Reflejos<\/title>\n<meta name=\"robots\" content=\"index, follow, max-snippet:-1, max-image-preview:large, max-video-preview:-1\" \/>\n<link rel=\"canonical\" href=\"https:\/\/www.noticiasradioreflejos.com.ar\/2021\/aerolineas-cancelo-7-vuelos-por-ola-de-contagios-de-covid\/\" \/>\n<meta property=\"og:locale\" content=\"es_ES\" \/>\n<meta property=\"og:type\" content=\"article\" \/>\n<meta property=\"og:title\" content=\"Aerol\u00edneas cancel\u00f3 7 vuelos por ola de contagios de Covid - Noticias Radio Reflejos\" \/>\n<meta property=\"og:description\" content=\"Aerol\u00edneas Argentinas cancel\u00f3 vuelos por una gran cantidad de contagios de coronavirus, tanto de empleados de la l\u00ednea a\u00e9rea como de personal externo a la compa\u00f1\u00eda. Son 7 de las 230 operaciones programadas para el d\u00eda de hoy.\" \/>\n<meta property=\"og:url\" content=\"https:\/\/www.noticiasradioreflejos.com.ar\/2021\/aerolineas-cancelo-7-vuelos-por-ola-de-contagios-de-covid\/\" \/>\n<meta property=\"og:site_name\" content=\"Noticias Radio Reflejos\" \/>\n<meta property=\"article:published_time\" content=\"2022-01-10T22:23:19+00:00\" \/>\n<meta property=\"og:image\" content=\"https:\/\/www.noticiasradioreflejos.com.ar\/2021\/wp-content\/uploads\/2021\/07\/logosol300x200.png\" \/>\n\t<meta property=\"og:image:width\" content=\"300\" \/>\n\t<meta property=\"og:image:height\" content=\"200\" \/>\n\t<meta property=\"og:image:type\" content=\"image\/png\" \/>\n<meta name=\"author\" content=\"Arnaldo Botto\" \/>\n<meta name=\"twitter:card\" content=\"summary_large_image\" \/>\n<script type=\"application\/ld+json\" class=\"yoast-schema-graph\">{\"@context\":\"https:\/\/schema.org\",\"@graph\":[{\"@type\":\"WebPage\",\"@id\":\"https:\/\/www.noticiasradioreflejos.com.ar\/2021\/aerolineas-cancelo-7-vuelos-por-ola-de-contagios-de-covid\/\",\"url\":\"https:\/\/www.noticiasradioreflejos.com.ar\/2021\/aerolineas-cancelo-7-vuelos-por-ola-de-contagios-de-covid\/\",\"name\":\"Aerol\u00edneas cancel\u00f3 7 vuelos por ola de contagios de Covid - Noticias Radio Reflejos\",\"isPartOf\":{\"@id\":\"https:\/\/www.noticiasradioreflejos.com.ar\/2021\/#website\"},\"datePublished\":\"2022-01-10T22:23:19+00:00\",\"author\":{\"@id\":\"https:\/\/www.noticiasradioreflejos.com.ar\/2021\/#\/schema\/person\/ad82545263dcc5ec0996818884fd5fb1\"},\"breadcrumb\":{\"@id\":\"https:\/\/www.noticiasradioreflejos.com.ar\/2021\/aerolineas-cancelo-7-vuelos-por-ola-de-contagios-de-covid\/#breadcrumb\"},\"inLanguage\":\"es\",\"potentialAction\":[{\"@type\":\"ReadAction\",\"target\":[\"https:\/\/www.noticiasradioreflejos.com.ar\/2021\/aerolineas-cancelo-7-vuelos-por-ola-de-contagios-de-covid\/\"]}]},{\"@type\":\"BreadcrumbList\",\"@id\":\"https:\/\/www.noticiasradioreflejos.com.ar\/2021\/aerolineas-cancelo-7-vuelos-por-ola-de-contagios-de-covid\/#breadcrumb\",\"itemListElement\":[{\"@type\":\"ListItem\",\"position\":1,\"name\":\"Portada\",\"item\":\"https:\/\/www.noticiasradioreflejos.com.ar\/2021\/\"},{\"@type\":\"ListItem\",\"position\":2,\"name\":\"Aerol\u00edneas cancel\u00f3 7 vuelos por ola de contagios de Covid\"}]},{\"@type\":\"WebSite\",\"@id\":\"https:\/\/www.noticiasradioreflejos.com.ar\/2021\/#website\",\"url\":\"https:\/\/www.noticiasradioreflejos.com.ar\/2021\/\",\"name\":\"Noticias Radio Reflejos\",\"description\":\"Las noticias de mi comarca\",\"potentialAction\":[{\"@type\":\"SearchAction\",\"target\":{\"@type\":\"EntryPoint\",\"urlTemplate\":\"https:\/\/www.noticiasradioreflejos.com.ar\/2021\/?s={search_term_string}\"},\"query-input\":{\"@type\":\"PropertyValueSpecification\",\"valueRequired\":true,\"valueName\":\"search_term_string\"}}],\"inLanguage\":\"es\"},{\"@type\":\"Person\",\"@id\":\"https:\/\/www.noticiasradioreflejos.com.ar\/2021\/#\/schema\/person\/ad82545263dcc5ec0996818884fd5fb1\",\"name\":\"Arnaldo Botto\",\"image\":{\"@type\":\"ImageObject\",\"inLanguage\":\"es\",\"@id\":\"https:\/\/www.noticiasradioreflejos.com.ar\/2021\/#\/schema\/person\/image\/\",\"url\":\"https:\/\/secure.gravatar.com\/avatar\/55cb5e37c1efa326397366e6974cb338056df65cb50e7d64d1cf314e87504837?s=96&d=mm&r=g\",\"contentUrl\":\"https:\/\/secure.gravatar.com\/avatar\/55cb5e37c1efa326397366e6974cb338056df65cb50e7d64d1cf314e87504837?s=96&d=mm&r=g\",\"caption\":\"Arnaldo Botto\"},\"url\":\"https:\/\/www.noticiasradioreflejos.com.ar\/2021\/author\/arnaldo\/\"}]}<\/script>\n<!-- \/ Yoast SEO plugin. -->","yoast_head_json":{"title":"Aerol\u00edneas cancel\u00f3 7 vuelos por ola de contagios de Covid - Noticias Radio Reflejos","robots":{"index":"index","follow":"follow","max-snippet":"max-snippet:-1","max-image-preview":"max-image-preview:large","max-video-preview":"max-video-preview:-1"},"canonical":"https:\/\/www.noticiasradioreflejos.com.ar\/2021\/aerolineas-cancelo-7-vuelos-por-ola-de-contagios-de-covid\/","og_locale":"es_ES","og_type":"article","og_title":"Aerol\u00edneas cancel\u00f3 7 vuelos por ola de contagios de Covid - Noticias Radio Reflejos","og_description":"Aerol\u00edneas Argentinas cancel\u00f3 vuelos por una gran cantidad de contagios de coronavirus, tanto de empleados de la l\u00ednea a\u00e9rea como de personal externo a la compa\u00f1\u00eda. Son 7 de las 230 operaciones programadas para el d\u00eda de hoy.","og_url":"https:\/\/www.noticiasradioreflejos.com.ar\/2021\/aerolineas-cancelo-7-vuelos-por-ola-de-contagios-de-covid\/","og_site_name":"Noticias Radio Reflejos","article_published_time":"2022-01-10T22:23:19+00:00","og_image":[{"width":300,"height":200,"url":"https:\/\/www.noticiasradioreflejos.com.ar\/2021\/wp-content\/uploads\/2021\/07\/logosol300x200.png","type":"image\/png"}],"author":"Arnaldo Botto","twitter_card":"summary_large_image","schema":{"@context":"https:\/\/schema.org","@graph":[{"@type":"WebPage","@id":"https:\/\/www.noticiasradioreflejos.com.ar\/2021\/aerolineas-cancelo-7-vuelos-por-ola-de-contagios-de-covid\/","url":"https:\/\/www.noticiasradioreflejos.com.ar\/2021\/aerolineas-cancelo-7-vuelos-por-ola-de-contagios-de-covid\/","name":"Aerol\u00edneas cancel\u00f3 7 vuelos por ola de contagios de Covid - Noticias Radio Reflejos","isPartOf":{"@id":"https:\/\/www.noticiasradioreflejos.com.ar\/2021\/#website"},"datePublished":"2022-01-10T22:23:19+00:00","author":{"@id":"https:\/\/www.noticiasradioreflejos.com.ar\/2021\/#\/schema\/person\/ad82545263dcc5ec0996818884fd5fb1"},"breadcrumb":{"@id":"https:\/\/www.noticiasradioreflejos.com.ar\/2021\/aerolineas-cancelo-7-vuelos-por-ola-de-contagios-de-covid\/#breadcrumb"},"inLanguage":"es","potentialAction":[{"@type":"ReadAction","target":["https:\/\/www.noticiasradioreflejos.com.ar\/2021\/aerolineas-cancelo-7-vuelos-por-ola-de-contagios-de-covid\/"]}]},{"@type":"BreadcrumbList","@id":"https:\/\/www.noticiasradioreflejos.com.ar\/2021\/aerolineas-cancelo-7-vuelos-por-ola-de-contagios-de-covid\/#breadcrumb","itemListElement":[{"@type":"ListItem","position":1,"name":"Portada","item":"https:\/\/www.noticiasradioreflejos.com.ar\/2021\/"},{"@type":"ListItem","position":2,"name":"Aerol\u00edneas cancel\u00f3 7 vuelos por ola de contagios de Covid"}]},{"@type":"WebSite","@id":"https:\/\/www.noticiasradioreflejos.com.ar\/2021\/#website","url":"https:\/\/www.noticiasradioreflejos.com.ar\/2021\/","name":"Noticias Radio Reflejos","description":"Las noticias de mi comarca","potentialAction":[{"@type":"SearchAction","target":{"@type":"EntryPoint","urlTemplate":"https:\/\/www.noticiasradioreflejos.com.ar\/2021\/?s={search_term_string}"},"query-input":{"@type":"PropertyValueSpecification","valueRequired":true,"valueName":"search_term_string"}}],"inLanguage":"es"},{"@type":"Person","@id":"https:\/\/www.noticiasradioreflejos.com.ar\/2021\/#\/schema\/person\/ad82545263dcc5ec0996818884fd5fb1","name":"Arnaldo Botto","image":{"@type":"ImageObject","inLanguage":"es","@id":"https:\/\/www.noticiasradioreflejos.com.ar\/2021\/#\/schema\/person\/image\/","url":"https:\/\/secure.gravatar.com\/avatar\/55cb5e37c1efa326397366e6974cb338056df65cb50e7d64d1cf314e87504837?s=96&d=mm&r=g","contentUrl":"https:\/\/secure.gravatar.com\/avatar\/55cb5e37c1efa326397366e6974cb338056df65cb50e7d64d1cf314e87504837?s=96&d=mm&r=g","caption":"Arnaldo Botto"},"url":"https:\/\/www.noticiasradioreflejos.com.ar\/2021\/author\/arnaldo\/"}]}},"_links":{"self":[{"href":"https:\/\/www.noticiasradioreflejos.com.ar\/2021\/wp-json\/wp\/v2\/posts\/66885","targetHints":{"allow":["GET"]}}],"collection":[{"href":"https:\/\/www.noticiasradioreflejos.com.ar\/2021\/wp-json\/wp\/v2\/posts"}],"about":[{"href":"https:\/\/www.noticiasradioreflejos.com.ar\/2021\/wp-json\/wp\/v2\/types\/post"}],"author":[{"embeddable":true,"href":"https:\/\/www.noticiasradioreflejos.com.ar\/2021\/wp-json\/wp\/v2\/users\/3"}],"replies":[{"embeddable":true,"href":"https:\/\/www.noticiasradioreflejos.com.ar\/2021\/wp-json\/wp\/v2\/comments?post=66885"}],"version-history":[{"count":1,"href":"https:\/\/www.noticiasradioreflejos.com.ar\/2021\/wp-json\/wp\/v2\/posts\/66885\/revisions"}],"predecessor-version":[{"id":66887,"href":"https:\/\/www.noticiasradioreflejos.com.ar\/2021\/wp-json\/wp\/v2\/posts\/66885\/revisions\/66887"}],"wp:attachment":[{"href":"https:\/\/www.noticiasradioreflejos.com.ar\/2021\/wp-json\/wp\/v2\/media?parent=66885"}],"wp:term":[{"taxonomy":"category","embeddable":true,"href":"https:\/\/www.noticiasradioreflejos.com.ar\/2021\/wp-json\/wp\/v2\/categories?post=66885"},{"taxonomy":"post_tag","embeddable":true,"href":"https:\/\/www.noticiasradioreflejos.com.ar\/2021\/wp-json\/wp\/v2\/tags?post=66885"}],"curies":[{"name":"wp","href":"https:\/\/api.w.org\/{rel}","templated":true}]}}