{"id":6674,"date":"2017-02-07T08:55:08","date_gmt":"2017-02-07T11:55:08","guid":{"rendered":"http:\/\/noticiasradioreflejos.com.ar\/noticias\/?p=6674"},"modified":"2017-02-07T08:55:08","modified_gmt":"2017-02-07T11:55:08","slug":"el-gremio-docente-rechaza-la-pauperrima-propuesta-de-aumentos-del-gobierno","status":"publish","type":"post","link":"https:\/\/www.noticiasradioreflejos.com.ar\/2021\/el-gremio-docente-rechaza-la-pauperrima-propuesta-de-aumentos-del-gobierno\/","title":{"rendered":"El gremio docente rechaza la paup\u00e9rrima propuesta de aumentos del gobierno."},"content":{"rendered":"<p>El Gobierno de la Provincia de Buenos Aires ofreci\u00f3 un incremento salarial total del 18 % desglosado en cuatro tramos id\u00e9nticos en todo el a\u00f1o con la incorporaci\u00f3n de una \u201ccl\u00e1usula gatillo\u201d. Esto implica un aumento de alrededor de $ 300 por mes sobre el salario de bolsillo del Maestro de Grado para todo el primer trimestre.<br \/>\nLa propuesta fue considerada agraviante para todos los trabajadores de la educaci\u00f3n por ser una suma exigua e insuficiente y porque sigue situando al salario docente por debajo de la l\u00ednea de la pobreza.<!--more--><br \/>\nAsimismo se exigi\u00f3 en primer t\u00e9rmino la recuperaci\u00f3n del poder adquisitivo del salario, perdida en el 2016 y que el Gobierno se neg\u00f3 a discutir desde el 9 de agosto del a\u00f1o pasado.<br \/>\nRespecto a la cl\u00e1usula gatillo fue desestimada porque conduce a la anulaci\u00f3n de la discusi\u00f3n salarial paritaria, reduci\u00e9ndola a una mera cuesti\u00f3n estad\u00edstica y nos inhibe la posibilidad de recuperar salario.<br \/>\nLos sindicatos manifestamos la necesidad de una urgente convocatoria a la Paritaria Federal Docente para discutir un piso salarial \u00fanico nacional y el convenio marco sobre Condiciones de Trabajo<br \/>\nEN DEFENSA DE NUESTROS DERECHOS LABORALES Y POR CONDICIONES DIGNAS DE TRABAJO.<br \/>\nLa Plata, 06 de febrero de 2017<br \/>\nJUAN CARLOS CUYAS<br \/>\nSECRETARIO GENERAL<\/p>\n","protected":false},"excerpt":{"rendered":"<p>El Gobierno de la Provincia de Buenos Aires ofreci\u00f3 un incremento salarial total del 18 % desglosado en cuatro tramos id\u00e9nticos en todo el a\u00f1o con la incorporaci\u00f3n de una \u201ccl\u00e1usula gatillo\u201d. Esto implica un aumento de alrededor de $ 300 por mes sobre el salario de bolsillo del Maestro de Grado para todo el [&hellip;]<\/p>\n","protected":false},"author":3,"featured_media":1184,"comment_status":"closed","ping_status":"open","sticky":false,"template":"","format":"standard","meta":{"footnotes":""},"categories":[24],"tags":[],"class_list":["post-6674","post","type-post","status-publish","format-standard","has-post-thumbnail","hentry","category-politica"],"yoast_head":"<!-- This site is optimized with the Yoast SEO plugin v25.9 - https:\/\/yoast.com\/wordpress\/plugins\/seo\/ -->\n<title>El gremio docente rechaza la paup\u00e9rrima propuesta de aumentos del gobierno. - Noticias Radio Reflejos<\/title>\n<meta name=\"robots\" content=\"index, follow, max-snippet:-1, max-image-preview:large, max-video-preview:-1\" \/>\n<link rel=\"canonical\" href=\"https:\/\/www.noticiasradioreflejos.com.ar\/2021\/el-gremio-docente-rechaza-la-pauperrima-propuesta-de-aumentos-del-gobierno\/\" \/>\n<meta property=\"og:locale\" content=\"es_ES\" \/>\n<meta property=\"og:type\" content=\"article\" \/>\n<meta property=\"og:title\" content=\"El gremio docente rechaza la paup\u00e9rrima propuesta de aumentos del gobierno. - Noticias Radio Reflejos\" \/>\n<meta property=\"og:description\" content=\"El Gobierno de la Provincia de Buenos Aires ofreci\u00f3 un incremento salarial total del 18 % desglosado en cuatro tramos id\u00e9nticos en todo el a\u00f1o con la incorporaci\u00f3n de una \u201ccl\u00e1usula gatillo\u201d. Esto implica un aumento de alrededor de $ 300 por mes sobre el salario de bolsillo del Maestro de Grado para todo el [&hellip;]\" \/>\n<meta property=\"og:url\" content=\"https:\/\/www.noticiasradioreflejos.com.ar\/2021\/el-gremio-docente-rechaza-la-pauperrima-propuesta-de-aumentos-del-gobierno\/\" \/>\n<meta property=\"og:site_name\" content=\"Noticias Radio Reflejos\" \/>\n<meta property=\"article:published_time\" content=\"2017-02-07T11:55:08+00:00\" \/>\n<meta property=\"og:image\" content=\"https:\/\/www.noticiasradioreflejos.com.ar\/2021\/wp-content\/uploads\/2016\/09\/paro-docente.jpg\" \/>\n\t<meta property=\"og:image:width\" content=\"746\" \/>\n\t<meta property=\"og:image:height\" content=\"418\" \/>\n\t<meta property=\"og:image:type\" content=\"image\/jpeg\" \/>\n<meta name=\"author\" content=\"Arnaldo Botto\" \/>\n<meta name=\"twitter:card\" content=\"summary_large_image\" \/>\n<script type=\"application\/ld+json\" class=\"yoast-schema-graph\">{\"@context\":\"https:\/\/schema.org\",\"@graph\":[{\"@type\":\"WebPage\",\"@id\":\"https:\/\/www.noticiasradioreflejos.com.ar\/2021\/el-gremio-docente-rechaza-la-pauperrima-propuesta-de-aumentos-del-gobierno\/\",\"url\":\"https:\/\/www.noticiasradioreflejos.com.ar\/2021\/el-gremio-docente-rechaza-la-pauperrima-propuesta-de-aumentos-del-gobierno\/\",\"name\":\"El gremio docente rechaza la paup\u00e9rrima propuesta de aumentos del gobierno. - Noticias Radio Reflejos\",\"isPartOf\":{\"@id\":\"https:\/\/www.noticiasradioreflejos.com.ar\/2021\/#website\"},\"primaryImageOfPage\":{\"@id\":\"https:\/\/www.noticiasradioreflejos.com.ar\/2021\/el-gremio-docente-rechaza-la-pauperrima-propuesta-de-aumentos-del-gobierno\/#primaryimage\"},\"image\":{\"@id\":\"https:\/\/www.noticiasradioreflejos.com.ar\/2021\/el-gremio-docente-rechaza-la-pauperrima-propuesta-de-aumentos-del-gobierno\/#primaryimage\"},\"thumbnailUrl\":\"https:\/\/www.noticiasradioreflejos.com.ar\/2021\/wp-content\/uploads\/2016\/09\/paro-docente.jpg\",\"datePublished\":\"2017-02-07T11:55:08+00:00\",\"author\":{\"@id\":\"https:\/\/www.noticiasradioreflejos.com.ar\/2021\/#\/schema\/person\/ad82545263dcc5ec0996818884fd5fb1\"},\"breadcrumb\":{\"@id\":\"https:\/\/www.noticiasradioreflejos.com.ar\/2021\/el-gremio-docente-rechaza-la-pauperrima-propuesta-de-aumentos-del-gobierno\/#breadcrumb\"},\"inLanguage\":\"es\",\"potentialAction\":[{\"@type\":\"ReadAction\",\"target\":[\"https:\/\/www.noticiasradioreflejos.com.ar\/2021\/el-gremio-docente-rechaza-la-pauperrima-propuesta-de-aumentos-del-gobierno\/\"]}]},{\"@type\":\"ImageObject\",\"inLanguage\":\"es\",\"@id\":\"https:\/\/www.noticiasradioreflejos.com.ar\/2021\/el-gremio-docente-rechaza-la-pauperrima-propuesta-de-aumentos-del-gobierno\/#primaryimage\",\"url\":\"https:\/\/www.noticiasradioreflejos.com.ar\/2021\/wp-content\/uploads\/2016\/09\/paro-docente.jpg\",\"contentUrl\":\"https:\/\/www.noticiasradioreflejos.com.ar\/2021\/wp-content\/uploads\/2016\/09\/paro-docente.jpg\",\"width\":746,\"height\":418},{\"@type\":\"BreadcrumbList\",\"@id\":\"https:\/\/www.noticiasradioreflejos.com.ar\/2021\/el-gremio-docente-rechaza-la-pauperrima-propuesta-de-aumentos-del-gobierno\/#breadcrumb\",\"itemListElement\":[{\"@type\":\"ListItem\",\"position\":1,\"name\":\"Portada\",\"item\":\"https:\/\/www.noticiasradioreflejos.com.ar\/2021\/\"},{\"@type\":\"ListItem\",\"position\":2,\"name\":\"El gremio docente rechaza la paup\u00e9rrima propuesta de aumentos del gobierno.\"}]},{\"@type\":\"WebSite\",\"@id\":\"https:\/\/www.noticiasradioreflejos.com.ar\/2021\/#website\",\"url\":\"https:\/\/www.noticiasradioreflejos.com.ar\/2021\/\",\"name\":\"Noticias Radio Reflejos\",\"description\":\"Las noticias de mi comarca\",\"potentialAction\":[{\"@type\":\"SearchAction\",\"target\":{\"@type\":\"EntryPoint\",\"urlTemplate\":\"https:\/\/www.noticiasradioreflejos.com.ar\/2021\/?s={search_term_string}\"},\"query-input\":{\"@type\":\"PropertyValueSpecification\",\"valueRequired\":true,\"valueName\":\"search_term_string\"}}],\"inLanguage\":\"es\"},{\"@type\":\"Person\",\"@id\":\"https:\/\/www.noticiasradioreflejos.com.ar\/2021\/#\/schema\/person\/ad82545263dcc5ec0996818884fd5fb1\",\"name\":\"Arnaldo Botto\",\"image\":{\"@type\":\"ImageObject\",\"inLanguage\":\"es\",\"@id\":\"https:\/\/www.noticiasradioreflejos.com.ar\/2021\/#\/schema\/person\/image\/\",\"url\":\"https:\/\/secure.gravatar.com\/avatar\/55cb5e37c1efa326397366e6974cb338056df65cb50e7d64d1cf314e87504837?s=96&d=mm&r=g\",\"contentUrl\":\"https:\/\/secure.gravatar.com\/avatar\/55cb5e37c1efa326397366e6974cb338056df65cb50e7d64d1cf314e87504837?s=96&d=mm&r=g\",\"caption\":\"Arnaldo Botto\"},\"url\":\"https:\/\/www.noticiasradioreflejos.com.ar\/2021\/author\/arnaldo\/\"}]}<\/script>\n<!-- \/ Yoast SEO plugin. -->","yoast_head_json":{"title":"El gremio docente rechaza la paup\u00e9rrima propuesta de aumentos del gobierno. - Noticias Radio Reflejos","robots":{"index":"index","follow":"follow","max-snippet":"max-snippet:-1","max-image-preview":"max-image-preview:large","max-video-preview":"max-video-preview:-1"},"canonical":"https:\/\/www.noticiasradioreflejos.com.ar\/2021\/el-gremio-docente-rechaza-la-pauperrima-propuesta-de-aumentos-del-gobierno\/","og_locale":"es_ES","og_type":"article","og_title":"El gremio docente rechaza la paup\u00e9rrima propuesta de aumentos del gobierno. - Noticias Radio Reflejos","og_description":"El Gobierno de la Provincia de Buenos Aires ofreci\u00f3 un incremento salarial total del 18 % desglosado en cuatro tramos id\u00e9nticos en todo el a\u00f1o con la incorporaci\u00f3n de una \u201ccl\u00e1usula gatillo\u201d. Esto implica un aumento de alrededor de $ 300 por mes sobre el salario de bolsillo del Maestro de Grado para todo el [&hellip;]","og_url":"https:\/\/www.noticiasradioreflejos.com.ar\/2021\/el-gremio-docente-rechaza-la-pauperrima-propuesta-de-aumentos-del-gobierno\/","og_site_name":"Noticias Radio Reflejos","article_published_time":"2017-02-07T11:55:08+00:00","og_image":[{"width":746,"height":418,"url":"https:\/\/www.noticiasradioreflejos.com.ar\/2021\/wp-content\/uploads\/2016\/09\/paro-docente.jpg","type":"image\/jpeg"}],"author":"Arnaldo Botto","twitter_card":"summary_large_image","schema":{"@context":"https:\/\/schema.org","@graph":[{"@type":"WebPage","@id":"https:\/\/www.noticiasradioreflejos.com.ar\/2021\/el-gremio-docente-rechaza-la-pauperrima-propuesta-de-aumentos-del-gobierno\/","url":"https:\/\/www.noticiasradioreflejos.com.ar\/2021\/el-gremio-docente-rechaza-la-pauperrima-propuesta-de-aumentos-del-gobierno\/","name":"El gremio docente rechaza la paup\u00e9rrima propuesta de aumentos del gobierno. - Noticias Radio Reflejos","isPartOf":{"@id":"https:\/\/www.noticiasradioreflejos.com.ar\/2021\/#website"},"primaryImageOfPage":{"@id":"https:\/\/www.noticiasradioreflejos.com.ar\/2021\/el-gremio-docente-rechaza-la-pauperrima-propuesta-de-aumentos-del-gobierno\/#primaryimage"},"image":{"@id":"https:\/\/www.noticiasradioreflejos.com.ar\/2021\/el-gremio-docente-rechaza-la-pauperrima-propuesta-de-aumentos-del-gobierno\/#primaryimage"},"thumbnailUrl":"https:\/\/www.noticiasradioreflejos.com.ar\/2021\/wp-content\/uploads\/2016\/09\/paro-docente.jpg","datePublished":"2017-02-07T11:55:08+00:00","author":{"@id":"https:\/\/www.noticiasradioreflejos.com.ar\/2021\/#\/schema\/person\/ad82545263dcc5ec0996818884fd5fb1"},"breadcrumb":{"@id":"https:\/\/www.noticiasradioreflejos.com.ar\/2021\/el-gremio-docente-rechaza-la-pauperrima-propuesta-de-aumentos-del-gobierno\/#breadcrumb"},"inLanguage":"es","potentialAction":[{"@type":"ReadAction","target":["https:\/\/www.noticiasradioreflejos.com.ar\/2021\/el-gremio-docente-rechaza-la-pauperrima-propuesta-de-aumentos-del-gobierno\/"]}]},{"@type":"ImageObject","inLanguage":"es","@id":"https:\/\/www.noticiasradioreflejos.com.ar\/2021\/el-gremio-docente-rechaza-la-pauperrima-propuesta-de-aumentos-del-gobierno\/#primaryimage","url":"https:\/\/www.noticiasradioreflejos.com.ar\/2021\/wp-content\/uploads\/2016\/09\/paro-docente.jpg","contentUrl":"https:\/\/www.noticiasradioreflejos.com.ar\/2021\/wp-content\/uploads\/2016\/09\/paro-docente.jpg","width":746,"height":418},{"@type":"BreadcrumbList","@id":"https:\/\/www.noticiasradioreflejos.com.ar\/2021\/el-gremio-docente-rechaza-la-pauperrima-propuesta-de-aumentos-del-gobierno\/#breadcrumb","itemListElement":[{"@type":"ListItem","position":1,"name":"Portada","item":"https:\/\/www.noticiasradioreflejos.com.ar\/2021\/"},{"@type":"ListItem","position":2,"name":"El gremio docente rechaza la paup\u00e9rrima propuesta de aumentos del gobierno."}]},{"@type":"WebSite","@id":"https:\/\/www.noticiasradioreflejos.com.ar\/2021\/#website","url":"https:\/\/www.noticiasradioreflejos.com.ar\/2021\/","name":"Noticias Radio Reflejos","description":"Las noticias de mi comarca","potentialAction":[{"@type":"SearchAction","target":{"@type":"EntryPoint","urlTemplate":"https:\/\/www.noticiasradioreflejos.com.ar\/2021\/?s={search_term_string}"},"query-input":{"@type":"PropertyValueSpecification","valueRequired":true,"valueName":"search_term_string"}}],"inLanguage":"es"},{"@type":"Person","@id":"https:\/\/www.noticiasradioreflejos.com.ar\/2021\/#\/schema\/person\/ad82545263dcc5ec0996818884fd5fb1","name":"Arnaldo Botto","image":{"@type":"ImageObject","inLanguage":"es","@id":"https:\/\/www.noticiasradioreflejos.com.ar\/2021\/#\/schema\/person\/image\/","url":"https:\/\/secure.gravatar.com\/avatar\/55cb5e37c1efa326397366e6974cb338056df65cb50e7d64d1cf314e87504837?s=96&d=mm&r=g","contentUrl":"https:\/\/secure.gravatar.com\/avatar\/55cb5e37c1efa326397366e6974cb338056df65cb50e7d64d1cf314e87504837?s=96&d=mm&r=g","caption":"Arnaldo Botto"},"url":"https:\/\/www.noticiasradioreflejos.com.ar\/2021\/author\/arnaldo\/"}]}},"_links":{"self":[{"href":"https:\/\/www.noticiasradioreflejos.com.ar\/2021\/wp-json\/wp\/v2\/posts\/6674","targetHints":{"allow":["GET"]}}],"collection":[{"href":"https:\/\/www.noticiasradioreflejos.com.ar\/2021\/wp-json\/wp\/v2\/posts"}],"about":[{"href":"https:\/\/www.noticiasradioreflejos.com.ar\/2021\/wp-json\/wp\/v2\/types\/post"}],"author":[{"embeddable":true,"href":"https:\/\/www.noticiasradioreflejos.com.ar\/2021\/wp-json\/wp\/v2\/users\/3"}],"replies":[{"embeddable":true,"href":"https:\/\/www.noticiasradioreflejos.com.ar\/2021\/wp-json\/wp\/v2\/comments?post=6674"}],"version-history":[{"count":0,"href":"https:\/\/www.noticiasradioreflejos.com.ar\/2021\/wp-json\/wp\/v2\/posts\/6674\/revisions"}],"wp:featuredmedia":[{"embeddable":true,"href":"https:\/\/www.noticiasradioreflejos.com.ar\/2021\/wp-json\/wp\/v2\/media\/1184"}],"wp:attachment":[{"href":"https:\/\/www.noticiasradioreflejos.com.ar\/2021\/wp-json\/wp\/v2\/media?parent=6674"}],"wp:term":[{"taxonomy":"category","embeddable":true,"href":"https:\/\/www.noticiasradioreflejos.com.ar\/2021\/wp-json\/wp\/v2\/categories?post=6674"},{"taxonomy":"post_tag","embeddable":true,"href":"https:\/\/www.noticiasradioreflejos.com.ar\/2021\/wp-json\/wp\/v2\/tags?post=6674"}],"curies":[{"name":"wp","href":"https:\/\/api.w.org\/{rel}","templated":true}]}}