{"id":6671,"date":"2017-02-07T08:51:43","date_gmt":"2017-02-07T11:51:43","guid":{"rendered":"http:\/\/noticiasradioreflejos.com.ar\/noticias\/?p=6671"},"modified":"2017-02-07T08:51:43","modified_gmt":"2017-02-07T11:51:43","slug":"las-inferiores-de-automoto-comenzaron-su-pretemporada","status":"publish","type":"post","link":"https:\/\/www.noticiasradioreflejos.com.ar\/2021\/las-inferiores-de-automoto-comenzaron-su-pretemporada\/","title":{"rendered":"Las inferiores de Automoto comenzaron su pretemporada"},"content":{"rendered":"<p><a title=\".\" href=\"http:\/\/farm1.staticflickr.com\/301\/32382600110_1cd753e8a3.jpg\" rel=\"\"><img loading=\"lazy\" decoding=\"async\" class=\"alignleft\" style=\"float: left;\" title=\".\" src=\"http:\/\/farm1.staticflickr.com\/301\/32382600110_1cd753e8a3.jpg\" alt=\".\" width=\"500\" height=\"375\" \/><\/a>Los jugadores pertenecientes a las categor\u00edas Sexta, S\u00e9ptima y Octava del Automoto Club Deportivo comenzaron esta tarde con sus trabajos de pretemporada, de cara a la participaci\u00f3n en el certamen de inferiores de la Liga Regional de F\u00fatbol de Coronel Su\u00e1rez.<!--more--><br \/>\nEl cuerpo t\u00e9cnico que conduce las divisiones formativas de la instituci\u00f3n est\u00e1 encabezado por el profesor Mauricio Kugler (coordinador de las mismas y t\u00e9cnico de Quinta y Sexta), quien estar\u00e1 acompa\u00f1ado nuevamente por Juan Salazar (DT de S\u00e9ptima y Octava) y Juan Gisler (preparador f\u00edsico). A ellos se suma Alexis Sandobal, como colaborador.<br \/>\nUn nutrido grupo de chicos particip\u00f3 de la pr\u00e1ctica inicial desarrollada en las canchas auxiliares del predio deportivo del conjunto azulgrana, ilusionados con el torneo que se aproxima.<br \/>\nDe acuerdo con lo conversado en la asamblea anual de la Liga Regional, la estructura del campeonato podr\u00eda sufrir importantes modificaciones en su forma de disputa, situaci\u00f3n que se resolver\u00eda el pr\u00f3ximo lunes.<br \/>\n<a href=\"https:\/\/www.facebook.com\/pg\/automototornquist\/photos\/?tab=album&amp;album_id=1403291469690855\">Album de fotos:<\/a><\/p>\n","protected":false},"excerpt":{"rendered":"<p>Los jugadores pertenecientes a las categor\u00edas Sexta, S\u00e9ptima y Octava del Automoto Club Deportivo comenzaron esta tarde con sus trabajos de pretemporada, de cara a la participaci\u00f3n en el certamen de inferiores de la Liga Regional de F\u00fatbol de Coronel Su\u00e1rez.<\/p>\n","protected":false},"author":3,"featured_media":0,"comment_status":"closed","ping_status":"open","sticky":false,"template":"","format":"standard","meta":{"footnotes":""},"categories":[27],"tags":[],"class_list":["post-6671","post","type-post","status-publish","format-standard","hentry","category-deportes"],"yoast_head":"<!-- This site is optimized with the Yoast SEO plugin v25.9 - https:\/\/yoast.com\/wordpress\/plugins\/seo\/ -->\n<title>Las inferiores de Automoto comenzaron su pretemporada - Noticias Radio Reflejos<\/title>\n<meta name=\"robots\" content=\"index, follow, max-snippet:-1, max-image-preview:large, max-video-preview:-1\" \/>\n<link rel=\"canonical\" href=\"https:\/\/www.noticiasradioreflejos.com.ar\/2021\/las-inferiores-de-automoto-comenzaron-su-pretemporada\/\" \/>\n<meta property=\"og:locale\" content=\"es_ES\" \/>\n<meta property=\"og:type\" content=\"article\" \/>\n<meta property=\"og:title\" content=\"Las inferiores de Automoto comenzaron su pretemporada - Noticias Radio Reflejos\" \/>\n<meta property=\"og:description\" content=\"Los jugadores pertenecientes a las categor\u00edas Sexta, S\u00e9ptima y Octava del Automoto Club Deportivo comenzaron esta tarde con sus trabajos de pretemporada, de cara a la participaci\u00f3n en el certamen de inferiores de la Liga Regional de F\u00fatbol de Coronel Su\u00e1rez.\" \/>\n<meta property=\"og:url\" content=\"https:\/\/www.noticiasradioreflejos.com.ar\/2021\/las-inferiores-de-automoto-comenzaron-su-pretemporada\/\" \/>\n<meta property=\"og:site_name\" content=\"Noticias Radio Reflejos\" \/>\n<meta property=\"article:published_time\" content=\"2017-02-07T11:51:43+00:00\" \/>\n<meta property=\"og:image\" content=\"http:\/\/farm1.staticflickr.com\/301\/32382600110_1cd753e8a3.jpg\" \/>\n<meta name=\"author\" content=\"Arnaldo Botto\" \/>\n<meta name=\"twitter:card\" content=\"summary_large_image\" \/>\n<script type=\"application\/ld+json\" class=\"yoast-schema-graph\">{\"@context\":\"https:\/\/schema.org\",\"@graph\":[{\"@type\":\"WebPage\",\"@id\":\"https:\/\/www.noticiasradioreflejos.com.ar\/2021\/las-inferiores-de-automoto-comenzaron-su-pretemporada\/\",\"url\":\"https:\/\/www.noticiasradioreflejos.com.ar\/2021\/las-inferiores-de-automoto-comenzaron-su-pretemporada\/\",\"name\":\"Las inferiores de Automoto comenzaron su pretemporada - Noticias Radio Reflejos\",\"isPartOf\":{\"@id\":\"https:\/\/www.noticiasradioreflejos.com.ar\/2021\/#website\"},\"primaryImageOfPage\":{\"@id\":\"https:\/\/www.noticiasradioreflejos.com.ar\/2021\/las-inferiores-de-automoto-comenzaron-su-pretemporada\/#primaryimage\"},\"image\":{\"@id\":\"https:\/\/www.noticiasradioreflejos.com.ar\/2021\/las-inferiores-de-automoto-comenzaron-su-pretemporada\/#primaryimage\"},\"thumbnailUrl\":\"http:\/\/farm1.staticflickr.com\/301\/32382600110_1cd753e8a3.jpg\",\"datePublished\":\"2017-02-07T11:51:43+00:00\",\"author\":{\"@id\":\"https:\/\/www.noticiasradioreflejos.com.ar\/2021\/#\/schema\/person\/ad82545263dcc5ec0996818884fd5fb1\"},\"breadcrumb\":{\"@id\":\"https:\/\/www.noticiasradioreflejos.com.ar\/2021\/las-inferiores-de-automoto-comenzaron-su-pretemporada\/#breadcrumb\"},\"inLanguage\":\"es\",\"potentialAction\":[{\"@type\":\"ReadAction\",\"target\":[\"https:\/\/www.noticiasradioreflejos.com.ar\/2021\/las-inferiores-de-automoto-comenzaron-su-pretemporada\/\"]}]},{\"@type\":\"ImageObject\",\"inLanguage\":\"es\",\"@id\":\"https:\/\/www.noticiasradioreflejos.com.ar\/2021\/las-inferiores-de-automoto-comenzaron-su-pretemporada\/#primaryimage\",\"url\":\"http:\/\/farm1.staticflickr.com\/301\/32382600110_1cd753e8a3.jpg\",\"contentUrl\":\"http:\/\/farm1.staticflickr.com\/301\/32382600110_1cd753e8a3.jpg\"},{\"@type\":\"BreadcrumbList\",\"@id\":\"https:\/\/www.noticiasradioreflejos.com.ar\/2021\/las-inferiores-de-automoto-comenzaron-su-pretemporada\/#breadcrumb\",\"itemListElement\":[{\"@type\":\"ListItem\",\"position\":1,\"name\":\"Portada\",\"item\":\"https:\/\/www.noticiasradioreflejos.com.ar\/2021\/\"},{\"@type\":\"ListItem\",\"position\":2,\"name\":\"Las inferiores de Automoto comenzaron su pretemporada\"}]},{\"@type\":\"WebSite\",\"@id\":\"https:\/\/www.noticiasradioreflejos.com.ar\/2021\/#website\",\"url\":\"https:\/\/www.noticiasradioreflejos.com.ar\/2021\/\",\"name\":\"Noticias Radio Reflejos\",\"description\":\"Las noticias de mi comarca\",\"potentialAction\":[{\"@type\":\"SearchAction\",\"target\":{\"@type\":\"EntryPoint\",\"urlTemplate\":\"https:\/\/www.noticiasradioreflejos.com.ar\/2021\/?s={search_term_string}\"},\"query-input\":{\"@type\":\"PropertyValueSpecification\",\"valueRequired\":true,\"valueName\":\"search_term_string\"}}],\"inLanguage\":\"es\"},{\"@type\":\"Person\",\"@id\":\"https:\/\/www.noticiasradioreflejos.com.ar\/2021\/#\/schema\/person\/ad82545263dcc5ec0996818884fd5fb1\",\"name\":\"Arnaldo Botto\",\"image\":{\"@type\":\"ImageObject\",\"inLanguage\":\"es\",\"@id\":\"https:\/\/www.noticiasradioreflejos.com.ar\/2021\/#\/schema\/person\/image\/\",\"url\":\"https:\/\/secure.gravatar.com\/avatar\/55cb5e37c1efa326397366e6974cb338056df65cb50e7d64d1cf314e87504837?s=96&d=mm&r=g\",\"contentUrl\":\"https:\/\/secure.gravatar.com\/avatar\/55cb5e37c1efa326397366e6974cb338056df65cb50e7d64d1cf314e87504837?s=96&d=mm&r=g\",\"caption\":\"Arnaldo Botto\"},\"url\":\"https:\/\/www.noticiasradioreflejos.com.ar\/2021\/author\/arnaldo\/\"}]}<\/script>\n<!-- \/ Yoast SEO plugin. -->","yoast_head_json":{"title":"Las inferiores de Automoto comenzaron su pretemporada - Noticias Radio Reflejos","robots":{"index":"index","follow":"follow","max-snippet":"max-snippet:-1","max-image-preview":"max-image-preview:large","max-video-preview":"max-video-preview:-1"},"canonical":"https:\/\/www.noticiasradioreflejos.com.ar\/2021\/las-inferiores-de-automoto-comenzaron-su-pretemporada\/","og_locale":"es_ES","og_type":"article","og_title":"Las inferiores de Automoto comenzaron su pretemporada - Noticias Radio Reflejos","og_description":"Los jugadores pertenecientes a las categor\u00edas Sexta, S\u00e9ptima y Octava del Automoto Club Deportivo comenzaron esta tarde con sus trabajos de pretemporada, de cara a la participaci\u00f3n en el certamen de inferiores de la Liga Regional de F\u00fatbol de Coronel Su\u00e1rez.","og_url":"https:\/\/www.noticiasradioreflejos.com.ar\/2021\/las-inferiores-de-automoto-comenzaron-su-pretemporada\/","og_site_name":"Noticias Radio Reflejos","article_published_time":"2017-02-07T11:51:43+00:00","og_image":[{"url":"http:\/\/farm1.staticflickr.com\/301\/32382600110_1cd753e8a3.jpg","type":"","width":"","height":""}],"author":"Arnaldo Botto","twitter_card":"summary_large_image","schema":{"@context":"https:\/\/schema.org","@graph":[{"@type":"WebPage","@id":"https:\/\/www.noticiasradioreflejos.com.ar\/2021\/las-inferiores-de-automoto-comenzaron-su-pretemporada\/","url":"https:\/\/www.noticiasradioreflejos.com.ar\/2021\/las-inferiores-de-automoto-comenzaron-su-pretemporada\/","name":"Las inferiores de Automoto comenzaron su pretemporada - Noticias Radio Reflejos","isPartOf":{"@id":"https:\/\/www.noticiasradioreflejos.com.ar\/2021\/#website"},"primaryImageOfPage":{"@id":"https:\/\/www.noticiasradioreflejos.com.ar\/2021\/las-inferiores-de-automoto-comenzaron-su-pretemporada\/#primaryimage"},"image":{"@id":"https:\/\/www.noticiasradioreflejos.com.ar\/2021\/las-inferiores-de-automoto-comenzaron-su-pretemporada\/#primaryimage"},"thumbnailUrl":"http:\/\/farm1.staticflickr.com\/301\/32382600110_1cd753e8a3.jpg","datePublished":"2017-02-07T11:51:43+00:00","author":{"@id":"https:\/\/www.noticiasradioreflejos.com.ar\/2021\/#\/schema\/person\/ad82545263dcc5ec0996818884fd5fb1"},"breadcrumb":{"@id":"https:\/\/www.noticiasradioreflejos.com.ar\/2021\/las-inferiores-de-automoto-comenzaron-su-pretemporada\/#breadcrumb"},"inLanguage":"es","potentialAction":[{"@type":"ReadAction","target":["https:\/\/www.noticiasradioreflejos.com.ar\/2021\/las-inferiores-de-automoto-comenzaron-su-pretemporada\/"]}]},{"@type":"ImageObject","inLanguage":"es","@id":"https:\/\/www.noticiasradioreflejos.com.ar\/2021\/las-inferiores-de-automoto-comenzaron-su-pretemporada\/#primaryimage","url":"http:\/\/farm1.staticflickr.com\/301\/32382600110_1cd753e8a3.jpg","contentUrl":"http:\/\/farm1.staticflickr.com\/301\/32382600110_1cd753e8a3.jpg"},{"@type":"BreadcrumbList","@id":"https:\/\/www.noticiasradioreflejos.com.ar\/2021\/las-inferiores-de-automoto-comenzaron-su-pretemporada\/#breadcrumb","itemListElement":[{"@type":"ListItem","position":1,"name":"Portada","item":"https:\/\/www.noticiasradioreflejos.com.ar\/2021\/"},{"@type":"ListItem","position":2,"name":"Las inferiores de Automoto comenzaron su pretemporada"}]},{"@type":"WebSite","@id":"https:\/\/www.noticiasradioreflejos.com.ar\/2021\/#website","url":"https:\/\/www.noticiasradioreflejos.com.ar\/2021\/","name":"Noticias Radio Reflejos","description":"Las noticias de mi comarca","potentialAction":[{"@type":"SearchAction","target":{"@type":"EntryPoint","urlTemplate":"https:\/\/www.noticiasradioreflejos.com.ar\/2021\/?s={search_term_string}"},"query-input":{"@type":"PropertyValueSpecification","valueRequired":true,"valueName":"search_term_string"}}],"inLanguage":"es"},{"@type":"Person","@id":"https:\/\/www.noticiasradioreflejos.com.ar\/2021\/#\/schema\/person\/ad82545263dcc5ec0996818884fd5fb1","name":"Arnaldo Botto","image":{"@type":"ImageObject","inLanguage":"es","@id":"https:\/\/www.noticiasradioreflejos.com.ar\/2021\/#\/schema\/person\/image\/","url":"https:\/\/secure.gravatar.com\/avatar\/55cb5e37c1efa326397366e6974cb338056df65cb50e7d64d1cf314e87504837?s=96&d=mm&r=g","contentUrl":"https:\/\/secure.gravatar.com\/avatar\/55cb5e37c1efa326397366e6974cb338056df65cb50e7d64d1cf314e87504837?s=96&d=mm&r=g","caption":"Arnaldo Botto"},"url":"https:\/\/www.noticiasradioreflejos.com.ar\/2021\/author\/arnaldo\/"}]}},"_links":{"self":[{"href":"https:\/\/www.noticiasradioreflejos.com.ar\/2021\/wp-json\/wp\/v2\/posts\/6671","targetHints":{"allow":["GET"]}}],"collection":[{"href":"https:\/\/www.noticiasradioreflejos.com.ar\/2021\/wp-json\/wp\/v2\/posts"}],"about":[{"href":"https:\/\/www.noticiasradioreflejos.com.ar\/2021\/wp-json\/wp\/v2\/types\/post"}],"author":[{"embeddable":true,"href":"https:\/\/www.noticiasradioreflejos.com.ar\/2021\/wp-json\/wp\/v2\/users\/3"}],"replies":[{"embeddable":true,"href":"https:\/\/www.noticiasradioreflejos.com.ar\/2021\/wp-json\/wp\/v2\/comments?post=6671"}],"version-history":[{"count":0,"href":"https:\/\/www.noticiasradioreflejos.com.ar\/2021\/wp-json\/wp\/v2\/posts\/6671\/revisions"}],"wp:attachment":[{"href":"https:\/\/www.noticiasradioreflejos.com.ar\/2021\/wp-json\/wp\/v2\/media?parent=6671"}],"wp:term":[{"taxonomy":"category","embeddable":true,"href":"https:\/\/www.noticiasradioreflejos.com.ar\/2021\/wp-json\/wp\/v2\/categories?post=6671"},{"taxonomy":"post_tag","embeddable":true,"href":"https:\/\/www.noticiasradioreflejos.com.ar\/2021\/wp-json\/wp\/v2\/tags?post=6671"}],"curies":[{"name":"wp","href":"https:\/\/api.w.org\/{rel}","templated":true}]}}