{"id":66703,"date":"2022-01-05T14:57:38","date_gmt":"2022-01-05T14:57:38","guid":{"rendered":"http:\/\/www.noticiasradioreflejos.com.ar\/2021\/?p=66703"},"modified":"2022-01-05T14:57:38","modified_gmt":"2022-01-05T14:57:38","slug":"la-vacunacion-de-calendario-se-realiza-en-el-hogar-convivencial","status":"publish","type":"post","link":"https:\/\/www.noticiasradioreflejos.com.ar\/2021\/la-vacunacion-de-calendario-se-realiza-en-el-hogar-convivencial\/","title":{"rendered":"La vacunaci\u00f3n de calendario se realiza en el Hogar Convivencial"},"content":{"rendered":"<p>La Secretar\u00eda de Salud recuerda que, en Tornquist, la aplicaci\u00f3n de vacunas del Calendario Nacional se realiza en el nuevo sector del \u00e1rea, ubicado en el Hogar Convivencial frente al Hospital Municipal \u2018Dr. Alberto Castro\u2019, de lunes a viernes de 9 a 13 hs.<\/p>\n","protected":false},"excerpt":{"rendered":"<p>La Secretar\u00eda de Salud recuerda que, en Tornquist, la aplicaci\u00f3n de vacunas del Calendario Nacional se realiza en el nuevo sector del \u00e1rea, ubicado en el Hogar Convivencial frente al Hospital Municipal \u2018Dr. Alberto Castro\u2019, de lunes a viernes de 9 a 13 hs.<\/p>\n","protected":false},"author":3,"featured_media":0,"comment_status":"closed","ping_status":"closed","sticky":false,"template":"","format":"standard","meta":{"footnotes":""},"categories":[28,30],"tags":[],"class_list":["post-66703","post","type-post","status-publish","format-standard","hentry","category-municipales","category-salud"],"yoast_head":"<!-- This site is optimized with the Yoast SEO plugin v25.9 - https:\/\/yoast.com\/wordpress\/plugins\/seo\/ -->\n<title>La vacunaci\u00f3n de calendario se realiza en el Hogar Convivencial - Noticias Radio Reflejos<\/title>\n<meta name=\"robots\" content=\"index, follow, max-snippet:-1, max-image-preview:large, max-video-preview:-1\" \/>\n<link rel=\"canonical\" href=\"https:\/\/www.noticiasradioreflejos.com.ar\/2021\/la-vacunacion-de-calendario-se-realiza-en-el-hogar-convivencial\/\" \/>\n<meta property=\"og:locale\" content=\"es_ES\" \/>\n<meta property=\"og:type\" content=\"article\" \/>\n<meta property=\"og:title\" content=\"La vacunaci\u00f3n de calendario se realiza en el Hogar Convivencial - Noticias Radio Reflejos\" \/>\n<meta property=\"og:description\" content=\"La Secretar\u00eda de Salud recuerda que, en Tornquist, la aplicaci\u00f3n de vacunas del Calendario Nacional se realiza en el nuevo sector del \u00e1rea, ubicado en el Hogar Convivencial frente al Hospital Municipal \u2018Dr. Alberto Castro\u2019, de lunes a viernes de 9 a 13 hs.\" \/>\n<meta property=\"og:url\" content=\"https:\/\/www.noticiasradioreflejos.com.ar\/2021\/la-vacunacion-de-calendario-se-realiza-en-el-hogar-convivencial\/\" \/>\n<meta property=\"og:site_name\" content=\"Noticias Radio Reflejos\" \/>\n<meta property=\"article:published_time\" content=\"2022-01-05T14:57:38+00:00\" \/>\n<meta property=\"og:image\" content=\"https:\/\/www.noticiasradioreflejos.com.ar\/2021\/wp-content\/uploads\/2021\/07\/logosol300x200.png\" \/>\n\t<meta property=\"og:image:width\" content=\"300\" \/>\n\t<meta property=\"og:image:height\" content=\"200\" \/>\n\t<meta property=\"og:image:type\" content=\"image\/png\" \/>\n<meta name=\"author\" content=\"Arnaldo Botto\" \/>\n<meta name=\"twitter:card\" content=\"summary_large_image\" \/>\n<script type=\"application\/ld+json\" class=\"yoast-schema-graph\">{\"@context\":\"https:\/\/schema.org\",\"@graph\":[{\"@type\":\"WebPage\",\"@id\":\"https:\/\/www.noticiasradioreflejos.com.ar\/2021\/la-vacunacion-de-calendario-se-realiza-en-el-hogar-convivencial\/\",\"url\":\"https:\/\/www.noticiasradioreflejos.com.ar\/2021\/la-vacunacion-de-calendario-se-realiza-en-el-hogar-convivencial\/\",\"name\":\"La vacunaci\u00f3n de calendario se realiza en el Hogar Convivencial - Noticias Radio Reflejos\",\"isPartOf\":{\"@id\":\"https:\/\/www.noticiasradioreflejos.com.ar\/2021\/#website\"},\"datePublished\":\"2022-01-05T14:57:38+00:00\",\"author\":{\"@id\":\"https:\/\/www.noticiasradioreflejos.com.ar\/2021\/#\/schema\/person\/ad82545263dcc5ec0996818884fd5fb1\"},\"breadcrumb\":{\"@id\":\"https:\/\/www.noticiasradioreflejos.com.ar\/2021\/la-vacunacion-de-calendario-se-realiza-en-el-hogar-convivencial\/#breadcrumb\"},\"inLanguage\":\"es\",\"potentialAction\":[{\"@type\":\"ReadAction\",\"target\":[\"https:\/\/www.noticiasradioreflejos.com.ar\/2021\/la-vacunacion-de-calendario-se-realiza-en-el-hogar-convivencial\/\"]}]},{\"@type\":\"BreadcrumbList\",\"@id\":\"https:\/\/www.noticiasradioreflejos.com.ar\/2021\/la-vacunacion-de-calendario-se-realiza-en-el-hogar-convivencial\/#breadcrumb\",\"itemListElement\":[{\"@type\":\"ListItem\",\"position\":1,\"name\":\"Portada\",\"item\":\"https:\/\/www.noticiasradioreflejos.com.ar\/2021\/\"},{\"@type\":\"ListItem\",\"position\":2,\"name\":\"La vacunaci\u00f3n de calendario se realiza en el Hogar Convivencial\"}]},{\"@type\":\"WebSite\",\"@id\":\"https:\/\/www.noticiasradioreflejos.com.ar\/2021\/#website\",\"url\":\"https:\/\/www.noticiasradioreflejos.com.ar\/2021\/\",\"name\":\"Noticias Radio Reflejos\",\"description\":\"Las noticias de mi comarca\",\"potentialAction\":[{\"@type\":\"SearchAction\",\"target\":{\"@type\":\"EntryPoint\",\"urlTemplate\":\"https:\/\/www.noticiasradioreflejos.com.ar\/2021\/?s={search_term_string}\"},\"query-input\":{\"@type\":\"PropertyValueSpecification\",\"valueRequired\":true,\"valueName\":\"search_term_string\"}}],\"inLanguage\":\"es\"},{\"@type\":\"Person\",\"@id\":\"https:\/\/www.noticiasradioreflejos.com.ar\/2021\/#\/schema\/person\/ad82545263dcc5ec0996818884fd5fb1\",\"name\":\"Arnaldo Botto\",\"image\":{\"@type\":\"ImageObject\",\"inLanguage\":\"es\",\"@id\":\"https:\/\/www.noticiasradioreflejos.com.ar\/2021\/#\/schema\/person\/image\/\",\"url\":\"https:\/\/secure.gravatar.com\/avatar\/55cb5e37c1efa326397366e6974cb338056df65cb50e7d64d1cf314e87504837?s=96&d=mm&r=g\",\"contentUrl\":\"https:\/\/secure.gravatar.com\/avatar\/55cb5e37c1efa326397366e6974cb338056df65cb50e7d64d1cf314e87504837?s=96&d=mm&r=g\",\"caption\":\"Arnaldo Botto\"},\"url\":\"https:\/\/www.noticiasradioreflejos.com.ar\/2021\/author\/arnaldo\/\"}]}<\/script>\n<!-- \/ Yoast SEO plugin. -->","yoast_head_json":{"title":"La vacunaci\u00f3n de calendario se realiza en el Hogar Convivencial - Noticias Radio Reflejos","robots":{"index":"index","follow":"follow","max-snippet":"max-snippet:-1","max-image-preview":"max-image-preview:large","max-video-preview":"max-video-preview:-1"},"canonical":"https:\/\/www.noticiasradioreflejos.com.ar\/2021\/la-vacunacion-de-calendario-se-realiza-en-el-hogar-convivencial\/","og_locale":"es_ES","og_type":"article","og_title":"La vacunaci\u00f3n de calendario se realiza en el Hogar Convivencial - Noticias Radio Reflejos","og_description":"La Secretar\u00eda de Salud recuerda que, en Tornquist, la aplicaci\u00f3n de vacunas del Calendario Nacional se realiza en el nuevo sector del \u00e1rea, ubicado en el Hogar Convivencial frente al Hospital Municipal \u2018Dr. Alberto Castro\u2019, de lunes a viernes de 9 a 13 hs.","og_url":"https:\/\/www.noticiasradioreflejos.com.ar\/2021\/la-vacunacion-de-calendario-se-realiza-en-el-hogar-convivencial\/","og_site_name":"Noticias Radio Reflejos","article_published_time":"2022-01-05T14:57:38+00:00","og_image":[{"width":300,"height":200,"url":"https:\/\/www.noticiasradioreflejos.com.ar\/2021\/wp-content\/uploads\/2021\/07\/logosol300x200.png","type":"image\/png"}],"author":"Arnaldo Botto","twitter_card":"summary_large_image","schema":{"@context":"https:\/\/schema.org","@graph":[{"@type":"WebPage","@id":"https:\/\/www.noticiasradioreflejos.com.ar\/2021\/la-vacunacion-de-calendario-se-realiza-en-el-hogar-convivencial\/","url":"https:\/\/www.noticiasradioreflejos.com.ar\/2021\/la-vacunacion-de-calendario-se-realiza-en-el-hogar-convivencial\/","name":"La vacunaci\u00f3n de calendario se realiza en el Hogar Convivencial - Noticias Radio Reflejos","isPartOf":{"@id":"https:\/\/www.noticiasradioreflejos.com.ar\/2021\/#website"},"datePublished":"2022-01-05T14:57:38+00:00","author":{"@id":"https:\/\/www.noticiasradioreflejos.com.ar\/2021\/#\/schema\/person\/ad82545263dcc5ec0996818884fd5fb1"},"breadcrumb":{"@id":"https:\/\/www.noticiasradioreflejos.com.ar\/2021\/la-vacunacion-de-calendario-se-realiza-en-el-hogar-convivencial\/#breadcrumb"},"inLanguage":"es","potentialAction":[{"@type":"ReadAction","target":["https:\/\/www.noticiasradioreflejos.com.ar\/2021\/la-vacunacion-de-calendario-se-realiza-en-el-hogar-convivencial\/"]}]},{"@type":"BreadcrumbList","@id":"https:\/\/www.noticiasradioreflejos.com.ar\/2021\/la-vacunacion-de-calendario-se-realiza-en-el-hogar-convivencial\/#breadcrumb","itemListElement":[{"@type":"ListItem","position":1,"name":"Portada","item":"https:\/\/www.noticiasradioreflejos.com.ar\/2021\/"},{"@type":"ListItem","position":2,"name":"La vacunaci\u00f3n de calendario se realiza en el Hogar Convivencial"}]},{"@type":"WebSite","@id":"https:\/\/www.noticiasradioreflejos.com.ar\/2021\/#website","url":"https:\/\/www.noticiasradioreflejos.com.ar\/2021\/","name":"Noticias Radio Reflejos","description":"Las noticias de mi comarca","potentialAction":[{"@type":"SearchAction","target":{"@type":"EntryPoint","urlTemplate":"https:\/\/www.noticiasradioreflejos.com.ar\/2021\/?s={search_term_string}"},"query-input":{"@type":"PropertyValueSpecification","valueRequired":true,"valueName":"search_term_string"}}],"inLanguage":"es"},{"@type":"Person","@id":"https:\/\/www.noticiasradioreflejos.com.ar\/2021\/#\/schema\/person\/ad82545263dcc5ec0996818884fd5fb1","name":"Arnaldo Botto","image":{"@type":"ImageObject","inLanguage":"es","@id":"https:\/\/www.noticiasradioreflejos.com.ar\/2021\/#\/schema\/person\/image\/","url":"https:\/\/secure.gravatar.com\/avatar\/55cb5e37c1efa326397366e6974cb338056df65cb50e7d64d1cf314e87504837?s=96&d=mm&r=g","contentUrl":"https:\/\/secure.gravatar.com\/avatar\/55cb5e37c1efa326397366e6974cb338056df65cb50e7d64d1cf314e87504837?s=96&d=mm&r=g","caption":"Arnaldo Botto"},"url":"https:\/\/www.noticiasradioreflejos.com.ar\/2021\/author\/arnaldo\/"}]}},"_links":{"self":[{"href":"https:\/\/www.noticiasradioreflejos.com.ar\/2021\/wp-json\/wp\/v2\/posts\/66703","targetHints":{"allow":["GET"]}}],"collection":[{"href":"https:\/\/www.noticiasradioreflejos.com.ar\/2021\/wp-json\/wp\/v2\/posts"}],"about":[{"href":"https:\/\/www.noticiasradioreflejos.com.ar\/2021\/wp-json\/wp\/v2\/types\/post"}],"author":[{"embeddable":true,"href":"https:\/\/www.noticiasradioreflejos.com.ar\/2021\/wp-json\/wp\/v2\/users\/3"}],"replies":[{"embeddable":true,"href":"https:\/\/www.noticiasradioreflejos.com.ar\/2021\/wp-json\/wp\/v2\/comments?post=66703"}],"version-history":[{"count":1,"href":"https:\/\/www.noticiasradioreflejos.com.ar\/2021\/wp-json\/wp\/v2\/posts\/66703\/revisions"}],"predecessor-version":[{"id":66705,"href":"https:\/\/www.noticiasradioreflejos.com.ar\/2021\/wp-json\/wp\/v2\/posts\/66703\/revisions\/66705"}],"wp:attachment":[{"href":"https:\/\/www.noticiasradioreflejos.com.ar\/2021\/wp-json\/wp\/v2\/media?parent=66703"}],"wp:term":[{"taxonomy":"category","embeddable":true,"href":"https:\/\/www.noticiasradioreflejos.com.ar\/2021\/wp-json\/wp\/v2\/categories?post=66703"},{"taxonomy":"post_tag","embeddable":true,"href":"https:\/\/www.noticiasradioreflejos.com.ar\/2021\/wp-json\/wp\/v2\/tags?post=66703"}],"curies":[{"name":"wp","href":"https:\/\/api.w.org\/{rel}","templated":true}]}}