{"id":6668,"date":"2017-02-07T07:37:02","date_gmt":"2017-02-07T10:37:02","guid":{"rendered":"http:\/\/noticiasradioreflejos.com.ar\/noticias\/?p=6668"},"modified":"2017-02-07T07:37:02","modified_gmt":"2017-02-07T10:37:02","slug":"union-goleo-en-el-arranque-del-federal-c","status":"publish","type":"post","link":"https:\/\/www.noticiasradioreflejos.com.ar\/2021\/union-goleo-en-el-arranque-del-federal-c\/","title":{"rendered":"Uni\u00f3n Gole\u00f3 en el arranque del Federal C"},"content":{"rendered":"<p>Con un contundente 4 a 1, Uni\u00f3n de nuestra ciudad debut\u00f3 ganando este lunes por la tarde en el debut del Federal C, frente al Centro Almaceneros de Coronel Pringles.<!--more--><br \/>\n<strong>Esteban Angelini<\/strong> a los 3 minutos del primer tiempo de tiro libre, <strong>Joaquin Correa<\/strong> a los 32 minutos, <strong>Juan Heiland<\/strong> a los 28 y <strong>Tomas Terrugi<\/strong> a los 37, fueron los autores de los tantos del elenco verde. Descont\u00f3 para la visita <strong>Cristian Suarez<\/strong> a los 39 de la complementaria de penal.<br \/>\n<strong>Formaciones:<\/strong><br \/>\nUNI\u00d3N:\u00a0Juan Manuel Stefanof; Federico Franco, Jos\u00e9 Luis Teysseyre, Juli\u00e1n Sarrat, Sebasti\u00e1n Callava; Maxi Banegas, Lucas Sotelo, Tomas Terrugi, Ezequiel Schmidt; Joaqu\u00edn Correa y Esteban Angelini. DT: Carlos Graff.<br \/>\nALMACENEROS:\u00a0Luciano Posadas; Mat\u00edas Contreras, Ivan Las Heras, Sebasti\u00e1n Peredo, Ramiro Gasman; Tomas Iribertegui, Patricio Pugni, David Maderne; Emilio Romero; Aquiles Heim y Jos\u00e9 Mosqueria. DT: Ezequiel Franco.<br \/>\nEste martes por la misma zona (1) Comercial y Hurac\u00e1n jugar\u00e1n en Cancha de Olimpo a la hora 20.30.<br \/>\nEl pr\u00f3ximo domingo, Uni\u00f3n visitar\u00e1 a Comercial mientras que Almaceneros recibir\u00e1 en su cancha a Hurac\u00e1n.<br \/>\nTrabajaron en campo de juego: Raul Schwab (Relatos) Miguel Herrada y Gustavo Bacci (Comentarios), Marcelo Alga\u00f1araz (Estudios) y Nicolas Mendez (Operacion Tecnica) para FM de la Ciudad 99.5.<\/p>\n","protected":false},"excerpt":{"rendered":"<p>Con un contundente 4 a 1, Uni\u00f3n de nuestra ciudad debut\u00f3 ganando este lunes por la tarde en el debut del Federal C, frente al Centro Almaceneros de Coronel Pringles.<\/p>\n","protected":false},"author":3,"featured_media":0,"comment_status":"closed","ping_status":"open","sticky":false,"template":"","format":"standard","meta":{"footnotes":""},"categories":[27],"tags":[],"class_list":["post-6668","post","type-post","status-publish","format-standard","hentry","category-deportes"],"yoast_head":"<!-- This site is optimized with the Yoast SEO plugin v25.9 - https:\/\/yoast.com\/wordpress\/plugins\/seo\/ -->\n<title>Uni\u00f3n Gole\u00f3 en el arranque del Federal C - Noticias Radio Reflejos<\/title>\n<meta name=\"robots\" content=\"index, follow, max-snippet:-1, max-image-preview:large, max-video-preview:-1\" \/>\n<link rel=\"canonical\" href=\"https:\/\/www.noticiasradioreflejos.com.ar\/2021\/union-goleo-en-el-arranque-del-federal-c\/\" \/>\n<meta property=\"og:locale\" content=\"es_ES\" \/>\n<meta property=\"og:type\" content=\"article\" \/>\n<meta property=\"og:title\" content=\"Uni\u00f3n Gole\u00f3 en el arranque del Federal C - Noticias Radio Reflejos\" \/>\n<meta property=\"og:description\" content=\"Con un contundente 4 a 1, Uni\u00f3n de nuestra ciudad debut\u00f3 ganando este lunes por la tarde en el debut del Federal C, frente al Centro Almaceneros de Coronel Pringles.\" \/>\n<meta property=\"og:url\" content=\"https:\/\/www.noticiasradioreflejos.com.ar\/2021\/union-goleo-en-el-arranque-del-federal-c\/\" \/>\n<meta property=\"og:site_name\" content=\"Noticias Radio Reflejos\" \/>\n<meta property=\"article:published_time\" content=\"2017-02-07T10:37:02+00:00\" \/>\n<meta property=\"og:image\" content=\"https:\/\/www.noticiasradioreflejos.com.ar\/2021\/wp-content\/uploads\/2021\/07\/logosol300x200.png\" \/>\n\t<meta property=\"og:image:width\" content=\"300\" \/>\n\t<meta property=\"og:image:height\" content=\"200\" \/>\n\t<meta property=\"og:image:type\" content=\"image\/png\" \/>\n<meta name=\"author\" content=\"Arnaldo Botto\" \/>\n<meta name=\"twitter:card\" content=\"summary_large_image\" \/>\n<script type=\"application\/ld+json\" class=\"yoast-schema-graph\">{\"@context\":\"https:\/\/schema.org\",\"@graph\":[{\"@type\":\"WebPage\",\"@id\":\"https:\/\/www.noticiasradioreflejos.com.ar\/2021\/union-goleo-en-el-arranque-del-federal-c\/\",\"url\":\"https:\/\/www.noticiasradioreflejos.com.ar\/2021\/union-goleo-en-el-arranque-del-federal-c\/\",\"name\":\"Uni\u00f3n Gole\u00f3 en el arranque del Federal C - Noticias Radio Reflejos\",\"isPartOf\":{\"@id\":\"https:\/\/www.noticiasradioreflejos.com.ar\/2021\/#website\"},\"datePublished\":\"2017-02-07T10:37:02+00:00\",\"author\":{\"@id\":\"https:\/\/www.noticiasradioreflejos.com.ar\/2021\/#\/schema\/person\/ad82545263dcc5ec0996818884fd5fb1\"},\"breadcrumb\":{\"@id\":\"https:\/\/www.noticiasradioreflejos.com.ar\/2021\/union-goleo-en-el-arranque-del-federal-c\/#breadcrumb\"},\"inLanguage\":\"es\",\"potentialAction\":[{\"@type\":\"ReadAction\",\"target\":[\"https:\/\/www.noticiasradioreflejos.com.ar\/2021\/union-goleo-en-el-arranque-del-federal-c\/\"]}]},{\"@type\":\"BreadcrumbList\",\"@id\":\"https:\/\/www.noticiasradioreflejos.com.ar\/2021\/union-goleo-en-el-arranque-del-federal-c\/#breadcrumb\",\"itemListElement\":[{\"@type\":\"ListItem\",\"position\":1,\"name\":\"Portada\",\"item\":\"https:\/\/www.noticiasradioreflejos.com.ar\/2021\/\"},{\"@type\":\"ListItem\",\"position\":2,\"name\":\"Uni\u00f3n Gole\u00f3 en el arranque del Federal C\"}]},{\"@type\":\"WebSite\",\"@id\":\"https:\/\/www.noticiasradioreflejos.com.ar\/2021\/#website\",\"url\":\"https:\/\/www.noticiasradioreflejos.com.ar\/2021\/\",\"name\":\"Noticias Radio Reflejos\",\"description\":\"Las noticias de mi comarca\",\"potentialAction\":[{\"@type\":\"SearchAction\",\"target\":{\"@type\":\"EntryPoint\",\"urlTemplate\":\"https:\/\/www.noticiasradioreflejos.com.ar\/2021\/?s={search_term_string}\"},\"query-input\":{\"@type\":\"PropertyValueSpecification\",\"valueRequired\":true,\"valueName\":\"search_term_string\"}}],\"inLanguage\":\"es\"},{\"@type\":\"Person\",\"@id\":\"https:\/\/www.noticiasradioreflejos.com.ar\/2021\/#\/schema\/person\/ad82545263dcc5ec0996818884fd5fb1\",\"name\":\"Arnaldo Botto\",\"image\":{\"@type\":\"ImageObject\",\"inLanguage\":\"es\",\"@id\":\"https:\/\/www.noticiasradioreflejos.com.ar\/2021\/#\/schema\/person\/image\/\",\"url\":\"https:\/\/secure.gravatar.com\/avatar\/55cb5e37c1efa326397366e6974cb338056df65cb50e7d64d1cf314e87504837?s=96&d=mm&r=g\",\"contentUrl\":\"https:\/\/secure.gravatar.com\/avatar\/55cb5e37c1efa326397366e6974cb338056df65cb50e7d64d1cf314e87504837?s=96&d=mm&r=g\",\"caption\":\"Arnaldo Botto\"},\"url\":\"https:\/\/www.noticiasradioreflejos.com.ar\/2021\/author\/arnaldo\/\"}]}<\/script>\n<!-- \/ Yoast SEO plugin. -->","yoast_head_json":{"title":"Uni\u00f3n Gole\u00f3 en el arranque del Federal C - Noticias Radio Reflejos","robots":{"index":"index","follow":"follow","max-snippet":"max-snippet:-1","max-image-preview":"max-image-preview:large","max-video-preview":"max-video-preview:-1"},"canonical":"https:\/\/www.noticiasradioreflejos.com.ar\/2021\/union-goleo-en-el-arranque-del-federal-c\/","og_locale":"es_ES","og_type":"article","og_title":"Uni\u00f3n Gole\u00f3 en el arranque del Federal C - Noticias Radio Reflejos","og_description":"Con un contundente 4 a 1, Uni\u00f3n de nuestra ciudad debut\u00f3 ganando este lunes por la tarde en el debut del Federal C, frente al Centro Almaceneros de Coronel Pringles.","og_url":"https:\/\/www.noticiasradioreflejos.com.ar\/2021\/union-goleo-en-el-arranque-del-federal-c\/","og_site_name":"Noticias Radio Reflejos","article_published_time":"2017-02-07T10:37:02+00:00","og_image":[{"width":300,"height":200,"url":"https:\/\/www.noticiasradioreflejos.com.ar\/2021\/wp-content\/uploads\/2021\/07\/logosol300x200.png","type":"image\/png"}],"author":"Arnaldo Botto","twitter_card":"summary_large_image","schema":{"@context":"https:\/\/schema.org","@graph":[{"@type":"WebPage","@id":"https:\/\/www.noticiasradioreflejos.com.ar\/2021\/union-goleo-en-el-arranque-del-federal-c\/","url":"https:\/\/www.noticiasradioreflejos.com.ar\/2021\/union-goleo-en-el-arranque-del-federal-c\/","name":"Uni\u00f3n Gole\u00f3 en el arranque del Federal C - Noticias Radio Reflejos","isPartOf":{"@id":"https:\/\/www.noticiasradioreflejos.com.ar\/2021\/#website"},"datePublished":"2017-02-07T10:37:02+00:00","author":{"@id":"https:\/\/www.noticiasradioreflejos.com.ar\/2021\/#\/schema\/person\/ad82545263dcc5ec0996818884fd5fb1"},"breadcrumb":{"@id":"https:\/\/www.noticiasradioreflejos.com.ar\/2021\/union-goleo-en-el-arranque-del-federal-c\/#breadcrumb"},"inLanguage":"es","potentialAction":[{"@type":"ReadAction","target":["https:\/\/www.noticiasradioreflejos.com.ar\/2021\/union-goleo-en-el-arranque-del-federal-c\/"]}]},{"@type":"BreadcrumbList","@id":"https:\/\/www.noticiasradioreflejos.com.ar\/2021\/union-goleo-en-el-arranque-del-federal-c\/#breadcrumb","itemListElement":[{"@type":"ListItem","position":1,"name":"Portada","item":"https:\/\/www.noticiasradioreflejos.com.ar\/2021\/"},{"@type":"ListItem","position":2,"name":"Uni\u00f3n Gole\u00f3 en el arranque del Federal C"}]},{"@type":"WebSite","@id":"https:\/\/www.noticiasradioreflejos.com.ar\/2021\/#website","url":"https:\/\/www.noticiasradioreflejos.com.ar\/2021\/","name":"Noticias Radio Reflejos","description":"Las noticias de mi comarca","potentialAction":[{"@type":"SearchAction","target":{"@type":"EntryPoint","urlTemplate":"https:\/\/www.noticiasradioreflejos.com.ar\/2021\/?s={search_term_string}"},"query-input":{"@type":"PropertyValueSpecification","valueRequired":true,"valueName":"search_term_string"}}],"inLanguage":"es"},{"@type":"Person","@id":"https:\/\/www.noticiasradioreflejos.com.ar\/2021\/#\/schema\/person\/ad82545263dcc5ec0996818884fd5fb1","name":"Arnaldo Botto","image":{"@type":"ImageObject","inLanguage":"es","@id":"https:\/\/www.noticiasradioreflejos.com.ar\/2021\/#\/schema\/person\/image\/","url":"https:\/\/secure.gravatar.com\/avatar\/55cb5e37c1efa326397366e6974cb338056df65cb50e7d64d1cf314e87504837?s=96&d=mm&r=g","contentUrl":"https:\/\/secure.gravatar.com\/avatar\/55cb5e37c1efa326397366e6974cb338056df65cb50e7d64d1cf314e87504837?s=96&d=mm&r=g","caption":"Arnaldo Botto"},"url":"https:\/\/www.noticiasradioreflejos.com.ar\/2021\/author\/arnaldo\/"}]}},"_links":{"self":[{"href":"https:\/\/www.noticiasradioreflejos.com.ar\/2021\/wp-json\/wp\/v2\/posts\/6668","targetHints":{"allow":["GET"]}}],"collection":[{"href":"https:\/\/www.noticiasradioreflejos.com.ar\/2021\/wp-json\/wp\/v2\/posts"}],"about":[{"href":"https:\/\/www.noticiasradioreflejos.com.ar\/2021\/wp-json\/wp\/v2\/types\/post"}],"author":[{"embeddable":true,"href":"https:\/\/www.noticiasradioreflejos.com.ar\/2021\/wp-json\/wp\/v2\/users\/3"}],"replies":[{"embeddable":true,"href":"https:\/\/www.noticiasradioreflejos.com.ar\/2021\/wp-json\/wp\/v2\/comments?post=6668"}],"version-history":[{"count":0,"href":"https:\/\/www.noticiasradioreflejos.com.ar\/2021\/wp-json\/wp\/v2\/posts\/6668\/revisions"}],"wp:attachment":[{"href":"https:\/\/www.noticiasradioreflejos.com.ar\/2021\/wp-json\/wp\/v2\/media?parent=6668"}],"wp:term":[{"taxonomy":"category","embeddable":true,"href":"https:\/\/www.noticiasradioreflejos.com.ar\/2021\/wp-json\/wp\/v2\/categories?post=6668"},{"taxonomy":"post_tag","embeddable":true,"href":"https:\/\/www.noticiasradioreflejos.com.ar\/2021\/wp-json\/wp\/v2\/tags?post=6668"}],"curies":[{"name":"wp","href":"https:\/\/api.w.org\/{rel}","templated":true}]}}