{"id":66668,"date":"2022-01-04T21:02:04","date_gmt":"2022-01-04T21:02:04","guid":{"rendered":"http:\/\/www.noticiasradioreflejos.com.ar\/2021\/?p=66668"},"modified":"2022-01-04T21:02:04","modified_gmt":"2022-01-04T21:02:04","slug":"se-registraron-81-210-nuevos-contagios-de-coronavirus-en-la-argentina","status":"publish","type":"post","link":"https:\/\/www.noticiasradioreflejos.com.ar\/2021\/se-registraron-81-210-nuevos-contagios-de-coronavirus-en-la-argentina\/","title":{"rendered":"Se registraron 81.210 nuevos contagios de coronavirus en la Argentina"},"content":{"rendered":"<p>&gt;El reporte del Ministerio de Salud inform\u00f3 adem\u00e1s que hubo 49 personas murieron en las \u00faltimas 24 horas y que son 1.218 los pacientes internados con coronavirus en unidades de terapia intensiva.<!--more--><\/p>\n<div class=\"wrapper-editable-content\">\n<div>\n<div class=\"wrapper-editable-content\">\n<div>\n<div class=\"container-md\">\n<div class=\"row\">\n<div class=\"col-md-12 speak\">\n<div class=\"paragraph\">\n<figure class=\"mb-3\"><img decoding=\"async\" src=\"https:\/\/www.telam.com.ar\/thumbs\/bluesteel\/advf\/imagenes\/2022\/01\/61d49c81e9a74_900.jpg\" alt=\"Foto Pepe Mateos\" width=\"100%\" height=\"100%\" \/><\/p>\n<div class=\"media-icons\"><\/div><figcaption>Foto: Pepe Mateos<\/figcaption><\/figure>\n<p>Otras\u00a0<strong>49 personas murieron<\/strong>\u00a0y\u00a0<strong>81.210<\/strong>\u00a0fueron\u00a0<strong>reportadas con coronavirus<\/strong>\u00a0en las \u00faltimas 24 horas en la Argentina, en el marco de la tercera ola de contagios que afecta al pa\u00eds, con lo que suman 117.294 los fallecidos registrados oficialmente a nivel nacional y 5.820.536 los contagiados desde el inicio de la pandemia, inform\u00f3 este martes el Ministerio de Salud.<\/p>\n<p><a title=\"Evoluci\u00f3n muertes covid\" href=\"https:\/\/www.flickr.com\/photos\/182279889@N02\/51800103934\/in\/dateposted-public\/\" data-flickr-embed=\"true\"><img loading=\"lazy\" decoding=\"async\" src=\"https:\/\/live.staticflickr.com\/65535\/51800103934_5a4031d20d_z.jpg\" alt=\"Evoluci\u00f3n muertes covid\" width=\"640\" height=\"337\" \/><\/a><script async src=\"\/\/embedr.flickr.com\/assets\/client-code.js\" charset=\"utf-8\"><\/script><\/p>\n<p>La cartera sanitaria indic\u00f3 que son\u00a0<strong>1.218 los internados con coronavirus en unidades de terapia intensiva<\/strong>, con un porcentaje de ocupaci\u00f3n de camas de adultos en el sector p\u00fablico y privado, para todas las patolog\u00edas, de 35,9% en el pa\u00eds y del 36,7% en el \u00c1rea Metropolitana Buenos Aires.<\/p>\n<p>Del total de contagiados, 5.370.436 recibieron el alta y 332.806 son casos confirmados activos.<\/p>\n<p>El parte precis\u00f3 que\u00a0<strong>murieron 25 hombres<\/strong>; 7 en la provincia de Buenos Aires, 3 en la Ciudad de Buenos Aires, 1 en Corrientes, 1 en C\u00f3rdoba, 1 en Jujuy, 2 en Neuqu\u00e9n, 4 en Salta, 1 en San Luis, 1 en Santa Fe y 4 en Tucum\u00e1n.<\/p>\n<p>El reporte indic\u00f3 que\u00a0<strong>fallecieron 24 mujeres<\/strong>; 9 en la provincia de Buenos Aires, 2 en la Ciudad de Buenos Aires, 3 en C\u00f3rdoba, 1 en Jujuy, 1 en Neuqu\u00e9n, 2 en R\u00edo Negro, 3 en Salta, 1 en Santa fe, 1 en Santiago del Estero y 1 en Tucum\u00e1n.<\/p>\n<p>En las\u00a0<strong>\u00faltimas 24 horas<\/strong>\u00a0se registraron en la provincia de Buenos Aires Buenos Aires 29.485 casos; en la Ciudad de Buenos Aires 11.142; en Catamarca 806; en Chaco 1.272; en Chubut 560; en Corrientes 504; en C\u00f3rdoba 12.363; en Entre R\u00edos 1.249: en Formosa 384; en Jujuy 884; en La Pampa 974; en La Rioja 173; en Mendoza 2.340; en Misiones 232; en Neuqu\u00e9n 1.330; en R\u00edo Negro 886; en Salta 1.790; en San Juan 1.655; en San Luis 724; en Santa Cruz 1.121; en Santa Fe 7.402; en Santiago del Estero 1.557; en Tierra del Fuego 310 y en Tucum\u00e1n 2.067.<\/p>\n<p>El total de\u00a0<strong>acumulados\u00a0<\/strong>por distrito indica para la provincia de Buenos Aires 2.256.600 casos, en la Ciudad de Buenos Aires 609.774; Catamarca 56.261; Chaco 105.791; Chubut 85.893; Corrientes 98.565; C\u00f3rdoba 620.491; Entre R\u00edos 141.998; Formosa 63.627; Jujuy 53.160; La Pampa 72.909; La Rioja 35.049; Mendoza 175.305; Misiones 38.950; Neuqu\u00e9n 123.007; R\u00edo Negro 109.243; Salta 96.686; San Juan 74.134; San Luis 85.133; Santa Cruz 64.127; Santa Fe 500.798; Santiago del Estero 87.347; Tierra del Fuego 33.469 y Tucum\u00e1n 232.219.<\/p>\n<p>Se incluyen casos existentes en las Islas Malvinas seg\u00fan informaci\u00f3n de prensa (debido a la ocupaci\u00f3n ilegal del Reino Unido, Gran Breta\u00f1a e Irlanda del Norte no es posible contar con informaci\u00f3n propia sobre el impacto de la Covid-19 en esa parte del territorio argentino).<\/p>\n<h2 class=\"\">Vacunaci\u00f3n<\/h2>\n<p>Seg\u00fan el Monitor P\u00fablico de Vacunaci\u00f3n,\u00a0<strong>el total de inoculados asciende a 77.207.179<\/strong>, de los cuales 38.272.739 recibieron una dosis, 32.960.671 las dos, 2.616.891 una adicional y 3.356.878 una de refuerzo, mientras que las vacunas distribuidas a las jurisdicciones llegan a 94.230.668.<\/p>\n<p>El Ministerio indic\u00f3 adem\u00e1s que se realizaron en las \u00faltimas 24 horas\u00a0<strong>154.853 testeos<\/strong>\u00a0y desde el inicio del brote ascienden a 28.476.002 las pruebas diagn\u00f3sticas para esta enfermedad.<\/p>\n<\/div>\n<\/div>\n<\/div>\n<\/div>\n<\/div>\n<\/div>\n<\/div>\n<\/div>\n","protected":false},"excerpt":{"rendered":"<p>&gt;El reporte del Ministerio de Salud inform\u00f3 adem\u00e1s que hubo 49 personas murieron en las \u00faltimas 24 horas y que son 1.218 los pacientes internados con coronavirus en unidades de terapia intensiva.<\/p>\n","protected":false},"author":3,"featured_media":0,"comment_status":"closed","ping_status":"closed","sticky":false,"template":"","format":"standard","meta":{"footnotes":""},"categories":[30],"tags":[],"class_list":["post-66668","post","type-post","status-publish","format-standard","hentry","category-salud"],"yoast_head":"<!-- This site is optimized with the Yoast SEO plugin v25.9 - https:\/\/yoast.com\/wordpress\/plugins\/seo\/ -->\n<title>Se registraron 81.210 nuevos contagios de coronavirus en la Argentina - Noticias Radio Reflejos<\/title>\n<meta name=\"robots\" content=\"index, follow, max-snippet:-1, max-image-preview:large, max-video-preview:-1\" \/>\n<link rel=\"canonical\" href=\"https:\/\/www.noticiasradioreflejos.com.ar\/2021\/se-registraron-81-210-nuevos-contagios-de-coronavirus-en-la-argentina\/\" \/>\n<meta property=\"og:locale\" content=\"es_ES\" \/>\n<meta property=\"og:type\" content=\"article\" \/>\n<meta property=\"og:title\" content=\"Se registraron 81.210 nuevos contagios de coronavirus en la Argentina - Noticias Radio Reflejos\" \/>\n<meta property=\"og:description\" content=\"&gt;El reporte del Ministerio de Salud inform\u00f3 adem\u00e1s que hubo 49 personas murieron en las \u00faltimas 24 horas y que son 1.218 los pacientes internados con coronavirus en unidades de terapia intensiva.\" \/>\n<meta property=\"og:url\" content=\"https:\/\/www.noticiasradioreflejos.com.ar\/2021\/se-registraron-81-210-nuevos-contagios-de-coronavirus-en-la-argentina\/\" \/>\n<meta property=\"og:site_name\" content=\"Noticias Radio Reflejos\" \/>\n<meta property=\"article:published_time\" content=\"2022-01-04T21:02:04+00:00\" \/>\n<meta property=\"og:image\" content=\"https:\/\/www.telam.com.ar\/thumbs\/bluesteel\/advf\/imagenes\/2022\/01\/61d49c81e9a74_900.jpg\" \/>\n<meta name=\"author\" content=\"Arnaldo Botto\" \/>\n<meta name=\"twitter:card\" content=\"summary_large_image\" \/>\n<script type=\"application\/ld+json\" class=\"yoast-schema-graph\">{\"@context\":\"https:\/\/schema.org\",\"@graph\":[{\"@type\":\"WebPage\",\"@id\":\"https:\/\/www.noticiasradioreflejos.com.ar\/2021\/se-registraron-81-210-nuevos-contagios-de-coronavirus-en-la-argentina\/\",\"url\":\"https:\/\/www.noticiasradioreflejos.com.ar\/2021\/se-registraron-81-210-nuevos-contagios-de-coronavirus-en-la-argentina\/\",\"name\":\"Se registraron 81.210 nuevos contagios de coronavirus en la Argentina - Noticias Radio Reflejos\",\"isPartOf\":{\"@id\":\"https:\/\/www.noticiasradioreflejos.com.ar\/2021\/#website\"},\"primaryImageOfPage\":{\"@id\":\"https:\/\/www.noticiasradioreflejos.com.ar\/2021\/se-registraron-81-210-nuevos-contagios-de-coronavirus-en-la-argentina\/#primaryimage\"},\"image\":{\"@id\":\"https:\/\/www.noticiasradioreflejos.com.ar\/2021\/se-registraron-81-210-nuevos-contagios-de-coronavirus-en-la-argentina\/#primaryimage\"},\"thumbnailUrl\":\"https:\/\/www.telam.com.ar\/thumbs\/bluesteel\/advf\/imagenes\/2022\/01\/61d49c81e9a74_900.jpg\",\"datePublished\":\"2022-01-04T21:02:04+00:00\",\"author\":{\"@id\":\"https:\/\/www.noticiasradioreflejos.com.ar\/2021\/#\/schema\/person\/ad82545263dcc5ec0996818884fd5fb1\"},\"breadcrumb\":{\"@id\":\"https:\/\/www.noticiasradioreflejos.com.ar\/2021\/se-registraron-81-210-nuevos-contagios-de-coronavirus-en-la-argentina\/#breadcrumb\"},\"inLanguage\":\"es\",\"potentialAction\":[{\"@type\":\"ReadAction\",\"target\":[\"https:\/\/www.noticiasradioreflejos.com.ar\/2021\/se-registraron-81-210-nuevos-contagios-de-coronavirus-en-la-argentina\/\"]}]},{\"@type\":\"ImageObject\",\"inLanguage\":\"es\",\"@id\":\"https:\/\/www.noticiasradioreflejos.com.ar\/2021\/se-registraron-81-210-nuevos-contagios-de-coronavirus-en-la-argentina\/#primaryimage\",\"url\":\"https:\/\/www.telam.com.ar\/thumbs\/bluesteel\/advf\/imagenes\/2022\/01\/61d49c81e9a74_900.jpg\",\"contentUrl\":\"https:\/\/www.telam.com.ar\/thumbs\/bluesteel\/advf\/imagenes\/2022\/01\/61d49c81e9a74_900.jpg\"},{\"@type\":\"BreadcrumbList\",\"@id\":\"https:\/\/www.noticiasradioreflejos.com.ar\/2021\/se-registraron-81-210-nuevos-contagios-de-coronavirus-en-la-argentina\/#breadcrumb\",\"itemListElement\":[{\"@type\":\"ListItem\",\"position\":1,\"name\":\"Portada\",\"item\":\"https:\/\/www.noticiasradioreflejos.com.ar\/2021\/\"},{\"@type\":\"ListItem\",\"position\":2,\"name\":\"Se registraron 81.210 nuevos contagios de coronavirus en la Argentina\"}]},{\"@type\":\"WebSite\",\"@id\":\"https:\/\/www.noticiasradioreflejos.com.ar\/2021\/#website\",\"url\":\"https:\/\/www.noticiasradioreflejos.com.ar\/2021\/\",\"name\":\"Noticias Radio Reflejos\",\"description\":\"Las noticias de mi comarca\",\"potentialAction\":[{\"@type\":\"SearchAction\",\"target\":{\"@type\":\"EntryPoint\",\"urlTemplate\":\"https:\/\/www.noticiasradioreflejos.com.ar\/2021\/?s={search_term_string}\"},\"query-input\":{\"@type\":\"PropertyValueSpecification\",\"valueRequired\":true,\"valueName\":\"search_term_string\"}}],\"inLanguage\":\"es\"},{\"@type\":\"Person\",\"@id\":\"https:\/\/www.noticiasradioreflejos.com.ar\/2021\/#\/schema\/person\/ad82545263dcc5ec0996818884fd5fb1\",\"name\":\"Arnaldo Botto\",\"image\":{\"@type\":\"ImageObject\",\"inLanguage\":\"es\",\"@id\":\"https:\/\/www.noticiasradioreflejos.com.ar\/2021\/#\/schema\/person\/image\/\",\"url\":\"https:\/\/secure.gravatar.com\/avatar\/55cb5e37c1efa326397366e6974cb338056df65cb50e7d64d1cf314e87504837?s=96&d=mm&r=g\",\"contentUrl\":\"https:\/\/secure.gravatar.com\/avatar\/55cb5e37c1efa326397366e6974cb338056df65cb50e7d64d1cf314e87504837?s=96&d=mm&r=g\",\"caption\":\"Arnaldo Botto\"},\"url\":\"https:\/\/www.noticiasradioreflejos.com.ar\/2021\/author\/arnaldo\/\"}]}<\/script>\n<!-- \/ Yoast SEO plugin. -->","yoast_head_json":{"title":"Se registraron 81.210 nuevos contagios de coronavirus en la Argentina - Noticias Radio Reflejos","robots":{"index":"index","follow":"follow","max-snippet":"max-snippet:-1","max-image-preview":"max-image-preview:large","max-video-preview":"max-video-preview:-1"},"canonical":"https:\/\/www.noticiasradioreflejos.com.ar\/2021\/se-registraron-81-210-nuevos-contagios-de-coronavirus-en-la-argentina\/","og_locale":"es_ES","og_type":"article","og_title":"Se registraron 81.210 nuevos contagios de coronavirus en la Argentina - Noticias Radio Reflejos","og_description":"&gt;El reporte del Ministerio de Salud inform\u00f3 adem\u00e1s que hubo 49 personas murieron en las \u00faltimas 24 horas y que son 1.218 los pacientes internados con coronavirus en unidades de terapia intensiva.","og_url":"https:\/\/www.noticiasradioreflejos.com.ar\/2021\/se-registraron-81-210-nuevos-contagios-de-coronavirus-en-la-argentina\/","og_site_name":"Noticias Radio Reflejos","article_published_time":"2022-01-04T21:02:04+00:00","og_image":[{"url":"https:\/\/www.telam.com.ar\/thumbs\/bluesteel\/advf\/imagenes\/2022\/01\/61d49c81e9a74_900.jpg","type":"","width":"","height":""}],"author":"Arnaldo Botto","twitter_card":"summary_large_image","schema":{"@context":"https:\/\/schema.org","@graph":[{"@type":"WebPage","@id":"https:\/\/www.noticiasradioreflejos.com.ar\/2021\/se-registraron-81-210-nuevos-contagios-de-coronavirus-en-la-argentina\/","url":"https:\/\/www.noticiasradioreflejos.com.ar\/2021\/se-registraron-81-210-nuevos-contagios-de-coronavirus-en-la-argentina\/","name":"Se registraron 81.210 nuevos contagios de coronavirus en la Argentina - Noticias Radio Reflejos","isPartOf":{"@id":"https:\/\/www.noticiasradioreflejos.com.ar\/2021\/#website"},"primaryImageOfPage":{"@id":"https:\/\/www.noticiasradioreflejos.com.ar\/2021\/se-registraron-81-210-nuevos-contagios-de-coronavirus-en-la-argentina\/#primaryimage"},"image":{"@id":"https:\/\/www.noticiasradioreflejos.com.ar\/2021\/se-registraron-81-210-nuevos-contagios-de-coronavirus-en-la-argentina\/#primaryimage"},"thumbnailUrl":"https:\/\/www.telam.com.ar\/thumbs\/bluesteel\/advf\/imagenes\/2022\/01\/61d49c81e9a74_900.jpg","datePublished":"2022-01-04T21:02:04+00:00","author":{"@id":"https:\/\/www.noticiasradioreflejos.com.ar\/2021\/#\/schema\/person\/ad82545263dcc5ec0996818884fd5fb1"},"breadcrumb":{"@id":"https:\/\/www.noticiasradioreflejos.com.ar\/2021\/se-registraron-81-210-nuevos-contagios-de-coronavirus-en-la-argentina\/#breadcrumb"},"inLanguage":"es","potentialAction":[{"@type":"ReadAction","target":["https:\/\/www.noticiasradioreflejos.com.ar\/2021\/se-registraron-81-210-nuevos-contagios-de-coronavirus-en-la-argentina\/"]}]},{"@type":"ImageObject","inLanguage":"es","@id":"https:\/\/www.noticiasradioreflejos.com.ar\/2021\/se-registraron-81-210-nuevos-contagios-de-coronavirus-en-la-argentina\/#primaryimage","url":"https:\/\/www.telam.com.ar\/thumbs\/bluesteel\/advf\/imagenes\/2022\/01\/61d49c81e9a74_900.jpg","contentUrl":"https:\/\/www.telam.com.ar\/thumbs\/bluesteel\/advf\/imagenes\/2022\/01\/61d49c81e9a74_900.jpg"},{"@type":"BreadcrumbList","@id":"https:\/\/www.noticiasradioreflejos.com.ar\/2021\/se-registraron-81-210-nuevos-contagios-de-coronavirus-en-la-argentina\/#breadcrumb","itemListElement":[{"@type":"ListItem","position":1,"name":"Portada","item":"https:\/\/www.noticiasradioreflejos.com.ar\/2021\/"},{"@type":"ListItem","position":2,"name":"Se registraron 81.210 nuevos contagios de coronavirus en la Argentina"}]},{"@type":"WebSite","@id":"https:\/\/www.noticiasradioreflejos.com.ar\/2021\/#website","url":"https:\/\/www.noticiasradioreflejos.com.ar\/2021\/","name":"Noticias Radio Reflejos","description":"Las noticias de mi comarca","potentialAction":[{"@type":"SearchAction","target":{"@type":"EntryPoint","urlTemplate":"https:\/\/www.noticiasradioreflejos.com.ar\/2021\/?s={search_term_string}"},"query-input":{"@type":"PropertyValueSpecification","valueRequired":true,"valueName":"search_term_string"}}],"inLanguage":"es"},{"@type":"Person","@id":"https:\/\/www.noticiasradioreflejos.com.ar\/2021\/#\/schema\/person\/ad82545263dcc5ec0996818884fd5fb1","name":"Arnaldo Botto","image":{"@type":"ImageObject","inLanguage":"es","@id":"https:\/\/www.noticiasradioreflejos.com.ar\/2021\/#\/schema\/person\/image\/","url":"https:\/\/secure.gravatar.com\/avatar\/55cb5e37c1efa326397366e6974cb338056df65cb50e7d64d1cf314e87504837?s=96&d=mm&r=g","contentUrl":"https:\/\/secure.gravatar.com\/avatar\/55cb5e37c1efa326397366e6974cb338056df65cb50e7d64d1cf314e87504837?s=96&d=mm&r=g","caption":"Arnaldo Botto"},"url":"https:\/\/www.noticiasradioreflejos.com.ar\/2021\/author\/arnaldo\/"}]}},"_links":{"self":[{"href":"https:\/\/www.noticiasradioreflejos.com.ar\/2021\/wp-json\/wp\/v2\/posts\/66668","targetHints":{"allow":["GET"]}}],"collection":[{"href":"https:\/\/www.noticiasradioreflejos.com.ar\/2021\/wp-json\/wp\/v2\/posts"}],"about":[{"href":"https:\/\/www.noticiasradioreflejos.com.ar\/2021\/wp-json\/wp\/v2\/types\/post"}],"author":[{"embeddable":true,"href":"https:\/\/www.noticiasradioreflejos.com.ar\/2021\/wp-json\/wp\/v2\/users\/3"}],"replies":[{"embeddable":true,"href":"https:\/\/www.noticiasradioreflejos.com.ar\/2021\/wp-json\/wp\/v2\/comments?post=66668"}],"version-history":[{"count":1,"href":"https:\/\/www.noticiasradioreflejos.com.ar\/2021\/wp-json\/wp\/v2\/posts\/66668\/revisions"}],"predecessor-version":[{"id":66669,"href":"https:\/\/www.noticiasradioreflejos.com.ar\/2021\/wp-json\/wp\/v2\/posts\/66668\/revisions\/66669"}],"wp:attachment":[{"href":"https:\/\/www.noticiasradioreflejos.com.ar\/2021\/wp-json\/wp\/v2\/media?parent=66668"}],"wp:term":[{"taxonomy":"category","embeddable":true,"href":"https:\/\/www.noticiasradioreflejos.com.ar\/2021\/wp-json\/wp\/v2\/categories?post=66668"},{"taxonomy":"post_tag","embeddable":true,"href":"https:\/\/www.noticiasradioreflejos.com.ar\/2021\/wp-json\/wp\/v2\/tags?post=66668"}],"curies":[{"name":"wp","href":"https:\/\/api.w.org\/{rel}","templated":true}]}}