{"id":66663,"date":"2022-01-04T15:13:29","date_gmt":"2022-01-04T15:13:29","guid":{"rendered":"http:\/\/www.noticiasradioreflejos.com.ar\/2021\/?p=66663"},"modified":"2022-01-04T15:13:29","modified_gmt":"2022-01-04T15:13:29","slug":"concejales-del-frente-de-todos-reclaman-al-intendente-que-gestione-la-instalacion-de-un-cajero-movil-en-villa-ventana","status":"publish","type":"post","link":"https:\/\/www.noticiasradioreflejos.com.ar\/2021\/concejales-del-frente-de-todos-reclaman-al-intendente-que-gestione-la-instalacion-de-un-cajero-movil-en-villa-ventana\/","title":{"rendered":"Concejales del Frente de Todos reclaman al Intendente que gestione la instalaci\u00f3n de un cajero m\u00f3vil en Villa Ventana"},"content":{"rendered":"<p>Esta ma\u00f1ana desde las redes sociales y mediante mensajes de WhatsApp, vecinos de Villa Ventana convocaron a un<strong> corte de la ruta 76 para el d\u00eda s\u00e1bado 8 de enero<\/strong> en reclamo por la falta del cajero autom\u00e1tico m\u00f3vil del Banco Provincia de Buenos Aires, que habitualmente se ubica en la avenida de ingreso a la localidad serrana. Hace instantes los concejales del Frente de Todos del distrito enviaron un<strong> proyecto de resoluci\u00f3n<\/strong> con el mismo reclamo a Sergio Bordoni.<\/p>\n<p>\u00abSolicitase al Sr. Intendente de Tornquist Sergio Bordoni\u00a0 realice las gestiones ante las autoridades correspondientes para la instalaci\u00f3n de un cajero autom\u00e1tico en la Localidad de Villa Ventana.-\u00bb reza la misiva.<!--more--><\/p>\n<p>&nbsp;<\/p>\n<p>Tornquist, 04 \u00a0de enero\u00a0 de 2022<\/p>\n<p>&nbsp;<\/p>\n<p><strong><u>VISTO:<\/u><\/strong> La importancia que reviste el uso del servicio de cajeros autom\u00e1ticos para el desenvolvimiento de la poblaci\u00f3n. Y;<\/p>\n<p><strong><u>CONSIDERANDO<\/u><\/strong><strong>:<\/strong><\/p>\n<p>Que\u00a0 los vecinos que habitan en la Localidad de Villa Ventana, no disponen de un cajero autom\u00e1tico fijo para el cobro de sus haberes; ni para efectuar tr\u00e1mites de pagos;<\/p>\n<p>Que el pedido mencionado en el considerando anterior \u00a0fue realizado por los \u00a0bloques Frente de todos y Frente Justicialista Cumplir \u00a0el 19 de mayo del 2020;<\/p>\n<p>Que la localidad de Villa Ventana actualmente no cuenta con un cajero m\u00f3vil;<\/p>\n<p>Que los vecinos y turistas \u00a0deben trasladarse a las localidades de Sierra de la Ventana o Tornquist, para retirar sus haberes o realizar\u00a0 diferentes\u00a0 gestiones;<\/p>\n<p>Que una parte importante de los habitantes de dicha comunidad percibe sus haberes de la cuenta sueldos del Banco de la Provincia de Buenos Aires;<\/p>\n<p>Que el traslado de nuestros vecinos y turistas \u00a0no solo implica un costo adicional por el viaje en s\u00ed mismo, sino genera tambi\u00e9n\u00a0 incomodidad y una desventaja comparativa territorial<\/p>\n<p>Que\u00a0 al ser Villa Ventana una localidad tur\u00edstica por excelencia\u00a0 resulta indispensable contar con el servicio, ya que turistas que nos visitan tambi\u00e9n se ven afectados por id\u00e9ntica situaci\u00f3n.<\/p>\n<p>Que los propios vecinos e instituciones, se han organizado, para peticionar y para plantear diferentes instancias propositivas y a la fecha sigue sin resolverse.<\/p>\n<p><strong><u>\u00a0<\/u><\/strong><\/p>\n<p><strong><u>POR ELLO:<\/u><\/strong><\/p>\n<p><strong><u>EL\u00a0 BLOQUE FRENTE DE TODOS <\/u><\/strong><\/p>\n<p>En uso de sus facultades, propone el siguiente:<\/p>\n<p><strong><u>PROYECTO DE RESOLUCION<\/u><\/strong>:<\/p>\n<p>&nbsp;<\/p>\n<p><strong><u>ARTICULO 1\u00ba:<\/u><\/strong> Solicitase al Sr. Intendente de Tornquist Sergio Bordoni\u00a0 realice las gestiones ante las autoridades correspondientes para la instalaci\u00f3n de un cajero autom\u00e1tico en la Localidad de Villa Ventana.-<\/p>\n<p><strong><u>ARTICULO 2\u00ba: <\/u><\/strong>Env\u00edese copia de la presente a la Sra.\u00a0 Ileana\u00a0 Renda,\u00a0 Gerente Sucursal Tornquist del Banco Provincia de Buenos Aires.<\/p>\n<p><strong><u>ARTICULO 3\u00ba:<\/u><\/strong> De forma.-<\/p>\n","protected":false},"excerpt":{"rendered":"<p>Esta ma\u00f1ana desde las redes sociales y mediante mensajes de WhatsApp, vecinos de Villa Ventana convocaron a un corte de la ruta 76 para el d\u00eda s\u00e1bado 8 de enero en reclamo por la falta del cajero autom\u00e1tico m\u00f3vil del Banco Provincia de Buenos Aires, que habitualmente se ubica en la avenida de ingreso a [&hellip;]<\/p>\n","protected":false},"author":3,"featured_media":60530,"comment_status":"closed","ping_status":"closed","sticky":false,"template":"","format":"standard","meta":{"footnotes":""},"categories":[28,24],"tags":[48],"class_list":["post-66663","post","type-post","status-publish","format-standard","has-post-thumbnail","hentry","category-municipales","category-politica","tag-destacada"],"yoast_head":"<!-- This site is optimized with the Yoast SEO plugin v25.9 - https:\/\/yoast.com\/wordpress\/plugins\/seo\/ -->\n<title>Concejales del Frente de Todos reclaman al Intendente que gestione la instalaci\u00f3n de un cajero m\u00f3vil en Villa Ventana - Noticias Radio Reflejos<\/title>\n<meta name=\"robots\" content=\"index, follow, max-snippet:-1, max-image-preview:large, max-video-preview:-1\" \/>\n<link rel=\"canonical\" href=\"https:\/\/www.noticiasradioreflejos.com.ar\/2021\/concejales-del-frente-de-todos-reclaman-al-intendente-que-gestione-la-instalacion-de-un-cajero-movil-en-villa-ventana\/\" \/>\n<meta property=\"og:locale\" content=\"es_ES\" \/>\n<meta property=\"og:type\" content=\"article\" \/>\n<meta property=\"og:title\" content=\"Concejales del Frente de Todos reclaman al Intendente que gestione la instalaci\u00f3n de un cajero m\u00f3vil en Villa Ventana - Noticias Radio Reflejos\" \/>\n<meta property=\"og:description\" content=\"Esta ma\u00f1ana desde las redes sociales y mediante mensajes de WhatsApp, vecinos de Villa Ventana convocaron a un corte de la ruta 76 para el d\u00eda s\u00e1bado 8 de enero en reclamo por la falta del cajero autom\u00e1tico m\u00f3vil del Banco Provincia de Buenos Aires, que habitualmente se ubica en la avenida de ingreso a [&hellip;]\" \/>\n<meta property=\"og:url\" content=\"https:\/\/www.noticiasradioreflejos.com.ar\/2021\/concejales-del-frente-de-todos-reclaman-al-intendente-que-gestione-la-instalacion-de-un-cajero-movil-en-villa-ventana\/\" \/>\n<meta property=\"og:site_name\" content=\"Noticias Radio Reflejos\" \/>\n<meta property=\"article:published_time\" content=\"2022-01-04T15:13:29+00:00\" \/>\n<meta property=\"og:image\" content=\"https:\/\/www.noticiasradioreflejos.com.ar\/2021\/wp-content\/uploads\/2021\/07\/Villa-Ventana.jpg\" \/>\n\t<meta property=\"og:image:width\" content=\"2304\" \/>\n\t<meta property=\"og:image:height\" content=\"1296\" \/>\n\t<meta property=\"og:image:type\" content=\"image\/jpeg\" \/>\n<meta name=\"author\" content=\"Arnaldo Botto\" \/>\n<meta name=\"twitter:card\" content=\"summary_large_image\" \/>\n<script type=\"application\/ld+json\" class=\"yoast-schema-graph\">{\"@context\":\"https:\/\/schema.org\",\"@graph\":[{\"@type\":\"WebPage\",\"@id\":\"https:\/\/www.noticiasradioreflejos.com.ar\/2021\/concejales-del-frente-de-todos-reclaman-al-intendente-que-gestione-la-instalacion-de-un-cajero-movil-en-villa-ventana\/\",\"url\":\"https:\/\/www.noticiasradioreflejos.com.ar\/2021\/concejales-del-frente-de-todos-reclaman-al-intendente-que-gestione-la-instalacion-de-un-cajero-movil-en-villa-ventana\/\",\"name\":\"Concejales del Frente de Todos reclaman al Intendente que gestione la instalaci\u00f3n de un cajero m\u00f3vil en Villa Ventana - Noticias Radio Reflejos\",\"isPartOf\":{\"@id\":\"https:\/\/www.noticiasradioreflejos.com.ar\/2021\/#website\"},\"primaryImageOfPage\":{\"@id\":\"https:\/\/www.noticiasradioreflejos.com.ar\/2021\/concejales-del-frente-de-todos-reclaman-al-intendente-que-gestione-la-instalacion-de-un-cajero-movil-en-villa-ventana\/#primaryimage\"},\"image\":{\"@id\":\"https:\/\/www.noticiasradioreflejos.com.ar\/2021\/concejales-del-frente-de-todos-reclaman-al-intendente-que-gestione-la-instalacion-de-un-cajero-movil-en-villa-ventana\/#primaryimage\"},\"thumbnailUrl\":\"https:\/\/www.noticiasradioreflejos.com.ar\/2021\/wp-content\/uploads\/2021\/07\/Villa-Ventana.jpg\",\"datePublished\":\"2022-01-04T15:13:29+00:00\",\"author\":{\"@id\":\"https:\/\/www.noticiasradioreflejos.com.ar\/2021\/#\/schema\/person\/ad82545263dcc5ec0996818884fd5fb1\"},\"breadcrumb\":{\"@id\":\"https:\/\/www.noticiasradioreflejos.com.ar\/2021\/concejales-del-frente-de-todos-reclaman-al-intendente-que-gestione-la-instalacion-de-un-cajero-movil-en-villa-ventana\/#breadcrumb\"},\"inLanguage\":\"es\",\"potentialAction\":[{\"@type\":\"ReadAction\",\"target\":[\"https:\/\/www.noticiasradioreflejos.com.ar\/2021\/concejales-del-frente-de-todos-reclaman-al-intendente-que-gestione-la-instalacion-de-un-cajero-movil-en-villa-ventana\/\"]}]},{\"@type\":\"ImageObject\",\"inLanguage\":\"es\",\"@id\":\"https:\/\/www.noticiasradioreflejos.com.ar\/2021\/concejales-del-frente-de-todos-reclaman-al-intendente-que-gestione-la-instalacion-de-un-cajero-movil-en-villa-ventana\/#primaryimage\",\"url\":\"https:\/\/www.noticiasradioreflejos.com.ar\/2021\/wp-content\/uploads\/2021\/07\/Villa-Ventana.jpg\",\"contentUrl\":\"https:\/\/www.noticiasradioreflejos.com.ar\/2021\/wp-content\/uploads\/2021\/07\/Villa-Ventana.jpg\",\"width\":2304,\"height\":1296},{\"@type\":\"BreadcrumbList\",\"@id\":\"https:\/\/www.noticiasradioreflejos.com.ar\/2021\/concejales-del-frente-de-todos-reclaman-al-intendente-que-gestione-la-instalacion-de-un-cajero-movil-en-villa-ventana\/#breadcrumb\",\"itemListElement\":[{\"@type\":\"ListItem\",\"position\":1,\"name\":\"Portada\",\"item\":\"https:\/\/www.noticiasradioreflejos.com.ar\/2021\/\"},{\"@type\":\"ListItem\",\"position\":2,\"name\":\"Concejales del Frente de Todos reclaman al Intendente que gestione la instalaci\u00f3n de un cajero m\u00f3vil en Villa Ventana\"}]},{\"@type\":\"WebSite\",\"@id\":\"https:\/\/www.noticiasradioreflejos.com.ar\/2021\/#website\",\"url\":\"https:\/\/www.noticiasradioreflejos.com.ar\/2021\/\",\"name\":\"Noticias Radio Reflejos\",\"description\":\"Las noticias de mi comarca\",\"potentialAction\":[{\"@type\":\"SearchAction\",\"target\":{\"@type\":\"EntryPoint\",\"urlTemplate\":\"https:\/\/www.noticiasradioreflejos.com.ar\/2021\/?s={search_term_string}\"},\"query-input\":{\"@type\":\"PropertyValueSpecification\",\"valueRequired\":true,\"valueName\":\"search_term_string\"}}],\"inLanguage\":\"es\"},{\"@type\":\"Person\",\"@id\":\"https:\/\/www.noticiasradioreflejos.com.ar\/2021\/#\/schema\/person\/ad82545263dcc5ec0996818884fd5fb1\",\"name\":\"Arnaldo Botto\",\"image\":{\"@type\":\"ImageObject\",\"inLanguage\":\"es\",\"@id\":\"https:\/\/www.noticiasradioreflejos.com.ar\/2021\/#\/schema\/person\/image\/\",\"url\":\"https:\/\/secure.gravatar.com\/avatar\/55cb5e37c1efa326397366e6974cb338056df65cb50e7d64d1cf314e87504837?s=96&d=mm&r=g\",\"contentUrl\":\"https:\/\/secure.gravatar.com\/avatar\/55cb5e37c1efa326397366e6974cb338056df65cb50e7d64d1cf314e87504837?s=96&d=mm&r=g\",\"caption\":\"Arnaldo Botto\"},\"url\":\"https:\/\/www.noticiasradioreflejos.com.ar\/2021\/author\/arnaldo\/\"}]}<\/script>\n<!-- \/ Yoast SEO plugin. -->","yoast_head_json":{"title":"Concejales del Frente de Todos reclaman al Intendente que gestione la instalaci\u00f3n de un cajero m\u00f3vil en Villa Ventana - Noticias Radio Reflejos","robots":{"index":"index","follow":"follow","max-snippet":"max-snippet:-1","max-image-preview":"max-image-preview:large","max-video-preview":"max-video-preview:-1"},"canonical":"https:\/\/www.noticiasradioreflejos.com.ar\/2021\/concejales-del-frente-de-todos-reclaman-al-intendente-que-gestione-la-instalacion-de-un-cajero-movil-en-villa-ventana\/","og_locale":"es_ES","og_type":"article","og_title":"Concejales del Frente de Todos reclaman al Intendente que gestione la instalaci\u00f3n de un cajero m\u00f3vil en Villa Ventana - Noticias Radio Reflejos","og_description":"Esta ma\u00f1ana desde las redes sociales y mediante mensajes de WhatsApp, vecinos de Villa Ventana convocaron a un corte de la ruta 76 para el d\u00eda s\u00e1bado 8 de enero en reclamo por la falta del cajero autom\u00e1tico m\u00f3vil del Banco Provincia de Buenos Aires, que habitualmente se ubica en la avenida de ingreso a [&hellip;]","og_url":"https:\/\/www.noticiasradioreflejos.com.ar\/2021\/concejales-del-frente-de-todos-reclaman-al-intendente-que-gestione-la-instalacion-de-un-cajero-movil-en-villa-ventana\/","og_site_name":"Noticias Radio Reflejos","article_published_time":"2022-01-04T15:13:29+00:00","og_image":[{"width":2304,"height":1296,"url":"https:\/\/www.noticiasradioreflejos.com.ar\/2021\/wp-content\/uploads\/2021\/07\/Villa-Ventana.jpg","type":"image\/jpeg"}],"author":"Arnaldo Botto","twitter_card":"summary_large_image","schema":{"@context":"https:\/\/schema.org","@graph":[{"@type":"WebPage","@id":"https:\/\/www.noticiasradioreflejos.com.ar\/2021\/concejales-del-frente-de-todos-reclaman-al-intendente-que-gestione-la-instalacion-de-un-cajero-movil-en-villa-ventana\/","url":"https:\/\/www.noticiasradioreflejos.com.ar\/2021\/concejales-del-frente-de-todos-reclaman-al-intendente-que-gestione-la-instalacion-de-un-cajero-movil-en-villa-ventana\/","name":"Concejales del Frente de Todos reclaman al Intendente que gestione la instalaci\u00f3n de un cajero m\u00f3vil en Villa Ventana - Noticias Radio Reflejos","isPartOf":{"@id":"https:\/\/www.noticiasradioreflejos.com.ar\/2021\/#website"},"primaryImageOfPage":{"@id":"https:\/\/www.noticiasradioreflejos.com.ar\/2021\/concejales-del-frente-de-todos-reclaman-al-intendente-que-gestione-la-instalacion-de-un-cajero-movil-en-villa-ventana\/#primaryimage"},"image":{"@id":"https:\/\/www.noticiasradioreflejos.com.ar\/2021\/concejales-del-frente-de-todos-reclaman-al-intendente-que-gestione-la-instalacion-de-un-cajero-movil-en-villa-ventana\/#primaryimage"},"thumbnailUrl":"https:\/\/www.noticiasradioreflejos.com.ar\/2021\/wp-content\/uploads\/2021\/07\/Villa-Ventana.jpg","datePublished":"2022-01-04T15:13:29+00:00","author":{"@id":"https:\/\/www.noticiasradioreflejos.com.ar\/2021\/#\/schema\/person\/ad82545263dcc5ec0996818884fd5fb1"},"breadcrumb":{"@id":"https:\/\/www.noticiasradioreflejos.com.ar\/2021\/concejales-del-frente-de-todos-reclaman-al-intendente-que-gestione-la-instalacion-de-un-cajero-movil-en-villa-ventana\/#breadcrumb"},"inLanguage":"es","potentialAction":[{"@type":"ReadAction","target":["https:\/\/www.noticiasradioreflejos.com.ar\/2021\/concejales-del-frente-de-todos-reclaman-al-intendente-que-gestione-la-instalacion-de-un-cajero-movil-en-villa-ventana\/"]}]},{"@type":"ImageObject","inLanguage":"es","@id":"https:\/\/www.noticiasradioreflejos.com.ar\/2021\/concejales-del-frente-de-todos-reclaman-al-intendente-que-gestione-la-instalacion-de-un-cajero-movil-en-villa-ventana\/#primaryimage","url":"https:\/\/www.noticiasradioreflejos.com.ar\/2021\/wp-content\/uploads\/2021\/07\/Villa-Ventana.jpg","contentUrl":"https:\/\/www.noticiasradioreflejos.com.ar\/2021\/wp-content\/uploads\/2021\/07\/Villa-Ventana.jpg","width":2304,"height":1296},{"@type":"BreadcrumbList","@id":"https:\/\/www.noticiasradioreflejos.com.ar\/2021\/concejales-del-frente-de-todos-reclaman-al-intendente-que-gestione-la-instalacion-de-un-cajero-movil-en-villa-ventana\/#breadcrumb","itemListElement":[{"@type":"ListItem","position":1,"name":"Portada","item":"https:\/\/www.noticiasradioreflejos.com.ar\/2021\/"},{"@type":"ListItem","position":2,"name":"Concejales del Frente de Todos reclaman al Intendente que gestione la instalaci\u00f3n de un cajero m\u00f3vil en Villa Ventana"}]},{"@type":"WebSite","@id":"https:\/\/www.noticiasradioreflejos.com.ar\/2021\/#website","url":"https:\/\/www.noticiasradioreflejos.com.ar\/2021\/","name":"Noticias Radio Reflejos","description":"Las noticias de mi comarca","potentialAction":[{"@type":"SearchAction","target":{"@type":"EntryPoint","urlTemplate":"https:\/\/www.noticiasradioreflejos.com.ar\/2021\/?s={search_term_string}"},"query-input":{"@type":"PropertyValueSpecification","valueRequired":true,"valueName":"search_term_string"}}],"inLanguage":"es"},{"@type":"Person","@id":"https:\/\/www.noticiasradioreflejos.com.ar\/2021\/#\/schema\/person\/ad82545263dcc5ec0996818884fd5fb1","name":"Arnaldo Botto","image":{"@type":"ImageObject","inLanguage":"es","@id":"https:\/\/www.noticiasradioreflejos.com.ar\/2021\/#\/schema\/person\/image\/","url":"https:\/\/secure.gravatar.com\/avatar\/55cb5e37c1efa326397366e6974cb338056df65cb50e7d64d1cf314e87504837?s=96&d=mm&r=g","contentUrl":"https:\/\/secure.gravatar.com\/avatar\/55cb5e37c1efa326397366e6974cb338056df65cb50e7d64d1cf314e87504837?s=96&d=mm&r=g","caption":"Arnaldo Botto"},"url":"https:\/\/www.noticiasradioreflejos.com.ar\/2021\/author\/arnaldo\/"}]}},"_links":{"self":[{"href":"https:\/\/www.noticiasradioreflejos.com.ar\/2021\/wp-json\/wp\/v2\/posts\/66663","targetHints":{"allow":["GET"]}}],"collection":[{"href":"https:\/\/www.noticiasradioreflejos.com.ar\/2021\/wp-json\/wp\/v2\/posts"}],"about":[{"href":"https:\/\/www.noticiasradioreflejos.com.ar\/2021\/wp-json\/wp\/v2\/types\/post"}],"author":[{"embeddable":true,"href":"https:\/\/www.noticiasradioreflejos.com.ar\/2021\/wp-json\/wp\/v2\/users\/3"}],"replies":[{"embeddable":true,"href":"https:\/\/www.noticiasradioreflejos.com.ar\/2021\/wp-json\/wp\/v2\/comments?post=66663"}],"version-history":[{"count":1,"href":"https:\/\/www.noticiasradioreflejos.com.ar\/2021\/wp-json\/wp\/v2\/posts\/66663\/revisions"}],"predecessor-version":[{"id":66664,"href":"https:\/\/www.noticiasradioreflejos.com.ar\/2021\/wp-json\/wp\/v2\/posts\/66663\/revisions\/66664"}],"wp:featuredmedia":[{"embeddable":true,"href":"https:\/\/www.noticiasradioreflejos.com.ar\/2021\/wp-json\/wp\/v2\/media\/60530"}],"wp:attachment":[{"href":"https:\/\/www.noticiasradioreflejos.com.ar\/2021\/wp-json\/wp\/v2\/media?parent=66663"}],"wp:term":[{"taxonomy":"category","embeddable":true,"href":"https:\/\/www.noticiasradioreflejos.com.ar\/2021\/wp-json\/wp\/v2\/categories?post=66663"},{"taxonomy":"post_tag","embeddable":true,"href":"https:\/\/www.noticiasradioreflejos.com.ar\/2021\/wp-json\/wp\/v2\/tags?post=66663"}],"curies":[{"name":"wp","href":"https:\/\/api.w.org\/{rel}","templated":true}]}}