{"id":66651,"date":"2022-01-04T11:24:15","date_gmt":"2022-01-04T11:24:15","guid":{"rendered":"http:\/\/www.noticiasradioreflejos.com.ar\/2021\/?p=66651"},"modified":"2022-01-04T11:24:15","modified_gmt":"2022-01-04T11:24:15","slug":"por-la-escalada-de-contagios-de-covid-19-los-sistemas-de-atencion-y-las-guardias-entraron-en-crisis-1-de-cada-2-hisopados-es-positivo","status":"publish","type":"post","link":"https:\/\/www.noticiasradioreflejos.com.ar\/2021\/por-la-escalada-de-contagios-de-covid-19-los-sistemas-de-atencion-y-las-guardias-entraron-en-crisis-1-de-cada-2-hisopados-es-positivo\/","title":{"rendered":"Por la escalada de contagios de COVID-19, los sistemas de atenci\u00f3n y las guardias entraron en crisis: 1 de cada 2 hisopados es positivo"},"content":{"rendered":"<header class=\"article-header-wrapper\">\n<div class=\"article-header\">\n<p class=\"article-subheadline\">El crecimiento exponencial de casos puso en tensi\u00f3n al sistema de salud p\u00fablico y privado de la Ciudad y las provincias de Buenos Aires y C\u00f3rdoba. Las claves para controlar la tercera ola.<\/p>\n<\/div>\n<div class=\"nd-buttons-container\"><\/div>\n<\/header>\n<p><!--more--><\/p>\n<article class=\"article\">\n<div class=\"nd-body-article\">\n<div class=\"visual__image \"><img loading=\"lazy\" decoding=\"async\" src=\"https:\/\/www.infobae.com\/new-resizer\/62LH8LcpOO20shwOJPtlrG6Y-Nc=\/420x280\/filters:format(webp):quality(85)\/cloudfront-us-east-1.images.arcpublishing.com\/infobae\/TFFAL4DWMNCXPDSW3D5SZG6QYM.jpg%20420w\" sizes=\"auto, (min-width: 800px) 50vw, 90vw\" srcset=\"https:\/\/www.infobae.com\/new-resizer\/62LH8LcpOO20shwOJPtlrG6Y-Nc=\/420x280\/filters:format(webp):quality(85)\/cloudfront-us-east-1.images.arcpublishing.com\/infobae\/TFFAL4DWMNCXPDSW3D5SZG6QYM.jpg 420w,https:\/\/www.infobae.com\/new-resizer\/fzJgyJCYY0PMVFQZ2b27KNTm2yQ=\/768x512\/filters:format(webp):quality(85)\/cloudfront-us-east-1.images.arcpublishing.com\/infobae\/TFFAL4DWMNCXPDSW3D5SZG6QYM.jpg 768w,https:\/\/www.infobae.com\/new-resizer\/vc6wHxCxvGI9f-R65CTxLij_NTQ=\/992x661\/filters:format(webp):quality(85)\/cloudfront-us-east-1.images.arcpublishing.com\/infobae\/TFFAL4DWMNCXPDSW3D5SZG6QYM.jpg 992w,https:\/\/www.infobae.com\/new-resizer\/wuTnGTgfyakrVCnpJnrFo8bIs3M=\/1200x800\/filters:format(webp):quality(85)\/cloudfront-us-east-1.images.arcpublishing.com\/infobae\/TFFAL4DWMNCXPDSW3D5SZG6QYM.jpg 1200w,https:\/\/www.infobae.com\/new-resizer\/x30nWn-ZeKXz0CpwP3rbsXaaeqs=\/1440x960\/filters:format(webp):quality(85)\/cloudfront-us-east-1.images.arcpublishing.com\/infobae\/TFFAL4DWMNCXPDSW3D5SZG6QYM.jpg 1440w\" alt=\"Desde que comenz\u00f3 la pandemia se realizaron m\u00e1s de 28 millones de testeos en todo el pa\u00eds (Foto: T\u00e9lam)\n\" width=\"5000\" height=\"3333\" \/>Desde que comenz\u00f3 la pandemia se realizaron m\u00e1s de 28 millones de testeos en todo el pa\u00eds (Foto: T\u00e9lam)<\/div>\n<p class=\"paragraph\">La tercera ola de la pandemia de COVID-19 en Argentina empez\u00f3 a mostrar de manera m\u00e1s cruda toda su ferocidad en los primeros \u201d<b>mostradores<\/b>\u201d del sistema de salud p\u00fablico y privado:\u00a0<mark class=\"hl_yellow\"><b>los servicios de atenci\u00f3n telef\u00f3nica y, sobre todo, las guardias hospitalarias.<\/b><\/mark>\u00a0En ambos casos, la amenaza de un colapso se torna cada d\u00eda m\u00e1s real, al mismo ritmo con que se disparan los contagios.<\/p>\n<p class=\"paragraph\">Hace menos de una semana,\u00a0<a href=\"https:\/\/www.infobae.com\/sociedad\/2021\/12\/30\/nuevo-record-de-contagios-confirmaron-50506-nuevos-casos-de-coronavirus-la-mayor-cifra-desde-que-comenzo-la-pandemia\/\" target=\"_blank\" rel=\"noopener\">el pasado 30 de diciembre, el pa\u00eds alcanz\u00f3 el n\u00famero m\u00e1s alto de infectados desde marzo de 2020<\/a>. La cifra escal\u00f3 a los 50.506 casos positivos, superando a los 41.080 que se hab\u00edan contabilizado el 27 de mayo de 2021 durante la segunda ola.<\/p>\n<p class=\"paragraph\">En medio del rebrote, diversos especialistas observaron un descenso de la proporci\u00f3n de los casos afectados por la variante Delta y un aumento de la presencia de la\u00a0<b>variante \u00d3micron<\/b>, que fue detectada en noviembre en \u00c1frica, y\u00a0<a href=\"https:\/\/www.infobae.com\/america\/ciencia-america\/2021\/12\/30\/por-que-la-variante-omicron-es-tan-contagiosa\/\" target=\"_blank\" rel=\"noopener\">que es capaz de infectar el doble de r\u00e1pido que la Delta<\/a>. Debido a la alta contagiosidad de esta nueva variante del SARS-CoV-2,\u00a0<mark class=\"hl_yellow\"><b>las guardias de los hospitales p\u00fablicos y privados atraviesan una situaci\u00f3n de desborde. \u201cUna de cada dos personas que van a hisoparse tiene COVID-19<\/b><\/mark>\u2033, explic\u00f3 a\u00a0<b>Infobae\u00a0<\/b>una fuente del sistema privado de salud.<\/p>\n<p class=\"paragraph\">\u201c<b>Estamos ante una tercera ola, de eso no hay dudas<\/b>. La buena noticia es que nos encuentra en una situaci\u00f3n muy distinta a la de la segunda. \u00bfPor qu\u00e9? Por un lado porque hay un porcentaje mucho m\u00e1s significativo de vacunados. Por el otro, porque una gran cantidad de la poblaci\u00f3n ya curs\u00f3 la enfermedad y, si bien pueden volver a contraerla, ya tienen un poco m\u00e1s de inmunidad\u201d, sostuvo otra alta fuente del sector.<\/p>\n<p class=\"paragraph\">A diferencia de lo que sucedi\u00f3 en la segunda ola, cuando la saturaci\u00f3n del sistema de salud estaba en la Unidades de Terapia Intensiva (UTI); hoy, la saturaci\u00f3n del sistema salud est\u00e1 en los servicios de emergencias. \u201cSi te par\u00e1s frente a la puerta de cualquier hospital p\u00fablico o privado vas a ver que hay varias cuadras de fila para hisoparse.<mark class=\"hl_yellow\"><b>As\u00ed no hay sistema que aguante: a este ritmo las guardias van a colapsar<\/b><\/mark>\u201d, advirti\u00f3 la misma persona en referencia a lo que se vive en CABA, Buenos Aires y C\u00f3rdoba. Solo por mencionar un ejemplo: en el d\u00eda de ayer, mientras que el pa\u00eds report\u00f3 44.396 contagios, estas provincias sumaron, entre las tres, 29.889 casos: es decir, el 67% del total.<\/p>\n<div class=\"visual__image \"><img loading=\"lazy\" decoding=\"async\" src=\"https:\/\/www.infobae.com\/new-resizer\/3IePpGwCWIHGUw3RocKeHgxEfvM=\/420x236\/filters:format(webp):quality(85)\/cloudfront-us-east-1.images.arcpublishing.com\/infobae\/LZXNQ3R3FBCMFAQUZS3KPERVPI.JPG%20420w\" sizes=\"auto, (min-width: 800px) 50vw, 90vw\" srcset=\"https:\/\/www.infobae.com\/new-resizer\/3IePpGwCWIHGUw3RocKeHgxEfvM=\/420x236\/filters:format(webp):quality(85)\/cloudfront-us-east-1.images.arcpublishing.com\/infobae\/LZXNQ3R3FBCMFAQUZS3KPERVPI.JPG 420w,https:\/\/www.infobae.com\/new-resizer\/Ww7wruwMQhJJ6ICRdbIIy3OV0ho=\/768x432\/filters:format(webp):quality(85)\/cloudfront-us-east-1.images.arcpublishing.com\/infobae\/LZXNQ3R3FBCMFAQUZS3KPERVPI.JPG 768w,https:\/\/www.infobae.com\/new-resizer\/Rs0C6xNHyQLrJfs87UvWfsvyfg4=\/992x558\/filters:format(webp):quality(85)\/cloudfront-us-east-1.images.arcpublishing.com\/infobae\/LZXNQ3R3FBCMFAQUZS3KPERVPI.JPG 992w,https:\/\/www.infobae.com\/new-resizer\/3GWrR6J-n0ZjtON63L3GletFwBo=\/1200x675\/filters:format(webp):quality(85)\/cloudfront-us-east-1.images.arcpublishing.com\/infobae\/LZXNQ3R3FBCMFAQUZS3KPERVPI.JPG 1200w,https:\/\/www.infobae.com\/new-resizer\/aiyHKE4piosGhDz2klnRcQHiDOc=\/1440x810\/filters:format(webp):quality(85)\/cloudfront-us-east-1.images.arcpublishing.com\/infobae\/LZXNQ3R3FBCMFAQUZS3KPERVPI.JPG 1440w\" alt=\"Al igual que la poblaci\u00f3n, parte del personal de la salud tambi\u00e9n se est\u00e1 contagiando y, por ende, hay menos m\u00e9dicos y enfermeros para atender en las guardias\" width=\"1920\" height=\"1080\" \/>Al igual que la poblaci\u00f3n, parte del personal de la salud tambi\u00e9n se est\u00e1 contagiando y, por ende, hay menos m\u00e9dicos y enfermeros para atender en las guardias<\/div>\n<p class=\"paragraph\">Ese problema de saturaci\u00f3n y estr\u00e9s en la primera l\u00ednea de atenci\u00f3n de los centros de salud -hospitales, cl\u00ednicas y sanatorios- tambi\u00e9n se registra con inocultable gravedad en los sistemas de asistencia telef\u00f3nica que tienen los efectores del \u00e1mbito p\u00fablico y, sobre todo, privado. Obras sociales y prepagas acumulan horas y horas de espera para pacientes y familiares que reclaman una respuesta y certezas ante la inminencia de un contagio o la necesidad de recibir asistencia por dolencias que nada tienen que ver con el coronavirus.<\/p>\n<p class=\"paragraph\"><b>El dilema de los contactos estrechos<\/b><\/p>\n<p class=\"paragraph\">Desde que comenz\u00f3 la pandemia, indican los especialistas, las decisiones epidemiol\u00f3gicas fueron cambiando. As\u00ed como al principio hab\u00eda que aislarse veinti\u00fan d\u00edas, ahora esa cifra disminuy\u00f3 a diez d\u00edas.<\/p>\n<p class=\"paragraph\">En este momento, la alta contagiosidad de la variante \u00d3micron oblig\u00f3 a modificar los criterios otra vez.\u00a0<mark class=\"hl_yellow\"><b>Uno de los grandes problemas es que, en las guardias, conviven personas con problemas de salud graves (como puede ser un infarto o un fracturado) con, por ejemplo, personas que fueron a un recital o a una fiesta y se quieren hisopar \u2018por las dudas\u2019, por que temen ser contacto estrecho de coronavirus y temen ser asintom\u00e1ticos<\/b><\/mark>.<\/p>\n<p class=\"paragraph\">Tambi\u00e9n hay que contemplar que, al igual que la poblaci\u00f3n, parte del personal de la salud tambi\u00e9n se est\u00e1 contagiando y, por ende, hay menos m\u00e9dicos y enfermeros en las guardias. \u201c<mark class=\"hl_yellow\"><b>Las grandes filas y las demoras se deben, adem\u00e1s, a que hay escasez de recurso humano<\/b><\/mark>\u201d, dicen desde el sector.<\/p>\n<p class=\"paragraph\">Para evitar el desborde, entonces, lo mejor es informarse. De acuerdo con el\u00a0<b>\u00faltimo protocolo del Ministerio de Salud de la Naci\u00f3n<\/b>, los contactos estrechos tienen m\u00e1s riesgo de contraer la infecci\u00f3n. Por eso es fundamental que se a\u00edslen aunque no tengas s\u00edntomas.<\/p>\n<p class=\"paragraph\">La cantidad de d\u00edas de aislamiento var\u00eda en funci\u00f3n del esquema de vacunaci\u00f3n. Si tienen el esquema inicial de vacunaci\u00f3n completo (con menos de cinco meses de haber completado el esquema inicial o aplicada la dosis de refuerzo) deben hacer aislamiento por 5 d\u00edas y luego otros 5 d\u00edas de cuidados (no concurrir a eventos masivos, uso de barbijo, extremar cuidados ante el contacto con personas de riesgo). En cambio, si no se vacunaron o presentan esquema incompleto, deben cumplir 10 d\u00edas de aislamiento o 7 d\u00edas de aislamiento m\u00e1s un test diagn\u00f3stico para descartar el contagio, adem\u00e1s de 3 d\u00edas m\u00e1s de cuidados.<\/p>\n<p class=\"paragraph\">\u201c<mark class=\"hl_yellow\">Muchos asumen que un hisopado negativo es un pase libre y ese es un error. Si una persona fue contacto estrecho y dio negativo, es clave que se siga aislando, porque puede ser un falso negativo<\/mark>\u201d, explican los expertos.<\/p>\n<div class=\"visual__image \"><img loading=\"lazy\" decoding=\"async\" src=\"https:\/\/www.infobae.com\/new-resizer\/LzrMU1ANy3NMtSjmyqH6E5MK9FM=\/420x280\/filters:format(webp):quality(85)\/cloudfront-us-east-1.images.arcpublishing.com\/infobae\/4CIBQMK3HBB5BMU4VMXMATWHOE.jpg%20420w\" sizes=\"auto, (min-width: 800px) 50vw, 90vw\" srcset=\"https:\/\/www.infobae.com\/new-resizer\/LzrMU1ANy3NMtSjmyqH6E5MK9FM=\/420x280\/filters:format(webp):quality(85)\/cloudfront-us-east-1.images.arcpublishing.com\/infobae\/4CIBQMK3HBB5BMU4VMXMATWHOE.jpg 420w,https:\/\/www.infobae.com\/new-resizer\/jAObVUO_ztpX_ve9gDHyZTGKizQ=\/768x512\/filters:format(webp):quality(85)\/cloudfront-us-east-1.images.arcpublishing.com\/infobae\/4CIBQMK3HBB5BMU4VMXMATWHOE.jpg 768w,https:\/\/www.infobae.com\/new-resizer\/wAWYQlb2FZZmLPVtS8_MuQK1bgk=\/992x661\/filters:format(webp):quality(85)\/cloudfront-us-east-1.images.arcpublishing.com\/infobae\/4CIBQMK3HBB5BMU4VMXMATWHOE.jpg 992w,https:\/\/www.infobae.com\/new-resizer\/-Juk1f3asTwwVcsRiCiLLVNSzsI=\/1200x800\/filters:format(webp):quality(85)\/cloudfront-us-east-1.images.arcpublishing.com\/infobae\/4CIBQMK3HBB5BMU4VMXMATWHOE.jpg 1200w,https:\/\/www.infobae.com\/new-resizer\/YZ6Ka7zZ1dH1iSn6D85rHoWAgJ4=\/1440x960\/filters:format(webp):quality(85)\/cloudfront-us-east-1.images.arcpublishing.com\/infobae\/4CIBQMK3HBB5BMU4VMXMATWHOE.jpg 1440w\" alt=\"\u201cUna de cada dos personas que van a hisoparse tiene COVID-19\u2033, explic\u00f3 a Infobae una fuente del sistema privado de salud (EFE\/Demian Alday Est\u00e9vez)\n\" width=\"5000\" height=\"3332\" \/>\u201cUna de cada dos personas que van a hisoparse tiene COVID-19\u2033, explic\u00f3 a Infobae una fuente del sistema privado de salud (EFE\/Demian Alday Est\u00e9vez)<\/div>\n<p class=\"paragraph\"><b>Claves para afrontar la tercera ola<\/b><\/p>\n<p class=\"paragraph\">Seg\u00fan la \u00faltima actualizaci\u00f3n del\u00a0<b>Monitor P\u00fablico de Vacunaci\u00f3n<\/b>, el total de inoculados asciende a 76.760.265, de los cuales 38.214.609 recibieron una dosis, 32.862.831 las dos,\u00a0<mark class=\"hl_yellow\"><b>2.584.345 una adicional y 3.098.480 una de refuerzo<\/b><\/mark>, mientras que las vacunas distribuidas a las jurisdicciones llegan a 94.230.668.<\/p>\n<p class=\"paragraph\">En referencia a este punto, los expertos sostienen que hay una diferencia significativa entre las personas completamente vacunadas y aquellas que no tienen el esquema completo. \u201c<mark class=\"hl_yellow\"><b>Para las nuevas cepas, la inmunidad requiere de ambas dosis. Con dos vacunas la persona est\u00e1 doblemente protegida<\/b><\/mark>\u201d, indican.<\/p>\n<p class=\"paragraph\">Entonces, \u00bfvan a seguir subiendo los casos? \u201cDepende del compromiso social\u201d, apuntan desde el sector de salud. \u201cSi no levantamos la vara otra vez con los protocolos, y esto no significa cerrar la econom\u00eda, sino cumplir con las normas de seguridad e higiene: lavarse las manos, usar un barbijo de buena calidad y coloc\u00e1rselo correctamente y, ante la chance de ser contacto estrecho, aislarse. Son los peque\u00f1os descuidos los que pueden generar contagios masivos.\u00a0<mark class=\"hl_yellow\"><b>Hay que comportarse como si el del al lado fuera contacto estrecho. Es la \u00fanica manera de parar esto<\/b><\/mark>\u201d, concluyen.<\/p>\n<\/div>\n<p><span style=\"color: #ff6600;\"><strong>Fuente Infobae<\/strong><\/span><\/p>\n<\/article>\n","protected":false},"excerpt":{"rendered":"<p>El crecimiento exponencial de casos puso en tensi\u00f3n al sistema de salud p\u00fablico y privado de la Ciudad y las provincias de Buenos Aires y C\u00f3rdoba. Las claves para controlar la tercera ola.<\/p>\n","protected":false},"author":3,"featured_media":0,"comment_status":"closed","ping_status":"closed","sticky":false,"template":"","format":"standard","meta":{"footnotes":""},"categories":[30],"tags":[],"class_list":["post-66651","post","type-post","status-publish","format-standard","hentry","category-salud"],"yoast_head":"<!-- This site is optimized with the Yoast SEO plugin v25.9 - https:\/\/yoast.com\/wordpress\/plugins\/seo\/ -->\n<title>Por la escalada de contagios de COVID-19, los sistemas de atenci\u00f3n y las guardias entraron en crisis: 1 de cada 2 hisopados es positivo - Noticias Radio Reflejos<\/title>\n<meta name=\"robots\" content=\"index, follow, max-snippet:-1, max-image-preview:large, max-video-preview:-1\" \/>\n<link rel=\"canonical\" href=\"https:\/\/www.noticiasradioreflejos.com.ar\/2021\/por-la-escalada-de-contagios-de-covid-19-los-sistemas-de-atencion-y-las-guardias-entraron-en-crisis-1-de-cada-2-hisopados-es-positivo\/\" \/>\n<meta property=\"og:locale\" content=\"es_ES\" \/>\n<meta property=\"og:type\" content=\"article\" \/>\n<meta property=\"og:title\" content=\"Por la escalada de contagios de COVID-19, los sistemas de atenci\u00f3n y las guardias entraron en crisis: 1 de cada 2 hisopados es positivo - Noticias Radio Reflejos\" \/>\n<meta property=\"og:description\" content=\"El crecimiento exponencial de casos puso en tensi\u00f3n al sistema de salud p\u00fablico y privado de la Ciudad y las provincias de Buenos Aires y C\u00f3rdoba. Las claves para controlar la tercera ola.\" \/>\n<meta property=\"og:url\" content=\"https:\/\/www.noticiasradioreflejos.com.ar\/2021\/por-la-escalada-de-contagios-de-covid-19-los-sistemas-de-atencion-y-las-guardias-entraron-en-crisis-1-de-cada-2-hisopados-es-positivo\/\" \/>\n<meta property=\"og:site_name\" content=\"Noticias Radio Reflejos\" \/>\n<meta property=\"article:published_time\" content=\"2022-01-04T11:24:15+00:00\" \/>\n<meta property=\"og:image\" content=\"https:\/\/www.infobae.com\/new-resizer\/62LH8LcpOO20shwOJPtlrG6Y-Nc=\/420x280\/filters:format(webp):quality(85)\/cloudfront-us-east-1.images.arcpublishing.com\/infobae\/TFFAL4DWMNCXPDSW3D5SZG6QYM.jpg%20420w\" \/>\n<meta name=\"author\" content=\"Arnaldo Botto\" \/>\n<meta name=\"twitter:card\" content=\"summary_large_image\" \/>\n<script type=\"application\/ld+json\" class=\"yoast-schema-graph\">{\"@context\":\"https:\/\/schema.org\",\"@graph\":[{\"@type\":\"WebPage\",\"@id\":\"https:\/\/www.noticiasradioreflejos.com.ar\/2021\/por-la-escalada-de-contagios-de-covid-19-los-sistemas-de-atencion-y-las-guardias-entraron-en-crisis-1-de-cada-2-hisopados-es-positivo\/\",\"url\":\"https:\/\/www.noticiasradioreflejos.com.ar\/2021\/por-la-escalada-de-contagios-de-covid-19-los-sistemas-de-atencion-y-las-guardias-entraron-en-crisis-1-de-cada-2-hisopados-es-positivo\/\",\"name\":\"Por la escalada de contagios de COVID-19, los sistemas de atenci\u00f3n y las guardias entraron en crisis: 1 de cada 2 hisopados es positivo - Noticias Radio Reflejos\",\"isPartOf\":{\"@id\":\"https:\/\/www.noticiasradioreflejos.com.ar\/2021\/#website\"},\"primaryImageOfPage\":{\"@id\":\"https:\/\/www.noticiasradioreflejos.com.ar\/2021\/por-la-escalada-de-contagios-de-covid-19-los-sistemas-de-atencion-y-las-guardias-entraron-en-crisis-1-de-cada-2-hisopados-es-positivo\/#primaryimage\"},\"image\":{\"@id\":\"https:\/\/www.noticiasradioreflejos.com.ar\/2021\/por-la-escalada-de-contagios-de-covid-19-los-sistemas-de-atencion-y-las-guardias-entraron-en-crisis-1-de-cada-2-hisopados-es-positivo\/#primaryimage\"},\"thumbnailUrl\":\"https:\/\/www.infobae.com\/new-resizer\/62LH8LcpOO20shwOJPtlrG6Y-Nc=\/420x280\/filters:format(webp):quality(85)\/cloudfront-us-east-1.images.arcpublishing.com\/infobae\/TFFAL4DWMNCXPDSW3D5SZG6QYM.jpg%20420w\",\"datePublished\":\"2022-01-04T11:24:15+00:00\",\"author\":{\"@id\":\"https:\/\/www.noticiasradioreflejos.com.ar\/2021\/#\/schema\/person\/ad82545263dcc5ec0996818884fd5fb1\"},\"breadcrumb\":{\"@id\":\"https:\/\/www.noticiasradioreflejos.com.ar\/2021\/por-la-escalada-de-contagios-de-covid-19-los-sistemas-de-atencion-y-las-guardias-entraron-en-crisis-1-de-cada-2-hisopados-es-positivo\/#breadcrumb\"},\"inLanguage\":\"es\",\"potentialAction\":[{\"@type\":\"ReadAction\",\"target\":[\"https:\/\/www.noticiasradioreflejos.com.ar\/2021\/por-la-escalada-de-contagios-de-covid-19-los-sistemas-de-atencion-y-las-guardias-entraron-en-crisis-1-de-cada-2-hisopados-es-positivo\/\"]}]},{\"@type\":\"ImageObject\",\"inLanguage\":\"es\",\"@id\":\"https:\/\/www.noticiasradioreflejos.com.ar\/2021\/por-la-escalada-de-contagios-de-covid-19-los-sistemas-de-atencion-y-las-guardias-entraron-en-crisis-1-de-cada-2-hisopados-es-positivo\/#primaryimage\",\"url\":\"https:\/\/www.infobae.com\/new-resizer\/62LH8LcpOO20shwOJPtlrG6Y-Nc=\/420x280\/filters:format(webp):quality(85)\/cloudfront-us-east-1.images.arcpublishing.com\/infobae\/TFFAL4DWMNCXPDSW3D5SZG6QYM.jpg%20420w\",\"contentUrl\":\"https:\/\/www.infobae.com\/new-resizer\/62LH8LcpOO20shwOJPtlrG6Y-Nc=\/420x280\/filters:format(webp):quality(85)\/cloudfront-us-east-1.images.arcpublishing.com\/infobae\/TFFAL4DWMNCXPDSW3D5SZG6QYM.jpg%20420w\"},{\"@type\":\"BreadcrumbList\",\"@id\":\"https:\/\/www.noticiasradioreflejos.com.ar\/2021\/por-la-escalada-de-contagios-de-covid-19-los-sistemas-de-atencion-y-las-guardias-entraron-en-crisis-1-de-cada-2-hisopados-es-positivo\/#breadcrumb\",\"itemListElement\":[{\"@type\":\"ListItem\",\"position\":1,\"name\":\"Portada\",\"item\":\"https:\/\/www.noticiasradioreflejos.com.ar\/2021\/\"},{\"@type\":\"ListItem\",\"position\":2,\"name\":\"Por la escalada de contagios de COVID-19, los sistemas de atenci\u00f3n y las guardias entraron en crisis: 1 de cada 2 hisopados es positivo\"}]},{\"@type\":\"WebSite\",\"@id\":\"https:\/\/www.noticiasradioreflejos.com.ar\/2021\/#website\",\"url\":\"https:\/\/www.noticiasradioreflejos.com.ar\/2021\/\",\"name\":\"Noticias Radio Reflejos\",\"description\":\"Las noticias de mi comarca\",\"potentialAction\":[{\"@type\":\"SearchAction\",\"target\":{\"@type\":\"EntryPoint\",\"urlTemplate\":\"https:\/\/www.noticiasradioreflejos.com.ar\/2021\/?s={search_term_string}\"},\"query-input\":{\"@type\":\"PropertyValueSpecification\",\"valueRequired\":true,\"valueName\":\"search_term_string\"}}],\"inLanguage\":\"es\"},{\"@type\":\"Person\",\"@id\":\"https:\/\/www.noticiasradioreflejos.com.ar\/2021\/#\/schema\/person\/ad82545263dcc5ec0996818884fd5fb1\",\"name\":\"Arnaldo Botto\",\"image\":{\"@type\":\"ImageObject\",\"inLanguage\":\"es\",\"@id\":\"https:\/\/www.noticiasradioreflejos.com.ar\/2021\/#\/schema\/person\/image\/\",\"url\":\"https:\/\/secure.gravatar.com\/avatar\/55cb5e37c1efa326397366e6974cb338056df65cb50e7d64d1cf314e87504837?s=96&d=mm&r=g\",\"contentUrl\":\"https:\/\/secure.gravatar.com\/avatar\/55cb5e37c1efa326397366e6974cb338056df65cb50e7d64d1cf314e87504837?s=96&d=mm&r=g\",\"caption\":\"Arnaldo Botto\"},\"url\":\"https:\/\/www.noticiasradioreflejos.com.ar\/2021\/author\/arnaldo\/\"}]}<\/script>\n<!-- \/ Yoast SEO plugin. -->","yoast_head_json":{"title":"Por la escalada de contagios de COVID-19, los sistemas de atenci\u00f3n y las guardias entraron en crisis: 1 de cada 2 hisopados es positivo - Noticias Radio Reflejos","robots":{"index":"index","follow":"follow","max-snippet":"max-snippet:-1","max-image-preview":"max-image-preview:large","max-video-preview":"max-video-preview:-1"},"canonical":"https:\/\/www.noticiasradioreflejos.com.ar\/2021\/por-la-escalada-de-contagios-de-covid-19-los-sistemas-de-atencion-y-las-guardias-entraron-en-crisis-1-de-cada-2-hisopados-es-positivo\/","og_locale":"es_ES","og_type":"article","og_title":"Por la escalada de contagios de COVID-19, los sistemas de atenci\u00f3n y las guardias entraron en crisis: 1 de cada 2 hisopados es positivo - Noticias Radio Reflejos","og_description":"El crecimiento exponencial de casos puso en tensi\u00f3n al sistema de salud p\u00fablico y privado de la Ciudad y las provincias de Buenos Aires y C\u00f3rdoba. Las claves para controlar la tercera ola.","og_url":"https:\/\/www.noticiasradioreflejos.com.ar\/2021\/por-la-escalada-de-contagios-de-covid-19-los-sistemas-de-atencion-y-las-guardias-entraron-en-crisis-1-de-cada-2-hisopados-es-positivo\/","og_site_name":"Noticias Radio Reflejos","article_published_time":"2022-01-04T11:24:15+00:00","og_image":[{"url":"https:\/\/www.infobae.com\/new-resizer\/62LH8LcpOO20shwOJPtlrG6Y-Nc=\/420x280\/filters:format(webp):quality(85)\/cloudfront-us-east-1.images.arcpublishing.com\/infobae\/TFFAL4DWMNCXPDSW3D5SZG6QYM.jpg%20420w","type":"","width":"","height":""}],"author":"Arnaldo Botto","twitter_card":"summary_large_image","schema":{"@context":"https:\/\/schema.org","@graph":[{"@type":"WebPage","@id":"https:\/\/www.noticiasradioreflejos.com.ar\/2021\/por-la-escalada-de-contagios-de-covid-19-los-sistemas-de-atencion-y-las-guardias-entraron-en-crisis-1-de-cada-2-hisopados-es-positivo\/","url":"https:\/\/www.noticiasradioreflejos.com.ar\/2021\/por-la-escalada-de-contagios-de-covid-19-los-sistemas-de-atencion-y-las-guardias-entraron-en-crisis-1-de-cada-2-hisopados-es-positivo\/","name":"Por la escalada de contagios de COVID-19, los sistemas de atenci\u00f3n y las guardias entraron en crisis: 1 de cada 2 hisopados es positivo - Noticias Radio Reflejos","isPartOf":{"@id":"https:\/\/www.noticiasradioreflejos.com.ar\/2021\/#website"},"primaryImageOfPage":{"@id":"https:\/\/www.noticiasradioreflejos.com.ar\/2021\/por-la-escalada-de-contagios-de-covid-19-los-sistemas-de-atencion-y-las-guardias-entraron-en-crisis-1-de-cada-2-hisopados-es-positivo\/#primaryimage"},"image":{"@id":"https:\/\/www.noticiasradioreflejos.com.ar\/2021\/por-la-escalada-de-contagios-de-covid-19-los-sistemas-de-atencion-y-las-guardias-entraron-en-crisis-1-de-cada-2-hisopados-es-positivo\/#primaryimage"},"thumbnailUrl":"https:\/\/www.infobae.com\/new-resizer\/62LH8LcpOO20shwOJPtlrG6Y-Nc=\/420x280\/filters:format(webp):quality(85)\/cloudfront-us-east-1.images.arcpublishing.com\/infobae\/TFFAL4DWMNCXPDSW3D5SZG6QYM.jpg%20420w","datePublished":"2022-01-04T11:24:15+00:00","author":{"@id":"https:\/\/www.noticiasradioreflejos.com.ar\/2021\/#\/schema\/person\/ad82545263dcc5ec0996818884fd5fb1"},"breadcrumb":{"@id":"https:\/\/www.noticiasradioreflejos.com.ar\/2021\/por-la-escalada-de-contagios-de-covid-19-los-sistemas-de-atencion-y-las-guardias-entraron-en-crisis-1-de-cada-2-hisopados-es-positivo\/#breadcrumb"},"inLanguage":"es","potentialAction":[{"@type":"ReadAction","target":["https:\/\/www.noticiasradioreflejos.com.ar\/2021\/por-la-escalada-de-contagios-de-covid-19-los-sistemas-de-atencion-y-las-guardias-entraron-en-crisis-1-de-cada-2-hisopados-es-positivo\/"]}]},{"@type":"ImageObject","inLanguage":"es","@id":"https:\/\/www.noticiasradioreflejos.com.ar\/2021\/por-la-escalada-de-contagios-de-covid-19-los-sistemas-de-atencion-y-las-guardias-entraron-en-crisis-1-de-cada-2-hisopados-es-positivo\/#primaryimage","url":"https:\/\/www.infobae.com\/new-resizer\/62LH8LcpOO20shwOJPtlrG6Y-Nc=\/420x280\/filters:format(webp):quality(85)\/cloudfront-us-east-1.images.arcpublishing.com\/infobae\/TFFAL4DWMNCXPDSW3D5SZG6QYM.jpg%20420w","contentUrl":"https:\/\/www.infobae.com\/new-resizer\/62LH8LcpOO20shwOJPtlrG6Y-Nc=\/420x280\/filters:format(webp):quality(85)\/cloudfront-us-east-1.images.arcpublishing.com\/infobae\/TFFAL4DWMNCXPDSW3D5SZG6QYM.jpg%20420w"},{"@type":"BreadcrumbList","@id":"https:\/\/www.noticiasradioreflejos.com.ar\/2021\/por-la-escalada-de-contagios-de-covid-19-los-sistemas-de-atencion-y-las-guardias-entraron-en-crisis-1-de-cada-2-hisopados-es-positivo\/#breadcrumb","itemListElement":[{"@type":"ListItem","position":1,"name":"Portada","item":"https:\/\/www.noticiasradioreflejos.com.ar\/2021\/"},{"@type":"ListItem","position":2,"name":"Por la escalada de contagios de COVID-19, los sistemas de atenci\u00f3n y las guardias entraron en crisis: 1 de cada 2 hisopados es positivo"}]},{"@type":"WebSite","@id":"https:\/\/www.noticiasradioreflejos.com.ar\/2021\/#website","url":"https:\/\/www.noticiasradioreflejos.com.ar\/2021\/","name":"Noticias Radio Reflejos","description":"Las noticias de mi comarca","potentialAction":[{"@type":"SearchAction","target":{"@type":"EntryPoint","urlTemplate":"https:\/\/www.noticiasradioreflejos.com.ar\/2021\/?s={search_term_string}"},"query-input":{"@type":"PropertyValueSpecification","valueRequired":true,"valueName":"search_term_string"}}],"inLanguage":"es"},{"@type":"Person","@id":"https:\/\/www.noticiasradioreflejos.com.ar\/2021\/#\/schema\/person\/ad82545263dcc5ec0996818884fd5fb1","name":"Arnaldo Botto","image":{"@type":"ImageObject","inLanguage":"es","@id":"https:\/\/www.noticiasradioreflejos.com.ar\/2021\/#\/schema\/person\/image\/","url":"https:\/\/secure.gravatar.com\/avatar\/55cb5e37c1efa326397366e6974cb338056df65cb50e7d64d1cf314e87504837?s=96&d=mm&r=g","contentUrl":"https:\/\/secure.gravatar.com\/avatar\/55cb5e37c1efa326397366e6974cb338056df65cb50e7d64d1cf314e87504837?s=96&d=mm&r=g","caption":"Arnaldo Botto"},"url":"https:\/\/www.noticiasradioreflejos.com.ar\/2021\/author\/arnaldo\/"}]}},"_links":{"self":[{"href":"https:\/\/www.noticiasradioreflejos.com.ar\/2021\/wp-json\/wp\/v2\/posts\/66651","targetHints":{"allow":["GET"]}}],"collection":[{"href":"https:\/\/www.noticiasradioreflejos.com.ar\/2021\/wp-json\/wp\/v2\/posts"}],"about":[{"href":"https:\/\/www.noticiasradioreflejos.com.ar\/2021\/wp-json\/wp\/v2\/types\/post"}],"author":[{"embeddable":true,"href":"https:\/\/www.noticiasradioreflejos.com.ar\/2021\/wp-json\/wp\/v2\/users\/3"}],"replies":[{"embeddable":true,"href":"https:\/\/www.noticiasradioreflejos.com.ar\/2021\/wp-json\/wp\/v2\/comments?post=66651"}],"version-history":[{"count":1,"href":"https:\/\/www.noticiasradioreflejos.com.ar\/2021\/wp-json\/wp\/v2\/posts\/66651\/revisions"}],"predecessor-version":[{"id":66652,"href":"https:\/\/www.noticiasradioreflejos.com.ar\/2021\/wp-json\/wp\/v2\/posts\/66651\/revisions\/66652"}],"wp:attachment":[{"href":"https:\/\/www.noticiasradioreflejos.com.ar\/2021\/wp-json\/wp\/v2\/media?parent=66651"}],"wp:term":[{"taxonomy":"category","embeddable":true,"href":"https:\/\/www.noticiasradioreflejos.com.ar\/2021\/wp-json\/wp\/v2\/categories?post=66651"},{"taxonomy":"post_tag","embeddable":true,"href":"https:\/\/www.noticiasradioreflejos.com.ar\/2021\/wp-json\/wp\/v2\/tags?post=66651"}],"curies":[{"name":"wp","href":"https:\/\/api.w.org\/{rel}","templated":true}]}}