{"id":66649,"date":"2022-01-04T11:17:34","date_gmt":"2022-01-04T11:17:34","guid":{"rendered":"http:\/\/www.noticiasradioreflejos.com.ar\/2021\/?p=66649"},"modified":"2022-01-04T11:17:34","modified_gmt":"2022-01-04T11:17:34","slug":"solicitan-al-ejecutivo-municipal-detener-la-intervencion-en-los-arboles-del-parque-lineal-de-tornquist","status":"publish","type":"post","link":"https:\/\/www.noticiasradioreflejos.com.ar\/2021\/solicitan-al-ejecutivo-municipal-detener-la-intervencion-en-los-arboles-del-parque-lineal-de-tornquist\/","title":{"rendered":"Solicitan al ejecutivo municipal detener la intervenci\u00f3n en los arboles del Parque lineal de Tornquist"},"content":{"rendered":"<p>Mediante una nota enviada ayer al Intendente Sergio Bordoni, los bloques de Juntos por el Cambio y Juntos solicitan al poder ejecutivo municipal detener la intervenci\u00f3n en los arboles del Parque lineal de la ciudad cabecera. Seg\u00fan los ediles opositores, sus asesores no comparten la forma en la que se est\u00e1 interviniendo sobre los ejemplares. <!--more--><\/p>\n<p>&nbsp;<\/p>\n<p>&nbsp;<\/p>\n<p><a title=\"WhatsApp Image 2022-01-03 at 22.27.09\" href=\"https:\/\/www.flickr.com\/photos\/182279889@N02\/51798680241\/in\/dateposted-public\/\" data-flickr-embed=\"true\"><img loading=\"lazy\" decoding=\"async\" src=\"https:\/\/live.staticflickr.com\/65535\/51798680241_d4e9ab5360_c.jpg\" alt=\"WhatsApp Image 2022-01-03 at 22.27.09\" width=\"497\" height=\"800\" \/><\/a><script async src=\"\/\/embedr.flickr.com\/assets\/client-code.js\" charset=\"utf-8\"><\/script><\/p>\n","protected":false},"excerpt":{"rendered":"<p>Mediante una nota enviada ayer al Intendente Sergio Bordoni, los bloques de Juntos por el Cambio y Juntos solicitan al poder ejecutivo municipal detener la intervenci\u00f3n en los arboles del Parque lineal de la ciudad cabecera. Seg\u00fan los ediles opositores, sus asesores no comparten la forma en la que se est\u00e1 interviniendo sobre los ejemplares.<\/p>\n","protected":false},"author":3,"featured_media":0,"comment_status":"closed","ping_status":"closed","sticky":false,"template":"","format":"standard","meta":{"footnotes":""},"categories":[24],"tags":[],"class_list":["post-66649","post","type-post","status-publish","format-standard","hentry","category-politica"],"yoast_head":"<!-- This site is optimized with the Yoast SEO plugin v25.9 - https:\/\/yoast.com\/wordpress\/plugins\/seo\/ -->\n<title>Solicitan al ejecutivo municipal detener la intervenci\u00f3n en los arboles del Parque lineal de Tornquist - Noticias Radio Reflejos<\/title>\n<meta name=\"robots\" content=\"index, follow, max-snippet:-1, max-image-preview:large, max-video-preview:-1\" \/>\n<link rel=\"canonical\" href=\"https:\/\/www.noticiasradioreflejos.com.ar\/2021\/solicitan-al-ejecutivo-municipal-detener-la-intervencion-en-los-arboles-del-parque-lineal-de-tornquist\/\" \/>\n<meta property=\"og:locale\" content=\"es_ES\" \/>\n<meta property=\"og:type\" content=\"article\" \/>\n<meta property=\"og:title\" content=\"Solicitan al ejecutivo municipal detener la intervenci\u00f3n en los arboles del Parque lineal de Tornquist - Noticias Radio Reflejos\" \/>\n<meta property=\"og:description\" content=\"Mediante una nota enviada ayer al Intendente Sergio Bordoni, los bloques de Juntos por el Cambio y Juntos solicitan al poder ejecutivo municipal detener la intervenci\u00f3n en los arboles del Parque lineal de la ciudad cabecera. Seg\u00fan los ediles opositores, sus asesores no comparten la forma en la que se est\u00e1 interviniendo sobre los ejemplares.\" \/>\n<meta property=\"og:url\" content=\"https:\/\/www.noticiasradioreflejos.com.ar\/2021\/solicitan-al-ejecutivo-municipal-detener-la-intervencion-en-los-arboles-del-parque-lineal-de-tornquist\/\" \/>\n<meta property=\"og:site_name\" content=\"Noticias Radio Reflejos\" \/>\n<meta property=\"article:published_time\" content=\"2022-01-04T11:17:34+00:00\" \/>\n<meta property=\"og:image\" content=\"https:\/\/live.staticflickr.com\/65535\/51798680241_d4e9ab5360_c.jpg\" \/>\n<meta name=\"author\" content=\"Arnaldo Botto\" \/>\n<meta name=\"twitter:card\" content=\"summary_large_image\" \/>\n<script type=\"application\/ld+json\" class=\"yoast-schema-graph\">{\"@context\":\"https:\/\/schema.org\",\"@graph\":[{\"@type\":\"WebPage\",\"@id\":\"https:\/\/www.noticiasradioreflejos.com.ar\/2021\/solicitan-al-ejecutivo-municipal-detener-la-intervencion-en-los-arboles-del-parque-lineal-de-tornquist\/\",\"url\":\"https:\/\/www.noticiasradioreflejos.com.ar\/2021\/solicitan-al-ejecutivo-municipal-detener-la-intervencion-en-los-arboles-del-parque-lineal-de-tornquist\/\",\"name\":\"Solicitan al ejecutivo municipal detener la intervenci\u00f3n en los arboles del Parque lineal de Tornquist - Noticias Radio Reflejos\",\"isPartOf\":{\"@id\":\"https:\/\/www.noticiasradioreflejos.com.ar\/2021\/#website\"},\"primaryImageOfPage\":{\"@id\":\"https:\/\/www.noticiasradioreflejos.com.ar\/2021\/solicitan-al-ejecutivo-municipal-detener-la-intervencion-en-los-arboles-del-parque-lineal-de-tornquist\/#primaryimage\"},\"image\":{\"@id\":\"https:\/\/www.noticiasradioreflejos.com.ar\/2021\/solicitan-al-ejecutivo-municipal-detener-la-intervencion-en-los-arboles-del-parque-lineal-de-tornquist\/#primaryimage\"},\"thumbnailUrl\":\"https:\/\/live.staticflickr.com\/65535\/51798680241_d4e9ab5360_c.jpg\",\"datePublished\":\"2022-01-04T11:17:34+00:00\",\"author\":{\"@id\":\"https:\/\/www.noticiasradioreflejos.com.ar\/2021\/#\/schema\/person\/ad82545263dcc5ec0996818884fd5fb1\"},\"breadcrumb\":{\"@id\":\"https:\/\/www.noticiasradioreflejos.com.ar\/2021\/solicitan-al-ejecutivo-municipal-detener-la-intervencion-en-los-arboles-del-parque-lineal-de-tornquist\/#breadcrumb\"},\"inLanguage\":\"es\",\"potentialAction\":[{\"@type\":\"ReadAction\",\"target\":[\"https:\/\/www.noticiasradioreflejos.com.ar\/2021\/solicitan-al-ejecutivo-municipal-detener-la-intervencion-en-los-arboles-del-parque-lineal-de-tornquist\/\"]}]},{\"@type\":\"ImageObject\",\"inLanguage\":\"es\",\"@id\":\"https:\/\/www.noticiasradioreflejos.com.ar\/2021\/solicitan-al-ejecutivo-municipal-detener-la-intervencion-en-los-arboles-del-parque-lineal-de-tornquist\/#primaryimage\",\"url\":\"https:\/\/live.staticflickr.com\/65535\/51798680241_d4e9ab5360_c.jpg\",\"contentUrl\":\"https:\/\/live.staticflickr.com\/65535\/51798680241_d4e9ab5360_c.jpg\"},{\"@type\":\"BreadcrumbList\",\"@id\":\"https:\/\/www.noticiasradioreflejos.com.ar\/2021\/solicitan-al-ejecutivo-municipal-detener-la-intervencion-en-los-arboles-del-parque-lineal-de-tornquist\/#breadcrumb\",\"itemListElement\":[{\"@type\":\"ListItem\",\"position\":1,\"name\":\"Portada\",\"item\":\"https:\/\/www.noticiasradioreflejos.com.ar\/2021\/\"},{\"@type\":\"ListItem\",\"position\":2,\"name\":\"Solicitan al ejecutivo municipal detener la intervenci\u00f3n en los arboles del Parque lineal de Tornquist\"}]},{\"@type\":\"WebSite\",\"@id\":\"https:\/\/www.noticiasradioreflejos.com.ar\/2021\/#website\",\"url\":\"https:\/\/www.noticiasradioreflejos.com.ar\/2021\/\",\"name\":\"Noticias Radio Reflejos\",\"description\":\"Las noticias de mi comarca\",\"potentialAction\":[{\"@type\":\"SearchAction\",\"target\":{\"@type\":\"EntryPoint\",\"urlTemplate\":\"https:\/\/www.noticiasradioreflejos.com.ar\/2021\/?s={search_term_string}\"},\"query-input\":{\"@type\":\"PropertyValueSpecification\",\"valueRequired\":true,\"valueName\":\"search_term_string\"}}],\"inLanguage\":\"es\"},{\"@type\":\"Person\",\"@id\":\"https:\/\/www.noticiasradioreflejos.com.ar\/2021\/#\/schema\/person\/ad82545263dcc5ec0996818884fd5fb1\",\"name\":\"Arnaldo Botto\",\"image\":{\"@type\":\"ImageObject\",\"inLanguage\":\"es\",\"@id\":\"https:\/\/www.noticiasradioreflejos.com.ar\/2021\/#\/schema\/person\/image\/\",\"url\":\"https:\/\/secure.gravatar.com\/avatar\/55cb5e37c1efa326397366e6974cb338056df65cb50e7d64d1cf314e87504837?s=96&d=mm&r=g\",\"contentUrl\":\"https:\/\/secure.gravatar.com\/avatar\/55cb5e37c1efa326397366e6974cb338056df65cb50e7d64d1cf314e87504837?s=96&d=mm&r=g\",\"caption\":\"Arnaldo Botto\"},\"url\":\"https:\/\/www.noticiasradioreflejos.com.ar\/2021\/author\/arnaldo\/\"}]}<\/script>\n<!-- \/ Yoast SEO plugin. -->","yoast_head_json":{"title":"Solicitan al ejecutivo municipal detener la intervenci\u00f3n en los arboles del Parque lineal de Tornquist - Noticias Radio Reflejos","robots":{"index":"index","follow":"follow","max-snippet":"max-snippet:-1","max-image-preview":"max-image-preview:large","max-video-preview":"max-video-preview:-1"},"canonical":"https:\/\/www.noticiasradioreflejos.com.ar\/2021\/solicitan-al-ejecutivo-municipal-detener-la-intervencion-en-los-arboles-del-parque-lineal-de-tornquist\/","og_locale":"es_ES","og_type":"article","og_title":"Solicitan al ejecutivo municipal detener la intervenci\u00f3n en los arboles del Parque lineal de Tornquist - Noticias Radio Reflejos","og_description":"Mediante una nota enviada ayer al Intendente Sergio Bordoni, los bloques de Juntos por el Cambio y Juntos solicitan al poder ejecutivo municipal detener la intervenci\u00f3n en los arboles del Parque lineal de la ciudad cabecera. Seg\u00fan los ediles opositores, sus asesores no comparten la forma en la que se est\u00e1 interviniendo sobre los ejemplares.","og_url":"https:\/\/www.noticiasradioreflejos.com.ar\/2021\/solicitan-al-ejecutivo-municipal-detener-la-intervencion-en-los-arboles-del-parque-lineal-de-tornquist\/","og_site_name":"Noticias Radio Reflejos","article_published_time":"2022-01-04T11:17:34+00:00","og_image":[{"url":"https:\/\/live.staticflickr.com\/65535\/51798680241_d4e9ab5360_c.jpg","type":"","width":"","height":""}],"author":"Arnaldo Botto","twitter_card":"summary_large_image","schema":{"@context":"https:\/\/schema.org","@graph":[{"@type":"WebPage","@id":"https:\/\/www.noticiasradioreflejos.com.ar\/2021\/solicitan-al-ejecutivo-municipal-detener-la-intervencion-en-los-arboles-del-parque-lineal-de-tornquist\/","url":"https:\/\/www.noticiasradioreflejos.com.ar\/2021\/solicitan-al-ejecutivo-municipal-detener-la-intervencion-en-los-arboles-del-parque-lineal-de-tornquist\/","name":"Solicitan al ejecutivo municipal detener la intervenci\u00f3n en los arboles del Parque lineal de Tornquist - Noticias Radio Reflejos","isPartOf":{"@id":"https:\/\/www.noticiasradioreflejos.com.ar\/2021\/#website"},"primaryImageOfPage":{"@id":"https:\/\/www.noticiasradioreflejos.com.ar\/2021\/solicitan-al-ejecutivo-municipal-detener-la-intervencion-en-los-arboles-del-parque-lineal-de-tornquist\/#primaryimage"},"image":{"@id":"https:\/\/www.noticiasradioreflejos.com.ar\/2021\/solicitan-al-ejecutivo-municipal-detener-la-intervencion-en-los-arboles-del-parque-lineal-de-tornquist\/#primaryimage"},"thumbnailUrl":"https:\/\/live.staticflickr.com\/65535\/51798680241_d4e9ab5360_c.jpg","datePublished":"2022-01-04T11:17:34+00:00","author":{"@id":"https:\/\/www.noticiasradioreflejos.com.ar\/2021\/#\/schema\/person\/ad82545263dcc5ec0996818884fd5fb1"},"breadcrumb":{"@id":"https:\/\/www.noticiasradioreflejos.com.ar\/2021\/solicitan-al-ejecutivo-municipal-detener-la-intervencion-en-los-arboles-del-parque-lineal-de-tornquist\/#breadcrumb"},"inLanguage":"es","potentialAction":[{"@type":"ReadAction","target":["https:\/\/www.noticiasradioreflejos.com.ar\/2021\/solicitan-al-ejecutivo-municipal-detener-la-intervencion-en-los-arboles-del-parque-lineal-de-tornquist\/"]}]},{"@type":"ImageObject","inLanguage":"es","@id":"https:\/\/www.noticiasradioreflejos.com.ar\/2021\/solicitan-al-ejecutivo-municipal-detener-la-intervencion-en-los-arboles-del-parque-lineal-de-tornquist\/#primaryimage","url":"https:\/\/live.staticflickr.com\/65535\/51798680241_d4e9ab5360_c.jpg","contentUrl":"https:\/\/live.staticflickr.com\/65535\/51798680241_d4e9ab5360_c.jpg"},{"@type":"BreadcrumbList","@id":"https:\/\/www.noticiasradioreflejos.com.ar\/2021\/solicitan-al-ejecutivo-municipal-detener-la-intervencion-en-los-arboles-del-parque-lineal-de-tornquist\/#breadcrumb","itemListElement":[{"@type":"ListItem","position":1,"name":"Portada","item":"https:\/\/www.noticiasradioreflejos.com.ar\/2021\/"},{"@type":"ListItem","position":2,"name":"Solicitan al ejecutivo municipal detener la intervenci\u00f3n en los arboles del Parque lineal de Tornquist"}]},{"@type":"WebSite","@id":"https:\/\/www.noticiasradioreflejos.com.ar\/2021\/#website","url":"https:\/\/www.noticiasradioreflejos.com.ar\/2021\/","name":"Noticias Radio Reflejos","description":"Las noticias de mi comarca","potentialAction":[{"@type":"SearchAction","target":{"@type":"EntryPoint","urlTemplate":"https:\/\/www.noticiasradioreflejos.com.ar\/2021\/?s={search_term_string}"},"query-input":{"@type":"PropertyValueSpecification","valueRequired":true,"valueName":"search_term_string"}}],"inLanguage":"es"},{"@type":"Person","@id":"https:\/\/www.noticiasradioreflejos.com.ar\/2021\/#\/schema\/person\/ad82545263dcc5ec0996818884fd5fb1","name":"Arnaldo Botto","image":{"@type":"ImageObject","inLanguage":"es","@id":"https:\/\/www.noticiasradioreflejos.com.ar\/2021\/#\/schema\/person\/image\/","url":"https:\/\/secure.gravatar.com\/avatar\/55cb5e37c1efa326397366e6974cb338056df65cb50e7d64d1cf314e87504837?s=96&d=mm&r=g","contentUrl":"https:\/\/secure.gravatar.com\/avatar\/55cb5e37c1efa326397366e6974cb338056df65cb50e7d64d1cf314e87504837?s=96&d=mm&r=g","caption":"Arnaldo Botto"},"url":"https:\/\/www.noticiasradioreflejos.com.ar\/2021\/author\/arnaldo\/"}]}},"_links":{"self":[{"href":"https:\/\/www.noticiasradioreflejos.com.ar\/2021\/wp-json\/wp\/v2\/posts\/66649","targetHints":{"allow":["GET"]}}],"collection":[{"href":"https:\/\/www.noticiasradioreflejos.com.ar\/2021\/wp-json\/wp\/v2\/posts"}],"about":[{"href":"https:\/\/www.noticiasradioreflejos.com.ar\/2021\/wp-json\/wp\/v2\/types\/post"}],"author":[{"embeddable":true,"href":"https:\/\/www.noticiasradioreflejos.com.ar\/2021\/wp-json\/wp\/v2\/users\/3"}],"replies":[{"embeddable":true,"href":"https:\/\/www.noticiasradioreflejos.com.ar\/2021\/wp-json\/wp\/v2\/comments?post=66649"}],"version-history":[{"count":1,"href":"https:\/\/www.noticiasradioreflejos.com.ar\/2021\/wp-json\/wp\/v2\/posts\/66649\/revisions"}],"predecessor-version":[{"id":66650,"href":"https:\/\/www.noticiasradioreflejos.com.ar\/2021\/wp-json\/wp\/v2\/posts\/66649\/revisions\/66650"}],"wp:attachment":[{"href":"https:\/\/www.noticiasradioreflejos.com.ar\/2021\/wp-json\/wp\/v2\/media?parent=66649"}],"wp:term":[{"taxonomy":"category","embeddable":true,"href":"https:\/\/www.noticiasradioreflejos.com.ar\/2021\/wp-json\/wp\/v2\/categories?post=66649"},{"taxonomy":"post_tag","embeddable":true,"href":"https:\/\/www.noticiasradioreflejos.com.ar\/2021\/wp-json\/wp\/v2\/tags?post=66649"}],"curies":[{"name":"wp","href":"https:\/\/api.w.org\/{rel}","templated":true}]}}