{"id":66646,"date":"2022-01-04T10:51:05","date_gmt":"2022-01-04T10:51:05","guid":{"rendered":"http:\/\/www.noticiasradioreflejos.com.ar\/2021\/?p=66646"},"modified":"2022-01-04T10:51:05","modified_gmt":"2022-01-04T10:51:05","slug":"incendios-en-puerto-madryn-hay-77-000-hectareas-quemadas-y-el-fuego-se-acerca-a-la-peninsula-valdes","status":"publish","type":"post","link":"https:\/\/www.noticiasradioreflejos.com.ar\/2021\/incendios-en-puerto-madryn-hay-77-000-hectareas-quemadas-y-el-fuego-se-acerca-a-la-peninsula-valdes\/","title":{"rendered":"Incendios en Puerto Madryn: hay 77.000 hect\u00e1reas quemadas y el fuego se acerca a la pen\u00ednsula Vald\u00e9s"},"content":{"rendered":"<header class=\"article-header-wrapper\">\n<div class=\"article-header\">\n<p class=\"article-subheadline\">Los brigadistas no recuerdan una tragedia semejante desde hace 20 a\u00f1os. \u201cEl fuego actual es explosivo, avanza con una voracidad tremenda\u201d. Casi 100 bomberos intentar frenarlo antes de que llegue a un pueblo de pescadores artesanales.<\/p>\n<\/div>\n<\/header>\n<p><!--more--><\/p>\n<article class=\"article\">\n<div class=\"nd-body-article\">\n<div class=\"visual__image \"><img loading=\"lazy\" decoding=\"async\" src=\"https:\/\/www.infobae.com\/new-resizer\/grVRHdjceALpAuTrgtBDL2ZQ1Fc=\/420x236\/filters:format(webp):quality(85)\/cloudfront-us-east-1.images.arcpublishing.com\/infobae\/O3CTUEW2SBGIXICFALNYLN52XE.jpg%20420w\" sizes=\"auto, (min-width: 800px) 50vw, 90vw\" srcset=\"https:\/\/www.infobae.com\/new-resizer\/grVRHdjceALpAuTrgtBDL2ZQ1Fc=\/420x236\/filters:format(webp):quality(85)\/cloudfront-us-east-1.images.arcpublishing.com\/infobae\/O3CTUEW2SBGIXICFALNYLN52XE.jpg 420w,https:\/\/www.infobae.com\/new-resizer\/-KLnprXHxAoYiO1LQkdPI6bTQ1A=\/768x432\/filters:format(webp):quality(85)\/cloudfront-us-east-1.images.arcpublishing.com\/infobae\/O3CTUEW2SBGIXICFALNYLN52XE.jpg 768w,https:\/\/www.infobae.com\/new-resizer\/NJBE_En7OllqJUNcF8xGq1ISaCk=\/992x558\/filters:format(webp):quality(85)\/cloudfront-us-east-1.images.arcpublishing.com\/infobae\/O3CTUEW2SBGIXICFALNYLN52XE.jpg 992w,https:\/\/www.infobae.com\/new-resizer\/98EbLZKn68yD4k0kqeaK1cTHc5E=\/1200x675\/filters:format(webp):quality(85)\/cloudfront-us-east-1.images.arcpublishing.com\/infobae\/O3CTUEW2SBGIXICFALNYLN52XE.jpg 1200w,https:\/\/www.infobae.com\/new-resizer\/FDGjh5ciuGGV3nkKuwVk4YC2qlU=\/1440x810\/filters:format(webp):quality(85)\/cloudfront-us-east-1.images.arcpublishing.com\/infobae\/O3CTUEW2SBGIXICFALNYLN52XE.jpg 1440w\" alt=\"En tres d\u00edas, el incendio afect\u00f3 un inmenso territorio de 77.695 hect\u00e1reas, entre focos activos y zona lastimada por el humo y la ceniza\" width=\"1920\" height=\"1080\" \/>En tres d\u00edas, el incendio afect\u00f3 un inmenso territorio de 77.695 hect\u00e1reas, entre focos activos y zona lastimada por el humo y la ceniza<\/div>\n<p class=\"paragraph\">Hace 20 a\u00f1os que los bomberos m\u00e1s experimentados de la zona no ven un incendio forestal de la magnitud que exhibe el que se desat\u00f3 el 1 de enero pasado en el norte de Puerto Madryn. Los memoriosos, los que recuerdan el calor de cada llama que combatieron en esta zona atl\u00e1ntica de Chubut, ven una diferencia entre aquel del verano de 2002 y este:\u00a0<b>\u201cEl fuego actual es explosivo, avanza con una voracidad tremenda\u201d<\/b>.<\/p>\n<p class=\"paragraph\">En tres d\u00edas,\u00a0<mark class=\"hl_yellow\">el incendio ya afect\u00f3 un inmenso territorio de 77.695 hect\u00e1reas<\/mark>, entre focos activos y zona lastimada por el humo y la ceniza. Para dar una idea,\u00a0<b>la Ciudad de Buenos Aires entera tiene menos de 250 hect\u00e1reas<\/b>. El clima, factor esencial para atenuar o agravar el da\u00f1o de las llamas, no promete ayuda inmediata: los vientos fuertes y la baja humedad incitan al fuego a seguir comiendo.<\/p>\n<p class=\"paragraph\">Las lenguas de hasta 15 metros de alto cruzaron a toda velocidad la cinta asf\u00e1ltica de la Ruta Nacional 3. Los campos de alrededor de Puerto Madryn crepitan.\u00a0<b>El fuego se aproxima a un sector de alerta m\u00e1xima<\/b>, el Istmo Carlos Ameghino, la franja de tierra de seis kil\u00f3metros de ancho que une la pen\u00ednsula Vald\u00e9s con la masa continental del Chubut.<\/p>\n<p class=\"paragraph\">En\u00a0<b>Puerto Pir\u00e1mides<\/b>, epicentro del turismo de la zona, est\u00e1n\u00a0<b>sin energ\u00eda el\u00e9ctrica y sin agua<\/b>. Las rutas de acceso se cortan alternativamente, por designio del viento. Si sopla a espaldas del fuego circular se convierte en algo demasiado peligroso.<\/p>\n<div class=\"visual__image \"><img loading=\"lazy\" decoding=\"async\" src=\"https:\/\/www.infobae.com\/new-resizer\/YnSRFvFxodepDpVSc_0LciXDERg=\/420x236\/filters:format(webp):quality(85)\/cloudfront-us-east-1.images.arcpublishing.com\/infobae\/UJDLPJ47EFCGNHDUW6B7HIVY3I.jpg%20420w\" sizes=\"auto, (min-width: 800px) 50vw, 90vw\" srcset=\"https:\/\/www.infobae.com\/new-resizer\/YnSRFvFxodepDpVSc_0LciXDERg=\/420x236\/filters:format(webp):quality(85)\/cloudfront-us-east-1.images.arcpublishing.com\/infobae\/UJDLPJ47EFCGNHDUW6B7HIVY3I.jpg 420w,https:\/\/www.infobae.com\/new-resizer\/mkivCd2Vq7qNzqQ_IMBwtfezSD4=\/768x432\/filters:format(webp):quality(85)\/cloudfront-us-east-1.images.arcpublishing.com\/infobae\/UJDLPJ47EFCGNHDUW6B7HIVY3I.jpg 768w,https:\/\/www.infobae.com\/new-resizer\/g9xZ3u_AiZl9VcdaRq1wo7yyuwg=\/992x558\/filters:format(webp):quality(85)\/cloudfront-us-east-1.images.arcpublishing.com\/infobae\/UJDLPJ47EFCGNHDUW6B7HIVY3I.jpg 992w,https:\/\/www.infobae.com\/new-resizer\/LOCh_xFYEMihQG9rZhcpS57sgTo=\/1200x675\/filters:format(webp):quality(85)\/cloudfront-us-east-1.images.arcpublishing.com\/infobae\/UJDLPJ47EFCGNHDUW6B7HIVY3I.jpg 1200w,https:\/\/www.infobae.com\/new-resizer\/0aQst-BUmO8OV7r4SgLczbOUqm0=\/1440x810\/filters:format(webp):quality(85)\/cloudfront-us-east-1.images.arcpublishing.com\/infobae\/UJDLPJ47EFCGNHDUW6B7HIVY3I.jpg 1440w\" alt=\"\" width=\"1920\" height=\"1080\" \/><\/div>\n<p class=\"paragraph\">Por eso el comando de campa\u00f1a que combate el fuego en el lugar dispuso apostar bomberos en esa parte estrecha entre el Golfo Nuevo y el Golfo San Jos\u00e9. Todo el personal de Bomberos de Puerto Madryn, Rawson, Trelew y Puerto Pir\u00e1mides m\u00e1s agentes de Defensa Civil esperan la llegada del incendio, por ahora a unos diez kil\u00f3metros, con una idea:<b>\u00a0hacerle un contrafuego para que la batalla se desate en las entra\u00f1as del calor<\/b>. Para eso trabajan 26 personas con m\u00e1quinas viales y camiones cisterna. Buscan ensanchar una huella que sirva como l\u00edmite del avance del incendio y desde ah\u00ed intentar detenerlo con su propia medicina,\u00a0<b>m\u00e1s fuego<\/b>.<\/p>\n<p class=\"paragraph\">Un equipo de\u00a0<b>74 personas<\/b>\u00a0trabaj\u00f3 en dos turnos ayer lunes para contener las llamas. Llegaron\u00a0<b>dos aviones<\/b>\u00a0al aeropuerto local. Si bien son originalmente fumigadores, se los pretend\u00eda usar como hidrantes, pero el viento no los dej\u00f3 volar m\u00e1s que entre las 10 y las 12 del mediod\u00eda.<\/p>\n<p class=\"paragraph\">\u201cDos aviones hidrantes que se encontraban en las localidades de El Bols\u00f3n y Esquel fueron a Puerto Madryn, Chubut, para colaborar con las tareas de combate del fuego que realizan los brigadistas en la zona\u201d, comunic\u00f3 temprano el Ministerio de Ambiente y Desarrollo Sostenible nacional.<\/p>\n<div class=\"visual__image \"><img loading=\"lazy\" decoding=\"async\" src=\"https:\/\/www.infobae.com\/new-resizer\/t1__p5x4QU2L5VfyQEU0VgrJePg=\/420x187\/filters:format(webp):quality(85)\/cloudfront-us-east-1.images.arcpublishing.com\/infobae\/HZ7EHX6D7FBQDA5I7IRDEGAN5Y.jpg%20420w\" sizes=\"auto, (min-width: 800px) 50vw, 90vw\" srcset=\"https:\/\/www.infobae.com\/new-resizer\/t1__p5x4QU2L5VfyQEU0VgrJePg=\/420x187\/filters:format(webp):quality(85)\/cloudfront-us-east-1.images.arcpublishing.com\/infobae\/HZ7EHX6D7FBQDA5I7IRDEGAN5Y.jpg 420w,https:\/\/www.infobae.com\/new-resizer\/NFCJvIxrKYcAmkmwi1aOof2Aa9w=\/768x341\/filters:format(webp):quality(85)\/cloudfront-us-east-1.images.arcpublishing.com\/infobae\/HZ7EHX6D7FBQDA5I7IRDEGAN5Y.jpg 768w,https:\/\/www.infobae.com\/new-resizer\/OiO7pZp6BW6ReQWQIpm5CzxI9sU=\/992x441\/filters:format(webp):quality(85)\/cloudfront-us-east-1.images.arcpublishing.com\/infobae\/HZ7EHX6D7FBQDA5I7IRDEGAN5Y.jpg 992w,https:\/\/www.infobae.com\/new-resizer\/BHDog7WncAMsnWN3qW7TUK2ig4I=\/1200x533\/filters:format(webp):quality(85)\/cloudfront-us-east-1.images.arcpublishing.com\/infobae\/HZ7EHX6D7FBQDA5I7IRDEGAN5Y.jpg 1200w\" alt=\"De gris, la zona tomada por el fuego, los puntos de colores, donde los focos est\u00e1n activos y la flecha roja indica el sector donde los bomberos intentan detener el avance del incendio\" width=\"1920\" height=\"806\" \/>De gris, la zona tomada por el fuego, los puntos de colores, donde los focos est\u00e1n activos y la flecha roja indica el sector donde los bomberos intentan detener el avance del incendio<\/div>\n<p class=\"paragraph\">Las condiciones son igual de\u00a0<b>malas<\/b>\u00a0desde el d\u00eda 1. El viento no merm\u00f3 en intensidad. Ayer de hecho hubo\u00a0<b>r\u00e1fagas de 60 kil\u00f3metros por hora<\/b>\u00a0y una constante entre 30 y 40 km\/h. \u201cLa direcci\u00f3n del viento es noroeste y rota y hace abanico y empuja el incendio hacia Ameghino.\u00a0<b>Hay riesgo que entre en la pen\u00ednsula y se descontrole<\/b>\u201d, admiti\u00f3 Gast\u00f3n Alcucero, presidente de los Bomberos Voluntarios de Puerto Madryn, que aport\u00f3 18 hombres y mujeres y tres m\u00f3viles al combate.<\/p>\n<p class=\"paragraph\">Si el fuego cruza a la pen\u00ednsula la principal amenaza est\u00e1 sobre Puerto Pir\u00e1mides, donde viven unas 800 personas. Pero de momento, todas fuerzas y estrategias defensivas apuntan a cuidar la zona de Riacho, sobre el golfo San Jos\u00e9. Es\u00a0<b>un asentamiento de pescadores artesanales y tambi\u00e9n hay una escuela<\/b>. Viven unas 12 familias. La mayor\u00eda ya fue evacuada pero algunas se quisieron quedar a cuidar lo suyo y con la confianza de que el fuego no llegar\u00e1. Tienen tiempo de salir de ah\u00ed todav\u00eda.<\/p>\n<p class=\"paragraph\">Tambi\u00e9n se evacuaron los cascos de estancias dentro de las 77 mil hect\u00e1reas quemadas, aunque a ninguno llegaron las llamas. Se desconoce si la p\u00e9rdida de animales de granja (<b>caballos, ovejas, guanacos<\/b>) es muy grande. Por lo pronto, el fuego comi\u00f3 de toda la vegetaci\u00f3n nativa, la mayor\u00eda arbustos de hasta dos metros de altura, muy resinosos. Y tambi\u00e9n la fauna:<b>\u00a0liebre patag\u00f3nica, guanaco, \u00f1and\u00fa, mara<\/b>. \u201cImag\u00ednese la p\u00e9rdida en un lugar tan importante de la regi\u00f3n y todo lo que eso conlleva.\u00a0<b>Vimos la muerte de animales, la verdad que es trist\u00edsimo<\/b>\u201d, se lament\u00f3 el intendente de Puerto Madryn, Gustavo Sastre, ante la prensa local.<\/p>\n<div class=\"visual__image \"><img loading=\"lazy\" decoding=\"async\" src=\"https:\/\/www.infobae.com\/new-resizer\/dizg3-w20nD7rZR95TF0CloQIsA=\/420x187\/filters:format(webp):quality(85)\/cloudfront-us-east-1.images.arcpublishing.com\/infobae\/H4RLQIWKGVBF3K5XNRSPGDFVHQ.jpg%20420w\" sizes=\"auto, (min-width: 800px) 50vw, 90vw\" srcset=\"https:\/\/www.infobae.com\/new-resizer\/dizg3-w20nD7rZR95TF0CloQIsA=\/420x187\/filters:format(webp):quality(85)\/cloudfront-us-east-1.images.arcpublishing.com\/infobae\/H4RLQIWKGVBF3K5XNRSPGDFVHQ.jpg 420w,https:\/\/www.infobae.com\/new-resizer\/yYdvPj8YDIztielPlWw2uaEiEek=\/768x341\/filters:format(webp):quality(85)\/cloudfront-us-east-1.images.arcpublishing.com\/infobae\/H4RLQIWKGVBF3K5XNRSPGDFVHQ.jpg 768w,https:\/\/www.infobae.com\/new-resizer\/hySzD5SRzUW4sHU9kQQ9r-5jyus=\/992x441\/filters:format(webp):quality(85)\/cloudfront-us-east-1.images.arcpublishing.com\/infobae\/H4RLQIWKGVBF3K5XNRSPGDFVHQ.jpg 992w,https:\/\/www.infobae.com\/new-resizer\/J0vUVdmw2lenm1FGG6q6LiO-phA=\/1200x533\/filters:format(webp):quality(85)\/cloudfront-us-east-1.images.arcpublishing.com\/infobae\/H4RLQIWKGVBF3K5XNRSPGDFVHQ.jpg 1200w\" alt=\"Vimos la muerte de animales, la verdad que es trist\u00edsimo\u201d, se lament\u00f3 el intendente de Puerto Madryn, Gustavo Sastre\" width=\"1920\" height=\"863\" \/>Vimos la muerte de animales, la verdad que es trist\u00edsimo\u201d, se lament\u00f3 el intendente de Puerto Madryn, Gustavo Sastre<\/div>\n<p class=\"paragraph\">Alcucero recuerda el incendio de 2002: \u201cAhora vemos incrementada la intensidad de los incendios.\u00a0<b>Son muy explosivos por las condiciones clim\u00e1ticas y los vientos.<\/b>\u00a0Llueve poco, es una \u00e9poca seca y las temperaturas medias se incrementaron. Entonces se combina viento por arriba de los 30 kil\u00f3metros por hora, humedad por abajo del 30% y temperaturas arriba de los 30 grados. Es la regla que te pone en alerta\u201d.<\/p>\n<p class=\"paragraph\">El miedo de todos quienes luchan y viven en esta zona es que el incendio no lastime la geograf\u00eda caracter\u00edstica de la pen\u00ednsula Vald\u00e9s, patrimonio de la Humanidad seg\u00fan la UNESCO y un destino tur\u00edstico internacional.<\/p>\n<p class=\"paragraph\">Las autoridades que comandan la lucha (Defensa Civil, Bomberos, los gobiernos de la provincia y municipal) de momento ignoran el origen del incendio, quiz\u00e1s nunca se sepa.<b>\u00a0Es pr\u00e1cticamente una certeza que el incendio se inici\u00f3 por la mano del humano<\/b>. Comenz\u00f3 cerca de las 14 del primer d\u00eda del a\u00f1o, el s\u00e1bado pasado, a la altura del kil\u00f3metro 1.370 de la Ruta Nacional 3 pero unos kil\u00f3metros hacia el oeste.<\/p>\n<div class=\"visual__image \"><img loading=\"lazy\" decoding=\"async\" src=\"https:\/\/www.infobae.com\/new-resizer\/FNXwYnfCBhdyUNangevh08yu1Bw=\/420x236\/filters:format(webp):quality(85)\/cloudfront-us-east-1.images.arcpublishing.com\/infobae\/V5GA74T2WVFABK5XROIDAS5I6I.jpg%20420w\" sizes=\"auto, (min-width: 800px) 50vw, 90vw\" srcset=\"https:\/\/www.infobae.com\/new-resizer\/FNXwYnfCBhdyUNangevh08yu1Bw=\/420x236\/filters:format(webp):quality(85)\/cloudfront-us-east-1.images.arcpublishing.com\/infobae\/V5GA74T2WVFABK5XROIDAS5I6I.jpg 420w,https:\/\/www.infobae.com\/new-resizer\/d5cCeHx0BTLgJlAGoM5ZwPj3WIk=\/768x432\/filters:format(webp):quality(85)\/cloudfront-us-east-1.images.arcpublishing.com\/infobae\/V5GA74T2WVFABK5XROIDAS5I6I.jpg 768w,https:\/\/www.infobae.com\/new-resizer\/8flfC6E660tuqZMjeWYw8sXLJ6Q=\/992x558\/filters:format(webp):quality(85)\/cloudfront-us-east-1.images.arcpublishing.com\/infobae\/V5GA74T2WVFABK5XROIDAS5I6I.jpg 992w,https:\/\/www.infobae.com\/new-resizer\/I0Pe67XaxQLT4sFIJzuT9Dmlsco=\/1200x675\/filters:format(webp):quality(85)\/cloudfront-us-east-1.images.arcpublishing.com\/infobae\/V5GA74T2WVFABK5XROIDAS5I6I.jpg 1200w,https:\/\/www.infobae.com\/new-resizer\/oCIcetMvO585OAiMtkwRZLkFXho=\/1440x810\/filters:format(webp):quality(85)\/cloudfront-us-east-1.images.arcpublishing.com\/infobae\/V5GA74T2WVFABK5XROIDAS5I6I.jpg 1440w\" alt=\"Se cree el factor humano fue trascendental para originar el incendio\" width=\"1920\" height=\"1080\" \/>Se cree el factor humano fue trascendental para originar el incendio<\/div>\n<p class=\"paragraph\"><b>No hubo tormentas el\u00e9ctricas<\/b>\u00a0que pudieran haber sido el chispazo original que desat\u00f3 el desastre. Los brigadistas no consideran probable que haya sido producto de quemas porque es una \u00e9poca de vientos y mucho calor. Hubo factor humano. \u201cY todos saben los riesgos que se corren\u201d, considera Alcucero. Las autoridades pol\u00edticas tampoco. \u201cNo creemos que haya sido adrede pero s\u00ed\u00a0<b>alg\u00fan acto irresponsable<\/b>\u00a0que gener\u00f3 este siniestro. Tenemos condiciones en los campos que son muy combustibles. Pero si el humano ayuda a que esto suceda se genera un problema muy grande\u201d, coment\u00f3 Sastre.<\/p>\n<p class=\"paragraph\">El incendio ya atraves\u00f3 la ruta 3 y la ruta provincial 1. Ayer comenz\u00f3 a quemar al norte de la ruta 2 que va de Madryn a Pir\u00e1mides. Ahora el combate se desarrolla ah\u00ed. Una parte del fuego ya lleg\u00f3 a la costa atl\u00e1ntica. Es probable, proyectan, que el fuego coma campo y no zonas urbanas. Toda la energ\u00eda de los hombres y mujeres que luchan contra el fuego est\u00e1n puestas en\u00a0<b>frenar las lenguas de fuego<\/b>\u00a0antes de que se metan en Vald\u00e9s.<\/p>\n<\/div>\n<\/article>\n<div class=\"author-image\"><img loading=\"lazy\" decoding=\"async\" src=\"https:\/\/s3.amazonaws.com\/arc-authors\/infobae\/4d111d18-f1ae-42cd-9c9d-b8559c7dda05.png\" alt=\"Fernando Soriano\" width=\"60\" height=\"60\" \/><\/div>\n<div class=\"byline-text-wrapper\">\n<div class=\"authors\">Por<\/p>\n<div class=\"authors-wrapper\"><a class=\"author\" href=\"https:\/\/www.infobae.com\/autor\/fernando-soriano\">Fernando Soriano<\/a><\/div>\n<\/div>\n<div class=\"byline-datetime\">4 de Enero de 2022<\/div>\n<div class=\"byline-description\">fsoriano@infobae.com<\/div>\n<\/div>\n","protected":false},"excerpt":{"rendered":"<p>Los brigadistas no recuerdan una tragedia semejante desde hace 20 a\u00f1os. \u201cEl fuego actual es explosivo, avanza con una voracidad tremenda\u201d. Casi 100 bomberos intentar frenarlo antes de que llegue a un pueblo de pescadores artesanales.<\/p>\n","protected":false},"author":3,"featured_media":0,"comment_status":"closed","ping_status":"closed","sticky":false,"template":"","format":"standard","meta":{"footnotes":""},"categories":[1],"tags":[],"class_list":["post-66646","post","type-post","status-publish","format-standard","hentry","category-sin-categoria"],"yoast_head":"<!-- This site is optimized with the Yoast SEO plugin v25.9 - https:\/\/yoast.com\/wordpress\/plugins\/seo\/ -->\n<title>Incendios en Puerto Madryn: hay 77.000 hect\u00e1reas quemadas y el fuego se acerca a la pen\u00ednsula Vald\u00e9s - Noticias Radio Reflejos<\/title>\n<meta name=\"robots\" content=\"index, follow, max-snippet:-1, max-image-preview:large, max-video-preview:-1\" \/>\n<link rel=\"canonical\" href=\"https:\/\/www.noticiasradioreflejos.com.ar\/2021\/incendios-en-puerto-madryn-hay-77-000-hectareas-quemadas-y-el-fuego-se-acerca-a-la-peninsula-valdes\/\" \/>\n<meta property=\"og:locale\" content=\"es_ES\" \/>\n<meta property=\"og:type\" content=\"article\" \/>\n<meta property=\"og:title\" content=\"Incendios en Puerto Madryn: hay 77.000 hect\u00e1reas quemadas y el fuego se acerca a la pen\u00ednsula Vald\u00e9s - Noticias Radio Reflejos\" \/>\n<meta property=\"og:description\" content=\"Los brigadistas no recuerdan una tragedia semejante desde hace 20 a\u00f1os. \u201cEl fuego actual es explosivo, avanza con una voracidad tremenda\u201d. Casi 100 bomberos intentar frenarlo antes de que llegue a un pueblo de pescadores artesanales.\" \/>\n<meta property=\"og:url\" content=\"https:\/\/www.noticiasradioreflejos.com.ar\/2021\/incendios-en-puerto-madryn-hay-77-000-hectareas-quemadas-y-el-fuego-se-acerca-a-la-peninsula-valdes\/\" \/>\n<meta property=\"og:site_name\" content=\"Noticias Radio Reflejos\" \/>\n<meta property=\"article:published_time\" content=\"2022-01-04T10:51:05+00:00\" \/>\n<meta property=\"og:image\" content=\"https:\/\/www.infobae.com\/new-resizer\/grVRHdjceALpAuTrgtBDL2ZQ1Fc=\/420x236\/filters:format(webp):quality(85)\/cloudfront-us-east-1.images.arcpublishing.com\/infobae\/O3CTUEW2SBGIXICFALNYLN52XE.jpg%20420w\" \/>\n<meta name=\"author\" content=\"Arnaldo Botto\" \/>\n<meta name=\"twitter:card\" content=\"summary_large_image\" \/>\n<script type=\"application\/ld+json\" class=\"yoast-schema-graph\">{\"@context\":\"https:\/\/schema.org\",\"@graph\":[{\"@type\":\"WebPage\",\"@id\":\"https:\/\/www.noticiasradioreflejos.com.ar\/2021\/incendios-en-puerto-madryn-hay-77-000-hectareas-quemadas-y-el-fuego-se-acerca-a-la-peninsula-valdes\/\",\"url\":\"https:\/\/www.noticiasradioreflejos.com.ar\/2021\/incendios-en-puerto-madryn-hay-77-000-hectareas-quemadas-y-el-fuego-se-acerca-a-la-peninsula-valdes\/\",\"name\":\"Incendios en Puerto Madryn: hay 77.000 hect\u00e1reas quemadas y el fuego se acerca a la pen\u00ednsula Vald\u00e9s - Noticias Radio Reflejos\",\"isPartOf\":{\"@id\":\"https:\/\/www.noticiasradioreflejos.com.ar\/2021\/#website\"},\"primaryImageOfPage\":{\"@id\":\"https:\/\/www.noticiasradioreflejos.com.ar\/2021\/incendios-en-puerto-madryn-hay-77-000-hectareas-quemadas-y-el-fuego-se-acerca-a-la-peninsula-valdes\/#primaryimage\"},\"image\":{\"@id\":\"https:\/\/www.noticiasradioreflejos.com.ar\/2021\/incendios-en-puerto-madryn-hay-77-000-hectareas-quemadas-y-el-fuego-se-acerca-a-la-peninsula-valdes\/#primaryimage\"},\"thumbnailUrl\":\"https:\/\/www.infobae.com\/new-resizer\/grVRHdjceALpAuTrgtBDL2ZQ1Fc=\/420x236\/filters:format(webp):quality(85)\/cloudfront-us-east-1.images.arcpublishing.com\/infobae\/O3CTUEW2SBGIXICFALNYLN52XE.jpg%20420w\",\"datePublished\":\"2022-01-04T10:51:05+00:00\",\"author\":{\"@id\":\"https:\/\/www.noticiasradioreflejos.com.ar\/2021\/#\/schema\/person\/ad82545263dcc5ec0996818884fd5fb1\"},\"breadcrumb\":{\"@id\":\"https:\/\/www.noticiasradioreflejos.com.ar\/2021\/incendios-en-puerto-madryn-hay-77-000-hectareas-quemadas-y-el-fuego-se-acerca-a-la-peninsula-valdes\/#breadcrumb\"},\"inLanguage\":\"es\",\"potentialAction\":[{\"@type\":\"ReadAction\",\"target\":[\"https:\/\/www.noticiasradioreflejos.com.ar\/2021\/incendios-en-puerto-madryn-hay-77-000-hectareas-quemadas-y-el-fuego-se-acerca-a-la-peninsula-valdes\/\"]}]},{\"@type\":\"ImageObject\",\"inLanguage\":\"es\",\"@id\":\"https:\/\/www.noticiasradioreflejos.com.ar\/2021\/incendios-en-puerto-madryn-hay-77-000-hectareas-quemadas-y-el-fuego-se-acerca-a-la-peninsula-valdes\/#primaryimage\",\"url\":\"https:\/\/www.infobae.com\/new-resizer\/grVRHdjceALpAuTrgtBDL2ZQ1Fc=\/420x236\/filters:format(webp):quality(85)\/cloudfront-us-east-1.images.arcpublishing.com\/infobae\/O3CTUEW2SBGIXICFALNYLN52XE.jpg%20420w\",\"contentUrl\":\"https:\/\/www.infobae.com\/new-resizer\/grVRHdjceALpAuTrgtBDL2ZQ1Fc=\/420x236\/filters:format(webp):quality(85)\/cloudfront-us-east-1.images.arcpublishing.com\/infobae\/O3CTUEW2SBGIXICFALNYLN52XE.jpg%20420w\"},{\"@type\":\"BreadcrumbList\",\"@id\":\"https:\/\/www.noticiasradioreflejos.com.ar\/2021\/incendios-en-puerto-madryn-hay-77-000-hectareas-quemadas-y-el-fuego-se-acerca-a-la-peninsula-valdes\/#breadcrumb\",\"itemListElement\":[{\"@type\":\"ListItem\",\"position\":1,\"name\":\"Portada\",\"item\":\"https:\/\/www.noticiasradioreflejos.com.ar\/2021\/\"},{\"@type\":\"ListItem\",\"position\":2,\"name\":\"Incendios en Puerto Madryn: hay 77.000 hect\u00e1reas quemadas y el fuego se acerca a la pen\u00ednsula Vald\u00e9s\"}]},{\"@type\":\"WebSite\",\"@id\":\"https:\/\/www.noticiasradioreflejos.com.ar\/2021\/#website\",\"url\":\"https:\/\/www.noticiasradioreflejos.com.ar\/2021\/\",\"name\":\"Noticias Radio Reflejos\",\"description\":\"Las noticias de mi comarca\",\"potentialAction\":[{\"@type\":\"SearchAction\",\"target\":{\"@type\":\"EntryPoint\",\"urlTemplate\":\"https:\/\/www.noticiasradioreflejos.com.ar\/2021\/?s={search_term_string}\"},\"query-input\":{\"@type\":\"PropertyValueSpecification\",\"valueRequired\":true,\"valueName\":\"search_term_string\"}}],\"inLanguage\":\"es\"},{\"@type\":\"Person\",\"@id\":\"https:\/\/www.noticiasradioreflejos.com.ar\/2021\/#\/schema\/person\/ad82545263dcc5ec0996818884fd5fb1\",\"name\":\"Arnaldo Botto\",\"image\":{\"@type\":\"ImageObject\",\"inLanguage\":\"es\",\"@id\":\"https:\/\/www.noticiasradioreflejos.com.ar\/2021\/#\/schema\/person\/image\/\",\"url\":\"https:\/\/secure.gravatar.com\/avatar\/55cb5e37c1efa326397366e6974cb338056df65cb50e7d64d1cf314e87504837?s=96&d=mm&r=g\",\"contentUrl\":\"https:\/\/secure.gravatar.com\/avatar\/55cb5e37c1efa326397366e6974cb338056df65cb50e7d64d1cf314e87504837?s=96&d=mm&r=g\",\"caption\":\"Arnaldo Botto\"},\"url\":\"https:\/\/www.noticiasradioreflejos.com.ar\/2021\/author\/arnaldo\/\"}]}<\/script>\n<!-- \/ Yoast SEO plugin. -->","yoast_head_json":{"title":"Incendios en Puerto Madryn: hay 77.000 hect\u00e1reas quemadas y el fuego se acerca a la pen\u00ednsula Vald\u00e9s - Noticias Radio Reflejos","robots":{"index":"index","follow":"follow","max-snippet":"max-snippet:-1","max-image-preview":"max-image-preview:large","max-video-preview":"max-video-preview:-1"},"canonical":"https:\/\/www.noticiasradioreflejos.com.ar\/2021\/incendios-en-puerto-madryn-hay-77-000-hectareas-quemadas-y-el-fuego-se-acerca-a-la-peninsula-valdes\/","og_locale":"es_ES","og_type":"article","og_title":"Incendios en Puerto Madryn: hay 77.000 hect\u00e1reas quemadas y el fuego se acerca a la pen\u00ednsula Vald\u00e9s - Noticias Radio Reflejos","og_description":"Los brigadistas no recuerdan una tragedia semejante desde hace 20 a\u00f1os. \u201cEl fuego actual es explosivo, avanza con una voracidad tremenda\u201d. Casi 100 bomberos intentar frenarlo antes de que llegue a un pueblo de pescadores artesanales.","og_url":"https:\/\/www.noticiasradioreflejos.com.ar\/2021\/incendios-en-puerto-madryn-hay-77-000-hectareas-quemadas-y-el-fuego-se-acerca-a-la-peninsula-valdes\/","og_site_name":"Noticias Radio Reflejos","article_published_time":"2022-01-04T10:51:05+00:00","og_image":[{"url":"https:\/\/www.infobae.com\/new-resizer\/grVRHdjceALpAuTrgtBDL2ZQ1Fc=\/420x236\/filters:format(webp):quality(85)\/cloudfront-us-east-1.images.arcpublishing.com\/infobae\/O3CTUEW2SBGIXICFALNYLN52XE.jpg%20420w","type":"","width":"","height":""}],"author":"Arnaldo Botto","twitter_card":"summary_large_image","schema":{"@context":"https:\/\/schema.org","@graph":[{"@type":"WebPage","@id":"https:\/\/www.noticiasradioreflejos.com.ar\/2021\/incendios-en-puerto-madryn-hay-77-000-hectareas-quemadas-y-el-fuego-se-acerca-a-la-peninsula-valdes\/","url":"https:\/\/www.noticiasradioreflejos.com.ar\/2021\/incendios-en-puerto-madryn-hay-77-000-hectareas-quemadas-y-el-fuego-se-acerca-a-la-peninsula-valdes\/","name":"Incendios en Puerto Madryn: hay 77.000 hect\u00e1reas quemadas y el fuego se acerca a la pen\u00ednsula Vald\u00e9s - Noticias Radio Reflejos","isPartOf":{"@id":"https:\/\/www.noticiasradioreflejos.com.ar\/2021\/#website"},"primaryImageOfPage":{"@id":"https:\/\/www.noticiasradioreflejos.com.ar\/2021\/incendios-en-puerto-madryn-hay-77-000-hectareas-quemadas-y-el-fuego-se-acerca-a-la-peninsula-valdes\/#primaryimage"},"image":{"@id":"https:\/\/www.noticiasradioreflejos.com.ar\/2021\/incendios-en-puerto-madryn-hay-77-000-hectareas-quemadas-y-el-fuego-se-acerca-a-la-peninsula-valdes\/#primaryimage"},"thumbnailUrl":"https:\/\/www.infobae.com\/new-resizer\/grVRHdjceALpAuTrgtBDL2ZQ1Fc=\/420x236\/filters:format(webp):quality(85)\/cloudfront-us-east-1.images.arcpublishing.com\/infobae\/O3CTUEW2SBGIXICFALNYLN52XE.jpg%20420w","datePublished":"2022-01-04T10:51:05+00:00","author":{"@id":"https:\/\/www.noticiasradioreflejos.com.ar\/2021\/#\/schema\/person\/ad82545263dcc5ec0996818884fd5fb1"},"breadcrumb":{"@id":"https:\/\/www.noticiasradioreflejos.com.ar\/2021\/incendios-en-puerto-madryn-hay-77-000-hectareas-quemadas-y-el-fuego-se-acerca-a-la-peninsula-valdes\/#breadcrumb"},"inLanguage":"es","potentialAction":[{"@type":"ReadAction","target":["https:\/\/www.noticiasradioreflejos.com.ar\/2021\/incendios-en-puerto-madryn-hay-77-000-hectareas-quemadas-y-el-fuego-se-acerca-a-la-peninsula-valdes\/"]}]},{"@type":"ImageObject","inLanguage":"es","@id":"https:\/\/www.noticiasradioreflejos.com.ar\/2021\/incendios-en-puerto-madryn-hay-77-000-hectareas-quemadas-y-el-fuego-se-acerca-a-la-peninsula-valdes\/#primaryimage","url":"https:\/\/www.infobae.com\/new-resizer\/grVRHdjceALpAuTrgtBDL2ZQ1Fc=\/420x236\/filters:format(webp):quality(85)\/cloudfront-us-east-1.images.arcpublishing.com\/infobae\/O3CTUEW2SBGIXICFALNYLN52XE.jpg%20420w","contentUrl":"https:\/\/www.infobae.com\/new-resizer\/grVRHdjceALpAuTrgtBDL2ZQ1Fc=\/420x236\/filters:format(webp):quality(85)\/cloudfront-us-east-1.images.arcpublishing.com\/infobae\/O3CTUEW2SBGIXICFALNYLN52XE.jpg%20420w"},{"@type":"BreadcrumbList","@id":"https:\/\/www.noticiasradioreflejos.com.ar\/2021\/incendios-en-puerto-madryn-hay-77-000-hectareas-quemadas-y-el-fuego-se-acerca-a-la-peninsula-valdes\/#breadcrumb","itemListElement":[{"@type":"ListItem","position":1,"name":"Portada","item":"https:\/\/www.noticiasradioreflejos.com.ar\/2021\/"},{"@type":"ListItem","position":2,"name":"Incendios en Puerto Madryn: hay 77.000 hect\u00e1reas quemadas y el fuego se acerca a la pen\u00ednsula Vald\u00e9s"}]},{"@type":"WebSite","@id":"https:\/\/www.noticiasradioreflejos.com.ar\/2021\/#website","url":"https:\/\/www.noticiasradioreflejos.com.ar\/2021\/","name":"Noticias Radio Reflejos","description":"Las noticias de mi comarca","potentialAction":[{"@type":"SearchAction","target":{"@type":"EntryPoint","urlTemplate":"https:\/\/www.noticiasradioreflejos.com.ar\/2021\/?s={search_term_string}"},"query-input":{"@type":"PropertyValueSpecification","valueRequired":true,"valueName":"search_term_string"}}],"inLanguage":"es"},{"@type":"Person","@id":"https:\/\/www.noticiasradioreflejos.com.ar\/2021\/#\/schema\/person\/ad82545263dcc5ec0996818884fd5fb1","name":"Arnaldo Botto","image":{"@type":"ImageObject","inLanguage":"es","@id":"https:\/\/www.noticiasradioreflejos.com.ar\/2021\/#\/schema\/person\/image\/","url":"https:\/\/secure.gravatar.com\/avatar\/55cb5e37c1efa326397366e6974cb338056df65cb50e7d64d1cf314e87504837?s=96&d=mm&r=g","contentUrl":"https:\/\/secure.gravatar.com\/avatar\/55cb5e37c1efa326397366e6974cb338056df65cb50e7d64d1cf314e87504837?s=96&d=mm&r=g","caption":"Arnaldo Botto"},"url":"https:\/\/www.noticiasradioreflejos.com.ar\/2021\/author\/arnaldo\/"}]}},"_links":{"self":[{"href":"https:\/\/www.noticiasradioreflejos.com.ar\/2021\/wp-json\/wp\/v2\/posts\/66646","targetHints":{"allow":["GET"]}}],"collection":[{"href":"https:\/\/www.noticiasradioreflejos.com.ar\/2021\/wp-json\/wp\/v2\/posts"}],"about":[{"href":"https:\/\/www.noticiasradioreflejos.com.ar\/2021\/wp-json\/wp\/v2\/types\/post"}],"author":[{"embeddable":true,"href":"https:\/\/www.noticiasradioreflejos.com.ar\/2021\/wp-json\/wp\/v2\/users\/3"}],"replies":[{"embeddable":true,"href":"https:\/\/www.noticiasradioreflejos.com.ar\/2021\/wp-json\/wp\/v2\/comments?post=66646"}],"version-history":[{"count":1,"href":"https:\/\/www.noticiasradioreflejos.com.ar\/2021\/wp-json\/wp\/v2\/posts\/66646\/revisions"}],"predecessor-version":[{"id":66648,"href":"https:\/\/www.noticiasradioreflejos.com.ar\/2021\/wp-json\/wp\/v2\/posts\/66646\/revisions\/66648"}],"wp:attachment":[{"href":"https:\/\/www.noticiasradioreflejos.com.ar\/2021\/wp-json\/wp\/v2\/media?parent=66646"}],"wp:term":[{"taxonomy":"category","embeddable":true,"href":"https:\/\/www.noticiasradioreflejos.com.ar\/2021\/wp-json\/wp\/v2\/categories?post=66646"},{"taxonomy":"post_tag","embeddable":true,"href":"https:\/\/www.noticiasradioreflejos.com.ar\/2021\/wp-json\/wp\/v2\/tags?post=66646"}],"curies":[{"name":"wp","href":"https:\/\/api.w.org\/{rel}","templated":true}]}}