{"id":66557,"date":"2021-12-31T15:10:29","date_gmt":"2021-12-31T15:10:29","guid":{"rendered":"http:\/\/www.noticiasradioreflejos.com.ar\/2021\/?p=66557"},"modified":"2021-12-31T15:11:04","modified_gmt":"2021-12-31T15:11:04","slug":"perros-agresivos-creo-que-es-momento-de-no-responsabilizar-solamente-al-animal-sino-tambien-al-dueno","status":"publish","type":"post","link":"https:\/\/www.noticiasradioreflejos.com.ar\/2021\/perros-agresivos-creo-que-es-momento-de-no-responsabilizar-solamente-al-animal-sino-tambien-al-dueno\/","title":{"rendered":"Perros agresivos: \u00abCreo que es momento de no responsabilizar solamente al animal, sino tambi\u00e9n al due\u00f1o\u00bb"},"content":{"rendered":"<p>Una vez mas la regi\u00f3n se vio sacudida por la noticia que un perro atac\u00f3 a un ni\u00f1o en Bah\u00eda Blanca, hechos cotidianos en todo el pa\u00eds se suceden diariamente, por esto acudimos al <strong>Dr Picardi<\/strong>, para que nos informe cu\u00e1les son los procedimientos legales luego de ataques de perros en la calle.<!--more--><\/p>\n<p>\u00abNosotros nunca paramos, el estudio esta siempre abierto. Es m\u00e1s, hay muchas cuestiones administrativas que hay que solucionar\u00bb mencion\u00f3 en primera instancia Leandro el trabajo de su estudio jur\u00eddico junto con su colega a fines del 2021.<\/p>\n<p>Con respecto a la tem\u00e1tica del d\u00eda, Leandro comenta que las consultas que recibe a ra\u00edz de ataques de perros a personas en la calle son, desgraciadamente, muy frecuentes. \u00abEl tema es empezar a tener en cuenta que todos los perros pueden ser agresivos, pero no es lo mismo la mordida de un caniche a la mordida de un dogo, un perro que tiene posibilidad de un siniestro mucho m\u00e1s elevada\u00bb explic\u00f3 la importancia de saber controlar las razas dominantes y de tomar las precauciones necesarias.<\/p>\n<p>Leandro explic\u00f3 qu\u00e9 se debe hacer una vez que el perro muerde. \u00abSe abre una causa contra contravencional, no una causa penal\u00bb aclar\u00f3 qu\u00e9 tipo de causa se inicia hacia el propietario del animal, ya que no es la persona en si misma quien realiza la lesi\u00f3n. \u00abCreo que es momento de no responsabilizar solamente al animal, sino tambi\u00e9n al due\u00f1o\u00bb opin\u00f3 \u00absobre todo cuando hay consecuencias muy da\u00f1osas\u00bb agreg\u00f3.<\/p>\n<p>El abogado tambi\u00e9n explic\u00f3 qu\u00e9 es lo que sucede con los perros. Luego de que la correspondiente denuncia es erradicada, las mascotas que atacan a alguien generando un grave da\u00f1o son resguardadas en zoonosis y se lo derivar\u00e1 a alg\u00fan lugar donde pueda ser atendido de manera correcta. Aclara que los perros son sacrificados \u00fanicamente en situaciones l\u00edmite, ya que los animales est\u00e1n teniendo cada vez m\u00e1s y m\u00e1s derechos.<\/p>\n<p>\u00abCreo que es fundamental la educaci\u00f3n y la concientizaci\u00f3n de que adoptar un perro es una responsabilidad de ac\u00e1 a 10 o 12 a\u00f1os\u00bb expres\u00f3 reflexivamente.<\/p>\n<p>&nbsp;<\/p>\n<p><strong><em>Nota completa a continuaci\u00f3n:<\/em><\/strong><br \/>\n<iframe loading=\"lazy\" src=\"https:\/\/w.soundcloud.com\/player\/?url=https%3A\/\/api.soundcloud.com\/tracks\/1187251543&amp;color=%23ff5500&amp;auto_play=false&amp;hide_related=false&amp;show_comments=true&amp;show_user=true&amp;show_reposts=false&amp;show_teaser=true\" width=\"100%\" height=\"166\" frameborder=\"no\" scrolling=\"no\"><\/iframe><\/p>\n<div style=\"font-size: 10px; color: #cccccc; line-break: anywhere; word-break: normal; overflow: hidden; white-space: nowrap; text-overflow: ellipsis; font-family: Interstate,Lucida Grande,Lucida Sans Unicode,Lucida Sans,Garuda,Verdana,Tahoma,sans-serif; font-weight: 100;\"><a style=\"color: #cccccc; text-decoration: none;\" title=\"fmreflejos 103.7\" href=\"https:\/\/soundcloud.com\/fmreflejos-103-7\" target=\"_blank\" rel=\"noopener\">fmreflejos 103.7<\/a> \u00b7 <a style=\"color: #cccccc; text-decoration: none;\" title=\"Leandro Picardi\" href=\"https:\/\/soundcloud.com\/fmreflejos-103-7\/leandro-picardi-6\" target=\"_blank\" rel=\"noopener\">Leandro Picardi<\/a><\/div>\n","protected":false},"excerpt":{"rendered":"<p>Una vez mas la regi\u00f3n se vio sacudida por la noticia que un perro atac\u00f3 a un ni\u00f1o en Bah\u00eda Blanca, hechos cotidianos en todo el pa\u00eds se suceden diariamente, por esto acudimos al Dr Picardi, para que nos informe cu\u00e1les son los procedimientos legales luego de ataques de perros en la calle.<\/p>\n","protected":false},"author":3,"featured_media":66559,"comment_status":"closed","ping_status":"closed","sticky":false,"template":"","format":"standard","meta":{"footnotes":""},"categories":[29,24,26],"tags":[48],"class_list":["post-66557","post","type-post","status-publish","format-standard","has-post-thumbnail","hentry","category-policiales","category-politica","category-sociedad","tag-destacada"],"yoast_head":"<!-- This site is optimized with the Yoast SEO plugin v25.9 - https:\/\/yoast.com\/wordpress\/plugins\/seo\/ -->\n<title>Perros agresivos: &quot;Creo que es momento de no responsabilizar solamente al animal, sino tambi\u00e9n al due\u00f1o&quot; - Noticias Radio Reflejos<\/title>\n<meta name=\"robots\" content=\"index, follow, max-snippet:-1, max-image-preview:large, max-video-preview:-1\" \/>\n<link rel=\"canonical\" href=\"https:\/\/www.noticiasradioreflejos.com.ar\/2021\/perros-agresivos-creo-que-es-momento-de-no-responsabilizar-solamente-al-animal-sino-tambien-al-dueno\/\" \/>\n<meta property=\"og:locale\" content=\"es_ES\" \/>\n<meta property=\"og:type\" content=\"article\" \/>\n<meta property=\"og:title\" content=\"Perros agresivos: &quot;Creo que es momento de no responsabilizar solamente al animal, sino tambi\u00e9n al due\u00f1o&quot; - Noticias Radio Reflejos\" \/>\n<meta property=\"og:description\" content=\"Una vez mas la regi\u00f3n se vio sacudida por la noticia que un perro atac\u00f3 a un ni\u00f1o en Bah\u00eda Blanca, hechos cotidianos en todo el pa\u00eds se suceden diariamente, por esto acudimos al Dr Picardi, para que nos informe cu\u00e1les son los procedimientos legales luego de ataques de perros en la calle.\" \/>\n<meta property=\"og:url\" content=\"https:\/\/www.noticiasradioreflejos.com.ar\/2021\/perros-agresivos-creo-que-es-momento-de-no-responsabilizar-solamente-al-animal-sino-tambien-al-dueno\/\" \/>\n<meta property=\"og:site_name\" content=\"Noticias Radio Reflejos\" \/>\n<meta property=\"article:published_time\" content=\"2021-12-31T15:10:29+00:00\" \/>\n<meta property=\"article:modified_time\" content=\"2021-12-31T15:11:04+00:00\" \/>\n<meta property=\"og:image\" content=\"https:\/\/www.noticiasradioreflejos.com.ar\/2021\/wp-content\/uploads\/2021\/12\/Perros-agresivos.png\" \/>\n\t<meta property=\"og:image:width\" content=\"1251\" \/>\n\t<meta property=\"og:image:height\" content=\"607\" \/>\n\t<meta property=\"og:image:type\" content=\"image\/png\" \/>\n<meta name=\"author\" content=\"Arnaldo Botto\" \/>\n<meta name=\"twitter:card\" content=\"summary_large_image\" \/>\n<script type=\"application\/ld+json\" class=\"yoast-schema-graph\">{\"@context\":\"https:\/\/schema.org\",\"@graph\":[{\"@type\":\"WebPage\",\"@id\":\"https:\/\/www.noticiasradioreflejos.com.ar\/2021\/perros-agresivos-creo-que-es-momento-de-no-responsabilizar-solamente-al-animal-sino-tambien-al-dueno\/\",\"url\":\"https:\/\/www.noticiasradioreflejos.com.ar\/2021\/perros-agresivos-creo-que-es-momento-de-no-responsabilizar-solamente-al-animal-sino-tambien-al-dueno\/\",\"name\":\"Perros agresivos: \\\"Creo que es momento de no responsabilizar solamente al animal, sino tambi\u00e9n al due\u00f1o\\\" - Noticias Radio Reflejos\",\"isPartOf\":{\"@id\":\"https:\/\/www.noticiasradioreflejos.com.ar\/2021\/#website\"},\"primaryImageOfPage\":{\"@id\":\"https:\/\/www.noticiasradioreflejos.com.ar\/2021\/perros-agresivos-creo-que-es-momento-de-no-responsabilizar-solamente-al-animal-sino-tambien-al-dueno\/#primaryimage\"},\"image\":{\"@id\":\"https:\/\/www.noticiasradioreflejos.com.ar\/2021\/perros-agresivos-creo-que-es-momento-de-no-responsabilizar-solamente-al-animal-sino-tambien-al-dueno\/#primaryimage\"},\"thumbnailUrl\":\"https:\/\/www.noticiasradioreflejos.com.ar\/2021\/wp-content\/uploads\/2021\/12\/Perros-agresivos.png\",\"datePublished\":\"2021-12-31T15:10:29+00:00\",\"dateModified\":\"2021-12-31T15:11:04+00:00\",\"author\":{\"@id\":\"https:\/\/www.noticiasradioreflejos.com.ar\/2021\/#\/schema\/person\/ad82545263dcc5ec0996818884fd5fb1\"},\"breadcrumb\":{\"@id\":\"https:\/\/www.noticiasradioreflejos.com.ar\/2021\/perros-agresivos-creo-que-es-momento-de-no-responsabilizar-solamente-al-animal-sino-tambien-al-dueno\/#breadcrumb\"},\"inLanguage\":\"es\",\"potentialAction\":[{\"@type\":\"ReadAction\",\"target\":[\"https:\/\/www.noticiasradioreflejos.com.ar\/2021\/perros-agresivos-creo-que-es-momento-de-no-responsabilizar-solamente-al-animal-sino-tambien-al-dueno\/\"]}]},{\"@type\":\"ImageObject\",\"inLanguage\":\"es\",\"@id\":\"https:\/\/www.noticiasradioreflejos.com.ar\/2021\/perros-agresivos-creo-que-es-momento-de-no-responsabilizar-solamente-al-animal-sino-tambien-al-dueno\/#primaryimage\",\"url\":\"https:\/\/www.noticiasradioreflejos.com.ar\/2021\/wp-content\/uploads\/2021\/12\/Perros-agresivos.png\",\"contentUrl\":\"https:\/\/www.noticiasradioreflejos.com.ar\/2021\/wp-content\/uploads\/2021\/12\/Perros-agresivos.png\",\"width\":1251,\"height\":607},{\"@type\":\"BreadcrumbList\",\"@id\":\"https:\/\/www.noticiasradioreflejos.com.ar\/2021\/perros-agresivos-creo-que-es-momento-de-no-responsabilizar-solamente-al-animal-sino-tambien-al-dueno\/#breadcrumb\",\"itemListElement\":[{\"@type\":\"ListItem\",\"position\":1,\"name\":\"Portada\",\"item\":\"https:\/\/www.noticiasradioreflejos.com.ar\/2021\/\"},{\"@type\":\"ListItem\",\"position\":2,\"name\":\"Perros agresivos: \u00abCreo que es momento de no responsabilizar solamente al animal, sino tambi\u00e9n al due\u00f1o\u00bb\"}]},{\"@type\":\"WebSite\",\"@id\":\"https:\/\/www.noticiasradioreflejos.com.ar\/2021\/#website\",\"url\":\"https:\/\/www.noticiasradioreflejos.com.ar\/2021\/\",\"name\":\"Noticias Radio Reflejos\",\"description\":\"Las noticias de mi comarca\",\"potentialAction\":[{\"@type\":\"SearchAction\",\"target\":{\"@type\":\"EntryPoint\",\"urlTemplate\":\"https:\/\/www.noticiasradioreflejos.com.ar\/2021\/?s={search_term_string}\"},\"query-input\":{\"@type\":\"PropertyValueSpecification\",\"valueRequired\":true,\"valueName\":\"search_term_string\"}}],\"inLanguage\":\"es\"},{\"@type\":\"Person\",\"@id\":\"https:\/\/www.noticiasradioreflejos.com.ar\/2021\/#\/schema\/person\/ad82545263dcc5ec0996818884fd5fb1\",\"name\":\"Arnaldo Botto\",\"image\":{\"@type\":\"ImageObject\",\"inLanguage\":\"es\",\"@id\":\"https:\/\/www.noticiasradioreflejos.com.ar\/2021\/#\/schema\/person\/image\/\",\"url\":\"https:\/\/secure.gravatar.com\/avatar\/55cb5e37c1efa326397366e6974cb338056df65cb50e7d64d1cf314e87504837?s=96&d=mm&r=g\",\"contentUrl\":\"https:\/\/secure.gravatar.com\/avatar\/55cb5e37c1efa326397366e6974cb338056df65cb50e7d64d1cf314e87504837?s=96&d=mm&r=g\",\"caption\":\"Arnaldo Botto\"},\"url\":\"https:\/\/www.noticiasradioreflejos.com.ar\/2021\/author\/arnaldo\/\"}]}<\/script>\n<!-- \/ Yoast SEO plugin. -->","yoast_head_json":{"title":"Perros agresivos: \"Creo que es momento de no responsabilizar solamente al animal, sino tambi\u00e9n al due\u00f1o\" - Noticias Radio Reflejos","robots":{"index":"index","follow":"follow","max-snippet":"max-snippet:-1","max-image-preview":"max-image-preview:large","max-video-preview":"max-video-preview:-1"},"canonical":"https:\/\/www.noticiasradioreflejos.com.ar\/2021\/perros-agresivos-creo-que-es-momento-de-no-responsabilizar-solamente-al-animal-sino-tambien-al-dueno\/","og_locale":"es_ES","og_type":"article","og_title":"Perros agresivos: \"Creo que es momento de no responsabilizar solamente al animal, sino tambi\u00e9n al due\u00f1o\" - Noticias Radio Reflejos","og_description":"Una vez mas la regi\u00f3n se vio sacudida por la noticia que un perro atac\u00f3 a un ni\u00f1o en Bah\u00eda Blanca, hechos cotidianos en todo el pa\u00eds se suceden diariamente, por esto acudimos al Dr Picardi, para que nos informe cu\u00e1les son los procedimientos legales luego de ataques de perros en la calle.","og_url":"https:\/\/www.noticiasradioreflejos.com.ar\/2021\/perros-agresivos-creo-que-es-momento-de-no-responsabilizar-solamente-al-animal-sino-tambien-al-dueno\/","og_site_name":"Noticias Radio Reflejos","article_published_time":"2021-12-31T15:10:29+00:00","article_modified_time":"2021-12-31T15:11:04+00:00","og_image":[{"width":1251,"height":607,"url":"https:\/\/www.noticiasradioreflejos.com.ar\/2021\/wp-content\/uploads\/2021\/12\/Perros-agresivos.png","type":"image\/png"}],"author":"Arnaldo Botto","twitter_card":"summary_large_image","schema":{"@context":"https:\/\/schema.org","@graph":[{"@type":"WebPage","@id":"https:\/\/www.noticiasradioreflejos.com.ar\/2021\/perros-agresivos-creo-que-es-momento-de-no-responsabilizar-solamente-al-animal-sino-tambien-al-dueno\/","url":"https:\/\/www.noticiasradioreflejos.com.ar\/2021\/perros-agresivos-creo-que-es-momento-de-no-responsabilizar-solamente-al-animal-sino-tambien-al-dueno\/","name":"Perros agresivos: \"Creo que es momento de no responsabilizar solamente al animal, sino tambi\u00e9n al due\u00f1o\" - Noticias Radio Reflejos","isPartOf":{"@id":"https:\/\/www.noticiasradioreflejos.com.ar\/2021\/#website"},"primaryImageOfPage":{"@id":"https:\/\/www.noticiasradioreflejos.com.ar\/2021\/perros-agresivos-creo-que-es-momento-de-no-responsabilizar-solamente-al-animal-sino-tambien-al-dueno\/#primaryimage"},"image":{"@id":"https:\/\/www.noticiasradioreflejos.com.ar\/2021\/perros-agresivos-creo-que-es-momento-de-no-responsabilizar-solamente-al-animal-sino-tambien-al-dueno\/#primaryimage"},"thumbnailUrl":"https:\/\/www.noticiasradioreflejos.com.ar\/2021\/wp-content\/uploads\/2021\/12\/Perros-agresivos.png","datePublished":"2021-12-31T15:10:29+00:00","dateModified":"2021-12-31T15:11:04+00:00","author":{"@id":"https:\/\/www.noticiasradioreflejos.com.ar\/2021\/#\/schema\/person\/ad82545263dcc5ec0996818884fd5fb1"},"breadcrumb":{"@id":"https:\/\/www.noticiasradioreflejos.com.ar\/2021\/perros-agresivos-creo-que-es-momento-de-no-responsabilizar-solamente-al-animal-sino-tambien-al-dueno\/#breadcrumb"},"inLanguage":"es","potentialAction":[{"@type":"ReadAction","target":["https:\/\/www.noticiasradioreflejos.com.ar\/2021\/perros-agresivos-creo-que-es-momento-de-no-responsabilizar-solamente-al-animal-sino-tambien-al-dueno\/"]}]},{"@type":"ImageObject","inLanguage":"es","@id":"https:\/\/www.noticiasradioreflejos.com.ar\/2021\/perros-agresivos-creo-que-es-momento-de-no-responsabilizar-solamente-al-animal-sino-tambien-al-dueno\/#primaryimage","url":"https:\/\/www.noticiasradioreflejos.com.ar\/2021\/wp-content\/uploads\/2021\/12\/Perros-agresivos.png","contentUrl":"https:\/\/www.noticiasradioreflejos.com.ar\/2021\/wp-content\/uploads\/2021\/12\/Perros-agresivos.png","width":1251,"height":607},{"@type":"BreadcrumbList","@id":"https:\/\/www.noticiasradioreflejos.com.ar\/2021\/perros-agresivos-creo-que-es-momento-de-no-responsabilizar-solamente-al-animal-sino-tambien-al-dueno\/#breadcrumb","itemListElement":[{"@type":"ListItem","position":1,"name":"Portada","item":"https:\/\/www.noticiasradioreflejos.com.ar\/2021\/"},{"@type":"ListItem","position":2,"name":"Perros agresivos: \u00abCreo que es momento de no responsabilizar solamente al animal, sino tambi\u00e9n al due\u00f1o\u00bb"}]},{"@type":"WebSite","@id":"https:\/\/www.noticiasradioreflejos.com.ar\/2021\/#website","url":"https:\/\/www.noticiasradioreflejos.com.ar\/2021\/","name":"Noticias Radio Reflejos","description":"Las noticias de mi comarca","potentialAction":[{"@type":"SearchAction","target":{"@type":"EntryPoint","urlTemplate":"https:\/\/www.noticiasradioreflejos.com.ar\/2021\/?s={search_term_string}"},"query-input":{"@type":"PropertyValueSpecification","valueRequired":true,"valueName":"search_term_string"}}],"inLanguage":"es"},{"@type":"Person","@id":"https:\/\/www.noticiasradioreflejos.com.ar\/2021\/#\/schema\/person\/ad82545263dcc5ec0996818884fd5fb1","name":"Arnaldo Botto","image":{"@type":"ImageObject","inLanguage":"es","@id":"https:\/\/www.noticiasradioreflejos.com.ar\/2021\/#\/schema\/person\/image\/","url":"https:\/\/secure.gravatar.com\/avatar\/55cb5e37c1efa326397366e6974cb338056df65cb50e7d64d1cf314e87504837?s=96&d=mm&r=g","contentUrl":"https:\/\/secure.gravatar.com\/avatar\/55cb5e37c1efa326397366e6974cb338056df65cb50e7d64d1cf314e87504837?s=96&d=mm&r=g","caption":"Arnaldo Botto"},"url":"https:\/\/www.noticiasradioreflejos.com.ar\/2021\/author\/arnaldo\/"}]}},"_links":{"self":[{"href":"https:\/\/www.noticiasradioreflejos.com.ar\/2021\/wp-json\/wp\/v2\/posts\/66557","targetHints":{"allow":["GET"]}}],"collection":[{"href":"https:\/\/www.noticiasradioreflejos.com.ar\/2021\/wp-json\/wp\/v2\/posts"}],"about":[{"href":"https:\/\/www.noticiasradioreflejos.com.ar\/2021\/wp-json\/wp\/v2\/types\/post"}],"author":[{"embeddable":true,"href":"https:\/\/www.noticiasradioreflejos.com.ar\/2021\/wp-json\/wp\/v2\/users\/3"}],"replies":[{"embeddable":true,"href":"https:\/\/www.noticiasradioreflejos.com.ar\/2021\/wp-json\/wp\/v2\/comments?post=66557"}],"version-history":[{"count":2,"href":"https:\/\/www.noticiasradioreflejos.com.ar\/2021\/wp-json\/wp\/v2\/posts\/66557\/revisions"}],"predecessor-version":[{"id":66560,"href":"https:\/\/www.noticiasradioreflejos.com.ar\/2021\/wp-json\/wp\/v2\/posts\/66557\/revisions\/66560"}],"wp:featuredmedia":[{"embeddable":true,"href":"https:\/\/www.noticiasradioreflejos.com.ar\/2021\/wp-json\/wp\/v2\/media\/66559"}],"wp:attachment":[{"href":"https:\/\/www.noticiasradioreflejos.com.ar\/2021\/wp-json\/wp\/v2\/media?parent=66557"}],"wp:term":[{"taxonomy":"category","embeddable":true,"href":"https:\/\/www.noticiasradioreflejos.com.ar\/2021\/wp-json\/wp\/v2\/categories?post=66557"},{"taxonomy":"post_tag","embeddable":true,"href":"https:\/\/www.noticiasradioreflejos.com.ar\/2021\/wp-json\/wp\/v2\/tags?post=66557"}],"curies":[{"name":"wp","href":"https:\/\/api.w.org\/{rel}","templated":true}]}}