{"id":6655,"date":"2017-02-06T11:37:11","date_gmt":"2017-02-06T14:37:11","guid":{"rendered":"http:\/\/noticiasradioreflejos.com.ar\/noticias\/?p=6655"},"modified":"2017-02-06T11:37:11","modified_gmt":"2017-02-06T14:37:11","slug":"en-contra-de-la-instalacion-de-una-usina-termoelectrica-en-benito-juarez","status":"publish","type":"post","link":"https:\/\/www.noticiasradioreflejos.com.ar\/2021\/en-contra-de-la-instalacion-de-una-usina-termoelectrica-en-benito-juarez\/","title":{"rendered":"En contra de la instalaci\u00f3n de una Usina Termoel\u00e9ctrica en Benito Ju\u00e1rez."},"content":{"rendered":"<p>La planta que en principio se anunci\u00f3 para Tandil ahora se mudar\u00eda a Barker en Benito Ju\u00e1rez.<br \/>\nComunicado de la \u201cASAMBLEA DE CONCEJALES DE LA CUENCA DE CLAROMEC\u00d3\u201d<br \/>\nA los Ciudadanos de Villa Cacique y Barker\u2026<br \/>\nA los titulares de las Instituciones de la Rep\u00fablica\u2026<br \/>\nUSINA TERMOEL\u00c9CTRICA EN EL DISTRITO DE BENITO JU\u00c1REZ<!--more--><br \/>\nIgual que el legendario CABALLO DE TROYA, representado por los augurios de progreso, desarrollo y bienestar, nos imponen una usina termoel\u00e9ctrica cuya instalaci\u00f3n y funcionamiento har\u00e1 sobrevenir sobre la Ciudadan\u00eda toda, Hombres, Mujeres, Ancianos y Ni\u00f1os un sinn\u00famero de enfermedades y consecuencias graves para la salud, afectando sin distinci\u00f3n, la matriz productiva, las reservas vitales de agua, la fauna acu\u00e1tica y todo el ecosistema, liberar\u00e1 a la atm\u00f3sfera, gases que potenciar\u00e1n el efecto invernadero y producir\u00e1n la mortal y silenciosa lluvia \u00e1cida.<br \/>\nIgual que el legendario CABALLO DE TROYA, representado por un imp\u00fadico discurso altruista vociferado por los interesados directos, los que no dudan en obviar la verdad para disfrazar de legal lo ilegal, los que ayer all\u00e1 y hoy aqu\u00ed, tal vez ma\u00f1ana en otro lugar\u2026 ocultos en las entra\u00f1as del enga\u00f1o<br \/>\nIgual que fugitivos, deben enterrar su bot\u00edn donde sea, no les importa el Distrito, puede ser cualquiera, y eligen cavar en el que m\u00e1s difusas son las Instituciones, el que menos pudor siente en soslayar los hechos, el que m\u00e1s desprecie la opini\u00f3n de los Ciudadanos\u2026 el que le garantice enterrar su bot\u00edn sin demasiados cuestionamientos, por eso, van en su derrotero buscando \u00e9ticas disipadas.<br \/>\nLos Ciudadanos l\u00facidos han alzado la voz, pero no con \u00e1nimo derrotista y da\u00f1ino, sino, porque han advertido que se los quiere embaucar, se los menoscaba en su inteligencia y en su capacidad de discernir sobre lo que quieren o les servir\u00e1.<br \/>\nLos Ciudadanos no quieren un falso debate que representa el CABALLO DE TROYA, toda vez que se acusa, estar contra del progreso a quien realiza cuestionamientos, adem\u00e1s de ser falaz y artero este planteo, desde las Instituciones se socava la credibilidad siendo c\u00f3mplices de intrigantes personajes, apelando a la imposici\u00f3n si hiciere falta, adoptando su cara m\u00e1s autoritaria.<br \/>\nLa responsabilidad de establecer los l\u00edmites a los actos de Gobierno, sin dudas es de los Ciudadanos que ostentan el privilegio de velar y representar los activos de la Ciudadan\u00eda desde una Banca, de los cuales, no se puede esperar dudas ni vacilaciones cuando se pone en juego el inter\u00e9s general\u2026 deber\u00e1n recordar su juramento\u2026 Dios y la Patria me lo demanden<br \/>\nLa \u201cAsamblea de Concejales de la Cuenca de Claromec\u00f3\u201d reclama a los Funcionarios y Concejales, expresar en sus actos, la mayor responsabilidad y honestidad para con su Pueblo, en referencia a la instalaci\u00f3n de la usina termoel\u00e9ctrica en el Distrito.<br \/>\n\u201cASAMBLEA DE CONCEJALES DE LA CUENCA DE CLAROMEC\u00d3\u201d<\/p>\n","protected":false},"excerpt":{"rendered":"<p>La planta que en principio se anunci\u00f3 para Tandil ahora se mudar\u00eda a Barker en Benito Ju\u00e1rez. Comunicado de la \u201cASAMBLEA DE CONCEJALES DE LA CUENCA DE CLAROMEC\u00d3\u201d A los Ciudadanos de Villa Cacique y Barker\u2026 A los titulares de las Instituciones de la Rep\u00fablica\u2026 USINA TERMOEL\u00c9CTRICA EN EL DISTRITO DE BENITO JU\u00c1REZ<\/p>\n","protected":false},"author":3,"featured_media":6656,"comment_status":"closed","ping_status":"open","sticky":false,"template":"","format":"standard","meta":{"footnotes":""},"categories":[24],"tags":[],"class_list":["post-6655","post","type-post","status-publish","format-standard","has-post-thumbnail","hentry","category-politica"],"yoast_head":"<!-- This site is optimized with the Yoast SEO plugin v25.9 - https:\/\/yoast.com\/wordpress\/plugins\/seo\/ -->\n<title>En contra de la instalaci\u00f3n de una Usina Termoel\u00e9ctrica en Benito Ju\u00e1rez. - Noticias Radio Reflejos<\/title>\n<meta name=\"robots\" content=\"index, follow, max-snippet:-1, max-image-preview:large, max-video-preview:-1\" \/>\n<link rel=\"canonical\" href=\"https:\/\/www.noticiasradioreflejos.com.ar\/2021\/en-contra-de-la-instalacion-de-una-usina-termoelectrica-en-benito-juarez\/\" \/>\n<meta property=\"og:locale\" content=\"es_ES\" \/>\n<meta property=\"og:type\" content=\"article\" \/>\n<meta property=\"og:title\" content=\"En contra de la instalaci\u00f3n de una Usina Termoel\u00e9ctrica en Benito Ju\u00e1rez. - Noticias Radio Reflejos\" \/>\n<meta property=\"og:description\" content=\"La planta que en principio se anunci\u00f3 para Tandil ahora se mudar\u00eda a Barker en Benito Ju\u00e1rez. Comunicado de la \u201cASAMBLEA DE CONCEJALES DE LA CUENCA DE CLAROMEC\u00d3\u201d A los Ciudadanos de Villa Cacique y Barker\u2026 A los titulares de las Instituciones de la Rep\u00fablica\u2026 USINA TERMOEL\u00c9CTRICA EN EL DISTRITO DE BENITO JU\u00c1REZ\" \/>\n<meta property=\"og:url\" content=\"https:\/\/www.noticiasradioreflejos.com.ar\/2021\/en-contra-de-la-instalacion-de-una-usina-termoelectrica-en-benito-juarez\/\" \/>\n<meta property=\"og:site_name\" content=\"Noticias Radio Reflejos\" \/>\n<meta property=\"article:published_time\" content=\"2017-02-06T14:37:11+00:00\" \/>\n<meta property=\"og:image\" content=\"https:\/\/www.noticiasradioreflejos.com.ar\/2021\/wp-content\/uploads\/2017\/02\/Barker.jpg\" \/>\n\t<meta property=\"og:image:width\" content=\"1024\" \/>\n\t<meta property=\"og:image:height\" content=\"683\" \/>\n\t<meta property=\"og:image:type\" content=\"image\/jpeg\" \/>\n<meta name=\"author\" content=\"Arnaldo Botto\" \/>\n<meta name=\"twitter:card\" content=\"summary_large_image\" \/>\n<script type=\"application\/ld+json\" class=\"yoast-schema-graph\">{\"@context\":\"https:\/\/schema.org\",\"@graph\":[{\"@type\":\"WebPage\",\"@id\":\"https:\/\/www.noticiasradioreflejos.com.ar\/2021\/en-contra-de-la-instalacion-de-una-usina-termoelectrica-en-benito-juarez\/\",\"url\":\"https:\/\/www.noticiasradioreflejos.com.ar\/2021\/en-contra-de-la-instalacion-de-una-usina-termoelectrica-en-benito-juarez\/\",\"name\":\"En contra de la instalaci\u00f3n de una Usina Termoel\u00e9ctrica en Benito Ju\u00e1rez. - Noticias Radio Reflejos\",\"isPartOf\":{\"@id\":\"https:\/\/www.noticiasradioreflejos.com.ar\/2021\/#website\"},\"primaryImageOfPage\":{\"@id\":\"https:\/\/www.noticiasradioreflejos.com.ar\/2021\/en-contra-de-la-instalacion-de-una-usina-termoelectrica-en-benito-juarez\/#primaryimage\"},\"image\":{\"@id\":\"https:\/\/www.noticiasradioreflejos.com.ar\/2021\/en-contra-de-la-instalacion-de-una-usina-termoelectrica-en-benito-juarez\/#primaryimage\"},\"thumbnailUrl\":\"https:\/\/www.noticiasradioreflejos.com.ar\/2021\/wp-content\/uploads\/2017\/02\/Barker.jpg\",\"datePublished\":\"2017-02-06T14:37:11+00:00\",\"author\":{\"@id\":\"https:\/\/www.noticiasradioreflejos.com.ar\/2021\/#\/schema\/person\/ad82545263dcc5ec0996818884fd5fb1\"},\"breadcrumb\":{\"@id\":\"https:\/\/www.noticiasradioreflejos.com.ar\/2021\/en-contra-de-la-instalacion-de-una-usina-termoelectrica-en-benito-juarez\/#breadcrumb\"},\"inLanguage\":\"es\",\"potentialAction\":[{\"@type\":\"ReadAction\",\"target\":[\"https:\/\/www.noticiasradioreflejos.com.ar\/2021\/en-contra-de-la-instalacion-de-una-usina-termoelectrica-en-benito-juarez\/\"]}]},{\"@type\":\"ImageObject\",\"inLanguage\":\"es\",\"@id\":\"https:\/\/www.noticiasradioreflejos.com.ar\/2021\/en-contra-de-la-instalacion-de-una-usina-termoelectrica-en-benito-juarez\/#primaryimage\",\"url\":\"https:\/\/www.noticiasradioreflejos.com.ar\/2021\/wp-content\/uploads\/2017\/02\/Barker.jpg\",\"contentUrl\":\"https:\/\/www.noticiasradioreflejos.com.ar\/2021\/wp-content\/uploads\/2017\/02\/Barker.jpg\",\"width\":1024,\"height\":683},{\"@type\":\"BreadcrumbList\",\"@id\":\"https:\/\/www.noticiasradioreflejos.com.ar\/2021\/en-contra-de-la-instalacion-de-una-usina-termoelectrica-en-benito-juarez\/#breadcrumb\",\"itemListElement\":[{\"@type\":\"ListItem\",\"position\":1,\"name\":\"Portada\",\"item\":\"https:\/\/www.noticiasradioreflejos.com.ar\/2021\/\"},{\"@type\":\"ListItem\",\"position\":2,\"name\":\"En contra de la instalaci\u00f3n de una Usina Termoel\u00e9ctrica en Benito Ju\u00e1rez.\"}]},{\"@type\":\"WebSite\",\"@id\":\"https:\/\/www.noticiasradioreflejos.com.ar\/2021\/#website\",\"url\":\"https:\/\/www.noticiasradioreflejos.com.ar\/2021\/\",\"name\":\"Noticias Radio Reflejos\",\"description\":\"Las noticias de mi comarca\",\"potentialAction\":[{\"@type\":\"SearchAction\",\"target\":{\"@type\":\"EntryPoint\",\"urlTemplate\":\"https:\/\/www.noticiasradioreflejos.com.ar\/2021\/?s={search_term_string}\"},\"query-input\":{\"@type\":\"PropertyValueSpecification\",\"valueRequired\":true,\"valueName\":\"search_term_string\"}}],\"inLanguage\":\"es\"},{\"@type\":\"Person\",\"@id\":\"https:\/\/www.noticiasradioreflejos.com.ar\/2021\/#\/schema\/person\/ad82545263dcc5ec0996818884fd5fb1\",\"name\":\"Arnaldo Botto\",\"image\":{\"@type\":\"ImageObject\",\"inLanguage\":\"es\",\"@id\":\"https:\/\/www.noticiasradioreflejos.com.ar\/2021\/#\/schema\/person\/image\/\",\"url\":\"https:\/\/secure.gravatar.com\/avatar\/55cb5e37c1efa326397366e6974cb338056df65cb50e7d64d1cf314e87504837?s=96&d=mm&r=g\",\"contentUrl\":\"https:\/\/secure.gravatar.com\/avatar\/55cb5e37c1efa326397366e6974cb338056df65cb50e7d64d1cf314e87504837?s=96&d=mm&r=g\",\"caption\":\"Arnaldo Botto\"},\"url\":\"https:\/\/www.noticiasradioreflejos.com.ar\/2021\/author\/arnaldo\/\"}]}<\/script>\n<!-- \/ Yoast SEO plugin. -->","yoast_head_json":{"title":"En contra de la instalaci\u00f3n de una Usina Termoel\u00e9ctrica en Benito Ju\u00e1rez. - Noticias Radio Reflejos","robots":{"index":"index","follow":"follow","max-snippet":"max-snippet:-1","max-image-preview":"max-image-preview:large","max-video-preview":"max-video-preview:-1"},"canonical":"https:\/\/www.noticiasradioreflejos.com.ar\/2021\/en-contra-de-la-instalacion-de-una-usina-termoelectrica-en-benito-juarez\/","og_locale":"es_ES","og_type":"article","og_title":"En contra de la instalaci\u00f3n de una Usina Termoel\u00e9ctrica en Benito Ju\u00e1rez. - Noticias Radio Reflejos","og_description":"La planta que en principio se anunci\u00f3 para Tandil ahora se mudar\u00eda a Barker en Benito Ju\u00e1rez. Comunicado de la \u201cASAMBLEA DE CONCEJALES DE LA CUENCA DE CLAROMEC\u00d3\u201d A los Ciudadanos de Villa Cacique y Barker\u2026 A los titulares de las Instituciones de la Rep\u00fablica\u2026 USINA TERMOEL\u00c9CTRICA EN EL DISTRITO DE BENITO JU\u00c1REZ","og_url":"https:\/\/www.noticiasradioreflejos.com.ar\/2021\/en-contra-de-la-instalacion-de-una-usina-termoelectrica-en-benito-juarez\/","og_site_name":"Noticias Radio Reflejos","article_published_time":"2017-02-06T14:37:11+00:00","og_image":[{"width":1024,"height":683,"url":"https:\/\/www.noticiasradioreflejos.com.ar\/2021\/wp-content\/uploads\/2017\/02\/Barker.jpg","type":"image\/jpeg"}],"author":"Arnaldo Botto","twitter_card":"summary_large_image","schema":{"@context":"https:\/\/schema.org","@graph":[{"@type":"WebPage","@id":"https:\/\/www.noticiasradioreflejos.com.ar\/2021\/en-contra-de-la-instalacion-de-una-usina-termoelectrica-en-benito-juarez\/","url":"https:\/\/www.noticiasradioreflejos.com.ar\/2021\/en-contra-de-la-instalacion-de-una-usina-termoelectrica-en-benito-juarez\/","name":"En contra de la instalaci\u00f3n de una Usina Termoel\u00e9ctrica en Benito Ju\u00e1rez. - Noticias Radio Reflejos","isPartOf":{"@id":"https:\/\/www.noticiasradioreflejos.com.ar\/2021\/#website"},"primaryImageOfPage":{"@id":"https:\/\/www.noticiasradioreflejos.com.ar\/2021\/en-contra-de-la-instalacion-de-una-usina-termoelectrica-en-benito-juarez\/#primaryimage"},"image":{"@id":"https:\/\/www.noticiasradioreflejos.com.ar\/2021\/en-contra-de-la-instalacion-de-una-usina-termoelectrica-en-benito-juarez\/#primaryimage"},"thumbnailUrl":"https:\/\/www.noticiasradioreflejos.com.ar\/2021\/wp-content\/uploads\/2017\/02\/Barker.jpg","datePublished":"2017-02-06T14:37:11+00:00","author":{"@id":"https:\/\/www.noticiasradioreflejos.com.ar\/2021\/#\/schema\/person\/ad82545263dcc5ec0996818884fd5fb1"},"breadcrumb":{"@id":"https:\/\/www.noticiasradioreflejos.com.ar\/2021\/en-contra-de-la-instalacion-de-una-usina-termoelectrica-en-benito-juarez\/#breadcrumb"},"inLanguage":"es","potentialAction":[{"@type":"ReadAction","target":["https:\/\/www.noticiasradioreflejos.com.ar\/2021\/en-contra-de-la-instalacion-de-una-usina-termoelectrica-en-benito-juarez\/"]}]},{"@type":"ImageObject","inLanguage":"es","@id":"https:\/\/www.noticiasradioreflejos.com.ar\/2021\/en-contra-de-la-instalacion-de-una-usina-termoelectrica-en-benito-juarez\/#primaryimage","url":"https:\/\/www.noticiasradioreflejos.com.ar\/2021\/wp-content\/uploads\/2017\/02\/Barker.jpg","contentUrl":"https:\/\/www.noticiasradioreflejos.com.ar\/2021\/wp-content\/uploads\/2017\/02\/Barker.jpg","width":1024,"height":683},{"@type":"BreadcrumbList","@id":"https:\/\/www.noticiasradioreflejos.com.ar\/2021\/en-contra-de-la-instalacion-de-una-usina-termoelectrica-en-benito-juarez\/#breadcrumb","itemListElement":[{"@type":"ListItem","position":1,"name":"Portada","item":"https:\/\/www.noticiasradioreflejos.com.ar\/2021\/"},{"@type":"ListItem","position":2,"name":"En contra de la instalaci\u00f3n de una Usina Termoel\u00e9ctrica en Benito Ju\u00e1rez."}]},{"@type":"WebSite","@id":"https:\/\/www.noticiasradioreflejos.com.ar\/2021\/#website","url":"https:\/\/www.noticiasradioreflejos.com.ar\/2021\/","name":"Noticias Radio Reflejos","description":"Las noticias de mi comarca","potentialAction":[{"@type":"SearchAction","target":{"@type":"EntryPoint","urlTemplate":"https:\/\/www.noticiasradioreflejos.com.ar\/2021\/?s={search_term_string}"},"query-input":{"@type":"PropertyValueSpecification","valueRequired":true,"valueName":"search_term_string"}}],"inLanguage":"es"},{"@type":"Person","@id":"https:\/\/www.noticiasradioreflejos.com.ar\/2021\/#\/schema\/person\/ad82545263dcc5ec0996818884fd5fb1","name":"Arnaldo Botto","image":{"@type":"ImageObject","inLanguage":"es","@id":"https:\/\/www.noticiasradioreflejos.com.ar\/2021\/#\/schema\/person\/image\/","url":"https:\/\/secure.gravatar.com\/avatar\/55cb5e37c1efa326397366e6974cb338056df65cb50e7d64d1cf314e87504837?s=96&d=mm&r=g","contentUrl":"https:\/\/secure.gravatar.com\/avatar\/55cb5e37c1efa326397366e6974cb338056df65cb50e7d64d1cf314e87504837?s=96&d=mm&r=g","caption":"Arnaldo Botto"},"url":"https:\/\/www.noticiasradioreflejos.com.ar\/2021\/author\/arnaldo\/"}]}},"_links":{"self":[{"href":"https:\/\/www.noticiasradioreflejos.com.ar\/2021\/wp-json\/wp\/v2\/posts\/6655","targetHints":{"allow":["GET"]}}],"collection":[{"href":"https:\/\/www.noticiasradioreflejos.com.ar\/2021\/wp-json\/wp\/v2\/posts"}],"about":[{"href":"https:\/\/www.noticiasradioreflejos.com.ar\/2021\/wp-json\/wp\/v2\/types\/post"}],"author":[{"embeddable":true,"href":"https:\/\/www.noticiasradioreflejos.com.ar\/2021\/wp-json\/wp\/v2\/users\/3"}],"replies":[{"embeddable":true,"href":"https:\/\/www.noticiasradioreflejos.com.ar\/2021\/wp-json\/wp\/v2\/comments?post=6655"}],"version-history":[{"count":0,"href":"https:\/\/www.noticiasradioreflejos.com.ar\/2021\/wp-json\/wp\/v2\/posts\/6655\/revisions"}],"wp:featuredmedia":[{"embeddable":true,"href":"https:\/\/www.noticiasradioreflejos.com.ar\/2021\/wp-json\/wp\/v2\/media\/6656"}],"wp:attachment":[{"href":"https:\/\/www.noticiasradioreflejos.com.ar\/2021\/wp-json\/wp\/v2\/media?parent=6655"}],"wp:term":[{"taxonomy":"category","embeddable":true,"href":"https:\/\/www.noticiasradioreflejos.com.ar\/2021\/wp-json\/wp\/v2\/categories?post=6655"},{"taxonomy":"post_tag","embeddable":true,"href":"https:\/\/www.noticiasradioreflejos.com.ar\/2021\/wp-json\/wp\/v2\/tags?post=6655"}],"curies":[{"name":"wp","href":"https:\/\/api.w.org\/{rel}","templated":true}]}}