{"id":66422,"date":"2021-12-28T12:15:44","date_gmt":"2021-12-28T12:15:44","guid":{"rendered":"http:\/\/www.noticiasradioreflejos.com.ar\/2021\/?p=66422"},"modified":"2021-12-28T12:15:44","modified_gmt":"2021-12-28T12:15:44","slug":"una-fuerte-tormenta-con-viento-lluvia-e-intensa-actividad-electrica-se-registro-anoche-en-tornquist","status":"publish","type":"post","link":"https:\/\/www.noticiasradioreflejos.com.ar\/2021\/una-fuerte-tormenta-con-viento-lluvia-e-intensa-actividad-electrica-se-registro-anoche-en-tornquist\/","title":{"rendered":"Una fuerte tormenta con viento , lluvia e intensa actividad el\u00e9ctrica se registro anoche en Tornquist."},"content":{"rendered":"<p>Entre la hora 21.48 y 22.20 se registraron 22 mil\u00edmetros y el abundante caudal de agua en poco tiempo oblig\u00f3 a los \u00a0bomberos a realizar salidas de emergencia por inundaciones en algunos domicilios, adem\u00e1s de una voladura de un techo en calle Independencia.<!--more--><\/p>\n<p>Por otro lado el municipio anoche, procedi\u00f3 al cierre del parque l\u00edneal(sector Club H\u00edpico) por la ca\u00edda de ramas, debido al fuerte viento.<\/p>\n<p><strong>Algunos milimetrajes de la zona<\/strong><\/p>\n<p>1 mm en Pig\u00fc\u00e9<\/p>\n<p>10 mm en Dufaur<\/p>\n<p>17 mm en Saavedra<\/p>\n<p>0.5 mm en Goyena<\/p>\n<p>22 mm en Tornquist<\/p>\n<p>25 mm en Tres Picos<\/p>\n<p>1 mm en Huanguel\u00e9n<\/p>\n<article class=\"table-cell aside_article\">\n<div class=\"noticia\">\n<div class=\"noticia-content\">\n<div class=\"text\">\n<p>&nbsp;<\/p>\n<p><iframe loading=\"lazy\" src=\"https:\/\/www.facebook.com\/plugins\/video.php?height=272&amp;href=https%3A%2F%2Fwww.facebook.com%2Fnoticastornquist%2Fvideos%2F644590116724069%2F&amp;show_text=false&amp;width=560&amp;t=0\" width=\"560\" height=\"272\" frameborder=\"0\" scrolling=\"no\" allowfullscreen=\"allowfullscreen\" data-mce-fragment=\"1\"><\/iframe><\/p>\n<p><iframe loading=\"lazy\" src=\"https:\/\/www.facebook.com\/plugins\/video.php?height=272&amp;href=https%3A%2F%2Fwww.facebook.com%2Fnoticastornquist%2Fvideos%2F1853721854830742%2F&amp;show_text=false&amp;width=560&amp;t=0\" width=\"560\" height=\"272\" frameborder=\"0\" scrolling=\"no\" allowfullscreen=\"allowfullscreen\" data-mce-fragment=\"1\"><\/iframe><\/p>\n<p><iframe loading=\"lazy\" src=\"https:\/\/www.facebook.com\/plugins\/video.php?height=272&amp;href=https%3A%2F%2Fwww.facebook.com%2Fnoticastornquist%2Fvideos%2F1215920325483909%2F&amp;show_text=false&amp;width=560&amp;t=0\" width=\"560\" height=\"272\" frameborder=\"0\" scrolling=\"no\" allowfullscreen=\"allowfullscreen\" data-mce-fragment=\"1\"><\/iframe><\/p>\n<p><iframe loading=\"lazy\" src=\"https:\/\/www.facebook.com\/plugins\/video.php?height=476&amp;href=https%3A%2F%2Fwww.facebook.com%2Fnoticastornquist%2Fvideos%2F427004799088420%2F&amp;show_text=false&amp;width=267&amp;t=0\" width=\"267\" height=\"476\" frameborder=\"0\" scrolling=\"no\" allowfullscreen=\"allowfullscreen\" data-mce-fragment=\"1\"><\/iframe><\/p>\n<\/div>\n<div><img decoding=\"async\" src=\"https:\/\/www.noticiastornquist.com.ar\/imagen.php?imagen=\/c377477ac94f43bebddd283584a5c06f.jpg\" \/><\/p>\n<div><\/div>\n<hr \/>\n<p><img decoding=\"async\" src=\"https:\/\/www.noticiastornquist.com.ar\/imagen.php?imagen=\/f1fe86fbcbb84306b429b64009e84f7c.jpg\" \/><\/p>\n<div><\/div>\n<hr \/>\n<\/div>\n<\/div>\n<\/div>\n<div class=\"anuncioh\"><\/div>\n<\/article>\n<div class=\"table-cell aside\">\n<div id=\"asd143\" class=\"publicidad\"><img decoding=\"async\" src=\"https:\/\/www.noticiastornquist.com.ar\/imagen.php?imagen=noticias\/3aa2f386-3bd2-43c4-ae04-eea6e9a7bdab.jpg_8039_1584288270.jpg&amp;width=600\" \/><\/div>\n<div id=\"asd149\" class=\"publicidad\"><img decoding=\"async\" src=\"https:\/\/www.noticiastornquist.com.ar\/imagen.php?imagen=noticias\/SERVICIO-ELECTRICO.png_9010_1588023667.png&amp;width=600\" \/><\/div>\n<div id=\"asd95\" class=\"publicidad\"><a href=\"https:\/\/www.noticiastornquist.com.ar\/lkp.html?id=3\" target=\"_blank\" rel=\"nofollow noopener\"><img decoding=\"async\" src=\"https:\/\/www.noticiastornquist.com.ar\/imagen.php?imagen=noticias\/fm995.jpg_3068_1546631076.jpg&amp;width=600\" \/><\/a><\/div>\n<div id=\"asd160\" class=\"publicidad\"><a href=\"https:\/\/www.noticiastornquist.com.ar\/lkp.html?id=70\" target=\"_blank\" rel=\"nofollow noopener\"><img decoding=\"async\" src=\"https:\/\/www.noticiastornquist.com.ar\/imagen.php?imagen=telamlogo20213.png&amp;width=600\" \/><\/a><\/div>\n<\/div>\n<p>&nbsp;<\/p>\n","protected":false},"excerpt":{"rendered":"<p>Entre la hora 21.48 y 22.20 se registraron 22 mil\u00edmetros y el abundante caudal de agua en poco tiempo oblig\u00f3 a los \u00a0bomberos a realizar salidas de emergencia por inundaciones en algunos domicilios, adem\u00e1s de una voladura de un techo en calle Independencia.<\/p>\n","protected":false},"author":3,"featured_media":0,"comment_status":"closed","ping_status":"closed","sticky":false,"template":"","format":"standard","meta":{"footnotes":""},"categories":[26],"tags":[],"class_list":["post-66422","post","type-post","status-publish","format-standard","hentry","category-sociedad"],"yoast_head":"<!-- This site is optimized with the Yoast SEO plugin v25.9 - https:\/\/yoast.com\/wordpress\/plugins\/seo\/ -->\n<title>Una fuerte tormenta con viento , lluvia e intensa actividad el\u00e9ctrica se registro anoche en Tornquist. - Noticias Radio Reflejos<\/title>\n<meta name=\"robots\" content=\"index, follow, max-snippet:-1, max-image-preview:large, max-video-preview:-1\" \/>\n<link rel=\"canonical\" href=\"https:\/\/www.noticiasradioreflejos.com.ar\/2021\/una-fuerte-tormenta-con-viento-lluvia-e-intensa-actividad-electrica-se-registro-anoche-en-tornquist\/\" \/>\n<meta property=\"og:locale\" content=\"es_ES\" \/>\n<meta property=\"og:type\" content=\"article\" \/>\n<meta property=\"og:title\" content=\"Una fuerte tormenta con viento , lluvia e intensa actividad el\u00e9ctrica se registro anoche en Tornquist. - Noticias Radio Reflejos\" \/>\n<meta property=\"og:description\" content=\"Entre la hora 21.48 y 22.20 se registraron 22 mil\u00edmetros y el abundante caudal de agua en poco tiempo oblig\u00f3 a los \u00a0bomberos a realizar salidas de emergencia por inundaciones en algunos domicilios, adem\u00e1s de una voladura de un techo en calle Independencia.\" \/>\n<meta property=\"og:url\" content=\"https:\/\/www.noticiasradioreflejos.com.ar\/2021\/una-fuerte-tormenta-con-viento-lluvia-e-intensa-actividad-electrica-se-registro-anoche-en-tornquist\/\" \/>\n<meta property=\"og:site_name\" content=\"Noticias Radio Reflejos\" \/>\n<meta property=\"article:published_time\" content=\"2021-12-28T12:15:44+00:00\" \/>\n<meta property=\"og:image\" content=\"https:\/\/www.noticiastornquist.com.ar\/imagen.php?imagen=\/c377477ac94f43bebddd283584a5c06f.jpg\" \/>\n<meta name=\"author\" content=\"Arnaldo Botto\" \/>\n<meta name=\"twitter:card\" content=\"summary_large_image\" \/>\n<script type=\"application\/ld+json\" class=\"yoast-schema-graph\">{\"@context\":\"https:\/\/schema.org\",\"@graph\":[{\"@type\":\"WebPage\",\"@id\":\"https:\/\/www.noticiasradioreflejos.com.ar\/2021\/una-fuerte-tormenta-con-viento-lluvia-e-intensa-actividad-electrica-se-registro-anoche-en-tornquist\/\",\"url\":\"https:\/\/www.noticiasradioreflejos.com.ar\/2021\/una-fuerte-tormenta-con-viento-lluvia-e-intensa-actividad-electrica-se-registro-anoche-en-tornquist\/\",\"name\":\"Una fuerte tormenta con viento , lluvia e intensa actividad el\u00e9ctrica se registro anoche en Tornquist. - Noticias Radio Reflejos\",\"isPartOf\":{\"@id\":\"https:\/\/www.noticiasradioreflejos.com.ar\/2021\/#website\"},\"primaryImageOfPage\":{\"@id\":\"https:\/\/www.noticiasradioreflejos.com.ar\/2021\/una-fuerte-tormenta-con-viento-lluvia-e-intensa-actividad-electrica-se-registro-anoche-en-tornquist\/#primaryimage\"},\"image\":{\"@id\":\"https:\/\/www.noticiasradioreflejos.com.ar\/2021\/una-fuerte-tormenta-con-viento-lluvia-e-intensa-actividad-electrica-se-registro-anoche-en-tornquist\/#primaryimage\"},\"thumbnailUrl\":\"https:\/\/www.noticiastornquist.com.ar\/imagen.php?imagen=\/c377477ac94f43bebddd283584a5c06f.jpg\",\"datePublished\":\"2021-12-28T12:15:44+00:00\",\"author\":{\"@id\":\"https:\/\/www.noticiasradioreflejos.com.ar\/2021\/#\/schema\/person\/ad82545263dcc5ec0996818884fd5fb1\"},\"breadcrumb\":{\"@id\":\"https:\/\/www.noticiasradioreflejos.com.ar\/2021\/una-fuerte-tormenta-con-viento-lluvia-e-intensa-actividad-electrica-se-registro-anoche-en-tornquist\/#breadcrumb\"},\"inLanguage\":\"es\",\"potentialAction\":[{\"@type\":\"ReadAction\",\"target\":[\"https:\/\/www.noticiasradioreflejos.com.ar\/2021\/una-fuerte-tormenta-con-viento-lluvia-e-intensa-actividad-electrica-se-registro-anoche-en-tornquist\/\"]}]},{\"@type\":\"ImageObject\",\"inLanguage\":\"es\",\"@id\":\"https:\/\/www.noticiasradioreflejos.com.ar\/2021\/una-fuerte-tormenta-con-viento-lluvia-e-intensa-actividad-electrica-se-registro-anoche-en-tornquist\/#primaryimage\",\"url\":\"https:\/\/www.noticiastornquist.com.ar\/imagen.php?imagen=\/c377477ac94f43bebddd283584a5c06f.jpg\",\"contentUrl\":\"https:\/\/www.noticiastornquist.com.ar\/imagen.php?imagen=\/c377477ac94f43bebddd283584a5c06f.jpg\"},{\"@type\":\"BreadcrumbList\",\"@id\":\"https:\/\/www.noticiasradioreflejos.com.ar\/2021\/una-fuerte-tormenta-con-viento-lluvia-e-intensa-actividad-electrica-se-registro-anoche-en-tornquist\/#breadcrumb\",\"itemListElement\":[{\"@type\":\"ListItem\",\"position\":1,\"name\":\"Portada\",\"item\":\"https:\/\/www.noticiasradioreflejos.com.ar\/2021\/\"},{\"@type\":\"ListItem\",\"position\":2,\"name\":\"Una fuerte tormenta con viento , lluvia e intensa actividad el\u00e9ctrica se registro anoche en Tornquist.\"}]},{\"@type\":\"WebSite\",\"@id\":\"https:\/\/www.noticiasradioreflejos.com.ar\/2021\/#website\",\"url\":\"https:\/\/www.noticiasradioreflejos.com.ar\/2021\/\",\"name\":\"Noticias Radio Reflejos\",\"description\":\"Las noticias de mi comarca\",\"potentialAction\":[{\"@type\":\"SearchAction\",\"target\":{\"@type\":\"EntryPoint\",\"urlTemplate\":\"https:\/\/www.noticiasradioreflejos.com.ar\/2021\/?s={search_term_string}\"},\"query-input\":{\"@type\":\"PropertyValueSpecification\",\"valueRequired\":true,\"valueName\":\"search_term_string\"}}],\"inLanguage\":\"es\"},{\"@type\":\"Person\",\"@id\":\"https:\/\/www.noticiasradioreflejos.com.ar\/2021\/#\/schema\/person\/ad82545263dcc5ec0996818884fd5fb1\",\"name\":\"Arnaldo Botto\",\"image\":{\"@type\":\"ImageObject\",\"inLanguage\":\"es\",\"@id\":\"https:\/\/www.noticiasradioreflejos.com.ar\/2021\/#\/schema\/person\/image\/\",\"url\":\"https:\/\/secure.gravatar.com\/avatar\/55cb5e37c1efa326397366e6974cb338056df65cb50e7d64d1cf314e87504837?s=96&d=mm&r=g\",\"contentUrl\":\"https:\/\/secure.gravatar.com\/avatar\/55cb5e37c1efa326397366e6974cb338056df65cb50e7d64d1cf314e87504837?s=96&d=mm&r=g\",\"caption\":\"Arnaldo Botto\"},\"url\":\"https:\/\/www.noticiasradioreflejos.com.ar\/2021\/author\/arnaldo\/\"}]}<\/script>\n<!-- \/ Yoast SEO plugin. -->","yoast_head_json":{"title":"Una fuerte tormenta con viento , lluvia e intensa actividad el\u00e9ctrica se registro anoche en Tornquist. - Noticias Radio Reflejos","robots":{"index":"index","follow":"follow","max-snippet":"max-snippet:-1","max-image-preview":"max-image-preview:large","max-video-preview":"max-video-preview:-1"},"canonical":"https:\/\/www.noticiasradioreflejos.com.ar\/2021\/una-fuerte-tormenta-con-viento-lluvia-e-intensa-actividad-electrica-se-registro-anoche-en-tornquist\/","og_locale":"es_ES","og_type":"article","og_title":"Una fuerte tormenta con viento , lluvia e intensa actividad el\u00e9ctrica se registro anoche en Tornquist. - Noticias Radio Reflejos","og_description":"Entre la hora 21.48 y 22.20 se registraron 22 mil\u00edmetros y el abundante caudal de agua en poco tiempo oblig\u00f3 a los \u00a0bomberos a realizar salidas de emergencia por inundaciones en algunos domicilios, adem\u00e1s de una voladura de un techo en calle Independencia.","og_url":"https:\/\/www.noticiasradioreflejos.com.ar\/2021\/una-fuerte-tormenta-con-viento-lluvia-e-intensa-actividad-electrica-se-registro-anoche-en-tornquist\/","og_site_name":"Noticias Radio Reflejos","article_published_time":"2021-12-28T12:15:44+00:00","og_image":[{"url":"https:\/\/www.noticiastornquist.com.ar\/imagen.php?imagen=\/c377477ac94f43bebddd283584a5c06f.jpg","type":"","width":"","height":""}],"author":"Arnaldo Botto","twitter_card":"summary_large_image","schema":{"@context":"https:\/\/schema.org","@graph":[{"@type":"WebPage","@id":"https:\/\/www.noticiasradioreflejos.com.ar\/2021\/una-fuerte-tormenta-con-viento-lluvia-e-intensa-actividad-electrica-se-registro-anoche-en-tornquist\/","url":"https:\/\/www.noticiasradioreflejos.com.ar\/2021\/una-fuerte-tormenta-con-viento-lluvia-e-intensa-actividad-electrica-se-registro-anoche-en-tornquist\/","name":"Una fuerte tormenta con viento , lluvia e intensa actividad el\u00e9ctrica se registro anoche en Tornquist. - Noticias Radio Reflejos","isPartOf":{"@id":"https:\/\/www.noticiasradioreflejos.com.ar\/2021\/#website"},"primaryImageOfPage":{"@id":"https:\/\/www.noticiasradioreflejos.com.ar\/2021\/una-fuerte-tormenta-con-viento-lluvia-e-intensa-actividad-electrica-se-registro-anoche-en-tornquist\/#primaryimage"},"image":{"@id":"https:\/\/www.noticiasradioreflejos.com.ar\/2021\/una-fuerte-tormenta-con-viento-lluvia-e-intensa-actividad-electrica-se-registro-anoche-en-tornquist\/#primaryimage"},"thumbnailUrl":"https:\/\/www.noticiastornquist.com.ar\/imagen.php?imagen=\/c377477ac94f43bebddd283584a5c06f.jpg","datePublished":"2021-12-28T12:15:44+00:00","author":{"@id":"https:\/\/www.noticiasradioreflejos.com.ar\/2021\/#\/schema\/person\/ad82545263dcc5ec0996818884fd5fb1"},"breadcrumb":{"@id":"https:\/\/www.noticiasradioreflejos.com.ar\/2021\/una-fuerte-tormenta-con-viento-lluvia-e-intensa-actividad-electrica-se-registro-anoche-en-tornquist\/#breadcrumb"},"inLanguage":"es","potentialAction":[{"@type":"ReadAction","target":["https:\/\/www.noticiasradioreflejos.com.ar\/2021\/una-fuerte-tormenta-con-viento-lluvia-e-intensa-actividad-electrica-se-registro-anoche-en-tornquist\/"]}]},{"@type":"ImageObject","inLanguage":"es","@id":"https:\/\/www.noticiasradioreflejos.com.ar\/2021\/una-fuerte-tormenta-con-viento-lluvia-e-intensa-actividad-electrica-se-registro-anoche-en-tornquist\/#primaryimage","url":"https:\/\/www.noticiastornquist.com.ar\/imagen.php?imagen=\/c377477ac94f43bebddd283584a5c06f.jpg","contentUrl":"https:\/\/www.noticiastornquist.com.ar\/imagen.php?imagen=\/c377477ac94f43bebddd283584a5c06f.jpg"},{"@type":"BreadcrumbList","@id":"https:\/\/www.noticiasradioreflejos.com.ar\/2021\/una-fuerte-tormenta-con-viento-lluvia-e-intensa-actividad-electrica-se-registro-anoche-en-tornquist\/#breadcrumb","itemListElement":[{"@type":"ListItem","position":1,"name":"Portada","item":"https:\/\/www.noticiasradioreflejos.com.ar\/2021\/"},{"@type":"ListItem","position":2,"name":"Una fuerte tormenta con viento , lluvia e intensa actividad el\u00e9ctrica se registro anoche en Tornquist."}]},{"@type":"WebSite","@id":"https:\/\/www.noticiasradioreflejos.com.ar\/2021\/#website","url":"https:\/\/www.noticiasradioreflejos.com.ar\/2021\/","name":"Noticias Radio Reflejos","description":"Las noticias de mi comarca","potentialAction":[{"@type":"SearchAction","target":{"@type":"EntryPoint","urlTemplate":"https:\/\/www.noticiasradioreflejos.com.ar\/2021\/?s={search_term_string}"},"query-input":{"@type":"PropertyValueSpecification","valueRequired":true,"valueName":"search_term_string"}}],"inLanguage":"es"},{"@type":"Person","@id":"https:\/\/www.noticiasradioreflejos.com.ar\/2021\/#\/schema\/person\/ad82545263dcc5ec0996818884fd5fb1","name":"Arnaldo Botto","image":{"@type":"ImageObject","inLanguage":"es","@id":"https:\/\/www.noticiasradioreflejos.com.ar\/2021\/#\/schema\/person\/image\/","url":"https:\/\/secure.gravatar.com\/avatar\/55cb5e37c1efa326397366e6974cb338056df65cb50e7d64d1cf314e87504837?s=96&d=mm&r=g","contentUrl":"https:\/\/secure.gravatar.com\/avatar\/55cb5e37c1efa326397366e6974cb338056df65cb50e7d64d1cf314e87504837?s=96&d=mm&r=g","caption":"Arnaldo Botto"},"url":"https:\/\/www.noticiasradioreflejos.com.ar\/2021\/author\/arnaldo\/"}]}},"_links":{"self":[{"href":"https:\/\/www.noticiasradioreflejos.com.ar\/2021\/wp-json\/wp\/v2\/posts\/66422","targetHints":{"allow":["GET"]}}],"collection":[{"href":"https:\/\/www.noticiasradioreflejos.com.ar\/2021\/wp-json\/wp\/v2\/posts"}],"about":[{"href":"https:\/\/www.noticiasradioreflejos.com.ar\/2021\/wp-json\/wp\/v2\/types\/post"}],"author":[{"embeddable":true,"href":"https:\/\/www.noticiasradioreflejos.com.ar\/2021\/wp-json\/wp\/v2\/users\/3"}],"replies":[{"embeddable":true,"href":"https:\/\/www.noticiasradioreflejos.com.ar\/2021\/wp-json\/wp\/v2\/comments?post=66422"}],"version-history":[{"count":1,"href":"https:\/\/www.noticiasradioreflejos.com.ar\/2021\/wp-json\/wp\/v2\/posts\/66422\/revisions"}],"predecessor-version":[{"id":66424,"href":"https:\/\/www.noticiasradioreflejos.com.ar\/2021\/wp-json\/wp\/v2\/posts\/66422\/revisions\/66424"}],"wp:attachment":[{"href":"https:\/\/www.noticiasradioreflejos.com.ar\/2021\/wp-json\/wp\/v2\/media?parent=66422"}],"wp:term":[{"taxonomy":"category","embeddable":true,"href":"https:\/\/www.noticiasradioreflejos.com.ar\/2021\/wp-json\/wp\/v2\/categories?post=66422"},{"taxonomy":"post_tag","embeddable":true,"href":"https:\/\/www.noticiasradioreflejos.com.ar\/2021\/wp-json\/wp\/v2\/tags?post=66422"}],"curies":[{"name":"wp","href":"https:\/\/api.w.org\/{rel}","templated":true}]}}