{"id":66412,"date":"2021-12-28T00:39:38","date_gmt":"2021-12-28T00:39:38","guid":{"rendered":"http:\/\/www.noticiasradioreflejos.com.ar\/2021\/?p=66412"},"modified":"2021-12-28T00:40:18","modified_gmt":"2021-12-28T00:40:18","slug":"la-iguana-de-cobre-el-monumento-natural-de-la-provincia-de-buenos-aires-y-especie-endemica-que-se-preserva-en-el-sistema-de-ventania","status":"publish","type":"post","link":"https:\/\/www.noticiasradioreflejos.com.ar\/2021\/la-iguana-de-cobre-el-monumento-natural-de-la-provincia-de-buenos-aires-y-especie-endemica-que-se-preserva-en-el-sistema-de-ventania\/","title":{"rendered":"La Iguana de Cobre: El Monumento Natural de la Provincia de Buenos Aires y especie end\u00e9mica, que se preserva en el sistema de Ventania"},"content":{"rendered":"<p>El Guardaparques del Parque Provincial, se encarga espec\u00edficamente de la preservaci\u00f3n de la iguana de cobre, especie aut\u00f3ctona de nuestra zona. Esta ma\u00f1ana, lo entrevistamos para que nos comparta la informaci\u00f3n que ha recopilado de estos individuos a lo largo de su trabajo y nos da indicios sobre c\u00f3mo reconocerla.<!--more--><\/p>\n<p><iframe loading=\"lazy\" title=\"YouTube video player\" src=\"https:\/\/www.youtube.com\/embed\/K4X5b-evl6I\" width=\"853\" height=\"480\" frameborder=\"0\" allowfullscreen=\"allowfullscreen\"><\/iframe><\/p>\n<p>La iguana de cobre fue nombrada <strong>monumento de la Provincia de Buenos Aires<\/strong> y, cuando esto sucede, el mismo gobierno destina fondos y personal para preservar esta especie. An\u00edbal es uno de los guardaparques del <strong>Parque Provincial Ernesto Tornquist<\/strong> que trabaja para preservar a esta iguana. \u00abM\u00e1s que cuidar la iguana, es cuidar el h\u00e1bitat\u00bb remarc\u00f3 An\u00edbal, \u00absin su h\u00e1bitat, la iguana de cobre no tiene d\u00f3nde estar, no tiene qu\u00e9 comer\u00bb agreg\u00f3.<\/p>\n<p>An\u00edbal comenta que, a ra\u00edz de la pandemia, not\u00f3 que la iguana era m\u00e1s f\u00e1cil de ver en aquellos momentos donde no hab\u00eda turismo, por ejemplo. Explic\u00f3 que, ahora que hay movimiento de personas, la iguana de cobre se traslada a los alrededores, lugares donde no hay tanto movimiento.<\/p>\n<p>El entrevistado de esta ma\u00f1ana dio la raz\u00f3n por la que quiere hacer conocer a la iguana: \u00abEn el Parque Provincial hay 1 sola poblaci\u00f3n de iguanas de cobre, en la Estancia Funke hay 5 y en Sierras Grandes todav\u00eda no se han visto, lo que no quiere decir que no est\u00e9n. Por eso queremos hacerla conocer, porque mucha gente nos dijo que les parec\u00eda haberla visto en alg\u00fan lugar\u00bb. Son alrededor de 60 individuos los que componen esas 6 poblaciones que est\u00e1n en nuestra zona.<\/p>\n<p><a title=\"Iguana de Cobre, Ventania (3)\" href=\"https:\/\/www.flickr.com\/photos\/182279889@N02\/51781261104\/in\/dateposted-public\/\" data-flickr-embed=\"true\"><img loading=\"lazy\" decoding=\"async\" src=\"https:\/\/live.staticflickr.com\/65535\/51781261104_202152093e_c.jpg\" alt=\"Iguana de Cobre, Ventania (3)\" width=\"800\" height=\"600\" \/><\/a><script async src=\"\/\/embedr.flickr.com\/assets\/client-code.js\" charset=\"utf-8\"><\/script><\/p>\n<p>La iguana de cobre tiene dimorfismo sexual, es decir, que el macho es de un color y la hembra de otro. \u00abEl macho es verde y la hembra es la marroncita\u00bb coment\u00f3. Tambi\u00e9n mencion\u00f3 que el estudio de esta especie es muy nuevo, que \u00e9l y su equipo son quienes est\u00e1n recopilando datos de la iguana de cobre. Toman ADN de su piel, para identificar los individuos de cada poblaci\u00f3n y tenerlos registrados, pero, por ejemplo, a\u00fan no saben qui\u00e9nes son sus depredadores. Un dato de color es que estas iguanas se van lejos de donde viven para poner sus huevos y vuelven a su zona de nuevo. Las cr\u00edas crecen solas desde que rompen ese cascar\u00f3n.<\/p>\n<p><a title=\"Iguana de Cobre, Ventania (2)\" href=\"https:\/\/www.flickr.com\/photos\/182279889@N02\/51780867723\/in\/dateposted-public\/\" data-flickr-embed=\"true\"><img loading=\"lazy\" decoding=\"async\" src=\"https:\/\/live.staticflickr.com\/65535\/51780867723_994300277e_c.jpg\" alt=\"Iguana de Cobre, Ventania (2)\" width=\"800\" height=\"600\" \/><\/a><script async src=\"\/\/embedr.flickr.com\/assets\/client-code.js\" charset=\"utf-8\"><\/script><\/p>\n<p>An\u00edbal menciona que su trabajo se basa en recopilar datos sobre la iguana de cobre y explorar aquellas zonas donde muchas personas mencionan algunos indicios donde puede llegar a estar. \u00abMi laburo lo estoy mezclando con mi estudio\u00bb agreg\u00f3 que, a la vez que realiza su trabajo de preservaci\u00f3n de la iguana, tambi\u00e9n realiza sus tareas de tesis.<\/p>\n<p>&nbsp;<\/p>\n<p><strong><em>Nota completa a continuaci\u00f3n:<\/em><br \/>\n<iframe loading=\"lazy\" src=\"https:\/\/w.soundcloud.com\/player\/?url=https%3A\/\/api.soundcloud.com\/tracks\/1185784558&amp;color=%23ff5500&amp;auto_play=false&amp;hide_related=false&amp;show_comments=true&amp;show_user=true&amp;show_reposts=false&amp;show_teaser=true\" width=\"100%\" height=\"166\" frameborder=\"no\" scrolling=\"no\"><\/iframe><\/strong><\/p>\n<div style=\"font-size: 10px; color: #cccccc; line-break: anywhere; word-break: normal; overflow: hidden; white-space: nowrap; text-overflow: ellipsis; font-family: Interstate,Lucida Grande,Lucida Sans Unicode,Lucida Sans,Garuda,Verdana,Tahoma,sans-serif; font-weight: 100;\"><a style=\"color: #cccccc; text-decoration: none;\" title=\"fmreflejos 103.7\" href=\"https:\/\/soundcloud.com\/fmreflejos-103-7\" target=\"_blank\" rel=\"noopener\">fmreflejos 103.7<\/a> \u00b7 <a style=\"color: #cccccc; text-decoration: none;\" title=\"Anibal Areco\" href=\"https:\/\/soundcloud.com\/fmreflejos-103-7\/anibal-areco\" target=\"_blank\" rel=\"noopener\">Anibal Areco<\/a><\/div>\n<p><a title=\"Iguana de Cobre, Ventania (1)\" href=\"https:\/\/www.flickr.com\/photos\/182279889@N02\/51780621621\/in\/dateposted-public\/\" data-flickr-embed=\"true\"><img loading=\"lazy\" decoding=\"async\" src=\"https:\/\/live.staticflickr.com\/65535\/51780621621_16fdb8816a_c.jpg\" alt=\"Iguana de Cobre, Ventania (1)\" width=\"800\" height=\"389\" \/><\/a><script async src=\"\/\/embedr.flickr.com\/assets\/client-code.js\" charset=\"utf-8\"><\/script><\/p>\n<p><span style=\"color: #008000;\"><strong>Fotos y video de An\u00edbal Areco<\/strong><\/span><\/p>\n","protected":false},"excerpt":{"rendered":"<p>El Guardaparques del Parque Provincial, se encarga espec\u00edficamente de la preservaci\u00f3n de la iguana de cobre, especie aut\u00f3ctona de nuestra zona. Esta ma\u00f1ana, lo entrevistamos para que nos comparta la informaci\u00f3n que ha recopilado de estos individuos a lo largo de su trabajo y nos da indicios sobre c\u00f3mo reconocerla.<\/p>\n","protected":false},"author":3,"featured_media":66414,"comment_status":"closed","ping_status":"closed","sticky":false,"template":"","format":"standard","meta":{"footnotes":""},"categories":[46,34,26,33],"tags":[48],"class_list":["post-66412","post","type-post","status-publish","format-standard","has-post-thumbnail","hentry","category-ciencia-y-tecnologia","category-educacion","category-sociedad","category-turismo","tag-destacada"],"yoast_head":"<!-- This site is optimized with the Yoast SEO plugin v25.9 - https:\/\/yoast.com\/wordpress\/plugins\/seo\/ -->\n<title>La Iguana de Cobre: El Monumento Natural de la Provincia de Buenos Aires y especie end\u00e9mica, que se preserva en el sistema de Ventania - Noticias Radio Reflejos<\/title>\n<meta name=\"robots\" content=\"index, follow, max-snippet:-1, max-image-preview:large, max-video-preview:-1\" \/>\n<link rel=\"canonical\" href=\"https:\/\/www.noticiasradioreflejos.com.ar\/2021\/la-iguana-de-cobre-el-monumento-natural-de-la-provincia-de-buenos-aires-y-especie-endemica-que-se-preserva-en-el-sistema-de-ventania\/\" \/>\n<meta property=\"og:locale\" content=\"es_ES\" \/>\n<meta property=\"og:type\" content=\"article\" \/>\n<meta property=\"og:title\" content=\"La Iguana de Cobre: El Monumento Natural de la Provincia de Buenos Aires y especie end\u00e9mica, que se preserva en el sistema de Ventania - Noticias Radio Reflejos\" \/>\n<meta property=\"og:description\" content=\"El Guardaparques del Parque Provincial, se encarga espec\u00edficamente de la preservaci\u00f3n de la iguana de cobre, especie aut\u00f3ctona de nuestra zona. Esta ma\u00f1ana, lo entrevistamos para que nos comparta la informaci\u00f3n que ha recopilado de estos individuos a lo largo de su trabajo y nos da indicios sobre c\u00f3mo reconocerla.\" \/>\n<meta property=\"og:url\" content=\"https:\/\/www.noticiasradioreflejos.com.ar\/2021\/la-iguana-de-cobre-el-monumento-natural-de-la-provincia-de-buenos-aires-y-especie-endemica-que-se-preserva-en-el-sistema-de-ventania\/\" \/>\n<meta property=\"og:site_name\" content=\"Noticias Radio Reflejos\" \/>\n<meta property=\"article:published_time\" content=\"2021-12-28T00:39:38+00:00\" \/>\n<meta property=\"article:modified_time\" content=\"2021-12-28T00:40:18+00:00\" \/>\n<meta property=\"og:image\" content=\"https:\/\/www.noticiasradioreflejos.com.ar\/2021\/wp-content\/uploads\/2021\/12\/Iguana-de-Cobre-Ventania-4.jpeg\" \/>\n\t<meta property=\"og:image:width\" content=\"1280\" \/>\n\t<meta property=\"og:image:height\" content=\"960\" \/>\n\t<meta property=\"og:image:type\" content=\"image\/jpeg\" \/>\n<meta name=\"author\" content=\"Arnaldo Botto\" \/>\n<meta name=\"twitter:card\" content=\"summary_large_image\" \/>\n<script type=\"application\/ld+json\" class=\"yoast-schema-graph\">{\"@context\":\"https:\/\/schema.org\",\"@graph\":[{\"@type\":\"WebPage\",\"@id\":\"https:\/\/www.noticiasradioreflejos.com.ar\/2021\/la-iguana-de-cobre-el-monumento-natural-de-la-provincia-de-buenos-aires-y-especie-endemica-que-se-preserva-en-el-sistema-de-ventania\/\",\"url\":\"https:\/\/www.noticiasradioreflejos.com.ar\/2021\/la-iguana-de-cobre-el-monumento-natural-de-la-provincia-de-buenos-aires-y-especie-endemica-que-se-preserva-en-el-sistema-de-ventania\/\",\"name\":\"La Iguana de Cobre: El Monumento Natural de la Provincia de Buenos Aires y especie end\u00e9mica, que se preserva en el sistema de Ventania - Noticias Radio Reflejos\",\"isPartOf\":{\"@id\":\"https:\/\/www.noticiasradioreflejos.com.ar\/2021\/#website\"},\"primaryImageOfPage\":{\"@id\":\"https:\/\/www.noticiasradioreflejos.com.ar\/2021\/la-iguana-de-cobre-el-monumento-natural-de-la-provincia-de-buenos-aires-y-especie-endemica-que-se-preserva-en-el-sistema-de-ventania\/#primaryimage\"},\"image\":{\"@id\":\"https:\/\/www.noticiasradioreflejos.com.ar\/2021\/la-iguana-de-cobre-el-monumento-natural-de-la-provincia-de-buenos-aires-y-especie-endemica-que-se-preserva-en-el-sistema-de-ventania\/#primaryimage\"},\"thumbnailUrl\":\"https:\/\/www.noticiasradioreflejos.com.ar\/2021\/wp-content\/uploads\/2021\/12\/Iguana-de-Cobre-Ventania-4.jpeg\",\"datePublished\":\"2021-12-28T00:39:38+00:00\",\"dateModified\":\"2021-12-28T00:40:18+00:00\",\"author\":{\"@id\":\"https:\/\/www.noticiasradioreflejos.com.ar\/2021\/#\/schema\/person\/ad82545263dcc5ec0996818884fd5fb1\"},\"breadcrumb\":{\"@id\":\"https:\/\/www.noticiasradioreflejos.com.ar\/2021\/la-iguana-de-cobre-el-monumento-natural-de-la-provincia-de-buenos-aires-y-especie-endemica-que-se-preserva-en-el-sistema-de-ventania\/#breadcrumb\"},\"inLanguage\":\"es\",\"potentialAction\":[{\"@type\":\"ReadAction\",\"target\":[\"https:\/\/www.noticiasradioreflejos.com.ar\/2021\/la-iguana-de-cobre-el-monumento-natural-de-la-provincia-de-buenos-aires-y-especie-endemica-que-se-preserva-en-el-sistema-de-ventania\/\"]}]},{\"@type\":\"ImageObject\",\"inLanguage\":\"es\",\"@id\":\"https:\/\/www.noticiasradioreflejos.com.ar\/2021\/la-iguana-de-cobre-el-monumento-natural-de-la-provincia-de-buenos-aires-y-especie-endemica-que-se-preserva-en-el-sistema-de-ventania\/#primaryimage\",\"url\":\"https:\/\/www.noticiasradioreflejos.com.ar\/2021\/wp-content\/uploads\/2021\/12\/Iguana-de-Cobre-Ventania-4.jpeg\",\"contentUrl\":\"https:\/\/www.noticiasradioreflejos.com.ar\/2021\/wp-content\/uploads\/2021\/12\/Iguana-de-Cobre-Ventania-4.jpeg\",\"width\":1280,\"height\":960},{\"@type\":\"BreadcrumbList\",\"@id\":\"https:\/\/www.noticiasradioreflejos.com.ar\/2021\/la-iguana-de-cobre-el-monumento-natural-de-la-provincia-de-buenos-aires-y-especie-endemica-que-se-preserva-en-el-sistema-de-ventania\/#breadcrumb\",\"itemListElement\":[{\"@type\":\"ListItem\",\"position\":1,\"name\":\"Portada\",\"item\":\"https:\/\/www.noticiasradioreflejos.com.ar\/2021\/\"},{\"@type\":\"ListItem\",\"position\":2,\"name\":\"La Iguana de Cobre: El Monumento Natural de la Provincia de Buenos Aires y especie end\u00e9mica, que se preserva en el sistema de Ventania\"}]},{\"@type\":\"WebSite\",\"@id\":\"https:\/\/www.noticiasradioreflejos.com.ar\/2021\/#website\",\"url\":\"https:\/\/www.noticiasradioreflejos.com.ar\/2021\/\",\"name\":\"Noticias Radio Reflejos\",\"description\":\"Las noticias de mi comarca\",\"potentialAction\":[{\"@type\":\"SearchAction\",\"target\":{\"@type\":\"EntryPoint\",\"urlTemplate\":\"https:\/\/www.noticiasradioreflejos.com.ar\/2021\/?s={search_term_string}\"},\"query-input\":{\"@type\":\"PropertyValueSpecification\",\"valueRequired\":true,\"valueName\":\"search_term_string\"}}],\"inLanguage\":\"es\"},{\"@type\":\"Person\",\"@id\":\"https:\/\/www.noticiasradioreflejos.com.ar\/2021\/#\/schema\/person\/ad82545263dcc5ec0996818884fd5fb1\",\"name\":\"Arnaldo Botto\",\"image\":{\"@type\":\"ImageObject\",\"inLanguage\":\"es\",\"@id\":\"https:\/\/www.noticiasradioreflejos.com.ar\/2021\/#\/schema\/person\/image\/\",\"url\":\"https:\/\/secure.gravatar.com\/avatar\/55cb5e37c1efa326397366e6974cb338056df65cb50e7d64d1cf314e87504837?s=96&d=mm&r=g\",\"contentUrl\":\"https:\/\/secure.gravatar.com\/avatar\/55cb5e37c1efa326397366e6974cb338056df65cb50e7d64d1cf314e87504837?s=96&d=mm&r=g\",\"caption\":\"Arnaldo Botto\"},\"url\":\"https:\/\/www.noticiasradioreflejos.com.ar\/2021\/author\/arnaldo\/\"}]}<\/script>\n<!-- \/ Yoast SEO plugin. -->","yoast_head_json":{"title":"La Iguana de Cobre: El Monumento Natural de la Provincia de Buenos Aires y especie end\u00e9mica, que se preserva en el sistema de Ventania - Noticias Radio Reflejos","robots":{"index":"index","follow":"follow","max-snippet":"max-snippet:-1","max-image-preview":"max-image-preview:large","max-video-preview":"max-video-preview:-1"},"canonical":"https:\/\/www.noticiasradioreflejos.com.ar\/2021\/la-iguana-de-cobre-el-monumento-natural-de-la-provincia-de-buenos-aires-y-especie-endemica-que-se-preserva-en-el-sistema-de-ventania\/","og_locale":"es_ES","og_type":"article","og_title":"La Iguana de Cobre: El Monumento Natural de la Provincia de Buenos Aires y especie end\u00e9mica, que se preserva en el sistema de Ventania - Noticias Radio Reflejos","og_description":"El Guardaparques del Parque Provincial, se encarga espec\u00edficamente de la preservaci\u00f3n de la iguana de cobre, especie aut\u00f3ctona de nuestra zona. Esta ma\u00f1ana, lo entrevistamos para que nos comparta la informaci\u00f3n que ha recopilado de estos individuos a lo largo de su trabajo y nos da indicios sobre c\u00f3mo reconocerla.","og_url":"https:\/\/www.noticiasradioreflejos.com.ar\/2021\/la-iguana-de-cobre-el-monumento-natural-de-la-provincia-de-buenos-aires-y-especie-endemica-que-se-preserva-en-el-sistema-de-ventania\/","og_site_name":"Noticias Radio Reflejos","article_published_time":"2021-12-28T00:39:38+00:00","article_modified_time":"2021-12-28T00:40:18+00:00","og_image":[{"width":1280,"height":960,"url":"https:\/\/www.noticiasradioreflejos.com.ar\/2021\/wp-content\/uploads\/2021\/12\/Iguana-de-Cobre-Ventania-4.jpeg","type":"image\/jpeg"}],"author":"Arnaldo Botto","twitter_card":"summary_large_image","schema":{"@context":"https:\/\/schema.org","@graph":[{"@type":"WebPage","@id":"https:\/\/www.noticiasradioreflejos.com.ar\/2021\/la-iguana-de-cobre-el-monumento-natural-de-la-provincia-de-buenos-aires-y-especie-endemica-que-se-preserva-en-el-sistema-de-ventania\/","url":"https:\/\/www.noticiasradioreflejos.com.ar\/2021\/la-iguana-de-cobre-el-monumento-natural-de-la-provincia-de-buenos-aires-y-especie-endemica-que-se-preserva-en-el-sistema-de-ventania\/","name":"La Iguana de Cobre: El Monumento Natural de la Provincia de Buenos Aires y especie end\u00e9mica, que se preserva en el sistema de Ventania - Noticias Radio Reflejos","isPartOf":{"@id":"https:\/\/www.noticiasradioreflejos.com.ar\/2021\/#website"},"primaryImageOfPage":{"@id":"https:\/\/www.noticiasradioreflejos.com.ar\/2021\/la-iguana-de-cobre-el-monumento-natural-de-la-provincia-de-buenos-aires-y-especie-endemica-que-se-preserva-en-el-sistema-de-ventania\/#primaryimage"},"image":{"@id":"https:\/\/www.noticiasradioreflejos.com.ar\/2021\/la-iguana-de-cobre-el-monumento-natural-de-la-provincia-de-buenos-aires-y-especie-endemica-que-se-preserva-en-el-sistema-de-ventania\/#primaryimage"},"thumbnailUrl":"https:\/\/www.noticiasradioreflejos.com.ar\/2021\/wp-content\/uploads\/2021\/12\/Iguana-de-Cobre-Ventania-4.jpeg","datePublished":"2021-12-28T00:39:38+00:00","dateModified":"2021-12-28T00:40:18+00:00","author":{"@id":"https:\/\/www.noticiasradioreflejos.com.ar\/2021\/#\/schema\/person\/ad82545263dcc5ec0996818884fd5fb1"},"breadcrumb":{"@id":"https:\/\/www.noticiasradioreflejos.com.ar\/2021\/la-iguana-de-cobre-el-monumento-natural-de-la-provincia-de-buenos-aires-y-especie-endemica-que-se-preserva-en-el-sistema-de-ventania\/#breadcrumb"},"inLanguage":"es","potentialAction":[{"@type":"ReadAction","target":["https:\/\/www.noticiasradioreflejos.com.ar\/2021\/la-iguana-de-cobre-el-monumento-natural-de-la-provincia-de-buenos-aires-y-especie-endemica-que-se-preserva-en-el-sistema-de-ventania\/"]}]},{"@type":"ImageObject","inLanguage":"es","@id":"https:\/\/www.noticiasradioreflejos.com.ar\/2021\/la-iguana-de-cobre-el-monumento-natural-de-la-provincia-de-buenos-aires-y-especie-endemica-que-se-preserva-en-el-sistema-de-ventania\/#primaryimage","url":"https:\/\/www.noticiasradioreflejos.com.ar\/2021\/wp-content\/uploads\/2021\/12\/Iguana-de-Cobre-Ventania-4.jpeg","contentUrl":"https:\/\/www.noticiasradioreflejos.com.ar\/2021\/wp-content\/uploads\/2021\/12\/Iguana-de-Cobre-Ventania-4.jpeg","width":1280,"height":960},{"@type":"BreadcrumbList","@id":"https:\/\/www.noticiasradioreflejos.com.ar\/2021\/la-iguana-de-cobre-el-monumento-natural-de-la-provincia-de-buenos-aires-y-especie-endemica-que-se-preserva-en-el-sistema-de-ventania\/#breadcrumb","itemListElement":[{"@type":"ListItem","position":1,"name":"Portada","item":"https:\/\/www.noticiasradioreflejos.com.ar\/2021\/"},{"@type":"ListItem","position":2,"name":"La Iguana de Cobre: El Monumento Natural de la Provincia de Buenos Aires y especie end\u00e9mica, que se preserva en el sistema de Ventania"}]},{"@type":"WebSite","@id":"https:\/\/www.noticiasradioreflejos.com.ar\/2021\/#website","url":"https:\/\/www.noticiasradioreflejos.com.ar\/2021\/","name":"Noticias Radio Reflejos","description":"Las noticias de mi comarca","potentialAction":[{"@type":"SearchAction","target":{"@type":"EntryPoint","urlTemplate":"https:\/\/www.noticiasradioreflejos.com.ar\/2021\/?s={search_term_string}"},"query-input":{"@type":"PropertyValueSpecification","valueRequired":true,"valueName":"search_term_string"}}],"inLanguage":"es"},{"@type":"Person","@id":"https:\/\/www.noticiasradioreflejos.com.ar\/2021\/#\/schema\/person\/ad82545263dcc5ec0996818884fd5fb1","name":"Arnaldo Botto","image":{"@type":"ImageObject","inLanguage":"es","@id":"https:\/\/www.noticiasradioreflejos.com.ar\/2021\/#\/schema\/person\/image\/","url":"https:\/\/secure.gravatar.com\/avatar\/55cb5e37c1efa326397366e6974cb338056df65cb50e7d64d1cf314e87504837?s=96&d=mm&r=g","contentUrl":"https:\/\/secure.gravatar.com\/avatar\/55cb5e37c1efa326397366e6974cb338056df65cb50e7d64d1cf314e87504837?s=96&d=mm&r=g","caption":"Arnaldo Botto"},"url":"https:\/\/www.noticiasradioreflejos.com.ar\/2021\/author\/arnaldo\/"}]}},"_links":{"self":[{"href":"https:\/\/www.noticiasradioreflejos.com.ar\/2021\/wp-json\/wp\/v2\/posts\/66412","targetHints":{"allow":["GET"]}}],"collection":[{"href":"https:\/\/www.noticiasradioreflejos.com.ar\/2021\/wp-json\/wp\/v2\/posts"}],"about":[{"href":"https:\/\/www.noticiasradioreflejos.com.ar\/2021\/wp-json\/wp\/v2\/types\/post"}],"author":[{"embeddable":true,"href":"https:\/\/www.noticiasradioreflejos.com.ar\/2021\/wp-json\/wp\/v2\/users\/3"}],"replies":[{"embeddable":true,"href":"https:\/\/www.noticiasradioreflejos.com.ar\/2021\/wp-json\/wp\/v2\/comments?post=66412"}],"version-history":[{"count":2,"href":"https:\/\/www.noticiasradioreflejos.com.ar\/2021\/wp-json\/wp\/v2\/posts\/66412\/revisions"}],"predecessor-version":[{"id":66418,"href":"https:\/\/www.noticiasradioreflejos.com.ar\/2021\/wp-json\/wp\/v2\/posts\/66412\/revisions\/66418"}],"wp:featuredmedia":[{"embeddable":true,"href":"https:\/\/www.noticiasradioreflejos.com.ar\/2021\/wp-json\/wp\/v2\/media\/66414"}],"wp:attachment":[{"href":"https:\/\/www.noticiasradioreflejos.com.ar\/2021\/wp-json\/wp\/v2\/media?parent=66412"}],"wp:term":[{"taxonomy":"category","embeddable":true,"href":"https:\/\/www.noticiasradioreflejos.com.ar\/2021\/wp-json\/wp\/v2\/categories?post=66412"},{"taxonomy":"post_tag","embeddable":true,"href":"https:\/\/www.noticiasradioreflejos.com.ar\/2021\/wp-json\/wp\/v2\/tags?post=66412"}],"curies":[{"name":"wp","href":"https:\/\/api.w.org\/{rel}","templated":true}]}}