{"id":664,"date":"2016-09-08T19:27:33","date_gmt":"2016-09-08T19:27:33","guid":{"rendered":"http:\/\/noticiasradioreflejos.com.ar\/noticias\/?p=664"},"modified":"2016-09-08T19:27:33","modified_gmt":"2016-09-08T19:27:33","slug":"de-picnic-a-frutopolis-llego-al-teatro","status":"publish","type":"post","link":"https:\/\/www.noticiasradioreflejos.com.ar\/2021\/de-picnic-a-frutopolis-llego-al-teatro\/","title":{"rendered":"De Picnic a Frutopolis lleg\u00f3 al teatro"},"content":{"rendered":"<p>Este mi\u00e9rcoles se desarroll\u00f3 en el Teatro Rodolfo Funke, la obra del \u00e1rea de salud, De Picnic a Frutopolis, para celebrar el d\u00eda del Nutricionista.<!--more--><br \/>\nEsta es una actividad que se viene desarrollando desde hace cuatro a\u00f1os, y tiene como objetivo llevar a los chicos un mensaje de alimentaci\u00f3n saludable.<br \/>\nLa obra se realiz\u00f3 en dos funciones, de ma\u00f1ana a las 10:00 horas y de tarde a las 15:00, para que todas las escuelas puedan participar. Al finar la funci\u00f3n a cada uno de los ni\u00f1os que asistieron se les entrego un turr\u00f3n y una fruta para su desayuno o merienda.<br \/>\nEl Honorable Concejo Deliberante ha declaro esta iniciativa de interese municipal con el nombre de \u201cProyecto de prevenci\u00f3n y promoci\u00f3n de h\u00e1bitos saludables.<br \/>\nDe picnic a frutopolis volver\u00e1 al escenario en la localidad de Chasic\u00f3 pr\u00f3ximamente.<br \/>\n<a title=\"DSC_0327\" href=\"http:\/\/farm9.staticflickr.com\/8153\/29513841186_9ba2a6d80c_c.jpg\" rel=\"\"><img loading=\"lazy\" decoding=\"async\" class=\"aligncenter\" title=\"DSC_0327\" src=\"http:\/\/farm9.staticflickr.com\/8153\/29513841186_9ba2a6d80c_c.jpg\" alt=\"DSC_0327\" width=\"800\" height=\"534\" \/><\/a><br \/>\n<a title=\"DSC_0387 (1)\" href=\"http:\/\/farm9.staticflickr.com\/8527\/28925004303_74d3e4cfac_c.jpg\" rel=\"\"><img loading=\"lazy\" decoding=\"async\" class=\"aligncenter\" title=\"DSC_0387 (1)\" src=\"http:\/\/farm9.staticflickr.com\/8527\/28925004303_74d3e4cfac_c.jpg\" alt=\"DSC_0387 (1)\" width=\"800\" height=\"534\" \/><\/a><\/p>\n","protected":false},"excerpt":{"rendered":"<p>Este mi\u00e9rcoles se desarroll\u00f3 en el Teatro Rodolfo Funke, la obra del \u00e1rea de salud, De Picnic a Frutopolis, para celebrar el d\u00eda del Nutricionista.<\/p>\n","protected":false},"author":3,"featured_media":0,"comment_status":"closed","ping_status":"open","sticky":false,"template":"","format":"standard","meta":{"footnotes":""},"categories":[35],"tags":[],"class_list":["post-664","post","type-post","status-publish","format-standard","hentry","category-cultura"],"yoast_head":"<!-- This site is optimized with the Yoast SEO plugin v25.9 - https:\/\/yoast.com\/wordpress\/plugins\/seo\/ -->\n<title>De Picnic a Frutopolis lleg\u00f3 al teatro - Noticias Radio Reflejos<\/title>\n<meta name=\"robots\" content=\"index, follow, max-snippet:-1, max-image-preview:large, max-video-preview:-1\" \/>\n<link rel=\"canonical\" href=\"https:\/\/www.noticiasradioreflejos.com.ar\/2021\/de-picnic-a-frutopolis-llego-al-teatro\/\" \/>\n<meta property=\"og:locale\" content=\"es_ES\" \/>\n<meta property=\"og:type\" content=\"article\" \/>\n<meta property=\"og:title\" content=\"De Picnic a Frutopolis lleg\u00f3 al teatro - Noticias Radio Reflejos\" \/>\n<meta property=\"og:description\" content=\"Este mi\u00e9rcoles se desarroll\u00f3 en el Teatro Rodolfo Funke, la obra del \u00e1rea de salud, De Picnic a Frutopolis, para celebrar el d\u00eda del Nutricionista.\" \/>\n<meta property=\"og:url\" content=\"https:\/\/www.noticiasradioreflejos.com.ar\/2021\/de-picnic-a-frutopolis-llego-al-teatro\/\" \/>\n<meta property=\"og:site_name\" content=\"Noticias Radio Reflejos\" \/>\n<meta property=\"article:published_time\" content=\"2016-09-08T19:27:33+00:00\" \/>\n<meta property=\"og:image\" content=\"http:\/\/farm9.staticflickr.com\/8153\/29513841186_9ba2a6d80c_c.jpg\" \/>\n<meta name=\"author\" content=\"Arnaldo Botto\" \/>\n<meta name=\"twitter:card\" content=\"summary_large_image\" \/>\n<script type=\"application\/ld+json\" class=\"yoast-schema-graph\">{\"@context\":\"https:\/\/schema.org\",\"@graph\":[{\"@type\":\"WebPage\",\"@id\":\"https:\/\/www.noticiasradioreflejos.com.ar\/2021\/de-picnic-a-frutopolis-llego-al-teatro\/\",\"url\":\"https:\/\/www.noticiasradioreflejos.com.ar\/2021\/de-picnic-a-frutopolis-llego-al-teatro\/\",\"name\":\"De Picnic a Frutopolis lleg\u00f3 al teatro - Noticias Radio Reflejos\",\"isPartOf\":{\"@id\":\"https:\/\/www.noticiasradioreflejos.com.ar\/2021\/#website\"},\"primaryImageOfPage\":{\"@id\":\"https:\/\/www.noticiasradioreflejos.com.ar\/2021\/de-picnic-a-frutopolis-llego-al-teatro\/#primaryimage\"},\"image\":{\"@id\":\"https:\/\/www.noticiasradioreflejos.com.ar\/2021\/de-picnic-a-frutopolis-llego-al-teatro\/#primaryimage\"},\"thumbnailUrl\":\"http:\/\/farm9.staticflickr.com\/8153\/29513841186_9ba2a6d80c_c.jpg\",\"datePublished\":\"2016-09-08T19:27:33+00:00\",\"author\":{\"@id\":\"https:\/\/www.noticiasradioreflejos.com.ar\/2021\/#\/schema\/person\/ad82545263dcc5ec0996818884fd5fb1\"},\"breadcrumb\":{\"@id\":\"https:\/\/www.noticiasradioreflejos.com.ar\/2021\/de-picnic-a-frutopolis-llego-al-teatro\/#breadcrumb\"},\"inLanguage\":\"es\",\"potentialAction\":[{\"@type\":\"ReadAction\",\"target\":[\"https:\/\/www.noticiasradioreflejos.com.ar\/2021\/de-picnic-a-frutopolis-llego-al-teatro\/\"]}]},{\"@type\":\"ImageObject\",\"inLanguage\":\"es\",\"@id\":\"https:\/\/www.noticiasradioreflejos.com.ar\/2021\/de-picnic-a-frutopolis-llego-al-teatro\/#primaryimage\",\"url\":\"http:\/\/farm9.staticflickr.com\/8153\/29513841186_9ba2a6d80c_c.jpg\",\"contentUrl\":\"http:\/\/farm9.staticflickr.com\/8153\/29513841186_9ba2a6d80c_c.jpg\"},{\"@type\":\"BreadcrumbList\",\"@id\":\"https:\/\/www.noticiasradioreflejos.com.ar\/2021\/de-picnic-a-frutopolis-llego-al-teatro\/#breadcrumb\",\"itemListElement\":[{\"@type\":\"ListItem\",\"position\":1,\"name\":\"Portada\",\"item\":\"https:\/\/www.noticiasradioreflejos.com.ar\/2021\/\"},{\"@type\":\"ListItem\",\"position\":2,\"name\":\"De Picnic a Frutopolis lleg\u00f3 al teatro\"}]},{\"@type\":\"WebSite\",\"@id\":\"https:\/\/www.noticiasradioreflejos.com.ar\/2021\/#website\",\"url\":\"https:\/\/www.noticiasradioreflejos.com.ar\/2021\/\",\"name\":\"Noticias Radio Reflejos\",\"description\":\"Las noticias de mi comarca\",\"potentialAction\":[{\"@type\":\"SearchAction\",\"target\":{\"@type\":\"EntryPoint\",\"urlTemplate\":\"https:\/\/www.noticiasradioreflejos.com.ar\/2021\/?s={search_term_string}\"},\"query-input\":{\"@type\":\"PropertyValueSpecification\",\"valueRequired\":true,\"valueName\":\"search_term_string\"}}],\"inLanguage\":\"es\"},{\"@type\":\"Person\",\"@id\":\"https:\/\/www.noticiasradioreflejos.com.ar\/2021\/#\/schema\/person\/ad82545263dcc5ec0996818884fd5fb1\",\"name\":\"Arnaldo Botto\",\"image\":{\"@type\":\"ImageObject\",\"inLanguage\":\"es\",\"@id\":\"https:\/\/www.noticiasradioreflejos.com.ar\/2021\/#\/schema\/person\/image\/\",\"url\":\"https:\/\/secure.gravatar.com\/avatar\/55cb5e37c1efa326397366e6974cb338056df65cb50e7d64d1cf314e87504837?s=96&d=mm&r=g\",\"contentUrl\":\"https:\/\/secure.gravatar.com\/avatar\/55cb5e37c1efa326397366e6974cb338056df65cb50e7d64d1cf314e87504837?s=96&d=mm&r=g\",\"caption\":\"Arnaldo Botto\"},\"url\":\"https:\/\/www.noticiasradioreflejos.com.ar\/2021\/author\/arnaldo\/\"}]}<\/script>\n<!-- \/ Yoast SEO plugin. -->","yoast_head_json":{"title":"De Picnic a Frutopolis lleg\u00f3 al teatro - Noticias Radio Reflejos","robots":{"index":"index","follow":"follow","max-snippet":"max-snippet:-1","max-image-preview":"max-image-preview:large","max-video-preview":"max-video-preview:-1"},"canonical":"https:\/\/www.noticiasradioreflejos.com.ar\/2021\/de-picnic-a-frutopolis-llego-al-teatro\/","og_locale":"es_ES","og_type":"article","og_title":"De Picnic a Frutopolis lleg\u00f3 al teatro - Noticias Radio Reflejos","og_description":"Este mi\u00e9rcoles se desarroll\u00f3 en el Teatro Rodolfo Funke, la obra del \u00e1rea de salud, De Picnic a Frutopolis, para celebrar el d\u00eda del Nutricionista.","og_url":"https:\/\/www.noticiasradioreflejos.com.ar\/2021\/de-picnic-a-frutopolis-llego-al-teatro\/","og_site_name":"Noticias Radio Reflejos","article_published_time":"2016-09-08T19:27:33+00:00","og_image":[{"url":"http:\/\/farm9.staticflickr.com\/8153\/29513841186_9ba2a6d80c_c.jpg","type":"","width":"","height":""}],"author":"Arnaldo Botto","twitter_card":"summary_large_image","schema":{"@context":"https:\/\/schema.org","@graph":[{"@type":"WebPage","@id":"https:\/\/www.noticiasradioreflejos.com.ar\/2021\/de-picnic-a-frutopolis-llego-al-teatro\/","url":"https:\/\/www.noticiasradioreflejos.com.ar\/2021\/de-picnic-a-frutopolis-llego-al-teatro\/","name":"De Picnic a Frutopolis lleg\u00f3 al teatro - Noticias Radio Reflejos","isPartOf":{"@id":"https:\/\/www.noticiasradioreflejos.com.ar\/2021\/#website"},"primaryImageOfPage":{"@id":"https:\/\/www.noticiasradioreflejos.com.ar\/2021\/de-picnic-a-frutopolis-llego-al-teatro\/#primaryimage"},"image":{"@id":"https:\/\/www.noticiasradioreflejos.com.ar\/2021\/de-picnic-a-frutopolis-llego-al-teatro\/#primaryimage"},"thumbnailUrl":"http:\/\/farm9.staticflickr.com\/8153\/29513841186_9ba2a6d80c_c.jpg","datePublished":"2016-09-08T19:27:33+00:00","author":{"@id":"https:\/\/www.noticiasradioreflejos.com.ar\/2021\/#\/schema\/person\/ad82545263dcc5ec0996818884fd5fb1"},"breadcrumb":{"@id":"https:\/\/www.noticiasradioreflejos.com.ar\/2021\/de-picnic-a-frutopolis-llego-al-teatro\/#breadcrumb"},"inLanguage":"es","potentialAction":[{"@type":"ReadAction","target":["https:\/\/www.noticiasradioreflejos.com.ar\/2021\/de-picnic-a-frutopolis-llego-al-teatro\/"]}]},{"@type":"ImageObject","inLanguage":"es","@id":"https:\/\/www.noticiasradioreflejos.com.ar\/2021\/de-picnic-a-frutopolis-llego-al-teatro\/#primaryimage","url":"http:\/\/farm9.staticflickr.com\/8153\/29513841186_9ba2a6d80c_c.jpg","contentUrl":"http:\/\/farm9.staticflickr.com\/8153\/29513841186_9ba2a6d80c_c.jpg"},{"@type":"BreadcrumbList","@id":"https:\/\/www.noticiasradioreflejos.com.ar\/2021\/de-picnic-a-frutopolis-llego-al-teatro\/#breadcrumb","itemListElement":[{"@type":"ListItem","position":1,"name":"Portada","item":"https:\/\/www.noticiasradioreflejos.com.ar\/2021\/"},{"@type":"ListItem","position":2,"name":"De Picnic a Frutopolis lleg\u00f3 al teatro"}]},{"@type":"WebSite","@id":"https:\/\/www.noticiasradioreflejos.com.ar\/2021\/#website","url":"https:\/\/www.noticiasradioreflejos.com.ar\/2021\/","name":"Noticias Radio Reflejos","description":"Las noticias de mi comarca","potentialAction":[{"@type":"SearchAction","target":{"@type":"EntryPoint","urlTemplate":"https:\/\/www.noticiasradioreflejos.com.ar\/2021\/?s={search_term_string}"},"query-input":{"@type":"PropertyValueSpecification","valueRequired":true,"valueName":"search_term_string"}}],"inLanguage":"es"},{"@type":"Person","@id":"https:\/\/www.noticiasradioreflejos.com.ar\/2021\/#\/schema\/person\/ad82545263dcc5ec0996818884fd5fb1","name":"Arnaldo Botto","image":{"@type":"ImageObject","inLanguage":"es","@id":"https:\/\/www.noticiasradioreflejos.com.ar\/2021\/#\/schema\/person\/image\/","url":"https:\/\/secure.gravatar.com\/avatar\/55cb5e37c1efa326397366e6974cb338056df65cb50e7d64d1cf314e87504837?s=96&d=mm&r=g","contentUrl":"https:\/\/secure.gravatar.com\/avatar\/55cb5e37c1efa326397366e6974cb338056df65cb50e7d64d1cf314e87504837?s=96&d=mm&r=g","caption":"Arnaldo Botto"},"url":"https:\/\/www.noticiasradioreflejos.com.ar\/2021\/author\/arnaldo\/"}]}},"_links":{"self":[{"href":"https:\/\/www.noticiasradioreflejos.com.ar\/2021\/wp-json\/wp\/v2\/posts\/664","targetHints":{"allow":["GET"]}}],"collection":[{"href":"https:\/\/www.noticiasradioreflejos.com.ar\/2021\/wp-json\/wp\/v2\/posts"}],"about":[{"href":"https:\/\/www.noticiasradioreflejos.com.ar\/2021\/wp-json\/wp\/v2\/types\/post"}],"author":[{"embeddable":true,"href":"https:\/\/www.noticiasradioreflejos.com.ar\/2021\/wp-json\/wp\/v2\/users\/3"}],"replies":[{"embeddable":true,"href":"https:\/\/www.noticiasradioreflejos.com.ar\/2021\/wp-json\/wp\/v2\/comments?post=664"}],"version-history":[{"count":0,"href":"https:\/\/www.noticiasradioreflejos.com.ar\/2021\/wp-json\/wp\/v2\/posts\/664\/revisions"}],"wp:attachment":[{"href":"https:\/\/www.noticiasradioreflejos.com.ar\/2021\/wp-json\/wp\/v2\/media?parent=664"}],"wp:term":[{"taxonomy":"category","embeddable":true,"href":"https:\/\/www.noticiasradioreflejos.com.ar\/2021\/wp-json\/wp\/v2\/categories?post=664"},{"taxonomy":"post_tag","embeddable":true,"href":"https:\/\/www.noticiasradioreflejos.com.ar\/2021\/wp-json\/wp\/v2\/tags?post=664"}],"curies":[{"name":"wp","href":"https:\/\/api.w.org\/{rel}","templated":true}]}}