{"id":66378,"date":"2021-12-25T15:55:53","date_gmt":"2021-12-25T15:55:53","guid":{"rendered":"http:\/\/www.noticiasradioreflejos.com.ar\/2021\/?p=66378"},"modified":"2021-12-25T15:55:53","modified_gmt":"2021-12-25T15:55:53","slug":"cordoba-supero-los-5-000-casos-diarios-por-primera-vez-desde-junio","status":"publish","type":"post","link":"https:\/\/www.noticiasradioreflejos.com.ar\/2021\/cordoba-supero-los-5-000-casos-diarios-por-primera-vez-desde-junio\/","title":{"rendered":"C\u00f3rdoba super\u00f3 los 5.000 casos diarios por primera vez desde junio"},"content":{"rendered":"<p>El crecimiento en el n\u00famero de contagios que se dio en las \u00faltimas dos semanas y particularmente en las jornadas previas a la Noche Buena, donde vecinos realizaban largu\u00edsimas filas en busca de realizarse hisopados.<\/p>\n<p><!--more--><\/p>\n<div class=\"wrapper-editable-content\">\n<div>\n<div class=\"wrapper-editable-content\">\n<div>\n<div class=\"container-md\">\n<div class=\"row\">\n<div class=\"col-md-12 speak\">\n<div class=\"paragraph\">\n<figure class=\"mb-3\"><img decoding=\"async\" src=\"https:\/\/www.telam.com.ar\/thumbs\/bluesteel\/advf\/imagenes\/2021\/12\/61c5c69a393bc_900.jpg\" alt=\"Foto Laura Lescano\" width=\"100%\" height=\"100%\" \/><\/figure>\n<\/div>\n<\/div>\n<\/div>\n<\/div>\n<\/div>\n<\/div>\n<\/div>\n<\/div>\n<div class=\"media-icons\"><\/div>\n<p>Foto: Laura Lescano<\/p>\n<p>La provincia de C\u00f3rdoba contabiliz\u00f3\u00a0<strong>en las \u00faltimas 24 horas 5.064 casos nuevos<\/strong>\u00a0de coronavirus, cifra que no se registraba desde junio pasado, en medio del avance de la ola de contagios principalmente de la variante \u00d3micron, en tanto que se mantienen bajos los niveles de internaciones.<\/p>\n<p>El crecimiento en el n\u00famero de contagios que se dio en las \u00faltimas dos semanas y particularmente en las jornadas previas a la Noche Buena, donde\u00a0<strong>vecinos realizaban largu\u00edsimas filas en busca de realizarse hisopados<\/strong>\u00a0que dieran su diagn\u00f3stico sobre si estaban o no contagiados, gener\u00f3 tambi\u00e9n que suspendieran eventos extraordinarios de gran convocatoria.<\/p>\n<p>El Gobierno provincial hab\u00eda sido uno de los que adelant\u00f3 la implementaci\u00f3n del pase sanitario para el martes pasado, por la escalada de casos que se ven\u00edan dando, aunque esta situaci\u00f3n era poco esperable semanas atr\u00e1s.<\/p>\n<p>En C\u00f3rdoba es dif\u00edcil encontrar personas que no tengan alg\u00fan conocido contagiado o al menos que haya sido contacto estrecho, por lo que\u00a0<strong>se multiplicaron los casos en que la llegada de la Navidad fue esperada de manera individual<\/strong>, o solo con el grupo conviviente.<\/p>\n<figure class=\"mb-3\"><img decoding=\"async\" src=\"https:\/\/www.telam.com.ar\/thumbs\/bluesteel\/advf\/imagenes\/2021\/12\/61c5c69a51882_900.jpg\" alt=\"Foto Laura Lescano\" width=\"100%\" height=\"100%\" \/><\/p>\n<div class=\"media-icons\"><\/div><figcaption>Foto: Laura Lescano<\/figcaption><\/figure>\n<p>Este s\u00e1bado a\u00fan no hubo informaci\u00f3n oficial sobre la realizaci\u00f3n de fiestas clandestinas, lo que podr\u00eda incrementar el n\u00famero de contagios en los pr\u00f3ximos d\u00edas, teniendo en cuenta que \u2013seg\u00fan las autoridades sanitarias-\u00a0<strong>la variante \u00d3micron es tres veces m\u00e1s contagiosa que la Delta.<\/strong><\/p>\n<p>Por otra parte, en la provincia se encuentran internadas 49 personas en camas de unidades para adultos Covid-19, lo que representa el 1,4% del total de camas en la provincia de C\u00f3rdoba, porcentaje que se mantuvo estable en los \u00faltimos cinco d\u00edas.<\/p>\n","protected":false},"excerpt":{"rendered":"<p>El crecimiento en el n\u00famero de contagios que se dio en las \u00faltimas dos semanas y particularmente en las jornadas previas a la Noche Buena, donde vecinos realizaban largu\u00edsimas filas en busca de realizarse hisopados.<\/p>\n","protected":false},"author":3,"featured_media":0,"comment_status":"closed","ping_status":"closed","sticky":false,"template":"","format":"standard","meta":{"footnotes":""},"categories":[1],"tags":[],"class_list":["post-66378","post","type-post","status-publish","format-standard","hentry","category-sin-categoria"],"yoast_head":"<!-- This site is optimized with the Yoast SEO plugin v25.9 - https:\/\/yoast.com\/wordpress\/plugins\/seo\/ -->\n<title>C\u00f3rdoba super\u00f3 los 5.000 casos diarios por primera vez desde junio - Noticias Radio Reflejos<\/title>\n<meta name=\"robots\" content=\"index, follow, max-snippet:-1, max-image-preview:large, max-video-preview:-1\" \/>\n<link rel=\"canonical\" href=\"https:\/\/www.noticiasradioreflejos.com.ar\/2021\/cordoba-supero-los-5-000-casos-diarios-por-primera-vez-desde-junio\/\" \/>\n<meta property=\"og:locale\" content=\"es_ES\" \/>\n<meta property=\"og:type\" content=\"article\" \/>\n<meta property=\"og:title\" content=\"C\u00f3rdoba super\u00f3 los 5.000 casos diarios por primera vez desde junio - Noticias Radio Reflejos\" \/>\n<meta property=\"og:description\" content=\"El crecimiento en el n\u00famero de contagios que se dio en las \u00faltimas dos semanas y particularmente en las jornadas previas a la Noche Buena, donde vecinos realizaban largu\u00edsimas filas en busca de realizarse hisopados.\" \/>\n<meta property=\"og:url\" content=\"https:\/\/www.noticiasradioreflejos.com.ar\/2021\/cordoba-supero-los-5-000-casos-diarios-por-primera-vez-desde-junio\/\" \/>\n<meta property=\"og:site_name\" content=\"Noticias Radio Reflejos\" \/>\n<meta property=\"article:published_time\" content=\"2021-12-25T15:55:53+00:00\" \/>\n<meta property=\"og:image\" content=\"https:\/\/www.telam.com.ar\/thumbs\/bluesteel\/advf\/imagenes\/2021\/12\/61c5c69a393bc_900.jpg\" \/>\n<meta name=\"author\" content=\"Arnaldo Botto\" \/>\n<meta name=\"twitter:card\" content=\"summary_large_image\" \/>\n<script type=\"application\/ld+json\" class=\"yoast-schema-graph\">{\"@context\":\"https:\/\/schema.org\",\"@graph\":[{\"@type\":\"WebPage\",\"@id\":\"https:\/\/www.noticiasradioreflejos.com.ar\/2021\/cordoba-supero-los-5-000-casos-diarios-por-primera-vez-desde-junio\/\",\"url\":\"https:\/\/www.noticiasradioreflejos.com.ar\/2021\/cordoba-supero-los-5-000-casos-diarios-por-primera-vez-desde-junio\/\",\"name\":\"C\u00f3rdoba super\u00f3 los 5.000 casos diarios por primera vez desde junio - Noticias Radio Reflejos\",\"isPartOf\":{\"@id\":\"https:\/\/www.noticiasradioreflejos.com.ar\/2021\/#website\"},\"primaryImageOfPage\":{\"@id\":\"https:\/\/www.noticiasradioreflejos.com.ar\/2021\/cordoba-supero-los-5-000-casos-diarios-por-primera-vez-desde-junio\/#primaryimage\"},\"image\":{\"@id\":\"https:\/\/www.noticiasradioreflejos.com.ar\/2021\/cordoba-supero-los-5-000-casos-diarios-por-primera-vez-desde-junio\/#primaryimage\"},\"thumbnailUrl\":\"https:\/\/www.telam.com.ar\/thumbs\/bluesteel\/advf\/imagenes\/2021\/12\/61c5c69a393bc_900.jpg\",\"datePublished\":\"2021-12-25T15:55:53+00:00\",\"author\":{\"@id\":\"https:\/\/www.noticiasradioreflejos.com.ar\/2021\/#\/schema\/person\/ad82545263dcc5ec0996818884fd5fb1\"},\"breadcrumb\":{\"@id\":\"https:\/\/www.noticiasradioreflejos.com.ar\/2021\/cordoba-supero-los-5-000-casos-diarios-por-primera-vez-desde-junio\/#breadcrumb\"},\"inLanguage\":\"es\",\"potentialAction\":[{\"@type\":\"ReadAction\",\"target\":[\"https:\/\/www.noticiasradioreflejos.com.ar\/2021\/cordoba-supero-los-5-000-casos-diarios-por-primera-vez-desde-junio\/\"]}]},{\"@type\":\"ImageObject\",\"inLanguage\":\"es\",\"@id\":\"https:\/\/www.noticiasradioreflejos.com.ar\/2021\/cordoba-supero-los-5-000-casos-diarios-por-primera-vez-desde-junio\/#primaryimage\",\"url\":\"https:\/\/www.telam.com.ar\/thumbs\/bluesteel\/advf\/imagenes\/2021\/12\/61c5c69a393bc_900.jpg\",\"contentUrl\":\"https:\/\/www.telam.com.ar\/thumbs\/bluesteel\/advf\/imagenes\/2021\/12\/61c5c69a393bc_900.jpg\"},{\"@type\":\"BreadcrumbList\",\"@id\":\"https:\/\/www.noticiasradioreflejos.com.ar\/2021\/cordoba-supero-los-5-000-casos-diarios-por-primera-vez-desde-junio\/#breadcrumb\",\"itemListElement\":[{\"@type\":\"ListItem\",\"position\":1,\"name\":\"Portada\",\"item\":\"https:\/\/www.noticiasradioreflejos.com.ar\/2021\/\"},{\"@type\":\"ListItem\",\"position\":2,\"name\":\"C\u00f3rdoba super\u00f3 los 5.000 casos diarios por primera vez desde junio\"}]},{\"@type\":\"WebSite\",\"@id\":\"https:\/\/www.noticiasradioreflejos.com.ar\/2021\/#website\",\"url\":\"https:\/\/www.noticiasradioreflejos.com.ar\/2021\/\",\"name\":\"Noticias Radio Reflejos\",\"description\":\"Las noticias de mi comarca\",\"potentialAction\":[{\"@type\":\"SearchAction\",\"target\":{\"@type\":\"EntryPoint\",\"urlTemplate\":\"https:\/\/www.noticiasradioreflejos.com.ar\/2021\/?s={search_term_string}\"},\"query-input\":{\"@type\":\"PropertyValueSpecification\",\"valueRequired\":true,\"valueName\":\"search_term_string\"}}],\"inLanguage\":\"es\"},{\"@type\":\"Person\",\"@id\":\"https:\/\/www.noticiasradioreflejos.com.ar\/2021\/#\/schema\/person\/ad82545263dcc5ec0996818884fd5fb1\",\"name\":\"Arnaldo Botto\",\"image\":{\"@type\":\"ImageObject\",\"inLanguage\":\"es\",\"@id\":\"https:\/\/www.noticiasradioreflejos.com.ar\/2021\/#\/schema\/person\/image\/\",\"url\":\"https:\/\/secure.gravatar.com\/avatar\/55cb5e37c1efa326397366e6974cb338056df65cb50e7d64d1cf314e87504837?s=96&d=mm&r=g\",\"contentUrl\":\"https:\/\/secure.gravatar.com\/avatar\/55cb5e37c1efa326397366e6974cb338056df65cb50e7d64d1cf314e87504837?s=96&d=mm&r=g\",\"caption\":\"Arnaldo Botto\"},\"url\":\"https:\/\/www.noticiasradioreflejos.com.ar\/2021\/author\/arnaldo\/\"}]}<\/script>\n<!-- \/ Yoast SEO plugin. -->","yoast_head_json":{"title":"C\u00f3rdoba super\u00f3 los 5.000 casos diarios por primera vez desde junio - Noticias Radio Reflejos","robots":{"index":"index","follow":"follow","max-snippet":"max-snippet:-1","max-image-preview":"max-image-preview:large","max-video-preview":"max-video-preview:-1"},"canonical":"https:\/\/www.noticiasradioreflejos.com.ar\/2021\/cordoba-supero-los-5-000-casos-diarios-por-primera-vez-desde-junio\/","og_locale":"es_ES","og_type":"article","og_title":"C\u00f3rdoba super\u00f3 los 5.000 casos diarios por primera vez desde junio - Noticias Radio Reflejos","og_description":"El crecimiento en el n\u00famero de contagios que se dio en las \u00faltimas dos semanas y particularmente en las jornadas previas a la Noche Buena, donde vecinos realizaban largu\u00edsimas filas en busca de realizarse hisopados.","og_url":"https:\/\/www.noticiasradioreflejos.com.ar\/2021\/cordoba-supero-los-5-000-casos-diarios-por-primera-vez-desde-junio\/","og_site_name":"Noticias Radio Reflejos","article_published_time":"2021-12-25T15:55:53+00:00","og_image":[{"url":"https:\/\/www.telam.com.ar\/thumbs\/bluesteel\/advf\/imagenes\/2021\/12\/61c5c69a393bc_900.jpg","type":"","width":"","height":""}],"author":"Arnaldo Botto","twitter_card":"summary_large_image","schema":{"@context":"https:\/\/schema.org","@graph":[{"@type":"WebPage","@id":"https:\/\/www.noticiasradioreflejos.com.ar\/2021\/cordoba-supero-los-5-000-casos-diarios-por-primera-vez-desde-junio\/","url":"https:\/\/www.noticiasradioreflejos.com.ar\/2021\/cordoba-supero-los-5-000-casos-diarios-por-primera-vez-desde-junio\/","name":"C\u00f3rdoba super\u00f3 los 5.000 casos diarios por primera vez desde junio - Noticias Radio Reflejos","isPartOf":{"@id":"https:\/\/www.noticiasradioreflejos.com.ar\/2021\/#website"},"primaryImageOfPage":{"@id":"https:\/\/www.noticiasradioreflejos.com.ar\/2021\/cordoba-supero-los-5-000-casos-diarios-por-primera-vez-desde-junio\/#primaryimage"},"image":{"@id":"https:\/\/www.noticiasradioreflejos.com.ar\/2021\/cordoba-supero-los-5-000-casos-diarios-por-primera-vez-desde-junio\/#primaryimage"},"thumbnailUrl":"https:\/\/www.telam.com.ar\/thumbs\/bluesteel\/advf\/imagenes\/2021\/12\/61c5c69a393bc_900.jpg","datePublished":"2021-12-25T15:55:53+00:00","author":{"@id":"https:\/\/www.noticiasradioreflejos.com.ar\/2021\/#\/schema\/person\/ad82545263dcc5ec0996818884fd5fb1"},"breadcrumb":{"@id":"https:\/\/www.noticiasradioreflejos.com.ar\/2021\/cordoba-supero-los-5-000-casos-diarios-por-primera-vez-desde-junio\/#breadcrumb"},"inLanguage":"es","potentialAction":[{"@type":"ReadAction","target":["https:\/\/www.noticiasradioreflejos.com.ar\/2021\/cordoba-supero-los-5-000-casos-diarios-por-primera-vez-desde-junio\/"]}]},{"@type":"ImageObject","inLanguage":"es","@id":"https:\/\/www.noticiasradioreflejos.com.ar\/2021\/cordoba-supero-los-5-000-casos-diarios-por-primera-vez-desde-junio\/#primaryimage","url":"https:\/\/www.telam.com.ar\/thumbs\/bluesteel\/advf\/imagenes\/2021\/12\/61c5c69a393bc_900.jpg","contentUrl":"https:\/\/www.telam.com.ar\/thumbs\/bluesteel\/advf\/imagenes\/2021\/12\/61c5c69a393bc_900.jpg"},{"@type":"BreadcrumbList","@id":"https:\/\/www.noticiasradioreflejos.com.ar\/2021\/cordoba-supero-los-5-000-casos-diarios-por-primera-vez-desde-junio\/#breadcrumb","itemListElement":[{"@type":"ListItem","position":1,"name":"Portada","item":"https:\/\/www.noticiasradioreflejos.com.ar\/2021\/"},{"@type":"ListItem","position":2,"name":"C\u00f3rdoba super\u00f3 los 5.000 casos diarios por primera vez desde junio"}]},{"@type":"WebSite","@id":"https:\/\/www.noticiasradioreflejos.com.ar\/2021\/#website","url":"https:\/\/www.noticiasradioreflejos.com.ar\/2021\/","name":"Noticias Radio Reflejos","description":"Las noticias de mi comarca","potentialAction":[{"@type":"SearchAction","target":{"@type":"EntryPoint","urlTemplate":"https:\/\/www.noticiasradioreflejos.com.ar\/2021\/?s={search_term_string}"},"query-input":{"@type":"PropertyValueSpecification","valueRequired":true,"valueName":"search_term_string"}}],"inLanguage":"es"},{"@type":"Person","@id":"https:\/\/www.noticiasradioreflejos.com.ar\/2021\/#\/schema\/person\/ad82545263dcc5ec0996818884fd5fb1","name":"Arnaldo Botto","image":{"@type":"ImageObject","inLanguage":"es","@id":"https:\/\/www.noticiasradioreflejos.com.ar\/2021\/#\/schema\/person\/image\/","url":"https:\/\/secure.gravatar.com\/avatar\/55cb5e37c1efa326397366e6974cb338056df65cb50e7d64d1cf314e87504837?s=96&d=mm&r=g","contentUrl":"https:\/\/secure.gravatar.com\/avatar\/55cb5e37c1efa326397366e6974cb338056df65cb50e7d64d1cf314e87504837?s=96&d=mm&r=g","caption":"Arnaldo Botto"},"url":"https:\/\/www.noticiasradioreflejos.com.ar\/2021\/author\/arnaldo\/"}]}},"_links":{"self":[{"href":"https:\/\/www.noticiasradioreflejos.com.ar\/2021\/wp-json\/wp\/v2\/posts\/66378","targetHints":{"allow":["GET"]}}],"collection":[{"href":"https:\/\/www.noticiasradioreflejos.com.ar\/2021\/wp-json\/wp\/v2\/posts"}],"about":[{"href":"https:\/\/www.noticiasradioreflejos.com.ar\/2021\/wp-json\/wp\/v2\/types\/post"}],"author":[{"embeddable":true,"href":"https:\/\/www.noticiasradioreflejos.com.ar\/2021\/wp-json\/wp\/v2\/users\/3"}],"replies":[{"embeddable":true,"href":"https:\/\/www.noticiasradioreflejos.com.ar\/2021\/wp-json\/wp\/v2\/comments?post=66378"}],"version-history":[{"count":1,"href":"https:\/\/www.noticiasradioreflejos.com.ar\/2021\/wp-json\/wp\/v2\/posts\/66378\/revisions"}],"predecessor-version":[{"id":66379,"href":"https:\/\/www.noticiasradioreflejos.com.ar\/2021\/wp-json\/wp\/v2\/posts\/66378\/revisions\/66379"}],"wp:attachment":[{"href":"https:\/\/www.noticiasradioreflejos.com.ar\/2021\/wp-json\/wp\/v2\/media?parent=66378"}],"wp:term":[{"taxonomy":"category","embeddable":true,"href":"https:\/\/www.noticiasradioreflejos.com.ar\/2021\/wp-json\/wp\/v2\/categories?post=66378"},{"taxonomy":"post_tag","embeddable":true,"href":"https:\/\/www.noticiasradioreflejos.com.ar\/2021\/wp-json\/wp\/v2\/tags?post=66378"}],"curies":[{"name":"wp","href":"https:\/\/api.w.org\/{rel}","templated":true}]}}