{"id":66366,"date":"2021-12-24T11:47:49","date_gmt":"2021-12-24T11:47:49","guid":{"rendered":"http:\/\/www.noticiasradioreflejos.com.ar\/2021\/?p=66366"},"modified":"2021-12-24T11:47:49","modified_gmt":"2021-12-24T11:47:49","slug":"villa-ventana-bomberos-voluntarios-con-nuevas-instalaciones-e-incorporacion-de-una-nueva-unidad-campana-de-socios","status":"publish","type":"post","link":"https:\/\/www.noticiasradioreflejos.com.ar\/2021\/villa-ventana-bomberos-voluntarios-con-nuevas-instalaciones-e-incorporacion-de-una-nueva-unidad-campana-de-socios\/","title":{"rendered":"Villa Ventana: Bomberos Voluntarios con nuevas instalaciones e incorporaci\u00f3n de una nueva unidad, campa\u00f1a de socios"},"content":{"rendered":"<p>Este a\u00f1o el Cuartel de Bomberos Voluntarios de Villa Ventana cumpli\u00f3 21 a\u00f1os desde su fundaci\u00f3n, se celebr\u00f3 con un sencillo acto el d\u00eda 30 de noviembre del corriente a\u00f1o.<!--more--><\/p>\n<p><a title=\"Bomberos VV (1)\" href=\"https:\/\/www.flickr.com\/photos\/182279889@N02\/51772714154\/in\/dateposted-public\/\" data-flickr-embed=\"true\"><img loading=\"lazy\" decoding=\"async\" src=\"https:\/\/live.staticflickr.com\/65535\/51772714154_65909f3a2e_c.jpg\" alt=\"Bomberos VV (1)\" width=\"800\" height=\"759\" \/><\/a><script async src=\"\/\/embedr.flickr.com\/assets\/client-code.js\" charset=\"utf-8\"><\/script><\/p>\n<p>Un per\u00edodo de mucho trabajo, mucho esfuerzo, capacitaciones constantes, nuevos desaf\u00edos, incorporaciones de nuevos bomberos.<\/p>\n<p>Un logro muy importante durante este ejercicio fue poder trasladar todo a las nuevas instalaciones, falta mucho por hacer, pero podemos decir hoy que se ha cumplido \u201cEl Sue\u00f1o de la Casa Propia\u201d.<\/p>\n<p>Fueron muchos a\u00f1os de Comodato en el galp\u00f3n cedido muy gentilmente por la Asociaci\u00f3n de Fomento de Villa Ventana a quienes se les hizo extensivo el agradecimiento.<\/p>\n<p>Si bien se estaba funcionando en los dos galpones, hoy esa etapa ha finalizado. Parec\u00eda una fantas\u00eda cu\u00e1ndo se pusieron los primeros ladrillos, se hicieron los planos, una obra que parec\u00eda fara\u00f3nica, pero que hoy cuenta con dos naves para 8 veh\u00edculos, vestuarios provisorios, en la medida que se pueda se va a ir continuando con las obras. Ac\u00e1 todos han sido part\u00edcipes de este logro, nuestros socios, nuestros vecinos, los gobiernos nacional, provincial y municipal, los integrantes del Cuerpo Activo y de Comisi\u00f3n que han dedicado horas a la construcci\u00f3n, las distintas Comisiones, los profesionales que nos asesoraron.<\/p>\n<p><a title=\"Bomberos VV (5)\" href=\"https:\/\/www.flickr.com\/photos\/182279889@N02\/51771245972\/in\/dateposted-public\/\" data-flickr-embed=\"true\"><img loading=\"lazy\" decoding=\"async\" src=\"https:\/\/live.staticflickr.com\/65535\/51771245972_52b7609e87_c.jpg\" alt=\"Bomberos VV (5)\" width=\"800\" height=\"674\" \/><\/a><script async src=\"\/\/embedr.flickr.com\/assets\/client-code.js\" charset=\"utf-8\"><\/script><\/p>\n<p><strong><u>NUEVO M\u00d3VIL<\/u><\/strong><\/p>\n<p>Para cerrar el a\u00f1o se incorpor\u00f3 recientemente una nueva unidad, el m\u00f3vil N\u00b0 10, estamos hablando de un Cami\u00f3n Autobomba Renault S 170 4 x 4, Turbo Intercooler con capacidad de agua de 3000 litros, se pondr\u00e1 en servicio como Unidad Forestal.<\/p>\n<p>&nbsp;<\/p>\n<p><strong><u>CAMPA\u00d1A DE SOCIOS<\/u><\/strong><\/p>\n<p>Villa Ventana viene teniendo un sostenido crecimiento en la cantidad de habitantes, son muchas las propiedades nuevas que se han construido y que siguen en obra. Por lo cual se ha iniciado una nueva campa\u00f1a de socios. En los pr\u00f3ximos d\u00edas seguramente ser\u00e1n visitados por nuestro cobrador Gregorio Le\u00f3n, qui\u00e9n est\u00e1 a cargo de la misma.<\/p>\n<p>Aquellos que est\u00e9n interesados en colaborar pueden solicitar su visita al:<\/p>\n<p>WhatsApp: 2915037510<\/p>\n<p>El valor de la cuota mensual se ha fijado en la suma de $ 200.- A todos aquellos que abonen el a\u00f1o completo <strong><u>antes del 31 de Enero<\/u><\/strong>, se ha decidido <strong>bonificarles una cuota. <\/strong><\/p>\n<p><strong>\u00a0\u00a0\u00a0\u00a0\u00a0\u00a0\u00a0\u00a0\u00a0\u00a0\u00a0 <\/strong>Recordemos que el aporte de las cuotas de los asociados sirve para ir afrontando los gastos mensuales de mantenimiento del Cuartel y en alg\u00fan caso ir efectuando alguna mejora en las instalaciones. Es constante el gasto en equipamiento del Cuerpo Activo, Seguros de los veh\u00edculos, mantenimiento de los mismos. Los subsidios recibidos como en este a\u00f1o, se han dedicado a renovar el parque automotor, obras en el edificio, etc.<\/p>\n<p>Sin el aporte de todos ser\u00eda imposible seguir avanzando, por lo cual les agradecemos se sumen a esta campa\u00f1a.<\/p>\n<p>Aprovechamos para desearles a todos una muy Feliz Navidad y un Pr\u00f3spero A\u00f1o Nuevo.<\/p>\n<p><a title=\"Bomberos VV (4)\" href=\"https:\/\/www.flickr.com\/photos\/182279889@N02\/51772306918\/in\/dateposted-public\/\" data-flickr-embed=\"true\"><img loading=\"lazy\" decoding=\"async\" src=\"https:\/\/live.staticflickr.com\/65535\/51772306918_370a26e0e9_c.jpg\" alt=\"Bomberos VV (4)\" width=\"600\" height=\"800\" \/><\/a><script async src=\"\/\/embedr.flickr.com\/assets\/client-code.js\" charset=\"utf-8\"><\/script><\/p>\n","protected":false},"excerpt":{"rendered":"<p>Este a\u00f1o el Cuartel de Bomberos Voluntarios de Villa Ventana cumpli\u00f3 21 a\u00f1os desde su fundaci\u00f3n, se celebr\u00f3 con un sencillo acto el d\u00eda 30 de noviembre del corriente a\u00f1o.<\/p>\n","protected":false},"author":3,"featured_media":0,"comment_status":"closed","ping_status":"closed","sticky":false,"template":"","format":"standard","meta":{"footnotes":""},"categories":[26],"tags":[],"class_list":["post-66366","post","type-post","status-publish","format-standard","hentry","category-sociedad"],"yoast_head":"<!-- This site is optimized with the Yoast SEO plugin v25.9 - https:\/\/yoast.com\/wordpress\/plugins\/seo\/ -->\n<title>Villa Ventana: Bomberos Voluntarios con nuevas instalaciones e incorporaci\u00f3n de una nueva unidad, campa\u00f1a de socios - Noticias Radio Reflejos<\/title>\n<meta name=\"robots\" content=\"index, follow, max-snippet:-1, max-image-preview:large, max-video-preview:-1\" \/>\n<link rel=\"canonical\" href=\"https:\/\/www.noticiasradioreflejos.com.ar\/2021\/villa-ventana-bomberos-voluntarios-con-nuevas-instalaciones-e-incorporacion-de-una-nueva-unidad-campana-de-socios\/\" \/>\n<meta property=\"og:locale\" content=\"es_ES\" \/>\n<meta property=\"og:type\" content=\"article\" \/>\n<meta property=\"og:title\" content=\"Villa Ventana: Bomberos Voluntarios con nuevas instalaciones e incorporaci\u00f3n de una nueva unidad, campa\u00f1a de socios - Noticias Radio Reflejos\" \/>\n<meta property=\"og:description\" content=\"Este a\u00f1o el Cuartel de Bomberos Voluntarios de Villa Ventana cumpli\u00f3 21 a\u00f1os desde su fundaci\u00f3n, se celebr\u00f3 con un sencillo acto el d\u00eda 30 de noviembre del corriente a\u00f1o.\" \/>\n<meta property=\"og:url\" content=\"https:\/\/www.noticiasradioreflejos.com.ar\/2021\/villa-ventana-bomberos-voluntarios-con-nuevas-instalaciones-e-incorporacion-de-una-nueva-unidad-campana-de-socios\/\" \/>\n<meta property=\"og:site_name\" content=\"Noticias Radio Reflejos\" \/>\n<meta property=\"article:published_time\" content=\"2021-12-24T11:47:49+00:00\" \/>\n<meta property=\"og:image\" content=\"https:\/\/live.staticflickr.com\/65535\/51772714154_65909f3a2e_c.jpg\" \/>\n<meta name=\"author\" content=\"Arnaldo Botto\" \/>\n<meta name=\"twitter:card\" content=\"summary_large_image\" \/>\n<script type=\"application\/ld+json\" class=\"yoast-schema-graph\">{\"@context\":\"https:\/\/schema.org\",\"@graph\":[{\"@type\":\"WebPage\",\"@id\":\"https:\/\/www.noticiasradioreflejos.com.ar\/2021\/villa-ventana-bomberos-voluntarios-con-nuevas-instalaciones-e-incorporacion-de-una-nueva-unidad-campana-de-socios\/\",\"url\":\"https:\/\/www.noticiasradioreflejos.com.ar\/2021\/villa-ventana-bomberos-voluntarios-con-nuevas-instalaciones-e-incorporacion-de-una-nueva-unidad-campana-de-socios\/\",\"name\":\"Villa Ventana: Bomberos Voluntarios con nuevas instalaciones e incorporaci\u00f3n de una nueva unidad, campa\u00f1a de socios - Noticias Radio Reflejos\",\"isPartOf\":{\"@id\":\"https:\/\/www.noticiasradioreflejos.com.ar\/2021\/#website\"},\"primaryImageOfPage\":{\"@id\":\"https:\/\/www.noticiasradioreflejos.com.ar\/2021\/villa-ventana-bomberos-voluntarios-con-nuevas-instalaciones-e-incorporacion-de-una-nueva-unidad-campana-de-socios\/#primaryimage\"},\"image\":{\"@id\":\"https:\/\/www.noticiasradioreflejos.com.ar\/2021\/villa-ventana-bomberos-voluntarios-con-nuevas-instalaciones-e-incorporacion-de-una-nueva-unidad-campana-de-socios\/#primaryimage\"},\"thumbnailUrl\":\"https:\/\/live.staticflickr.com\/65535\/51772714154_65909f3a2e_c.jpg\",\"datePublished\":\"2021-12-24T11:47:49+00:00\",\"author\":{\"@id\":\"https:\/\/www.noticiasradioreflejos.com.ar\/2021\/#\/schema\/person\/ad82545263dcc5ec0996818884fd5fb1\"},\"breadcrumb\":{\"@id\":\"https:\/\/www.noticiasradioreflejos.com.ar\/2021\/villa-ventana-bomberos-voluntarios-con-nuevas-instalaciones-e-incorporacion-de-una-nueva-unidad-campana-de-socios\/#breadcrumb\"},\"inLanguage\":\"es\",\"potentialAction\":[{\"@type\":\"ReadAction\",\"target\":[\"https:\/\/www.noticiasradioreflejos.com.ar\/2021\/villa-ventana-bomberos-voluntarios-con-nuevas-instalaciones-e-incorporacion-de-una-nueva-unidad-campana-de-socios\/\"]}]},{\"@type\":\"ImageObject\",\"inLanguage\":\"es\",\"@id\":\"https:\/\/www.noticiasradioreflejos.com.ar\/2021\/villa-ventana-bomberos-voluntarios-con-nuevas-instalaciones-e-incorporacion-de-una-nueva-unidad-campana-de-socios\/#primaryimage\",\"url\":\"https:\/\/live.staticflickr.com\/65535\/51772714154_65909f3a2e_c.jpg\",\"contentUrl\":\"https:\/\/live.staticflickr.com\/65535\/51772714154_65909f3a2e_c.jpg\"},{\"@type\":\"BreadcrumbList\",\"@id\":\"https:\/\/www.noticiasradioreflejos.com.ar\/2021\/villa-ventana-bomberos-voluntarios-con-nuevas-instalaciones-e-incorporacion-de-una-nueva-unidad-campana-de-socios\/#breadcrumb\",\"itemListElement\":[{\"@type\":\"ListItem\",\"position\":1,\"name\":\"Portada\",\"item\":\"https:\/\/www.noticiasradioreflejos.com.ar\/2021\/\"},{\"@type\":\"ListItem\",\"position\":2,\"name\":\"Villa Ventana: Bomberos Voluntarios con nuevas instalaciones e incorporaci\u00f3n de una nueva unidad, campa\u00f1a de socios\"}]},{\"@type\":\"WebSite\",\"@id\":\"https:\/\/www.noticiasradioreflejos.com.ar\/2021\/#website\",\"url\":\"https:\/\/www.noticiasradioreflejos.com.ar\/2021\/\",\"name\":\"Noticias Radio Reflejos\",\"description\":\"Las noticias de mi comarca\",\"potentialAction\":[{\"@type\":\"SearchAction\",\"target\":{\"@type\":\"EntryPoint\",\"urlTemplate\":\"https:\/\/www.noticiasradioreflejos.com.ar\/2021\/?s={search_term_string}\"},\"query-input\":{\"@type\":\"PropertyValueSpecification\",\"valueRequired\":true,\"valueName\":\"search_term_string\"}}],\"inLanguage\":\"es\"},{\"@type\":\"Person\",\"@id\":\"https:\/\/www.noticiasradioreflejos.com.ar\/2021\/#\/schema\/person\/ad82545263dcc5ec0996818884fd5fb1\",\"name\":\"Arnaldo Botto\",\"image\":{\"@type\":\"ImageObject\",\"inLanguage\":\"es\",\"@id\":\"https:\/\/www.noticiasradioreflejos.com.ar\/2021\/#\/schema\/person\/image\/\",\"url\":\"https:\/\/secure.gravatar.com\/avatar\/55cb5e37c1efa326397366e6974cb338056df65cb50e7d64d1cf314e87504837?s=96&d=mm&r=g\",\"contentUrl\":\"https:\/\/secure.gravatar.com\/avatar\/55cb5e37c1efa326397366e6974cb338056df65cb50e7d64d1cf314e87504837?s=96&d=mm&r=g\",\"caption\":\"Arnaldo Botto\"},\"url\":\"https:\/\/www.noticiasradioreflejos.com.ar\/2021\/author\/arnaldo\/\"}]}<\/script>\n<!-- \/ Yoast SEO plugin. -->","yoast_head_json":{"title":"Villa Ventana: Bomberos Voluntarios con nuevas instalaciones e incorporaci\u00f3n de una nueva unidad, campa\u00f1a de socios - Noticias Radio Reflejos","robots":{"index":"index","follow":"follow","max-snippet":"max-snippet:-1","max-image-preview":"max-image-preview:large","max-video-preview":"max-video-preview:-1"},"canonical":"https:\/\/www.noticiasradioreflejos.com.ar\/2021\/villa-ventana-bomberos-voluntarios-con-nuevas-instalaciones-e-incorporacion-de-una-nueva-unidad-campana-de-socios\/","og_locale":"es_ES","og_type":"article","og_title":"Villa Ventana: Bomberos Voluntarios con nuevas instalaciones e incorporaci\u00f3n de una nueva unidad, campa\u00f1a de socios - Noticias Radio Reflejos","og_description":"Este a\u00f1o el Cuartel de Bomberos Voluntarios de Villa Ventana cumpli\u00f3 21 a\u00f1os desde su fundaci\u00f3n, se celebr\u00f3 con un sencillo acto el d\u00eda 30 de noviembre del corriente a\u00f1o.","og_url":"https:\/\/www.noticiasradioreflejos.com.ar\/2021\/villa-ventana-bomberos-voluntarios-con-nuevas-instalaciones-e-incorporacion-de-una-nueva-unidad-campana-de-socios\/","og_site_name":"Noticias Radio Reflejos","article_published_time":"2021-12-24T11:47:49+00:00","og_image":[{"url":"https:\/\/live.staticflickr.com\/65535\/51772714154_65909f3a2e_c.jpg","type":"","width":"","height":""}],"author":"Arnaldo Botto","twitter_card":"summary_large_image","schema":{"@context":"https:\/\/schema.org","@graph":[{"@type":"WebPage","@id":"https:\/\/www.noticiasradioreflejos.com.ar\/2021\/villa-ventana-bomberos-voluntarios-con-nuevas-instalaciones-e-incorporacion-de-una-nueva-unidad-campana-de-socios\/","url":"https:\/\/www.noticiasradioreflejos.com.ar\/2021\/villa-ventana-bomberos-voluntarios-con-nuevas-instalaciones-e-incorporacion-de-una-nueva-unidad-campana-de-socios\/","name":"Villa Ventana: Bomberos Voluntarios con nuevas instalaciones e incorporaci\u00f3n de una nueva unidad, campa\u00f1a de socios - Noticias Radio Reflejos","isPartOf":{"@id":"https:\/\/www.noticiasradioreflejos.com.ar\/2021\/#website"},"primaryImageOfPage":{"@id":"https:\/\/www.noticiasradioreflejos.com.ar\/2021\/villa-ventana-bomberos-voluntarios-con-nuevas-instalaciones-e-incorporacion-de-una-nueva-unidad-campana-de-socios\/#primaryimage"},"image":{"@id":"https:\/\/www.noticiasradioreflejos.com.ar\/2021\/villa-ventana-bomberos-voluntarios-con-nuevas-instalaciones-e-incorporacion-de-una-nueva-unidad-campana-de-socios\/#primaryimage"},"thumbnailUrl":"https:\/\/live.staticflickr.com\/65535\/51772714154_65909f3a2e_c.jpg","datePublished":"2021-12-24T11:47:49+00:00","author":{"@id":"https:\/\/www.noticiasradioreflejos.com.ar\/2021\/#\/schema\/person\/ad82545263dcc5ec0996818884fd5fb1"},"breadcrumb":{"@id":"https:\/\/www.noticiasradioreflejos.com.ar\/2021\/villa-ventana-bomberos-voluntarios-con-nuevas-instalaciones-e-incorporacion-de-una-nueva-unidad-campana-de-socios\/#breadcrumb"},"inLanguage":"es","potentialAction":[{"@type":"ReadAction","target":["https:\/\/www.noticiasradioreflejos.com.ar\/2021\/villa-ventana-bomberos-voluntarios-con-nuevas-instalaciones-e-incorporacion-de-una-nueva-unidad-campana-de-socios\/"]}]},{"@type":"ImageObject","inLanguage":"es","@id":"https:\/\/www.noticiasradioreflejos.com.ar\/2021\/villa-ventana-bomberos-voluntarios-con-nuevas-instalaciones-e-incorporacion-de-una-nueva-unidad-campana-de-socios\/#primaryimage","url":"https:\/\/live.staticflickr.com\/65535\/51772714154_65909f3a2e_c.jpg","contentUrl":"https:\/\/live.staticflickr.com\/65535\/51772714154_65909f3a2e_c.jpg"},{"@type":"BreadcrumbList","@id":"https:\/\/www.noticiasradioreflejos.com.ar\/2021\/villa-ventana-bomberos-voluntarios-con-nuevas-instalaciones-e-incorporacion-de-una-nueva-unidad-campana-de-socios\/#breadcrumb","itemListElement":[{"@type":"ListItem","position":1,"name":"Portada","item":"https:\/\/www.noticiasradioreflejos.com.ar\/2021\/"},{"@type":"ListItem","position":2,"name":"Villa Ventana: Bomberos Voluntarios con nuevas instalaciones e incorporaci\u00f3n de una nueva unidad, campa\u00f1a de socios"}]},{"@type":"WebSite","@id":"https:\/\/www.noticiasradioreflejos.com.ar\/2021\/#website","url":"https:\/\/www.noticiasradioreflejos.com.ar\/2021\/","name":"Noticias Radio Reflejos","description":"Las noticias de mi comarca","potentialAction":[{"@type":"SearchAction","target":{"@type":"EntryPoint","urlTemplate":"https:\/\/www.noticiasradioreflejos.com.ar\/2021\/?s={search_term_string}"},"query-input":{"@type":"PropertyValueSpecification","valueRequired":true,"valueName":"search_term_string"}}],"inLanguage":"es"},{"@type":"Person","@id":"https:\/\/www.noticiasradioreflejos.com.ar\/2021\/#\/schema\/person\/ad82545263dcc5ec0996818884fd5fb1","name":"Arnaldo Botto","image":{"@type":"ImageObject","inLanguage":"es","@id":"https:\/\/www.noticiasradioreflejos.com.ar\/2021\/#\/schema\/person\/image\/","url":"https:\/\/secure.gravatar.com\/avatar\/55cb5e37c1efa326397366e6974cb338056df65cb50e7d64d1cf314e87504837?s=96&d=mm&r=g","contentUrl":"https:\/\/secure.gravatar.com\/avatar\/55cb5e37c1efa326397366e6974cb338056df65cb50e7d64d1cf314e87504837?s=96&d=mm&r=g","caption":"Arnaldo Botto"},"url":"https:\/\/www.noticiasradioreflejos.com.ar\/2021\/author\/arnaldo\/"}]}},"_links":{"self":[{"href":"https:\/\/www.noticiasradioreflejos.com.ar\/2021\/wp-json\/wp\/v2\/posts\/66366","targetHints":{"allow":["GET"]}}],"collection":[{"href":"https:\/\/www.noticiasradioreflejos.com.ar\/2021\/wp-json\/wp\/v2\/posts"}],"about":[{"href":"https:\/\/www.noticiasradioreflejos.com.ar\/2021\/wp-json\/wp\/v2\/types\/post"}],"author":[{"embeddable":true,"href":"https:\/\/www.noticiasradioreflejos.com.ar\/2021\/wp-json\/wp\/v2\/users\/3"}],"replies":[{"embeddable":true,"href":"https:\/\/www.noticiasradioreflejos.com.ar\/2021\/wp-json\/wp\/v2\/comments?post=66366"}],"version-history":[{"count":1,"href":"https:\/\/www.noticiasradioreflejos.com.ar\/2021\/wp-json\/wp\/v2\/posts\/66366\/revisions"}],"predecessor-version":[{"id":66368,"href":"https:\/\/www.noticiasradioreflejos.com.ar\/2021\/wp-json\/wp\/v2\/posts\/66366\/revisions\/66368"}],"wp:attachment":[{"href":"https:\/\/www.noticiasradioreflejos.com.ar\/2021\/wp-json\/wp\/v2\/media?parent=66366"}],"wp:term":[{"taxonomy":"category","embeddable":true,"href":"https:\/\/www.noticiasradioreflejos.com.ar\/2021\/wp-json\/wp\/v2\/categories?post=66366"},{"taxonomy":"post_tag","embeddable":true,"href":"https:\/\/www.noticiasradioreflejos.com.ar\/2021\/wp-json\/wp\/v2\/tags?post=66366"}],"curies":[{"name":"wp","href":"https:\/\/api.w.org\/{rel}","templated":true}]}}