{"id":66363,"date":"2021-12-24T03:45:11","date_gmt":"2021-12-24T03:45:11","guid":{"rendered":"http:\/\/www.noticiasradioreflejos.com.ar\/2021\/?p=66363"},"modified":"2021-12-24T03:45:11","modified_gmt":"2021-12-24T03:45:11","slug":"tornquist-se-registro-un-accidente-en-el-sector-de-la-planta-de-liquidos-cloacales","status":"publish","type":"post","link":"https:\/\/www.noticiasradioreflejos.com.ar\/2021\/tornquist-se-registro-un-accidente-en-el-sector-de-la-planta-de-liquidos-cloacales\/","title":{"rendered":"Tornquist: Se registr\u00f3 un accidente en el sector de la planta de l\u00edquidos cloacales"},"content":{"rendered":"<p>Una camioneta ingres\u00f3 al predio cuando su conductor se descompens\u00f3.<!--more--><\/p>\n<p>El Joven Ezequiel Codutti, oriundo de nuestra ciudad, sufri\u00f3 este jueves por la noche una descompensaci\u00f3n, luego de un pico por diabetes, lo que gener\u00f3 un incidente.<\/p>\n<p>Ezequiel, conduc\u00eda por calle Rivadavia, y la camioneta Chevrolet S 10 que manejaba sigui\u00f3 su carrera directamente para meterse de lleno en el sector de la planta de l\u00edquidos cloacales, sobre la calle de circunvalaci\u00f3n Adolfo Kugler.<\/p>\n<p>&nbsp;<\/p>\n<div class=\"text\">\n<div class=\"google-auto-placed ap_container\">El veh\u00edculo qued\u00f3 entre el tronco de un \u00e1rbol y el edificio, a pocos metros de los piletones y por el impacto se activ\u00f3 el sistema de airbag.<\/div>\n<p>Se movilizaron los bomberos voluntarios, personal de polic\u00eda comunal y del hospital municipal.<\/p>\n<p>El joven, fue estabilizado en el lugar y derivado al centro asistencial.<\/p>\n<\/div>\n<div>\n<p><img decoding=\"async\" src=\"https:\/\/www.noticiastornquist.com.ar\/imagen.php?imagen=\/5475b76bc29e4a33b612d2c2680696bb.jpg\" \/><\/p>\n<div><\/div>\n<hr \/>\n<p><img decoding=\"async\" src=\"https:\/\/www.noticiastornquist.com.ar\/imagen.php?imagen=\/2d23210bafa94b3786c30110019a7023.jpg\" \/><\/p>\n<div><\/div>\n<hr \/>\n<p><img decoding=\"async\" src=\"https:\/\/www.noticiastornquist.com.ar\/imagen.php?imagen=\/29ea85c1b0894dca96a7fc493a940d01.jpg\" \/><\/p>\n<div><\/div>\n<hr \/>\n<p><img decoding=\"async\" src=\"https:\/\/www.noticiastornquist.com.ar\/imagen.php?imagen=\/b639a90452ec49fa90ec6d2da0ebd4b3.jpg\" \/><\/p>\n<div><\/div>\n<hr \/>\n<p><img decoding=\"async\" src=\"https:\/\/www.noticiastornquist.com.ar\/imagen.php?imagen=\/c7746a1c9d5c47abacea44db1fe759f7.jpg\" \/><\/p>\n<\/div>\n<p><!--more--><\/p>\n<p><!--more--><\/p>\n<p><!--more--><\/p>\n","protected":false},"excerpt":{"rendered":"<p>Una camioneta ingres\u00f3 al predio cuando su conductor se descompens\u00f3.<\/p>\n","protected":false},"author":3,"featured_media":0,"comment_status":"closed","ping_status":"closed","sticky":false,"template":"","format":"standard","meta":{"footnotes":""},"categories":[29],"tags":[],"class_list":["post-66363","post","type-post","status-publish","format-standard","hentry","category-policiales"],"yoast_head":"<!-- This site is optimized with the Yoast SEO plugin v25.9 - https:\/\/yoast.com\/wordpress\/plugins\/seo\/ -->\n<title>Tornquist: Se registr\u00f3 un accidente en el sector de la planta de l\u00edquidos cloacales - Noticias Radio Reflejos<\/title>\n<meta name=\"robots\" content=\"index, follow, max-snippet:-1, max-image-preview:large, max-video-preview:-1\" \/>\n<link rel=\"canonical\" href=\"https:\/\/www.noticiasradioreflejos.com.ar\/2021\/tornquist-se-registro-un-accidente-en-el-sector-de-la-planta-de-liquidos-cloacales\/\" \/>\n<meta property=\"og:locale\" content=\"es_ES\" \/>\n<meta property=\"og:type\" content=\"article\" \/>\n<meta property=\"og:title\" content=\"Tornquist: Se registr\u00f3 un accidente en el sector de la planta de l\u00edquidos cloacales - Noticias Radio Reflejos\" \/>\n<meta property=\"og:description\" content=\"Una camioneta ingres\u00f3 al predio cuando su conductor se descompens\u00f3.\" \/>\n<meta property=\"og:url\" content=\"https:\/\/www.noticiasradioreflejos.com.ar\/2021\/tornquist-se-registro-un-accidente-en-el-sector-de-la-planta-de-liquidos-cloacales\/\" \/>\n<meta property=\"og:site_name\" content=\"Noticias Radio Reflejos\" \/>\n<meta property=\"article:published_time\" content=\"2021-12-24T03:45:11+00:00\" \/>\n<meta property=\"og:image\" content=\"https:\/\/www.noticiastornquist.com.ar\/imagen.php?imagen=\/5475b76bc29e4a33b612d2c2680696bb.jpg\" \/>\n<meta name=\"author\" content=\"Arnaldo Botto\" \/>\n<meta name=\"twitter:card\" content=\"summary_large_image\" \/>\n<script type=\"application\/ld+json\" class=\"yoast-schema-graph\">{\"@context\":\"https:\/\/schema.org\",\"@graph\":[{\"@type\":\"WebPage\",\"@id\":\"https:\/\/www.noticiasradioreflejos.com.ar\/2021\/tornquist-se-registro-un-accidente-en-el-sector-de-la-planta-de-liquidos-cloacales\/\",\"url\":\"https:\/\/www.noticiasradioreflejos.com.ar\/2021\/tornquist-se-registro-un-accidente-en-el-sector-de-la-planta-de-liquidos-cloacales\/\",\"name\":\"Tornquist: Se registr\u00f3 un accidente en el sector de la planta de l\u00edquidos cloacales - Noticias Radio Reflejos\",\"isPartOf\":{\"@id\":\"https:\/\/www.noticiasradioreflejos.com.ar\/2021\/#website\"},\"primaryImageOfPage\":{\"@id\":\"https:\/\/www.noticiasradioreflejos.com.ar\/2021\/tornquist-se-registro-un-accidente-en-el-sector-de-la-planta-de-liquidos-cloacales\/#primaryimage\"},\"image\":{\"@id\":\"https:\/\/www.noticiasradioreflejos.com.ar\/2021\/tornquist-se-registro-un-accidente-en-el-sector-de-la-planta-de-liquidos-cloacales\/#primaryimage\"},\"thumbnailUrl\":\"https:\/\/www.noticiastornquist.com.ar\/imagen.php?imagen=\/5475b76bc29e4a33b612d2c2680696bb.jpg\",\"datePublished\":\"2021-12-24T03:45:11+00:00\",\"author\":{\"@id\":\"https:\/\/www.noticiasradioreflejos.com.ar\/2021\/#\/schema\/person\/ad82545263dcc5ec0996818884fd5fb1\"},\"breadcrumb\":{\"@id\":\"https:\/\/www.noticiasradioreflejos.com.ar\/2021\/tornquist-se-registro-un-accidente-en-el-sector-de-la-planta-de-liquidos-cloacales\/#breadcrumb\"},\"inLanguage\":\"es\",\"potentialAction\":[{\"@type\":\"ReadAction\",\"target\":[\"https:\/\/www.noticiasradioreflejos.com.ar\/2021\/tornquist-se-registro-un-accidente-en-el-sector-de-la-planta-de-liquidos-cloacales\/\"]}]},{\"@type\":\"ImageObject\",\"inLanguage\":\"es\",\"@id\":\"https:\/\/www.noticiasradioreflejos.com.ar\/2021\/tornquist-se-registro-un-accidente-en-el-sector-de-la-planta-de-liquidos-cloacales\/#primaryimage\",\"url\":\"https:\/\/www.noticiastornquist.com.ar\/imagen.php?imagen=\/5475b76bc29e4a33b612d2c2680696bb.jpg\",\"contentUrl\":\"https:\/\/www.noticiastornquist.com.ar\/imagen.php?imagen=\/5475b76bc29e4a33b612d2c2680696bb.jpg\"},{\"@type\":\"BreadcrumbList\",\"@id\":\"https:\/\/www.noticiasradioreflejos.com.ar\/2021\/tornquist-se-registro-un-accidente-en-el-sector-de-la-planta-de-liquidos-cloacales\/#breadcrumb\",\"itemListElement\":[{\"@type\":\"ListItem\",\"position\":1,\"name\":\"Portada\",\"item\":\"https:\/\/www.noticiasradioreflejos.com.ar\/2021\/\"},{\"@type\":\"ListItem\",\"position\":2,\"name\":\"Tornquist: Se registr\u00f3 un accidente en el sector de la planta de l\u00edquidos cloacales\"}]},{\"@type\":\"WebSite\",\"@id\":\"https:\/\/www.noticiasradioreflejos.com.ar\/2021\/#website\",\"url\":\"https:\/\/www.noticiasradioreflejos.com.ar\/2021\/\",\"name\":\"Noticias Radio Reflejos\",\"description\":\"Las noticias de mi comarca\",\"potentialAction\":[{\"@type\":\"SearchAction\",\"target\":{\"@type\":\"EntryPoint\",\"urlTemplate\":\"https:\/\/www.noticiasradioreflejos.com.ar\/2021\/?s={search_term_string}\"},\"query-input\":{\"@type\":\"PropertyValueSpecification\",\"valueRequired\":true,\"valueName\":\"search_term_string\"}}],\"inLanguage\":\"es\"},{\"@type\":\"Person\",\"@id\":\"https:\/\/www.noticiasradioreflejos.com.ar\/2021\/#\/schema\/person\/ad82545263dcc5ec0996818884fd5fb1\",\"name\":\"Arnaldo Botto\",\"image\":{\"@type\":\"ImageObject\",\"inLanguage\":\"es\",\"@id\":\"https:\/\/www.noticiasradioreflejos.com.ar\/2021\/#\/schema\/person\/image\/\",\"url\":\"https:\/\/secure.gravatar.com\/avatar\/55cb5e37c1efa326397366e6974cb338056df65cb50e7d64d1cf314e87504837?s=96&d=mm&r=g\",\"contentUrl\":\"https:\/\/secure.gravatar.com\/avatar\/55cb5e37c1efa326397366e6974cb338056df65cb50e7d64d1cf314e87504837?s=96&d=mm&r=g\",\"caption\":\"Arnaldo Botto\"},\"url\":\"https:\/\/www.noticiasradioreflejos.com.ar\/2021\/author\/arnaldo\/\"}]}<\/script>\n<!-- \/ Yoast SEO plugin. -->","yoast_head_json":{"title":"Tornquist: Se registr\u00f3 un accidente en el sector de la planta de l\u00edquidos cloacales - Noticias Radio Reflejos","robots":{"index":"index","follow":"follow","max-snippet":"max-snippet:-1","max-image-preview":"max-image-preview:large","max-video-preview":"max-video-preview:-1"},"canonical":"https:\/\/www.noticiasradioreflejos.com.ar\/2021\/tornquist-se-registro-un-accidente-en-el-sector-de-la-planta-de-liquidos-cloacales\/","og_locale":"es_ES","og_type":"article","og_title":"Tornquist: Se registr\u00f3 un accidente en el sector de la planta de l\u00edquidos cloacales - Noticias Radio Reflejos","og_description":"Una camioneta ingres\u00f3 al predio cuando su conductor se descompens\u00f3.","og_url":"https:\/\/www.noticiasradioreflejos.com.ar\/2021\/tornquist-se-registro-un-accidente-en-el-sector-de-la-planta-de-liquidos-cloacales\/","og_site_name":"Noticias Radio Reflejos","article_published_time":"2021-12-24T03:45:11+00:00","og_image":[{"url":"https:\/\/www.noticiastornquist.com.ar\/imagen.php?imagen=\/5475b76bc29e4a33b612d2c2680696bb.jpg","type":"","width":"","height":""}],"author":"Arnaldo Botto","twitter_card":"summary_large_image","schema":{"@context":"https:\/\/schema.org","@graph":[{"@type":"WebPage","@id":"https:\/\/www.noticiasradioreflejos.com.ar\/2021\/tornquist-se-registro-un-accidente-en-el-sector-de-la-planta-de-liquidos-cloacales\/","url":"https:\/\/www.noticiasradioreflejos.com.ar\/2021\/tornquist-se-registro-un-accidente-en-el-sector-de-la-planta-de-liquidos-cloacales\/","name":"Tornquist: Se registr\u00f3 un accidente en el sector de la planta de l\u00edquidos cloacales - Noticias Radio Reflejos","isPartOf":{"@id":"https:\/\/www.noticiasradioreflejos.com.ar\/2021\/#website"},"primaryImageOfPage":{"@id":"https:\/\/www.noticiasradioreflejos.com.ar\/2021\/tornquist-se-registro-un-accidente-en-el-sector-de-la-planta-de-liquidos-cloacales\/#primaryimage"},"image":{"@id":"https:\/\/www.noticiasradioreflejos.com.ar\/2021\/tornquist-se-registro-un-accidente-en-el-sector-de-la-planta-de-liquidos-cloacales\/#primaryimage"},"thumbnailUrl":"https:\/\/www.noticiastornquist.com.ar\/imagen.php?imagen=\/5475b76bc29e4a33b612d2c2680696bb.jpg","datePublished":"2021-12-24T03:45:11+00:00","author":{"@id":"https:\/\/www.noticiasradioreflejos.com.ar\/2021\/#\/schema\/person\/ad82545263dcc5ec0996818884fd5fb1"},"breadcrumb":{"@id":"https:\/\/www.noticiasradioreflejos.com.ar\/2021\/tornquist-se-registro-un-accidente-en-el-sector-de-la-planta-de-liquidos-cloacales\/#breadcrumb"},"inLanguage":"es","potentialAction":[{"@type":"ReadAction","target":["https:\/\/www.noticiasradioreflejos.com.ar\/2021\/tornquist-se-registro-un-accidente-en-el-sector-de-la-planta-de-liquidos-cloacales\/"]}]},{"@type":"ImageObject","inLanguage":"es","@id":"https:\/\/www.noticiasradioreflejos.com.ar\/2021\/tornquist-se-registro-un-accidente-en-el-sector-de-la-planta-de-liquidos-cloacales\/#primaryimage","url":"https:\/\/www.noticiastornquist.com.ar\/imagen.php?imagen=\/5475b76bc29e4a33b612d2c2680696bb.jpg","contentUrl":"https:\/\/www.noticiastornquist.com.ar\/imagen.php?imagen=\/5475b76bc29e4a33b612d2c2680696bb.jpg"},{"@type":"BreadcrumbList","@id":"https:\/\/www.noticiasradioreflejos.com.ar\/2021\/tornquist-se-registro-un-accidente-en-el-sector-de-la-planta-de-liquidos-cloacales\/#breadcrumb","itemListElement":[{"@type":"ListItem","position":1,"name":"Portada","item":"https:\/\/www.noticiasradioreflejos.com.ar\/2021\/"},{"@type":"ListItem","position":2,"name":"Tornquist: Se registr\u00f3 un accidente en el sector de la planta de l\u00edquidos cloacales"}]},{"@type":"WebSite","@id":"https:\/\/www.noticiasradioreflejos.com.ar\/2021\/#website","url":"https:\/\/www.noticiasradioreflejos.com.ar\/2021\/","name":"Noticias Radio Reflejos","description":"Las noticias de mi comarca","potentialAction":[{"@type":"SearchAction","target":{"@type":"EntryPoint","urlTemplate":"https:\/\/www.noticiasradioreflejos.com.ar\/2021\/?s={search_term_string}"},"query-input":{"@type":"PropertyValueSpecification","valueRequired":true,"valueName":"search_term_string"}}],"inLanguage":"es"},{"@type":"Person","@id":"https:\/\/www.noticiasradioreflejos.com.ar\/2021\/#\/schema\/person\/ad82545263dcc5ec0996818884fd5fb1","name":"Arnaldo Botto","image":{"@type":"ImageObject","inLanguage":"es","@id":"https:\/\/www.noticiasradioreflejos.com.ar\/2021\/#\/schema\/person\/image\/","url":"https:\/\/secure.gravatar.com\/avatar\/55cb5e37c1efa326397366e6974cb338056df65cb50e7d64d1cf314e87504837?s=96&d=mm&r=g","contentUrl":"https:\/\/secure.gravatar.com\/avatar\/55cb5e37c1efa326397366e6974cb338056df65cb50e7d64d1cf314e87504837?s=96&d=mm&r=g","caption":"Arnaldo Botto"},"url":"https:\/\/www.noticiasradioreflejos.com.ar\/2021\/author\/arnaldo\/"}]}},"_links":{"self":[{"href":"https:\/\/www.noticiasradioreflejos.com.ar\/2021\/wp-json\/wp\/v2\/posts\/66363","targetHints":{"allow":["GET"]}}],"collection":[{"href":"https:\/\/www.noticiasradioreflejos.com.ar\/2021\/wp-json\/wp\/v2\/posts"}],"about":[{"href":"https:\/\/www.noticiasradioreflejos.com.ar\/2021\/wp-json\/wp\/v2\/types\/post"}],"author":[{"embeddable":true,"href":"https:\/\/www.noticiasradioreflejos.com.ar\/2021\/wp-json\/wp\/v2\/users\/3"}],"replies":[{"embeddable":true,"href":"https:\/\/www.noticiasradioreflejos.com.ar\/2021\/wp-json\/wp\/v2\/comments?post=66363"}],"version-history":[{"count":1,"href":"https:\/\/www.noticiasradioreflejos.com.ar\/2021\/wp-json\/wp\/v2\/posts\/66363\/revisions"}],"predecessor-version":[{"id":66365,"href":"https:\/\/www.noticiasradioreflejos.com.ar\/2021\/wp-json\/wp\/v2\/posts\/66363\/revisions\/66365"}],"wp:attachment":[{"href":"https:\/\/www.noticiasradioreflejos.com.ar\/2021\/wp-json\/wp\/v2\/media?parent=66363"}],"wp:term":[{"taxonomy":"category","embeddable":true,"href":"https:\/\/www.noticiasradioreflejos.com.ar\/2021\/wp-json\/wp\/v2\/categories?post=66363"},{"taxonomy":"post_tag","embeddable":true,"href":"https:\/\/www.noticiasradioreflejos.com.ar\/2021\/wp-json\/wp\/v2\/tags?post=66363"}],"curies":[{"name":"wp","href":"https:\/\/api.w.org\/{rel}","templated":true}]}}