{"id":66359,"date":"2021-12-24T00:10:29","date_gmt":"2021-12-24T00:10:29","guid":{"rendered":"http:\/\/www.noticiasradioreflejos.com.ar\/2021\/?p=66359"},"modified":"2021-12-24T00:10:29","modified_gmt":"2021-12-24T00:10:29","slug":"fiscal-fernandez-no-hay-delito-en-pedir-el-pase-sanitario","status":"publish","type":"post","link":"https:\/\/www.noticiasradioreflejos.com.ar\/2021\/fiscal-fernandez-no-hay-delito-en-pedir-el-pase-sanitario\/","title":{"rendered":"Fiscal Fern\u00e1ndez: \u201cNo hay delito en pedir el pase sanitario\u201d"},"content":{"rendered":"<header id=\"mvp-post-head\" class=\"left relative\">La expresi\u00f3n surgi\u00f3 del Fiscal General cuando desde la redacci\u00f3n de La Br\u00fajula 24 se lo consult\u00f3 sobre un comunicado dado a conocer hoy.<\/p>\n<\/header>\n<p><!--more--><\/p>\n<div class=\"mvp-post-main-out left relative\">\n<div class=\"mvp-post-main-in\">\n<div id=\"mvp-post-content\" class=\"left relative\">\n<div id=\"mvp-post-feat-img\" class=\"left relative mvp-post-feat-img-wide2\"><img loading=\"lazy\" decoding=\"async\" class=\"attachment- size- wp-post-image\" src=\"https:\/\/www.labrujula24.com\/wp-content\/uploads\/2020\/02\/fiscal%C3%ADa-general-vieytes-y-gorriti.jpg\" sizes=\"auto, (max-width: 1000px) 100vw, 1000px\" srcset=\"https:\/\/www.labrujula24.com\/wp-content\/uploads\/2020\/02\/fiscal\u00eda-general-vieytes-y-gorriti.jpg 1000w, https:\/\/www.labrujula24.com\/wp-content\/uploads\/2020\/02\/fiscal\u00eda-general-vieytes-y-gorriti-768x461.jpg 768w, https:\/\/www.labrujula24.com\/wp-content\/uploads\/2020\/02\/fiscal\u00eda-general-vieytes-y-gorriti-590x354.jpg 590w, https:\/\/www.labrujula24.com\/wp-content\/uploads\/2020\/02\/fiscal\u00eda-general-vieytes-y-gorriti-400x240.jpg 400w, https:\/\/www.labrujula24.com\/wp-content\/uploads\/2020\/02\/fiscal\u00eda-general-vieytes-y-gorriti-600x360.jpg 600w\" alt=\"\" width=\"1000\" height=\"600\" \/><\/div>\n<div id=\"mvp-content-wrap\" class=\"left relative\">\n<div class=\"mvp-post-soc-out right relative\">\n<div class=\"mvp-post-soc-in\">\n<div id=\"mvp-content-body\" class=\"left relative\">\n<div id=\"mvp-content-body-top\" class=\"left relative\">\n<div id=\"mvp-content-main\" class=\"left relative\">\n<div id=\"textbody\">\n<div class=\"code-block code-block-2\">\n<div class=\"at-above-post\" data-url=\"https:\/\/www.labrujula24.com\/notas\/2021\/12\/23\/fiscal-fernandez-no-hay-delito-en-pedir-el-pase-sanitario-n181319\/\" data-title=\"Fiscal Fern\u00e1ndez: \u201cNo hay delito en pedir el pase sanitario\u201d\" data-description=\"La expresi\u00f3n surgi\u00f3 del Fiscal General cuando desde la redacci\u00f3n de La Br\u00fajula 24 se lo consult\u00f3 sobre un comunicado dado a conocer hoy.\">\n<div id=\"atstbx\" class=\"at-resp-share-element at-style-responsive addthis-smartlayers addthis-animated at4-show\" role=\"region\" aria-labelledby=\"at-654ba8e5-cd8e-48fb-9d48-eeb6fa5ce294\"><span id=\"at-654ba8e5-cd8e-48fb-9d48-eeb6fa5ce294\" class=\"at4-visually-hidden\"><\/span><\/p>\n<div class=\"at-share-btn-elements\"><\/div>\n<\/div>\n<\/div>\n<\/div>\n<p>El Ministerio P\u00fablico Fiscal de Bah\u00eda Blanca dio a conocer un comunicado en la tarde de hoy para aclarar que la justicia no le dar\u00e1 curso a las denuncias que se hayan realizado o se puedan realizar en relaci\u00f3n con el pedido del pase sanitario en entidades crediticias, comercios e instituciones, ya que lo est\u00e1n solicitando en cumplimiento con la norma que en ese sentido dict\u00f3 el Gobierno provincial y no est\u00e1 configurado delito alguno. En las \u00faltimas horas hubo varias quejas de usuarios de entidades crediticias en ese sentido.<\/p>\n<p>\u201cPor ejemplo bancos han pedido el pase Covid o\u00a0<a href=\"https:\/\/www.labrujula24.com\/notas\/2021\/12\/21\/comienza-a-regir-el-pase-sanitario-en-toda-la-provincia-n180579\/\" data-type=\"post\" data-id=\"180579\">pase sanitario<\/a>\u00a0para permitir acceder a los inmuebles para ser atendidos. Frente a la denuncia de esto queremos aclarar que no hay all\u00ed un delito de acci\u00f3n p\u00fablica, con lo cual no tenemos que intervenir nosotros porque no hay ning\u00fan delito\u201d, afirm\u00f3 Juan Pablo Fern\u00e1ndez al ser consultado desde la redacci\u00f3n de\u00a0<strong>La Br\u00fajula 24<\/strong>.<\/p>\n<div class=\"code-block code-block-11\"><\/div>\n<p>\u201cLas entidades o comercios lo hacen en cumplimiento de una norma administrativa que se presume en principio leg\u00edtima, m\u00e1s all\u00e1 de lo reprochable que pueda llegar a ser en su constitucionalidad. Lo que no se le puede atribuir un delito a la entidad o comercio porque lo hace en cumplimiento de una norma\u201d, agreg\u00f3.<\/p>\n<p>El jefe de los fiscales aclar\u00f3 que \u201cno todo choque de derechos es un problema penal\u201d. \u201cSiempre hay colisi\u00f3n de derechos en dos partes que van a litigar. En todo caso lo que tiene que hacer aquella persona que se sienta vulnerada en sus derechos, es acudir por la v\u00eda correspondiente, pero no es la fiscal\u00eda ni el fuero penal el que va a resolver todos los problemas de la sociedad\u201d, se\u00f1al\u00f3.<\/p>\n<div class=\"code-block code-block-1\"><\/div>\n<p><iframe loading=\"lazy\" src=\"https:\/\/w.soundcloud.com\/player\/?url=https%3A\/\/api.soundcloud.com\/tracks\/1183926466&amp;color=%233697c6&amp;auto_play=false&amp;hide_related=true&amp;show_comments=false&amp;show_user=true&amp;show_reposts=false&amp;show_teaser=false\" width=\"100%\" height=\"166\" frameborder=\"no\" scrolling=\"no\" data-mce-fragment=\"1\"><\/iframe><\/p>\n<div><a title=\"La Br\u00fajula 24 FM 93.1\" href=\"https:\/\/soundcloud.com\/labrujula24\" target=\"_blank\" rel=\"noopener\">La Br\u00fajula 24 FM 93.1<\/a>\u00a0\u00b7\u00a0<a title=\"Juan Pablo Fern\u00e1ndez 1\" href=\"https:\/\/soundcloud.com\/labrujula24\/panorama-19hs-audio-local-fernandez\" target=\"_blank\" rel=\"noopener\">Juan Pablo Fern\u00e1ndez 1<\/a><\/div>\n<p><iframe loading=\"lazy\" src=\"https:\/\/w.soundcloud.com\/player\/?url=https%3A\/\/api.soundcloud.com\/tracks\/1183927045&amp;color=%233697c6&amp;auto_play=false&amp;hide_related=true&amp;show_comments=false&amp;show_user=true&amp;show_reposts=false&amp;show_teaser=false\" width=\"100%\" height=\"166\" frameborder=\"no\" scrolling=\"no\" data-mce-fragment=\"1\"><\/iframe><\/p>\n<div><a title=\"La Br\u00fajula 24 FM 93.1\" href=\"https:\/\/soundcloud.com\/labrujula24\" target=\"_blank\" rel=\"noopener\">La Br\u00fajula 24 FM 93.1<\/a>\u00a0\u00b7\u00a0<a title=\"Juan Pablo Fernandez 2\" href=\"https:\/\/soundcloud.com\/labrujula24\/juan-pablo-fernandez-2\" target=\"_blank\" rel=\"noopener\">Juan Pablo Fernandez 2<\/a><\/div>\n<h2><strong>El comunicado de prensa<\/strong><\/h2>\n<p>\u201cEn relaci\u00f3n a la exigencia del llamado \u2018pase libre covid\u2019 o \u2018pase sanitario\u2019, se informa que dicho requerimiento, por parte las instituciones, entidades y comercios para su ingreso por parte del p\u00fablico, se ajusta a la Resoluci\u00f3n Conjunta N\u00b0 460\/21 del Ministerio de Jefatura de Gabinete de Ministros y del Ministerio de Salud de la Provincia de Buenos Aires que, por ser un acto de la administraci\u00f3n p\u00fablica provincial, se presume leg\u00edtimo. Por consiguiente, del cumplimiento de esa exigencia por parte de tales entidades y comercios, no surge la posible comisi\u00f3n de un delito que amerite la intervenci\u00f3n de este Ministerio P\u00fablico Fiscal\u201d, se indic\u00f3 en el comunicado.<\/p>\n<p>\u201cEventualmente, la disconformidad con tal medida de la administraci\u00f3n p\u00fablica deber\u00e1 canalizarse por las v\u00edas correspondientes, ajenas a la intervenci\u00f3n del Ministerio P\u00fablico Fiscal del Departamento Judicial Bah\u00eda Blanca\u201d, concluy\u00f3.<\/p>\n<\/div>\n<\/div>\n<\/div>\n<\/div>\n<\/div>\n<\/div>\n<\/div>\n<\/div>\n<\/div>\n<\/div>\n","protected":false},"excerpt":{"rendered":"<p>La expresi\u00f3n surgi\u00f3 del Fiscal General cuando desde la redacci\u00f3n de La Br\u00fajula 24 se lo consult\u00f3 sobre un comunicado dado a conocer hoy.<\/p>\n","protected":false},"author":3,"featured_media":0,"comment_status":"closed","ping_status":"closed","sticky":false,"template":"","format":"standard","meta":{"footnotes":""},"categories":[24,30,26],"tags":[],"class_list":["post-66359","post","type-post","status-publish","format-standard","hentry","category-politica","category-salud","category-sociedad"],"yoast_head":"<!-- This site is optimized with the Yoast SEO plugin v25.9 - https:\/\/yoast.com\/wordpress\/plugins\/seo\/ -->\n<title>Fiscal Fern\u00e1ndez: \u201cNo hay delito en pedir el pase sanitario\u201d - Noticias Radio Reflejos<\/title>\n<meta name=\"robots\" content=\"index, follow, max-snippet:-1, max-image-preview:large, max-video-preview:-1\" \/>\n<link rel=\"canonical\" href=\"https:\/\/www.noticiasradioreflejos.com.ar\/2021\/fiscal-fernandez-no-hay-delito-en-pedir-el-pase-sanitario\/\" \/>\n<meta property=\"og:locale\" content=\"es_ES\" \/>\n<meta property=\"og:type\" content=\"article\" \/>\n<meta property=\"og:title\" content=\"Fiscal Fern\u00e1ndez: \u201cNo hay delito en pedir el pase sanitario\u201d - Noticias Radio Reflejos\" \/>\n<meta property=\"og:description\" content=\"La expresi\u00f3n surgi\u00f3 del Fiscal General cuando desde la redacci\u00f3n de La Br\u00fajula 24 se lo consult\u00f3 sobre un comunicado dado a conocer hoy.\" \/>\n<meta property=\"og:url\" content=\"https:\/\/www.noticiasradioreflejos.com.ar\/2021\/fiscal-fernandez-no-hay-delito-en-pedir-el-pase-sanitario\/\" \/>\n<meta property=\"og:site_name\" content=\"Noticias Radio Reflejos\" \/>\n<meta property=\"article:published_time\" content=\"2021-12-24T00:10:29+00:00\" \/>\n<meta property=\"og:image\" content=\"https:\/\/www.labrujula24.com\/wp-content\/uploads\/2020\/02\/fiscal%C3%ADa-general-vieytes-y-gorriti.jpg\" \/>\n<meta name=\"author\" content=\"Arnaldo Botto\" \/>\n<meta name=\"twitter:card\" content=\"summary_large_image\" \/>\n<script type=\"application\/ld+json\" class=\"yoast-schema-graph\">{\"@context\":\"https:\/\/schema.org\",\"@graph\":[{\"@type\":\"WebPage\",\"@id\":\"https:\/\/www.noticiasradioreflejos.com.ar\/2021\/fiscal-fernandez-no-hay-delito-en-pedir-el-pase-sanitario\/\",\"url\":\"https:\/\/www.noticiasradioreflejos.com.ar\/2021\/fiscal-fernandez-no-hay-delito-en-pedir-el-pase-sanitario\/\",\"name\":\"Fiscal Fern\u00e1ndez: \u201cNo hay delito en pedir el pase sanitario\u201d - Noticias Radio Reflejos\",\"isPartOf\":{\"@id\":\"https:\/\/www.noticiasradioreflejos.com.ar\/2021\/#website\"},\"primaryImageOfPage\":{\"@id\":\"https:\/\/www.noticiasradioreflejos.com.ar\/2021\/fiscal-fernandez-no-hay-delito-en-pedir-el-pase-sanitario\/#primaryimage\"},\"image\":{\"@id\":\"https:\/\/www.noticiasradioreflejos.com.ar\/2021\/fiscal-fernandez-no-hay-delito-en-pedir-el-pase-sanitario\/#primaryimage\"},\"thumbnailUrl\":\"https:\/\/www.labrujula24.com\/wp-content\/uploads\/2020\/02\/fiscal%C3%ADa-general-vieytes-y-gorriti.jpg\",\"datePublished\":\"2021-12-24T00:10:29+00:00\",\"author\":{\"@id\":\"https:\/\/www.noticiasradioreflejos.com.ar\/2021\/#\/schema\/person\/ad82545263dcc5ec0996818884fd5fb1\"},\"breadcrumb\":{\"@id\":\"https:\/\/www.noticiasradioreflejos.com.ar\/2021\/fiscal-fernandez-no-hay-delito-en-pedir-el-pase-sanitario\/#breadcrumb\"},\"inLanguage\":\"es\",\"potentialAction\":[{\"@type\":\"ReadAction\",\"target\":[\"https:\/\/www.noticiasradioreflejos.com.ar\/2021\/fiscal-fernandez-no-hay-delito-en-pedir-el-pase-sanitario\/\"]}]},{\"@type\":\"ImageObject\",\"inLanguage\":\"es\",\"@id\":\"https:\/\/www.noticiasradioreflejos.com.ar\/2021\/fiscal-fernandez-no-hay-delito-en-pedir-el-pase-sanitario\/#primaryimage\",\"url\":\"https:\/\/www.labrujula24.com\/wp-content\/uploads\/2020\/02\/fiscal%C3%ADa-general-vieytes-y-gorriti.jpg\",\"contentUrl\":\"https:\/\/www.labrujula24.com\/wp-content\/uploads\/2020\/02\/fiscal%C3%ADa-general-vieytes-y-gorriti.jpg\"},{\"@type\":\"BreadcrumbList\",\"@id\":\"https:\/\/www.noticiasradioreflejos.com.ar\/2021\/fiscal-fernandez-no-hay-delito-en-pedir-el-pase-sanitario\/#breadcrumb\",\"itemListElement\":[{\"@type\":\"ListItem\",\"position\":1,\"name\":\"Portada\",\"item\":\"https:\/\/www.noticiasradioreflejos.com.ar\/2021\/\"},{\"@type\":\"ListItem\",\"position\":2,\"name\":\"Fiscal Fern\u00e1ndez: \u201cNo hay delito en pedir el pase sanitario\u201d\"}]},{\"@type\":\"WebSite\",\"@id\":\"https:\/\/www.noticiasradioreflejos.com.ar\/2021\/#website\",\"url\":\"https:\/\/www.noticiasradioreflejos.com.ar\/2021\/\",\"name\":\"Noticias Radio Reflejos\",\"description\":\"Las noticias de mi comarca\",\"potentialAction\":[{\"@type\":\"SearchAction\",\"target\":{\"@type\":\"EntryPoint\",\"urlTemplate\":\"https:\/\/www.noticiasradioreflejos.com.ar\/2021\/?s={search_term_string}\"},\"query-input\":{\"@type\":\"PropertyValueSpecification\",\"valueRequired\":true,\"valueName\":\"search_term_string\"}}],\"inLanguage\":\"es\"},{\"@type\":\"Person\",\"@id\":\"https:\/\/www.noticiasradioreflejos.com.ar\/2021\/#\/schema\/person\/ad82545263dcc5ec0996818884fd5fb1\",\"name\":\"Arnaldo Botto\",\"image\":{\"@type\":\"ImageObject\",\"inLanguage\":\"es\",\"@id\":\"https:\/\/www.noticiasradioreflejos.com.ar\/2021\/#\/schema\/person\/image\/\",\"url\":\"https:\/\/secure.gravatar.com\/avatar\/55cb5e37c1efa326397366e6974cb338056df65cb50e7d64d1cf314e87504837?s=96&d=mm&r=g\",\"contentUrl\":\"https:\/\/secure.gravatar.com\/avatar\/55cb5e37c1efa326397366e6974cb338056df65cb50e7d64d1cf314e87504837?s=96&d=mm&r=g\",\"caption\":\"Arnaldo Botto\"},\"url\":\"https:\/\/www.noticiasradioreflejos.com.ar\/2021\/author\/arnaldo\/\"}]}<\/script>\n<!-- \/ Yoast SEO plugin. -->","yoast_head_json":{"title":"Fiscal Fern\u00e1ndez: \u201cNo hay delito en pedir el pase sanitario\u201d - Noticias Radio Reflejos","robots":{"index":"index","follow":"follow","max-snippet":"max-snippet:-1","max-image-preview":"max-image-preview:large","max-video-preview":"max-video-preview:-1"},"canonical":"https:\/\/www.noticiasradioreflejos.com.ar\/2021\/fiscal-fernandez-no-hay-delito-en-pedir-el-pase-sanitario\/","og_locale":"es_ES","og_type":"article","og_title":"Fiscal Fern\u00e1ndez: \u201cNo hay delito en pedir el pase sanitario\u201d - Noticias Radio Reflejos","og_description":"La expresi\u00f3n surgi\u00f3 del Fiscal General cuando desde la redacci\u00f3n de La Br\u00fajula 24 se lo consult\u00f3 sobre un comunicado dado a conocer hoy.","og_url":"https:\/\/www.noticiasradioreflejos.com.ar\/2021\/fiscal-fernandez-no-hay-delito-en-pedir-el-pase-sanitario\/","og_site_name":"Noticias Radio Reflejos","article_published_time":"2021-12-24T00:10:29+00:00","og_image":[{"url":"https:\/\/www.labrujula24.com\/wp-content\/uploads\/2020\/02\/fiscal%C3%ADa-general-vieytes-y-gorriti.jpg","type":"","width":"","height":""}],"author":"Arnaldo Botto","twitter_card":"summary_large_image","schema":{"@context":"https:\/\/schema.org","@graph":[{"@type":"WebPage","@id":"https:\/\/www.noticiasradioreflejos.com.ar\/2021\/fiscal-fernandez-no-hay-delito-en-pedir-el-pase-sanitario\/","url":"https:\/\/www.noticiasradioreflejos.com.ar\/2021\/fiscal-fernandez-no-hay-delito-en-pedir-el-pase-sanitario\/","name":"Fiscal Fern\u00e1ndez: \u201cNo hay delito en pedir el pase sanitario\u201d - Noticias Radio Reflejos","isPartOf":{"@id":"https:\/\/www.noticiasradioreflejos.com.ar\/2021\/#website"},"primaryImageOfPage":{"@id":"https:\/\/www.noticiasradioreflejos.com.ar\/2021\/fiscal-fernandez-no-hay-delito-en-pedir-el-pase-sanitario\/#primaryimage"},"image":{"@id":"https:\/\/www.noticiasradioreflejos.com.ar\/2021\/fiscal-fernandez-no-hay-delito-en-pedir-el-pase-sanitario\/#primaryimage"},"thumbnailUrl":"https:\/\/www.labrujula24.com\/wp-content\/uploads\/2020\/02\/fiscal%C3%ADa-general-vieytes-y-gorriti.jpg","datePublished":"2021-12-24T00:10:29+00:00","author":{"@id":"https:\/\/www.noticiasradioreflejos.com.ar\/2021\/#\/schema\/person\/ad82545263dcc5ec0996818884fd5fb1"},"breadcrumb":{"@id":"https:\/\/www.noticiasradioreflejos.com.ar\/2021\/fiscal-fernandez-no-hay-delito-en-pedir-el-pase-sanitario\/#breadcrumb"},"inLanguage":"es","potentialAction":[{"@type":"ReadAction","target":["https:\/\/www.noticiasradioreflejos.com.ar\/2021\/fiscal-fernandez-no-hay-delito-en-pedir-el-pase-sanitario\/"]}]},{"@type":"ImageObject","inLanguage":"es","@id":"https:\/\/www.noticiasradioreflejos.com.ar\/2021\/fiscal-fernandez-no-hay-delito-en-pedir-el-pase-sanitario\/#primaryimage","url":"https:\/\/www.labrujula24.com\/wp-content\/uploads\/2020\/02\/fiscal%C3%ADa-general-vieytes-y-gorriti.jpg","contentUrl":"https:\/\/www.labrujula24.com\/wp-content\/uploads\/2020\/02\/fiscal%C3%ADa-general-vieytes-y-gorriti.jpg"},{"@type":"BreadcrumbList","@id":"https:\/\/www.noticiasradioreflejos.com.ar\/2021\/fiscal-fernandez-no-hay-delito-en-pedir-el-pase-sanitario\/#breadcrumb","itemListElement":[{"@type":"ListItem","position":1,"name":"Portada","item":"https:\/\/www.noticiasradioreflejos.com.ar\/2021\/"},{"@type":"ListItem","position":2,"name":"Fiscal Fern\u00e1ndez: \u201cNo hay delito en pedir el pase sanitario\u201d"}]},{"@type":"WebSite","@id":"https:\/\/www.noticiasradioreflejos.com.ar\/2021\/#website","url":"https:\/\/www.noticiasradioreflejos.com.ar\/2021\/","name":"Noticias Radio Reflejos","description":"Las noticias de mi comarca","potentialAction":[{"@type":"SearchAction","target":{"@type":"EntryPoint","urlTemplate":"https:\/\/www.noticiasradioreflejos.com.ar\/2021\/?s={search_term_string}"},"query-input":{"@type":"PropertyValueSpecification","valueRequired":true,"valueName":"search_term_string"}}],"inLanguage":"es"},{"@type":"Person","@id":"https:\/\/www.noticiasradioreflejos.com.ar\/2021\/#\/schema\/person\/ad82545263dcc5ec0996818884fd5fb1","name":"Arnaldo Botto","image":{"@type":"ImageObject","inLanguage":"es","@id":"https:\/\/www.noticiasradioreflejos.com.ar\/2021\/#\/schema\/person\/image\/","url":"https:\/\/secure.gravatar.com\/avatar\/55cb5e37c1efa326397366e6974cb338056df65cb50e7d64d1cf314e87504837?s=96&d=mm&r=g","contentUrl":"https:\/\/secure.gravatar.com\/avatar\/55cb5e37c1efa326397366e6974cb338056df65cb50e7d64d1cf314e87504837?s=96&d=mm&r=g","caption":"Arnaldo Botto"},"url":"https:\/\/www.noticiasradioreflejos.com.ar\/2021\/author\/arnaldo\/"}]}},"_links":{"self":[{"href":"https:\/\/www.noticiasradioreflejos.com.ar\/2021\/wp-json\/wp\/v2\/posts\/66359","targetHints":{"allow":["GET"]}}],"collection":[{"href":"https:\/\/www.noticiasradioreflejos.com.ar\/2021\/wp-json\/wp\/v2\/posts"}],"about":[{"href":"https:\/\/www.noticiasradioreflejos.com.ar\/2021\/wp-json\/wp\/v2\/types\/post"}],"author":[{"embeddable":true,"href":"https:\/\/www.noticiasradioreflejos.com.ar\/2021\/wp-json\/wp\/v2\/users\/3"}],"replies":[{"embeddable":true,"href":"https:\/\/www.noticiasradioreflejos.com.ar\/2021\/wp-json\/wp\/v2\/comments?post=66359"}],"version-history":[{"count":1,"href":"https:\/\/www.noticiasradioreflejos.com.ar\/2021\/wp-json\/wp\/v2\/posts\/66359\/revisions"}],"predecessor-version":[{"id":66360,"href":"https:\/\/www.noticiasradioreflejos.com.ar\/2021\/wp-json\/wp\/v2\/posts\/66359\/revisions\/66360"}],"wp:attachment":[{"href":"https:\/\/www.noticiasradioreflejos.com.ar\/2021\/wp-json\/wp\/v2\/media?parent=66359"}],"wp:term":[{"taxonomy":"category","embeddable":true,"href":"https:\/\/www.noticiasradioreflejos.com.ar\/2021\/wp-json\/wp\/v2\/categories?post=66359"},{"taxonomy":"post_tag","embeddable":true,"href":"https:\/\/www.noticiasradioreflejos.com.ar\/2021\/wp-json\/wp\/v2\/tags?post=66359"}],"curies":[{"name":"wp","href":"https:\/\/api.w.org\/{rel}","templated":true}]}}