{"id":66305,"date":"2021-12-22T17:55:02","date_gmt":"2021-12-22T17:55:02","guid":{"rendered":"http:\/\/www.noticiasradioreflejos.com.ar\/2021\/?p=66305"},"modified":"2021-12-22T17:55:02","modified_gmt":"2021-12-22T17:55:02","slug":"kicillof-tambien-otorgara-un-bono-de-20-mil-para-jubilados-docentes-medicos-y-policias","status":"publish","type":"post","link":"https:\/\/www.noticiasradioreflejos.com.ar\/2021\/kicillof-tambien-otorgara-un-bono-de-20-mil-para-jubilados-docentes-medicos-y-policias\/","title":{"rendered":"Kicillof tambi\u00e9n otorgar\u00e1 un bono de $20 mil para jubilados, docentes, m\u00e9dicos y polic\u00edas"},"content":{"rendered":"<header id=\"mvp-post-head\" class=\"left relative\">El gobierno bonaerense lo pagar\u00e1 antes de fin de a\u00f1o, en sinton\u00eda con lo anunciado por Naci\u00f3n. Y alcanzar\u00e1 a beneficiarios de programas sociales provinciales. Polic\u00edas y docentes finalizar\u00e1n con 54% de aumento en 2021.<\/p>\n<\/header>\n<p><!--more--><\/p>\n<div class=\"mvp-post-main-out left relative\">\n<div class=\"mvp-post-main-in\">\n<div id=\"mvp-post-content\" class=\"left relative\">\n<div id=\"mvp-post-feat-img\" class=\"left relative mvp-post-feat-img-wide2\"><img loading=\"lazy\" decoding=\"async\" class=\"attachment- size- wp-post-image\" src=\"https:\/\/www.labrujula24.com\/wp-content\/uploads\/2021\/12\/Kicillof-con-gremios-estatales-y-docentes-Prensa-GPBA.jpg\" sizes=\"auto, (max-width: 1200px) 100vw, 1200px\" srcset=\"https:\/\/www.labrujula24.com\/wp-content\/uploads\/2021\/12\/Kicillof-con-gremios-estatales-y-docentes-Prensa-GPBA.jpg 1200w, https:\/\/www.labrujula24.com\/wp-content\/uploads\/2021\/12\/Kicillof-con-gremios-estatales-y-docentes-Prensa-GPBA-768x461.jpg 768w, https:\/\/www.labrujula24.com\/wp-content\/uploads\/2021\/12\/Kicillof-con-gremios-estatales-y-docentes-Prensa-GPBA-1000x600.jpg 1000w, https:\/\/www.labrujula24.com\/wp-content\/uploads\/2021\/12\/Kicillof-con-gremios-estatales-y-docentes-Prensa-GPBA-590x354.jpg 590w, https:\/\/www.labrujula24.com\/wp-content\/uploads\/2021\/12\/Kicillof-con-gremios-estatales-y-docentes-Prensa-GPBA-400x240.jpg 400w\" alt=\"\" width=\"1200\" height=\"720\" \/><\/div>\n<div id=\"mvp-content-wrap\" class=\"left relative\">\n<div class=\"mvp-post-soc-out right relative\">\n<div class=\"mvp-post-soc-in\">\n<div id=\"mvp-content-body\" class=\"left relative\">\n<div id=\"mvp-content-body-top\" class=\"left relative\">\n<div id=\"mvp-content-main\" class=\"left relative\">\n<div id=\"textbody\">\n<div class=\"code-block code-block-2\">\n<div class=\"at-above-post\" data-url=\"https:\/\/www.labrujula24.com\/notas\/2021\/12\/22\/kicillof-tambien-otorgara-un-bono-de-20-mil-pesos-a-jubilados-docentes-medicos-y-policias-n180904\/\" data-title=\"Kicillof tambi\u00e9n otorgar\u00e1 un bono de $20 mil para jubilados, docentes, m\u00e9dicos y polic\u00edas\" data-description=\"El gobierno bonaerense lo pagar\u00e1 antes de fin de a\u00f1o, en sinton\u00eda con lo anunciado por Naci\u00f3n. Y alcanzar\u00e1 a beneficiarios de programas sociales provinciales. Polic\u00edas y docentes finalizar\u00e1n con 54% de aumento en 2021.\n\"><\/p>\n<div id=\"atstbx\" class=\"at-resp-share-element at-style-responsive addthis-smartlayers addthis-animated at4-show\" role=\"region\" aria-labelledby=\"at-c0a148e4-d9e6-43d5-a40f-6b6fdee0d8ae\"><span id=\"at-c0a148e4-d9e6-43d5-a40f-6b6fdee0d8ae\" class=\"at4-visually-hidden\"><\/span><\/p>\n<div class=\"at-share-btn-elements\"><\/div>\n<\/div>\n<\/div>\n<\/div>\n<p>En sinton\u00eda con la medida dispuesta a nivel nacional, el gobierno de Axel Kicillof otorgar\u00e1 un bono de 20 mil pesos a trabajadores estatales, docentes, m\u00e9dicos y polic\u00edas de la provincia antes de fin de a\u00f1o.<\/p>\n<p>La medida, que fue confirmada desde la gobernaci\u00f3n a\u00a0<em>Tiempo<\/em>, ser\u00e1 anunciada en los pr\u00f3ximos d\u00edas por el mandatario y buscar\u00e1 reconocer la labor de los estatales bonaerenses en 2021, segundo a\u00f1o de la pandemia.<\/p>\n<div class=\"code-block code-block-11\"><\/div>\n<p>El bono se pagar\u00e1 antes de fin de a\u00f1o y complementar\u00e1 la suba del 8% acordada por diciembre, tanto con los trabajadores de la ley 10.430 como con los docentes, para cerrar el a\u00f1o paritario en un 54% de aumento.<\/p>\n<p>La decisi\u00f3n de Kicillof se conoci\u00f3 tras el anuncio del presidente Alberto Fern\u00e1ndez de otorgar un bono especial de fin de a\u00f1o a trabajadores y trabajadoras de la Administraci\u00f3n P\u00fablica Nacional (APN) de 20 mil pesos, que incluye a m\u00e1s 350 mil empleados que percibir\u00e1n dicha suma no remunerativa con el salario de diciembre.<\/p>\n<p>\u201cEs una medida m\u00e1s para recomponer los ingresos de los estatales\u201d, sostuvo Fern\u00e1ndez en el acto de anuncio y destac\u00f3: \u201cCumplimos con nuestro compromiso de que en 2021 los salarios le ganen a la inflaci\u00f3n\u201d.<\/p>\n<p><strong>Bono a jubilados<\/strong><\/p>\n<p>El bono a los estatales bonaerenses se sumar\u00e1 a otra medida que fue anunciada este martes en la Provincia y que est\u00e1 destinada a reforzar el bolsillo por fin de a\u00f1o. Se trata de un bono de 8 mil pesos que Kicillof dispuso para los jubilados y pensionados que dependen del Instituto de Previsi\u00f3n Social (IPS) que perciben el haber m\u00ednimo, como as\u00ed tambi\u00e9n para las y los destinatarios de programas sociales. Adem\u00e1s se abonar\u00e1 un refuerzo de 3 mil pesos ni\u00f1a\/o o adolescente a instituciones sociales que trabajan con el Ministerio de Desarrollo de la Comunidad y el Organismo Provincial de la Ni\u00f1ez y Adolescencia.<\/p>\n<p>El beneficio, de car\u00e1cter extraordinario, alcanzar\u00e1 a 176.144 personas, entre los que se encuentran ni\u00f1os, ni\u00f1as y j\u00f3venes, personas mayores, madres solas y personas con discapacidad, seg\u00fan precisaron desde el Ejecutivo. Tambi\u00e9n alcanza a m\u00e1s de 4 mil instituciones y centros que llevan adelante un rol social.<\/p>\n<p>Los titulares de derecho no deber\u00e1n hacer ning\u00fan tr\u00e1mite adicional para acceder al beneficio ya que se depositar\u00e1 en la misma cuenta donde reciben su prestaci\u00f3n en los pr\u00f3ximos d\u00edas.<\/p>\n<div class=\"code-block code-block-1\"><\/div>\n<p>Los programas sociales alcanzados son el M\u00e1s Vida, Envi\u00f3n, Barrios Bonaerenses, Autonom\u00eda Joven, Peculios de talleres Protegidos de producci\u00f3n, Programa de Asistencia Alimentaria al Paciente Cel\u00edaco (PAAC) y Programa de Asistencia Alimentaria a Pacientes Inmunodeprimidos (PAAI).<\/p>\n<p><strong>Aumento a polic\u00edas<\/strong><\/p>\n<p>En un d\u00eda cargado de anuncios salariales, el gobierno provincial tambi\u00e9n anunci\u00f3 que otorgar\u00e1 una nueva suba a los efectivos de la Polic\u00eda bonaerense y los agentes del Servicio Penitenciario que cerrar\u00e1n as\u00ed el a\u00f1o con un acumulado del 54%, replicando as\u00ed la mejora acordada con los estatales y los docentes hace 10 d\u00edas en paritarias.<\/p>\n<p>El incremento del 8% se suma a los que se dieron en los meses de marzo, julio, septiembre, octubre y noviembre. Con la suba de diciembre, el salario de neto de un oficial de polic\u00eda ingresante sin antig\u00fcedad llegar\u00e1 a 70.746 pesos en diciembre, y a 78.246 pesos de bolsillo si se suma el monto del valor del uniforme que subir\u00e1 de 5 mil a 7.500 pesos a partir de este mes.<\/p>\n<p>Desde el Ejecutivo aclararon que tambi\u00e9n se increment\u00f3 75% el valor de los vi\u00e1ticos a partir de diciembre, llev\u00e1ndolos a $3.500 diarios para todos los efectivos movilizados en el Operativo Sol.<\/p>\n<p>Fuente: Tiempo Argentino<\/p>\n<\/div>\n<\/div>\n<\/div>\n<\/div>\n<\/div>\n<\/div>\n<\/div>\n<\/div>\n<\/div>\n<\/div>\n","protected":false},"excerpt":{"rendered":"<p>El gobierno bonaerense lo pagar\u00e1 antes de fin de a\u00f1o, en sinton\u00eda con lo anunciado por Naci\u00f3n. Y alcanzar\u00e1 a beneficiarios de programas sociales provinciales. Polic\u00edas y docentes finalizar\u00e1n con 54% de aumento en 2021.<\/p>\n","protected":false},"author":3,"featured_media":0,"comment_status":"closed","ping_status":"closed","sticky":false,"template":"","format":"standard","meta":{"footnotes":""},"categories":[24,26],"tags":[],"class_list":["post-66305","post","type-post","status-publish","format-standard","hentry","category-politica","category-sociedad"],"yoast_head":"<!-- This site is optimized with the Yoast SEO plugin v25.9 - https:\/\/yoast.com\/wordpress\/plugins\/seo\/ -->\n<title>Kicillof tambi\u00e9n otorgar\u00e1 un bono de $20 mil para jubilados, docentes, m\u00e9dicos y polic\u00edas - Noticias Radio Reflejos<\/title>\n<meta name=\"robots\" content=\"index, follow, max-snippet:-1, max-image-preview:large, max-video-preview:-1\" \/>\n<link rel=\"canonical\" href=\"https:\/\/www.noticiasradioreflejos.com.ar\/2021\/kicillof-tambien-otorgara-un-bono-de-20-mil-para-jubilados-docentes-medicos-y-policias\/\" \/>\n<meta property=\"og:locale\" content=\"es_ES\" \/>\n<meta property=\"og:type\" content=\"article\" \/>\n<meta property=\"og:title\" content=\"Kicillof tambi\u00e9n otorgar\u00e1 un bono de $20 mil para jubilados, docentes, m\u00e9dicos y polic\u00edas - Noticias Radio Reflejos\" \/>\n<meta property=\"og:description\" content=\"El gobierno bonaerense lo pagar\u00e1 antes de fin de a\u00f1o, en sinton\u00eda con lo anunciado por Naci\u00f3n. Y alcanzar\u00e1 a beneficiarios de programas sociales provinciales. Polic\u00edas y docentes finalizar\u00e1n con 54% de aumento en 2021.\" \/>\n<meta property=\"og:url\" content=\"https:\/\/www.noticiasradioreflejos.com.ar\/2021\/kicillof-tambien-otorgara-un-bono-de-20-mil-para-jubilados-docentes-medicos-y-policias\/\" \/>\n<meta property=\"og:site_name\" content=\"Noticias Radio Reflejos\" \/>\n<meta property=\"article:published_time\" content=\"2021-12-22T17:55:02+00:00\" \/>\n<meta property=\"og:image\" content=\"https:\/\/www.labrujula24.com\/wp-content\/uploads\/2021\/12\/Kicillof-con-gremios-estatales-y-docentes-Prensa-GPBA.jpg\" \/>\n<meta name=\"author\" content=\"Arnaldo Botto\" \/>\n<meta name=\"twitter:card\" content=\"summary_large_image\" \/>\n<script type=\"application\/ld+json\" class=\"yoast-schema-graph\">{\"@context\":\"https:\/\/schema.org\",\"@graph\":[{\"@type\":\"WebPage\",\"@id\":\"https:\/\/www.noticiasradioreflejos.com.ar\/2021\/kicillof-tambien-otorgara-un-bono-de-20-mil-para-jubilados-docentes-medicos-y-policias\/\",\"url\":\"https:\/\/www.noticiasradioreflejos.com.ar\/2021\/kicillof-tambien-otorgara-un-bono-de-20-mil-para-jubilados-docentes-medicos-y-policias\/\",\"name\":\"Kicillof tambi\u00e9n otorgar\u00e1 un bono de $20 mil para jubilados, docentes, m\u00e9dicos y polic\u00edas - Noticias Radio Reflejos\",\"isPartOf\":{\"@id\":\"https:\/\/www.noticiasradioreflejos.com.ar\/2021\/#website\"},\"primaryImageOfPage\":{\"@id\":\"https:\/\/www.noticiasradioreflejos.com.ar\/2021\/kicillof-tambien-otorgara-un-bono-de-20-mil-para-jubilados-docentes-medicos-y-policias\/#primaryimage\"},\"image\":{\"@id\":\"https:\/\/www.noticiasradioreflejos.com.ar\/2021\/kicillof-tambien-otorgara-un-bono-de-20-mil-para-jubilados-docentes-medicos-y-policias\/#primaryimage\"},\"thumbnailUrl\":\"https:\/\/www.labrujula24.com\/wp-content\/uploads\/2021\/12\/Kicillof-con-gremios-estatales-y-docentes-Prensa-GPBA.jpg\",\"datePublished\":\"2021-12-22T17:55:02+00:00\",\"author\":{\"@id\":\"https:\/\/www.noticiasradioreflejos.com.ar\/2021\/#\/schema\/person\/ad82545263dcc5ec0996818884fd5fb1\"},\"breadcrumb\":{\"@id\":\"https:\/\/www.noticiasradioreflejos.com.ar\/2021\/kicillof-tambien-otorgara-un-bono-de-20-mil-para-jubilados-docentes-medicos-y-policias\/#breadcrumb\"},\"inLanguage\":\"es\",\"potentialAction\":[{\"@type\":\"ReadAction\",\"target\":[\"https:\/\/www.noticiasradioreflejos.com.ar\/2021\/kicillof-tambien-otorgara-un-bono-de-20-mil-para-jubilados-docentes-medicos-y-policias\/\"]}]},{\"@type\":\"ImageObject\",\"inLanguage\":\"es\",\"@id\":\"https:\/\/www.noticiasradioreflejos.com.ar\/2021\/kicillof-tambien-otorgara-un-bono-de-20-mil-para-jubilados-docentes-medicos-y-policias\/#primaryimage\",\"url\":\"https:\/\/www.labrujula24.com\/wp-content\/uploads\/2021\/12\/Kicillof-con-gremios-estatales-y-docentes-Prensa-GPBA.jpg\",\"contentUrl\":\"https:\/\/www.labrujula24.com\/wp-content\/uploads\/2021\/12\/Kicillof-con-gremios-estatales-y-docentes-Prensa-GPBA.jpg\"},{\"@type\":\"BreadcrumbList\",\"@id\":\"https:\/\/www.noticiasradioreflejos.com.ar\/2021\/kicillof-tambien-otorgara-un-bono-de-20-mil-para-jubilados-docentes-medicos-y-policias\/#breadcrumb\",\"itemListElement\":[{\"@type\":\"ListItem\",\"position\":1,\"name\":\"Portada\",\"item\":\"https:\/\/www.noticiasradioreflejos.com.ar\/2021\/\"},{\"@type\":\"ListItem\",\"position\":2,\"name\":\"Kicillof tambi\u00e9n otorgar\u00e1 un bono de $20 mil para jubilados, docentes, m\u00e9dicos y polic\u00edas\"}]},{\"@type\":\"WebSite\",\"@id\":\"https:\/\/www.noticiasradioreflejos.com.ar\/2021\/#website\",\"url\":\"https:\/\/www.noticiasradioreflejos.com.ar\/2021\/\",\"name\":\"Noticias Radio Reflejos\",\"description\":\"Las noticias de mi comarca\",\"potentialAction\":[{\"@type\":\"SearchAction\",\"target\":{\"@type\":\"EntryPoint\",\"urlTemplate\":\"https:\/\/www.noticiasradioreflejos.com.ar\/2021\/?s={search_term_string}\"},\"query-input\":{\"@type\":\"PropertyValueSpecification\",\"valueRequired\":true,\"valueName\":\"search_term_string\"}}],\"inLanguage\":\"es\"},{\"@type\":\"Person\",\"@id\":\"https:\/\/www.noticiasradioreflejos.com.ar\/2021\/#\/schema\/person\/ad82545263dcc5ec0996818884fd5fb1\",\"name\":\"Arnaldo Botto\",\"image\":{\"@type\":\"ImageObject\",\"inLanguage\":\"es\",\"@id\":\"https:\/\/www.noticiasradioreflejos.com.ar\/2021\/#\/schema\/person\/image\/\",\"url\":\"https:\/\/secure.gravatar.com\/avatar\/55cb5e37c1efa326397366e6974cb338056df65cb50e7d64d1cf314e87504837?s=96&d=mm&r=g\",\"contentUrl\":\"https:\/\/secure.gravatar.com\/avatar\/55cb5e37c1efa326397366e6974cb338056df65cb50e7d64d1cf314e87504837?s=96&d=mm&r=g\",\"caption\":\"Arnaldo Botto\"},\"url\":\"https:\/\/www.noticiasradioreflejos.com.ar\/2021\/author\/arnaldo\/\"}]}<\/script>\n<!-- \/ Yoast SEO plugin. -->","yoast_head_json":{"title":"Kicillof tambi\u00e9n otorgar\u00e1 un bono de $20 mil para jubilados, docentes, m\u00e9dicos y polic\u00edas - Noticias Radio Reflejos","robots":{"index":"index","follow":"follow","max-snippet":"max-snippet:-1","max-image-preview":"max-image-preview:large","max-video-preview":"max-video-preview:-1"},"canonical":"https:\/\/www.noticiasradioreflejos.com.ar\/2021\/kicillof-tambien-otorgara-un-bono-de-20-mil-para-jubilados-docentes-medicos-y-policias\/","og_locale":"es_ES","og_type":"article","og_title":"Kicillof tambi\u00e9n otorgar\u00e1 un bono de $20 mil para jubilados, docentes, m\u00e9dicos y polic\u00edas - Noticias Radio Reflejos","og_description":"El gobierno bonaerense lo pagar\u00e1 antes de fin de a\u00f1o, en sinton\u00eda con lo anunciado por Naci\u00f3n. Y alcanzar\u00e1 a beneficiarios de programas sociales provinciales. Polic\u00edas y docentes finalizar\u00e1n con 54% de aumento en 2021.","og_url":"https:\/\/www.noticiasradioreflejos.com.ar\/2021\/kicillof-tambien-otorgara-un-bono-de-20-mil-para-jubilados-docentes-medicos-y-policias\/","og_site_name":"Noticias Radio Reflejos","article_published_time":"2021-12-22T17:55:02+00:00","og_image":[{"url":"https:\/\/www.labrujula24.com\/wp-content\/uploads\/2021\/12\/Kicillof-con-gremios-estatales-y-docentes-Prensa-GPBA.jpg","type":"","width":"","height":""}],"author":"Arnaldo Botto","twitter_card":"summary_large_image","schema":{"@context":"https:\/\/schema.org","@graph":[{"@type":"WebPage","@id":"https:\/\/www.noticiasradioreflejos.com.ar\/2021\/kicillof-tambien-otorgara-un-bono-de-20-mil-para-jubilados-docentes-medicos-y-policias\/","url":"https:\/\/www.noticiasradioreflejos.com.ar\/2021\/kicillof-tambien-otorgara-un-bono-de-20-mil-para-jubilados-docentes-medicos-y-policias\/","name":"Kicillof tambi\u00e9n otorgar\u00e1 un bono de $20 mil para jubilados, docentes, m\u00e9dicos y polic\u00edas - Noticias Radio Reflejos","isPartOf":{"@id":"https:\/\/www.noticiasradioreflejos.com.ar\/2021\/#website"},"primaryImageOfPage":{"@id":"https:\/\/www.noticiasradioreflejos.com.ar\/2021\/kicillof-tambien-otorgara-un-bono-de-20-mil-para-jubilados-docentes-medicos-y-policias\/#primaryimage"},"image":{"@id":"https:\/\/www.noticiasradioreflejos.com.ar\/2021\/kicillof-tambien-otorgara-un-bono-de-20-mil-para-jubilados-docentes-medicos-y-policias\/#primaryimage"},"thumbnailUrl":"https:\/\/www.labrujula24.com\/wp-content\/uploads\/2021\/12\/Kicillof-con-gremios-estatales-y-docentes-Prensa-GPBA.jpg","datePublished":"2021-12-22T17:55:02+00:00","author":{"@id":"https:\/\/www.noticiasradioreflejos.com.ar\/2021\/#\/schema\/person\/ad82545263dcc5ec0996818884fd5fb1"},"breadcrumb":{"@id":"https:\/\/www.noticiasradioreflejos.com.ar\/2021\/kicillof-tambien-otorgara-un-bono-de-20-mil-para-jubilados-docentes-medicos-y-policias\/#breadcrumb"},"inLanguage":"es","potentialAction":[{"@type":"ReadAction","target":["https:\/\/www.noticiasradioreflejos.com.ar\/2021\/kicillof-tambien-otorgara-un-bono-de-20-mil-para-jubilados-docentes-medicos-y-policias\/"]}]},{"@type":"ImageObject","inLanguage":"es","@id":"https:\/\/www.noticiasradioreflejos.com.ar\/2021\/kicillof-tambien-otorgara-un-bono-de-20-mil-para-jubilados-docentes-medicos-y-policias\/#primaryimage","url":"https:\/\/www.labrujula24.com\/wp-content\/uploads\/2021\/12\/Kicillof-con-gremios-estatales-y-docentes-Prensa-GPBA.jpg","contentUrl":"https:\/\/www.labrujula24.com\/wp-content\/uploads\/2021\/12\/Kicillof-con-gremios-estatales-y-docentes-Prensa-GPBA.jpg"},{"@type":"BreadcrumbList","@id":"https:\/\/www.noticiasradioreflejos.com.ar\/2021\/kicillof-tambien-otorgara-un-bono-de-20-mil-para-jubilados-docentes-medicos-y-policias\/#breadcrumb","itemListElement":[{"@type":"ListItem","position":1,"name":"Portada","item":"https:\/\/www.noticiasradioreflejos.com.ar\/2021\/"},{"@type":"ListItem","position":2,"name":"Kicillof tambi\u00e9n otorgar\u00e1 un bono de $20 mil para jubilados, docentes, m\u00e9dicos y polic\u00edas"}]},{"@type":"WebSite","@id":"https:\/\/www.noticiasradioreflejos.com.ar\/2021\/#website","url":"https:\/\/www.noticiasradioreflejos.com.ar\/2021\/","name":"Noticias Radio Reflejos","description":"Las noticias de mi comarca","potentialAction":[{"@type":"SearchAction","target":{"@type":"EntryPoint","urlTemplate":"https:\/\/www.noticiasradioreflejos.com.ar\/2021\/?s={search_term_string}"},"query-input":{"@type":"PropertyValueSpecification","valueRequired":true,"valueName":"search_term_string"}}],"inLanguage":"es"},{"@type":"Person","@id":"https:\/\/www.noticiasradioreflejos.com.ar\/2021\/#\/schema\/person\/ad82545263dcc5ec0996818884fd5fb1","name":"Arnaldo Botto","image":{"@type":"ImageObject","inLanguage":"es","@id":"https:\/\/www.noticiasradioreflejos.com.ar\/2021\/#\/schema\/person\/image\/","url":"https:\/\/secure.gravatar.com\/avatar\/55cb5e37c1efa326397366e6974cb338056df65cb50e7d64d1cf314e87504837?s=96&d=mm&r=g","contentUrl":"https:\/\/secure.gravatar.com\/avatar\/55cb5e37c1efa326397366e6974cb338056df65cb50e7d64d1cf314e87504837?s=96&d=mm&r=g","caption":"Arnaldo Botto"},"url":"https:\/\/www.noticiasradioreflejos.com.ar\/2021\/author\/arnaldo\/"}]}},"_links":{"self":[{"href":"https:\/\/www.noticiasradioreflejos.com.ar\/2021\/wp-json\/wp\/v2\/posts\/66305","targetHints":{"allow":["GET"]}}],"collection":[{"href":"https:\/\/www.noticiasradioreflejos.com.ar\/2021\/wp-json\/wp\/v2\/posts"}],"about":[{"href":"https:\/\/www.noticiasradioreflejos.com.ar\/2021\/wp-json\/wp\/v2\/types\/post"}],"author":[{"embeddable":true,"href":"https:\/\/www.noticiasradioreflejos.com.ar\/2021\/wp-json\/wp\/v2\/users\/3"}],"replies":[{"embeddable":true,"href":"https:\/\/www.noticiasradioreflejos.com.ar\/2021\/wp-json\/wp\/v2\/comments?post=66305"}],"version-history":[{"count":1,"href":"https:\/\/www.noticiasradioreflejos.com.ar\/2021\/wp-json\/wp\/v2\/posts\/66305\/revisions"}],"predecessor-version":[{"id":66306,"href":"https:\/\/www.noticiasradioreflejos.com.ar\/2021\/wp-json\/wp\/v2\/posts\/66305\/revisions\/66306"}],"wp:attachment":[{"href":"https:\/\/www.noticiasradioreflejos.com.ar\/2021\/wp-json\/wp\/v2\/media?parent=66305"}],"wp:term":[{"taxonomy":"category","embeddable":true,"href":"https:\/\/www.noticiasradioreflejos.com.ar\/2021\/wp-json\/wp\/v2\/categories?post=66305"},{"taxonomy":"post_tag","embeddable":true,"href":"https:\/\/www.noticiasradioreflejos.com.ar\/2021\/wp-json\/wp\/v2\/tags?post=66305"}],"curies":[{"name":"wp","href":"https:\/\/api.w.org\/{rel}","templated":true}]}}