{"id":66286,"date":"2021-12-22T15:27:20","date_gmt":"2021-12-22T15:27:20","guid":{"rendered":"http:\/\/www.noticiasradioreflejos.com.ar\/2021\/?p=66286"},"modified":"2021-12-22T15:27:20","modified_gmt":"2021-12-22T15:27:20","slug":"por-primera-vez-en-el-pais-el-gas-no-convencional-supera-al-convencional-en-la-produccion-total","status":"publish","type":"post","link":"https:\/\/www.noticiasradioreflejos.com.ar\/2021\/por-primera-vez-en-el-pais-el-gas-no-convencional-supera-al-convencional-en-la-produccion-total\/","title":{"rendered":"Por primera vez en el pa\u00eds, el gas no convencional supera al convencional en la producci\u00f3n total"},"content":{"rendered":"<p>Durante noviembre la producci\u00f3n del gas no convencional alcanz\u00f3 casi el 52% de la producci\u00f3n total de este combustible. El petr\u00f3leo no convencional no se qued\u00f3 atr\u00e1s, y favoreci\u00f3 alcanzar el mayor pico de producci\u00f3n total de los \u00faltimos 9 a\u00f1os.<!--more--><\/p>\n<p><a href=\"https:\/\/www.austral.edu.ar\/ingenieria\/wp-content\/uploads\/2021\/12\/2021.12-REPORTE-ENERGIA-AUSTRAL.pdf?utm_source=email_marketing&amp;utm_admin=131505&amp;utm_medium=email&amp;utm_campaign=ENERGA_e_HIDROCARBUROS_Por_primera_vez_en_el_pas_el_gas_no_convencional_supera_al_convencional_en_la\"><strong><em>VER INFORME COMPLETO<\/em><\/strong><\/a><\/p>\n<div>\n<h3><em style=\"color: #333333; font-size: 15px;\"><br \/>\n<img decoding=\"async\" class=\"CToWUd a6T\" tabindex=\"0\" src=\"https:\/\/ci5.googleusercontent.com\/proxy\/KneGWGm5z43piGDWFvWq95UTJEhwvyBpTH8wcNR8ax7PKIFnFJ0jh7DDLRGyblcwGP4MYyf0WR_3IIWsACzFS_bqd8IZDz7ldiLjVdgpwUj8krSURR5BYQc1vMU3VsGMmSOz3jnhAuXASwMZ_eudHiYchW7VJyPbYRBgNrKwfpSuiu3mjd1BYBPuPMA960EEici7Yo7zJgM=s0-d-e1-ft#https:\/\/131505.asset.dattanet.com\/storage\/picture\/5e4558355612c4ea5ff50889\/61c316db4676d075273d3ed8\/img\/61c31fd7f1195b9027b6206c.jpg\" alt=\"\" width=\"100%\" border=\"0\" \/><\/em><em><strong>Evoluci\u00f3n de la Producci\u00f3n de Gas por cuenca y por tipo de<\/strong><\/em><\/h3>\n<h3><em><strong>Recurso (MMm3\/d)<\/strong><\/em><\/h3>\n<\/div>\n<blockquote><p><em>Buenos Aires, diciembre de 2021\u00a0&#8211;\u00a0Si bien la tendencia alcista del gas no convencional crece sostenidamente desde la fuerte ca\u00edda de agosto 2019 a septiembre 2020, en noviembre 2021 fue el mes en que el gas no convencional super\u00f3 al convencional en la producci\u00f3n total, con la expectativa de seguir creciendo.El 51,98% de la producci\u00f3n total de gas en el mes de noviembre fue del no convencional, que proviene en su gran mayor\u00eda de la cuenca Neuquina (48,75%) y el resto de la cuenca Austral (3,23%).Roberto Carnicer, Director del \u00c1rea Energ\u00eda de la Facultad de Ingenier\u00eda de la Universidad Austral, \u201cEl crecimiento sostenido de inversiones, demostrado por el aumento del n\u00famero de fracturas, ha redundado en la recuperaci\u00f3n de la producci\u00f3n de gas. El principal motivador fue el de reconocer que el precio del gas en boca de pozo sea en d\u00f3lares mediante una subasta con un mecanismo de contractualizaci\u00f3n de mediano plazo (4 a\u00f1os al menos) para la demanda residencial y de generaci\u00f3n, dando as\u00ed previsibilidad al recupero de las inversiones\u201d.Se observa la recuperaci\u00f3n del gas no convencional producto del Plan Gas.AR. Aunque la ca\u00edda de la producci\u00f3n convencional no permite todav\u00eda evidenciar una recuperaci\u00f3n total de la producci\u00f3n.El foco del crecimiento est\u00e1 en la producci\u00f3n del gas natural shale de la cuenca Neuquina, que alcanz\u00f3 42,03 MMm3\/d en octubre del 2021 representando el 33,06% del total producido en el pa\u00eds y el 50% del total de dicha cuenca. De esta manera, se registra un crecimiento del 40%, respecto a octubre del 2020.<\/em><\/p><\/blockquote>\n<h3><em><strong>Petr\u00f3leo<\/strong><\/em><\/h3>\n<p><em>La novedad m\u00e1s importante en la producci\u00f3n del crudo est\u00e1 en que la producci\u00f3n de petr\u00f3leo fue la m\u00e1s alta en 9 a\u00f1os.<\/em><\/p>\n<p><em>Seg\u00fan Roberto Carnicer, \u201cEl aumento del precio internacional de gas y de crudo incentiva para aumentar la producci\u00f3n nacional para la exportaci\u00f3n y favorece a la industria para seguir creciendo. El no existir retenciones m\u00f3viles a las exportaciones de crudo y mantenerlas sin cambiarlas es tambi\u00e9n establecer una regla clara que permite la inversi\u00f3n. Hecho que no ha sido lo habitual. Las reglas claras y permanentes son instrumentos de previsibilidad para el crecimiento de cualquier industria\u201d.<\/em><\/p>\n<p><em>Durante noviembre se produjeron 557 mil barriles diarios, una cifra que no se obten\u00eda desde el mes de octubre de 2012.<\/em><\/p>\n<p><em>En similitud con la producci\u00f3n del gas, en el caso del petr\u00f3leo tambi\u00e9n hay una fuerte presencia de la producci\u00f3n no convencional, que crece sostenidamente. Hoy por hoy el no convencional representa el 36,2% de la producci\u00f3n total de pa\u00eds, y ha tenido un crecimiento del 61% respecto al mismo mes del 2020.<\/em><\/p>\n<table border=\"0\" width=\"100%\" cellspacing=\"0\" cellpadding=\"0\">\n<tbody>\n<tr>\n<td><\/td>\n<\/tr>\n<\/tbody>\n<\/table>\n<div>\n<h3><em><strong>Evoluci\u00f3n de la Producci\u00f3n de Petr\u00f3leo por cuenca y por tipo de\u00a0<\/strong><strong>Recurso (Mm3\/d)<\/strong><\/em><\/h3>\n<\/div>\n<div><em><img decoding=\"async\" class=\"CToWUd a6T\" tabindex=\"0\" src=\"https:\/\/ci3.googleusercontent.com\/proxy\/3PRhcLtMR2_vRNfVgLACU0Eca51PPcxeziWslyeXSWHVW8t9GHoq0rFvycJiIyQRDAM_H8XzuarEeYXpthsE7CWRe3WGPtpIgqdojFH-apTs8x4a_d_Ls67Yy4OFAOKRVDXgSqV4CAS_vrVL9QzOlDnNrR012nUge6gwi-0GDrs3-7LC7Urztd3Qi2GhMV1dQ_ewvcKpZoE=s0-d-e1-ft#https:\/\/131505.asset.dattanet.com\/storage\/picture\/5e4558355612c4ea5ff50889\/61c316db4676d075273d3ed8\/img\/61c32014f1195b9027b62074.jpg\" alt=\"\" width=\"100%\" border=\"0\" \/><\/em><\/div>\n<table border=\"0\" width=\"100%\" cellspacing=\"0\" cellpadding=\"0\">\n<tbody>\n<tr>\n<td><\/td>\n<\/tr>\n<\/tbody>\n<\/table>\n<div>\n<p><em>Para conocer en profundidad estos indicadores y otros:<\/em><\/p>\n<p><a href=\"https:\/\/131505.clicks.dattanet.com\/track\/click?u=2787280&amp;p=3133313530353a3331323a3237393a303a343a30&amp;s=b19d4f840dca314336edd2d0a30b1207&amp;m=5209\"><strong>VER INFORME COMPLETO<\/strong><\/a><\/p>\n<\/div>\n","protected":false},"excerpt":{"rendered":"<p>Durante noviembre la producci\u00f3n del gas no convencional alcanz\u00f3 casi el 52% de la producci\u00f3n total de este combustible. El petr\u00f3leo no convencional no se qued\u00f3 atr\u00e1s, y favoreci\u00f3 alcanzar el mayor pico de producci\u00f3n total de los \u00faltimos 9 a\u00f1os.<\/p>\n","protected":false},"author":3,"featured_media":0,"comment_status":"closed","ping_status":"closed","sticky":false,"template":"","format":"standard","meta":{"footnotes":""},"categories":[36,26],"tags":[],"class_list":["post-66286","post","type-post","status-publish","format-standard","hentry","category-economia","category-sociedad"],"yoast_head":"<!-- This site is optimized with the Yoast SEO plugin v25.9 - https:\/\/yoast.com\/wordpress\/plugins\/seo\/ -->\n<title>Por primera vez en el pa\u00eds, el gas no convencional supera al convencional en la producci\u00f3n total - Noticias Radio Reflejos<\/title>\n<meta name=\"robots\" content=\"index, follow, max-snippet:-1, max-image-preview:large, max-video-preview:-1\" \/>\n<link rel=\"canonical\" href=\"https:\/\/www.noticiasradioreflejos.com.ar\/2021\/por-primera-vez-en-el-pais-el-gas-no-convencional-supera-al-convencional-en-la-produccion-total\/\" \/>\n<meta property=\"og:locale\" content=\"es_ES\" \/>\n<meta property=\"og:type\" content=\"article\" \/>\n<meta property=\"og:title\" content=\"Por primera vez en el pa\u00eds, el gas no convencional supera al convencional en la producci\u00f3n total - Noticias Radio Reflejos\" \/>\n<meta property=\"og:description\" content=\"Durante noviembre la producci\u00f3n del gas no convencional alcanz\u00f3 casi el 52% de la producci\u00f3n total de este combustible. El petr\u00f3leo no convencional no se qued\u00f3 atr\u00e1s, y favoreci\u00f3 alcanzar el mayor pico de producci\u00f3n total de los \u00faltimos 9 a\u00f1os.\" \/>\n<meta property=\"og:url\" content=\"https:\/\/www.noticiasradioreflejos.com.ar\/2021\/por-primera-vez-en-el-pais-el-gas-no-convencional-supera-al-convencional-en-la-produccion-total\/\" \/>\n<meta property=\"og:site_name\" content=\"Noticias Radio Reflejos\" \/>\n<meta property=\"article:published_time\" content=\"2021-12-22T15:27:20+00:00\" \/>\n<meta property=\"og:image\" content=\"https:\/\/ci5.googleusercontent.com\/proxy\/KneGWGm5z43piGDWFvWq95UTJEhwvyBpTH8wcNR8ax7PKIFnFJ0jh7DDLRGyblcwGP4MYyf0WR_3IIWsACzFS_bqd8IZDz7ldiLjVdgpwUj8krSURR5BYQc1vMU3VsGMmSOz3jnhAuXASwMZ_eudHiYchW7VJyPbYRBgNrKwfpSuiu3mjd1BYBPuPMA960EEici7Yo7zJgM=s0-d-e1-ft#https:\/\/131505.asset.dattanet.com\/storage\/picture\/5e4558355612c4ea5ff50889\/61c316db4676d075273d3ed8\/img\/61c31fd7f1195b9027b6206c.jpg\" \/>\n<meta name=\"author\" content=\"Arnaldo Botto\" \/>\n<meta name=\"twitter:card\" content=\"summary_large_image\" \/>\n<script type=\"application\/ld+json\" class=\"yoast-schema-graph\">{\"@context\":\"https:\/\/schema.org\",\"@graph\":[{\"@type\":\"WebPage\",\"@id\":\"https:\/\/www.noticiasradioreflejos.com.ar\/2021\/por-primera-vez-en-el-pais-el-gas-no-convencional-supera-al-convencional-en-la-produccion-total\/\",\"url\":\"https:\/\/www.noticiasradioreflejos.com.ar\/2021\/por-primera-vez-en-el-pais-el-gas-no-convencional-supera-al-convencional-en-la-produccion-total\/\",\"name\":\"Por primera vez en el pa\u00eds, el gas no convencional supera al convencional en la producci\u00f3n total - Noticias Radio Reflejos\",\"isPartOf\":{\"@id\":\"https:\/\/www.noticiasradioreflejos.com.ar\/2021\/#website\"},\"primaryImageOfPage\":{\"@id\":\"https:\/\/www.noticiasradioreflejos.com.ar\/2021\/por-primera-vez-en-el-pais-el-gas-no-convencional-supera-al-convencional-en-la-produccion-total\/#primaryimage\"},\"image\":{\"@id\":\"https:\/\/www.noticiasradioreflejos.com.ar\/2021\/por-primera-vez-en-el-pais-el-gas-no-convencional-supera-al-convencional-en-la-produccion-total\/#primaryimage\"},\"thumbnailUrl\":\"https:\/\/ci5.googleusercontent.com\/proxy\/KneGWGm5z43piGDWFvWq95UTJEhwvyBpTH8wcNR8ax7PKIFnFJ0jh7DDLRGyblcwGP4MYyf0WR_3IIWsACzFS_bqd8IZDz7ldiLjVdgpwUj8krSURR5BYQc1vMU3VsGMmSOz3jnhAuXASwMZ_eudHiYchW7VJyPbYRBgNrKwfpSuiu3mjd1BYBPuPMA960EEici7Yo7zJgM=s0-d-e1-ft#https:\/\/131505.asset.dattanet.com\/storage\/picture\/5e4558355612c4ea5ff50889\/61c316db4676d075273d3ed8\/img\/61c31fd7f1195b9027b6206c.jpg\",\"datePublished\":\"2021-12-22T15:27:20+00:00\",\"author\":{\"@id\":\"https:\/\/www.noticiasradioreflejos.com.ar\/2021\/#\/schema\/person\/ad82545263dcc5ec0996818884fd5fb1\"},\"breadcrumb\":{\"@id\":\"https:\/\/www.noticiasradioreflejos.com.ar\/2021\/por-primera-vez-en-el-pais-el-gas-no-convencional-supera-al-convencional-en-la-produccion-total\/#breadcrumb\"},\"inLanguage\":\"es\",\"potentialAction\":[{\"@type\":\"ReadAction\",\"target\":[\"https:\/\/www.noticiasradioreflejos.com.ar\/2021\/por-primera-vez-en-el-pais-el-gas-no-convencional-supera-al-convencional-en-la-produccion-total\/\"]}]},{\"@type\":\"ImageObject\",\"inLanguage\":\"es\",\"@id\":\"https:\/\/www.noticiasradioreflejos.com.ar\/2021\/por-primera-vez-en-el-pais-el-gas-no-convencional-supera-al-convencional-en-la-produccion-total\/#primaryimage\",\"url\":\"https:\/\/ci5.googleusercontent.com\/proxy\/KneGWGm5z43piGDWFvWq95UTJEhwvyBpTH8wcNR8ax7PKIFnFJ0jh7DDLRGyblcwGP4MYyf0WR_3IIWsACzFS_bqd8IZDz7ldiLjVdgpwUj8krSURR5BYQc1vMU3VsGMmSOz3jnhAuXASwMZ_eudHiYchW7VJyPbYRBgNrKwfpSuiu3mjd1BYBPuPMA960EEici7Yo7zJgM=s0-d-e1-ft#https:\/\/131505.asset.dattanet.com\/storage\/picture\/5e4558355612c4ea5ff50889\/61c316db4676d075273d3ed8\/img\/61c31fd7f1195b9027b6206c.jpg\",\"contentUrl\":\"https:\/\/ci5.googleusercontent.com\/proxy\/KneGWGm5z43piGDWFvWq95UTJEhwvyBpTH8wcNR8ax7PKIFnFJ0jh7DDLRGyblcwGP4MYyf0WR_3IIWsACzFS_bqd8IZDz7ldiLjVdgpwUj8krSURR5BYQc1vMU3VsGMmSOz3jnhAuXASwMZ_eudHiYchW7VJyPbYRBgNrKwfpSuiu3mjd1BYBPuPMA960EEici7Yo7zJgM=s0-d-e1-ft#https:\/\/131505.asset.dattanet.com\/storage\/picture\/5e4558355612c4ea5ff50889\/61c316db4676d075273d3ed8\/img\/61c31fd7f1195b9027b6206c.jpg\"},{\"@type\":\"BreadcrumbList\",\"@id\":\"https:\/\/www.noticiasradioreflejos.com.ar\/2021\/por-primera-vez-en-el-pais-el-gas-no-convencional-supera-al-convencional-en-la-produccion-total\/#breadcrumb\",\"itemListElement\":[{\"@type\":\"ListItem\",\"position\":1,\"name\":\"Portada\",\"item\":\"https:\/\/www.noticiasradioreflejos.com.ar\/2021\/\"},{\"@type\":\"ListItem\",\"position\":2,\"name\":\"Por primera vez en el pa\u00eds, el gas no convencional supera al convencional en la producci\u00f3n total\"}]},{\"@type\":\"WebSite\",\"@id\":\"https:\/\/www.noticiasradioreflejos.com.ar\/2021\/#website\",\"url\":\"https:\/\/www.noticiasradioreflejos.com.ar\/2021\/\",\"name\":\"Noticias Radio Reflejos\",\"description\":\"Las noticias de mi comarca\",\"potentialAction\":[{\"@type\":\"SearchAction\",\"target\":{\"@type\":\"EntryPoint\",\"urlTemplate\":\"https:\/\/www.noticiasradioreflejos.com.ar\/2021\/?s={search_term_string}\"},\"query-input\":{\"@type\":\"PropertyValueSpecification\",\"valueRequired\":true,\"valueName\":\"search_term_string\"}}],\"inLanguage\":\"es\"},{\"@type\":\"Person\",\"@id\":\"https:\/\/www.noticiasradioreflejos.com.ar\/2021\/#\/schema\/person\/ad82545263dcc5ec0996818884fd5fb1\",\"name\":\"Arnaldo Botto\",\"image\":{\"@type\":\"ImageObject\",\"inLanguage\":\"es\",\"@id\":\"https:\/\/www.noticiasradioreflejos.com.ar\/2021\/#\/schema\/person\/image\/\",\"url\":\"https:\/\/secure.gravatar.com\/avatar\/55cb5e37c1efa326397366e6974cb338056df65cb50e7d64d1cf314e87504837?s=96&d=mm&r=g\",\"contentUrl\":\"https:\/\/secure.gravatar.com\/avatar\/55cb5e37c1efa326397366e6974cb338056df65cb50e7d64d1cf314e87504837?s=96&d=mm&r=g\",\"caption\":\"Arnaldo Botto\"},\"url\":\"https:\/\/www.noticiasradioreflejos.com.ar\/2021\/author\/arnaldo\/\"}]}<\/script>\n<!-- \/ Yoast SEO plugin. -->","yoast_head_json":{"title":"Por primera vez en el pa\u00eds, el gas no convencional supera al convencional en la producci\u00f3n total - Noticias Radio Reflejos","robots":{"index":"index","follow":"follow","max-snippet":"max-snippet:-1","max-image-preview":"max-image-preview:large","max-video-preview":"max-video-preview:-1"},"canonical":"https:\/\/www.noticiasradioreflejos.com.ar\/2021\/por-primera-vez-en-el-pais-el-gas-no-convencional-supera-al-convencional-en-la-produccion-total\/","og_locale":"es_ES","og_type":"article","og_title":"Por primera vez en el pa\u00eds, el gas no convencional supera al convencional en la producci\u00f3n total - Noticias Radio Reflejos","og_description":"Durante noviembre la producci\u00f3n del gas no convencional alcanz\u00f3 casi el 52% de la producci\u00f3n total de este combustible. El petr\u00f3leo no convencional no se qued\u00f3 atr\u00e1s, y favoreci\u00f3 alcanzar el mayor pico de producci\u00f3n total de los \u00faltimos 9 a\u00f1os.","og_url":"https:\/\/www.noticiasradioreflejos.com.ar\/2021\/por-primera-vez-en-el-pais-el-gas-no-convencional-supera-al-convencional-en-la-produccion-total\/","og_site_name":"Noticias Radio Reflejos","article_published_time":"2021-12-22T15:27:20+00:00","og_image":[{"url":"https:\/\/ci5.googleusercontent.com\/proxy\/KneGWGm5z43piGDWFvWq95UTJEhwvyBpTH8wcNR8ax7PKIFnFJ0jh7DDLRGyblcwGP4MYyf0WR_3IIWsACzFS_bqd8IZDz7ldiLjVdgpwUj8krSURR5BYQc1vMU3VsGMmSOz3jnhAuXASwMZ_eudHiYchW7VJyPbYRBgNrKwfpSuiu3mjd1BYBPuPMA960EEici7Yo7zJgM=s0-d-e1-ft#https:\/\/131505.asset.dattanet.com\/storage\/picture\/5e4558355612c4ea5ff50889\/61c316db4676d075273d3ed8\/img\/61c31fd7f1195b9027b6206c.jpg","type":"","width":"","height":""}],"author":"Arnaldo Botto","twitter_card":"summary_large_image","schema":{"@context":"https:\/\/schema.org","@graph":[{"@type":"WebPage","@id":"https:\/\/www.noticiasradioreflejos.com.ar\/2021\/por-primera-vez-en-el-pais-el-gas-no-convencional-supera-al-convencional-en-la-produccion-total\/","url":"https:\/\/www.noticiasradioreflejos.com.ar\/2021\/por-primera-vez-en-el-pais-el-gas-no-convencional-supera-al-convencional-en-la-produccion-total\/","name":"Por primera vez en el pa\u00eds, el gas no convencional supera al convencional en la producci\u00f3n total - Noticias Radio Reflejos","isPartOf":{"@id":"https:\/\/www.noticiasradioreflejos.com.ar\/2021\/#website"},"primaryImageOfPage":{"@id":"https:\/\/www.noticiasradioreflejos.com.ar\/2021\/por-primera-vez-en-el-pais-el-gas-no-convencional-supera-al-convencional-en-la-produccion-total\/#primaryimage"},"image":{"@id":"https:\/\/www.noticiasradioreflejos.com.ar\/2021\/por-primera-vez-en-el-pais-el-gas-no-convencional-supera-al-convencional-en-la-produccion-total\/#primaryimage"},"thumbnailUrl":"https:\/\/ci5.googleusercontent.com\/proxy\/KneGWGm5z43piGDWFvWq95UTJEhwvyBpTH8wcNR8ax7PKIFnFJ0jh7DDLRGyblcwGP4MYyf0WR_3IIWsACzFS_bqd8IZDz7ldiLjVdgpwUj8krSURR5BYQc1vMU3VsGMmSOz3jnhAuXASwMZ_eudHiYchW7VJyPbYRBgNrKwfpSuiu3mjd1BYBPuPMA960EEici7Yo7zJgM=s0-d-e1-ft#https:\/\/131505.asset.dattanet.com\/storage\/picture\/5e4558355612c4ea5ff50889\/61c316db4676d075273d3ed8\/img\/61c31fd7f1195b9027b6206c.jpg","datePublished":"2021-12-22T15:27:20+00:00","author":{"@id":"https:\/\/www.noticiasradioreflejos.com.ar\/2021\/#\/schema\/person\/ad82545263dcc5ec0996818884fd5fb1"},"breadcrumb":{"@id":"https:\/\/www.noticiasradioreflejos.com.ar\/2021\/por-primera-vez-en-el-pais-el-gas-no-convencional-supera-al-convencional-en-la-produccion-total\/#breadcrumb"},"inLanguage":"es","potentialAction":[{"@type":"ReadAction","target":["https:\/\/www.noticiasradioreflejos.com.ar\/2021\/por-primera-vez-en-el-pais-el-gas-no-convencional-supera-al-convencional-en-la-produccion-total\/"]}]},{"@type":"ImageObject","inLanguage":"es","@id":"https:\/\/www.noticiasradioreflejos.com.ar\/2021\/por-primera-vez-en-el-pais-el-gas-no-convencional-supera-al-convencional-en-la-produccion-total\/#primaryimage","url":"https:\/\/ci5.googleusercontent.com\/proxy\/KneGWGm5z43piGDWFvWq95UTJEhwvyBpTH8wcNR8ax7PKIFnFJ0jh7DDLRGyblcwGP4MYyf0WR_3IIWsACzFS_bqd8IZDz7ldiLjVdgpwUj8krSURR5BYQc1vMU3VsGMmSOz3jnhAuXASwMZ_eudHiYchW7VJyPbYRBgNrKwfpSuiu3mjd1BYBPuPMA960EEici7Yo7zJgM=s0-d-e1-ft#https:\/\/131505.asset.dattanet.com\/storage\/picture\/5e4558355612c4ea5ff50889\/61c316db4676d075273d3ed8\/img\/61c31fd7f1195b9027b6206c.jpg","contentUrl":"https:\/\/ci5.googleusercontent.com\/proxy\/KneGWGm5z43piGDWFvWq95UTJEhwvyBpTH8wcNR8ax7PKIFnFJ0jh7DDLRGyblcwGP4MYyf0WR_3IIWsACzFS_bqd8IZDz7ldiLjVdgpwUj8krSURR5BYQc1vMU3VsGMmSOz3jnhAuXASwMZ_eudHiYchW7VJyPbYRBgNrKwfpSuiu3mjd1BYBPuPMA960EEici7Yo7zJgM=s0-d-e1-ft#https:\/\/131505.asset.dattanet.com\/storage\/picture\/5e4558355612c4ea5ff50889\/61c316db4676d075273d3ed8\/img\/61c31fd7f1195b9027b6206c.jpg"},{"@type":"BreadcrumbList","@id":"https:\/\/www.noticiasradioreflejos.com.ar\/2021\/por-primera-vez-en-el-pais-el-gas-no-convencional-supera-al-convencional-en-la-produccion-total\/#breadcrumb","itemListElement":[{"@type":"ListItem","position":1,"name":"Portada","item":"https:\/\/www.noticiasradioreflejos.com.ar\/2021\/"},{"@type":"ListItem","position":2,"name":"Por primera vez en el pa\u00eds, el gas no convencional supera al convencional en la producci\u00f3n total"}]},{"@type":"WebSite","@id":"https:\/\/www.noticiasradioreflejos.com.ar\/2021\/#website","url":"https:\/\/www.noticiasradioreflejos.com.ar\/2021\/","name":"Noticias Radio Reflejos","description":"Las noticias de mi comarca","potentialAction":[{"@type":"SearchAction","target":{"@type":"EntryPoint","urlTemplate":"https:\/\/www.noticiasradioreflejos.com.ar\/2021\/?s={search_term_string}"},"query-input":{"@type":"PropertyValueSpecification","valueRequired":true,"valueName":"search_term_string"}}],"inLanguage":"es"},{"@type":"Person","@id":"https:\/\/www.noticiasradioreflejos.com.ar\/2021\/#\/schema\/person\/ad82545263dcc5ec0996818884fd5fb1","name":"Arnaldo Botto","image":{"@type":"ImageObject","inLanguage":"es","@id":"https:\/\/www.noticiasradioreflejos.com.ar\/2021\/#\/schema\/person\/image\/","url":"https:\/\/secure.gravatar.com\/avatar\/55cb5e37c1efa326397366e6974cb338056df65cb50e7d64d1cf314e87504837?s=96&d=mm&r=g","contentUrl":"https:\/\/secure.gravatar.com\/avatar\/55cb5e37c1efa326397366e6974cb338056df65cb50e7d64d1cf314e87504837?s=96&d=mm&r=g","caption":"Arnaldo Botto"},"url":"https:\/\/www.noticiasradioreflejos.com.ar\/2021\/author\/arnaldo\/"}]}},"_links":{"self":[{"href":"https:\/\/www.noticiasradioreflejos.com.ar\/2021\/wp-json\/wp\/v2\/posts\/66286","targetHints":{"allow":["GET"]}}],"collection":[{"href":"https:\/\/www.noticiasradioreflejos.com.ar\/2021\/wp-json\/wp\/v2\/posts"}],"about":[{"href":"https:\/\/www.noticiasradioreflejos.com.ar\/2021\/wp-json\/wp\/v2\/types\/post"}],"author":[{"embeddable":true,"href":"https:\/\/www.noticiasradioreflejos.com.ar\/2021\/wp-json\/wp\/v2\/users\/3"}],"replies":[{"embeddable":true,"href":"https:\/\/www.noticiasradioreflejos.com.ar\/2021\/wp-json\/wp\/v2\/comments?post=66286"}],"version-history":[{"count":1,"href":"https:\/\/www.noticiasradioreflejos.com.ar\/2021\/wp-json\/wp\/v2\/posts\/66286\/revisions"}],"predecessor-version":[{"id":66288,"href":"https:\/\/www.noticiasradioreflejos.com.ar\/2021\/wp-json\/wp\/v2\/posts\/66286\/revisions\/66288"}],"wp:attachment":[{"href":"https:\/\/www.noticiasradioreflejos.com.ar\/2021\/wp-json\/wp\/v2\/media?parent=66286"}],"wp:term":[{"taxonomy":"category","embeddable":true,"href":"https:\/\/www.noticiasradioreflejos.com.ar\/2021\/wp-json\/wp\/v2\/categories?post=66286"},{"taxonomy":"post_tag","embeddable":true,"href":"https:\/\/www.noticiasradioreflejos.com.ar\/2021\/wp-json\/wp\/v2\/tags?post=66286"}],"curies":[{"name":"wp","href":"https:\/\/api.w.org\/{rel}","templated":true}]}}