{"id":66284,"date":"2021-12-22T15:11:34","date_gmt":"2021-12-22T15:11:34","guid":{"rendered":"http:\/\/www.noticiasradioreflejos.com.ar\/2021\/?p=66284"},"modified":"2021-12-22T15:11:34","modified_gmt":"2021-12-22T15:11:34","slug":"calendario-de-pagos-de-hoy-miercoles-22-de-diciembre","status":"publish","type":"post","link":"https:\/\/www.noticiasradioreflejos.com.ar\/2021\/calendario-de-pagos-de-hoy-miercoles-22-de-diciembre\/","title":{"rendered":"Calendario de pagos de hoy mi\u00e9rcoles 22 de diciembre."},"content":{"rendered":"<p><strong>Bono de fin de a\u00f1o para jubilados y pensionados<\/strong><\/p>\n<p>ANSES paga hasta el 23 de diciembre un bono de fin de a\u00f1o de 8000 pesos para 4,6 millones de jubilados, jubiladas, pensionados y pensionadas cuyo haber es de hasta 29.062 pesos. Tambi\u00e9n quienes tengan ingresos entre 29.062 y 37.062 pesos recibir\u00e1n la diferencia hasta completar este \u00faltimo monto. Hoy cobran los DNI terminados en\u00a0<strong>6<\/strong>\u00a0y\u00a0<strong>7<\/strong>.<!--more--><\/p>\n<p>El organismo, a cargo de la Lic. Fernanda Raverta, informa que hoy se abonan jubilaciones, pensiones, Asignaci\u00f3n por Embarazo, Asignaciones de Pago \u00danico, Prestaci\u00f3n por Desempleo y el programa Alimentario PAMI.\u00a0Cabe destacar que este mes se efectiviza\u00a0el pago del medio aguinaldo\u00a0junto al aumento del 12,11 por ciento por la Ley de Movilidad para\u00a0Pensiones No Contributivas (PNC), jubilaciones y pensiones.<\/p>\n<p><strong>\u00a0<\/strong><\/p>\n<p><strong>Jubilaciones\u00a0y\u00a0pensiones\u00a0<\/strong><\/p>\n<p>Las sucursales bancarias habilitadas atender\u00e1n por ventanilla a jubilados, jubiladas, pensionados y pensionadas con documentos terminados en\u00a0<strong>6\u00a0<\/strong>y\u00a0<strong>7<\/strong>\u00a0cuyos<strong>\u00a0haberes SUPEREN la suma de 32.664 pesos<\/strong>.<\/p>\n<p>&nbsp;<\/p>\n<p><strong>Asignaci\u00f3n por Embarazo<\/strong><\/p>\n<p>Con la utilizaci\u00f3n de la tarjeta de d\u00e9bito, hoy cobran la Asignaci\u00f3n por Embarazo las titulares con documentos concluidos en\u00a0<strong>8<\/strong>.<\/p>\n<p><strong>\u00a0<\/strong><\/p>\n<p><strong>Asignaciones de\u00a0Pago\u00a0\u00danico<\/strong><\/p>\n<p>Desde hoy y hasta el 10 de enero se pagan las Asignaciones de\u00a0Pago\u00a0\u00danico\u00a0(Matrimonio, Adopci\u00f3n y Nacimiento) para todas las finalizaciones de documento.<\/p>\n<p>&nbsp;<\/p>\n<p><strong>Prestaci\u00f3n por\u00a0Desempleo<\/strong><\/p>\n<p>Hoy perciben la Prestaci\u00f3n por\u00a0Desempleo\u00a0<strong>todos<\/strong>\u00a0sus beneficiarios y beneficiarias.<\/p>\n<p>&nbsp;<\/p>\n<p><strong>Programa Alimentario PAMI<\/strong><\/p>\n<p>En el marco del Programa Alimentario PAMI, ANSES abona hoy el pago extraordinario equivalente al monto del bols\u00f3n de alimentos\u00a0para\u00a0jubilados, jubiladas, pensionados y pensionadas con documentos finalizados en<strong>\u00a06\u00a0<\/strong>y<strong>\u00a07\u00a0<\/strong>cuyos<strong>\u00a0haberes SUPEREN la suma de 32.664 pesos<\/strong>. Para m\u00e1s informaci\u00f3n se puede ingresar a\u00a0<a href=\"http:\/\/www.pami.org.ar\/programa-alimentario\" data-saferedirecturl=\"https:\/\/www.google.com\/url?q=http:\/\/www.pami.org.ar\/programa-alimentario&amp;source=gmail&amp;ust=1640270133605000&amp;usg=AOvVaw3Vk85a0N6-dpDI3cw6YtFU\">www.pami.org.ar\/programa-alimentario<\/a>.<\/p>\n<p>&nbsp;<\/p>\n<p><strong>+Im\u00e1genes de calendarios de pago adjuntas<\/strong><\/p>\n<p><strong><a href=\"http:\/\/www.anses.gob.ar\/\" data-saferedirecturl=\"https:\/\/www.google.com\/url?q=http:\/\/www.anses.gob.ar&amp;source=gmail&amp;ust=1640270133605000&amp;usg=AOvVaw39-L5ZVvAM-DNhX_6p-sHC\">www.anses.gob.ar<\/a><\/strong><\/p>\n<p style=\"font-weight: 400;\">&#8230;<\/p>\n","protected":false},"excerpt":{"rendered":"<p>Bono de fin de a\u00f1o para jubilados y pensionados ANSES paga hasta el 23 de diciembre un bono de fin de a\u00f1o de 8000 pesos para 4,6 millones de jubilados, jubiladas, pensionados y pensionadas cuyo haber es de hasta 29.062 pesos. Tambi\u00e9n quienes tengan ingresos entre 29.062 y 37.062 pesos recibir\u00e1n la diferencia hasta completar [&hellip;]<\/p>\n","protected":false},"author":3,"featured_media":56580,"comment_status":"closed","ping_status":"closed","sticky":false,"template":"","format":"standard","meta":{"footnotes":""},"categories":[26],"tags":[],"class_list":["post-66284","post","type-post","status-publish","format-standard","has-post-thumbnail","hentry","category-sociedad"],"yoast_head":"<!-- This site is optimized with the Yoast SEO plugin v25.9 - https:\/\/yoast.com\/wordpress\/plugins\/seo\/ -->\n<title>Calendario de pagos de hoy mi\u00e9rcoles 22 de diciembre. - Noticias Radio Reflejos<\/title>\n<meta name=\"robots\" content=\"index, follow, max-snippet:-1, max-image-preview:large, max-video-preview:-1\" \/>\n<link rel=\"canonical\" href=\"https:\/\/www.noticiasradioreflejos.com.ar\/2021\/calendario-de-pagos-de-hoy-miercoles-22-de-diciembre\/\" \/>\n<meta property=\"og:locale\" content=\"es_ES\" \/>\n<meta property=\"og:type\" content=\"article\" \/>\n<meta property=\"og:title\" content=\"Calendario de pagos de hoy mi\u00e9rcoles 22 de diciembre. - Noticias Radio Reflejos\" \/>\n<meta property=\"og:description\" content=\"Bono de fin de a\u00f1o para jubilados y pensionados ANSES paga hasta el 23 de diciembre un bono de fin de a\u00f1o de 8000 pesos para 4,6 millones de jubilados, jubiladas, pensionados y pensionadas cuyo haber es de hasta 29.062 pesos. Tambi\u00e9n quienes tengan ingresos entre 29.062 y 37.062 pesos recibir\u00e1n la diferencia hasta completar [&hellip;]\" \/>\n<meta property=\"og:url\" content=\"https:\/\/www.noticiasradioreflejos.com.ar\/2021\/calendario-de-pagos-de-hoy-miercoles-22-de-diciembre\/\" \/>\n<meta property=\"og:site_name\" content=\"Noticias Radio Reflejos\" \/>\n<meta property=\"article:published_time\" content=\"2021-12-22T15:11:34+00:00\" \/>\n<meta property=\"og:image\" content=\"https:\/\/www.noticiasradioreflejos.com.ar\/2021\/wp-content\/uploads\/2021\/05\/calendario-pagos-la-anses.jpg\" \/>\n\t<meta property=\"og:image:width\" content=\"770\" \/>\n\t<meta property=\"og:image:height\" content=\"433\" \/>\n\t<meta property=\"og:image:type\" content=\"image\/jpeg\" \/>\n<meta name=\"author\" content=\"Arnaldo Botto\" \/>\n<meta name=\"twitter:card\" content=\"summary_large_image\" \/>\n<script type=\"application\/ld+json\" class=\"yoast-schema-graph\">{\"@context\":\"https:\/\/schema.org\",\"@graph\":[{\"@type\":\"WebPage\",\"@id\":\"https:\/\/www.noticiasradioreflejos.com.ar\/2021\/calendario-de-pagos-de-hoy-miercoles-22-de-diciembre\/\",\"url\":\"https:\/\/www.noticiasradioreflejos.com.ar\/2021\/calendario-de-pagos-de-hoy-miercoles-22-de-diciembre\/\",\"name\":\"Calendario de pagos de hoy mi\u00e9rcoles 22 de diciembre. - Noticias Radio Reflejos\",\"isPartOf\":{\"@id\":\"https:\/\/www.noticiasradioreflejos.com.ar\/2021\/#website\"},\"primaryImageOfPage\":{\"@id\":\"https:\/\/www.noticiasradioreflejos.com.ar\/2021\/calendario-de-pagos-de-hoy-miercoles-22-de-diciembre\/#primaryimage\"},\"image\":{\"@id\":\"https:\/\/www.noticiasradioreflejos.com.ar\/2021\/calendario-de-pagos-de-hoy-miercoles-22-de-diciembre\/#primaryimage\"},\"thumbnailUrl\":\"https:\/\/www.noticiasradioreflejos.com.ar\/2021\/wp-content\/uploads\/2021\/05\/calendario-pagos-la-anses.jpg\",\"datePublished\":\"2021-12-22T15:11:34+00:00\",\"author\":{\"@id\":\"https:\/\/www.noticiasradioreflejos.com.ar\/2021\/#\/schema\/person\/ad82545263dcc5ec0996818884fd5fb1\"},\"breadcrumb\":{\"@id\":\"https:\/\/www.noticiasradioreflejos.com.ar\/2021\/calendario-de-pagos-de-hoy-miercoles-22-de-diciembre\/#breadcrumb\"},\"inLanguage\":\"es\",\"potentialAction\":[{\"@type\":\"ReadAction\",\"target\":[\"https:\/\/www.noticiasradioreflejos.com.ar\/2021\/calendario-de-pagos-de-hoy-miercoles-22-de-diciembre\/\"]}]},{\"@type\":\"ImageObject\",\"inLanguage\":\"es\",\"@id\":\"https:\/\/www.noticiasradioreflejos.com.ar\/2021\/calendario-de-pagos-de-hoy-miercoles-22-de-diciembre\/#primaryimage\",\"url\":\"https:\/\/www.noticiasradioreflejos.com.ar\/2021\/wp-content\/uploads\/2021\/05\/calendario-pagos-la-anses.jpg\",\"contentUrl\":\"https:\/\/www.noticiasradioreflejos.com.ar\/2021\/wp-content\/uploads\/2021\/05\/calendario-pagos-la-anses.jpg\",\"width\":770,\"height\":433},{\"@type\":\"BreadcrumbList\",\"@id\":\"https:\/\/www.noticiasradioreflejos.com.ar\/2021\/calendario-de-pagos-de-hoy-miercoles-22-de-diciembre\/#breadcrumb\",\"itemListElement\":[{\"@type\":\"ListItem\",\"position\":1,\"name\":\"Portada\",\"item\":\"https:\/\/www.noticiasradioreflejos.com.ar\/2021\/\"},{\"@type\":\"ListItem\",\"position\":2,\"name\":\"Calendario de pagos de hoy mi\u00e9rcoles 22 de diciembre.\"}]},{\"@type\":\"WebSite\",\"@id\":\"https:\/\/www.noticiasradioreflejos.com.ar\/2021\/#website\",\"url\":\"https:\/\/www.noticiasradioreflejos.com.ar\/2021\/\",\"name\":\"Noticias Radio Reflejos\",\"description\":\"Las noticias de mi comarca\",\"potentialAction\":[{\"@type\":\"SearchAction\",\"target\":{\"@type\":\"EntryPoint\",\"urlTemplate\":\"https:\/\/www.noticiasradioreflejos.com.ar\/2021\/?s={search_term_string}\"},\"query-input\":{\"@type\":\"PropertyValueSpecification\",\"valueRequired\":true,\"valueName\":\"search_term_string\"}}],\"inLanguage\":\"es\"},{\"@type\":\"Person\",\"@id\":\"https:\/\/www.noticiasradioreflejos.com.ar\/2021\/#\/schema\/person\/ad82545263dcc5ec0996818884fd5fb1\",\"name\":\"Arnaldo Botto\",\"image\":{\"@type\":\"ImageObject\",\"inLanguage\":\"es\",\"@id\":\"https:\/\/www.noticiasradioreflejos.com.ar\/2021\/#\/schema\/person\/image\/\",\"url\":\"https:\/\/secure.gravatar.com\/avatar\/55cb5e37c1efa326397366e6974cb338056df65cb50e7d64d1cf314e87504837?s=96&d=mm&r=g\",\"contentUrl\":\"https:\/\/secure.gravatar.com\/avatar\/55cb5e37c1efa326397366e6974cb338056df65cb50e7d64d1cf314e87504837?s=96&d=mm&r=g\",\"caption\":\"Arnaldo Botto\"},\"url\":\"https:\/\/www.noticiasradioreflejos.com.ar\/2021\/author\/arnaldo\/\"}]}<\/script>\n<!-- \/ Yoast SEO plugin. -->","yoast_head_json":{"title":"Calendario de pagos de hoy mi\u00e9rcoles 22 de diciembre. - Noticias Radio Reflejos","robots":{"index":"index","follow":"follow","max-snippet":"max-snippet:-1","max-image-preview":"max-image-preview:large","max-video-preview":"max-video-preview:-1"},"canonical":"https:\/\/www.noticiasradioreflejos.com.ar\/2021\/calendario-de-pagos-de-hoy-miercoles-22-de-diciembre\/","og_locale":"es_ES","og_type":"article","og_title":"Calendario de pagos de hoy mi\u00e9rcoles 22 de diciembre. - Noticias Radio Reflejos","og_description":"Bono de fin de a\u00f1o para jubilados y pensionados ANSES paga hasta el 23 de diciembre un bono de fin de a\u00f1o de 8000 pesos para 4,6 millones de jubilados, jubiladas, pensionados y pensionadas cuyo haber es de hasta 29.062 pesos. Tambi\u00e9n quienes tengan ingresos entre 29.062 y 37.062 pesos recibir\u00e1n la diferencia hasta completar [&hellip;]","og_url":"https:\/\/www.noticiasradioreflejos.com.ar\/2021\/calendario-de-pagos-de-hoy-miercoles-22-de-diciembre\/","og_site_name":"Noticias Radio Reflejos","article_published_time":"2021-12-22T15:11:34+00:00","og_image":[{"width":770,"height":433,"url":"https:\/\/www.noticiasradioreflejos.com.ar\/2021\/wp-content\/uploads\/2021\/05\/calendario-pagos-la-anses.jpg","type":"image\/jpeg"}],"author":"Arnaldo Botto","twitter_card":"summary_large_image","schema":{"@context":"https:\/\/schema.org","@graph":[{"@type":"WebPage","@id":"https:\/\/www.noticiasradioreflejos.com.ar\/2021\/calendario-de-pagos-de-hoy-miercoles-22-de-diciembre\/","url":"https:\/\/www.noticiasradioreflejos.com.ar\/2021\/calendario-de-pagos-de-hoy-miercoles-22-de-diciembre\/","name":"Calendario de pagos de hoy mi\u00e9rcoles 22 de diciembre. - Noticias Radio Reflejos","isPartOf":{"@id":"https:\/\/www.noticiasradioreflejos.com.ar\/2021\/#website"},"primaryImageOfPage":{"@id":"https:\/\/www.noticiasradioreflejos.com.ar\/2021\/calendario-de-pagos-de-hoy-miercoles-22-de-diciembre\/#primaryimage"},"image":{"@id":"https:\/\/www.noticiasradioreflejos.com.ar\/2021\/calendario-de-pagos-de-hoy-miercoles-22-de-diciembre\/#primaryimage"},"thumbnailUrl":"https:\/\/www.noticiasradioreflejos.com.ar\/2021\/wp-content\/uploads\/2021\/05\/calendario-pagos-la-anses.jpg","datePublished":"2021-12-22T15:11:34+00:00","author":{"@id":"https:\/\/www.noticiasradioreflejos.com.ar\/2021\/#\/schema\/person\/ad82545263dcc5ec0996818884fd5fb1"},"breadcrumb":{"@id":"https:\/\/www.noticiasradioreflejos.com.ar\/2021\/calendario-de-pagos-de-hoy-miercoles-22-de-diciembre\/#breadcrumb"},"inLanguage":"es","potentialAction":[{"@type":"ReadAction","target":["https:\/\/www.noticiasradioreflejos.com.ar\/2021\/calendario-de-pagos-de-hoy-miercoles-22-de-diciembre\/"]}]},{"@type":"ImageObject","inLanguage":"es","@id":"https:\/\/www.noticiasradioreflejos.com.ar\/2021\/calendario-de-pagos-de-hoy-miercoles-22-de-diciembre\/#primaryimage","url":"https:\/\/www.noticiasradioreflejos.com.ar\/2021\/wp-content\/uploads\/2021\/05\/calendario-pagos-la-anses.jpg","contentUrl":"https:\/\/www.noticiasradioreflejos.com.ar\/2021\/wp-content\/uploads\/2021\/05\/calendario-pagos-la-anses.jpg","width":770,"height":433},{"@type":"BreadcrumbList","@id":"https:\/\/www.noticiasradioreflejos.com.ar\/2021\/calendario-de-pagos-de-hoy-miercoles-22-de-diciembre\/#breadcrumb","itemListElement":[{"@type":"ListItem","position":1,"name":"Portada","item":"https:\/\/www.noticiasradioreflejos.com.ar\/2021\/"},{"@type":"ListItem","position":2,"name":"Calendario de pagos de hoy mi\u00e9rcoles 22 de diciembre."}]},{"@type":"WebSite","@id":"https:\/\/www.noticiasradioreflejos.com.ar\/2021\/#website","url":"https:\/\/www.noticiasradioreflejos.com.ar\/2021\/","name":"Noticias Radio Reflejos","description":"Las noticias de mi comarca","potentialAction":[{"@type":"SearchAction","target":{"@type":"EntryPoint","urlTemplate":"https:\/\/www.noticiasradioreflejos.com.ar\/2021\/?s={search_term_string}"},"query-input":{"@type":"PropertyValueSpecification","valueRequired":true,"valueName":"search_term_string"}}],"inLanguage":"es"},{"@type":"Person","@id":"https:\/\/www.noticiasradioreflejos.com.ar\/2021\/#\/schema\/person\/ad82545263dcc5ec0996818884fd5fb1","name":"Arnaldo Botto","image":{"@type":"ImageObject","inLanguage":"es","@id":"https:\/\/www.noticiasradioreflejos.com.ar\/2021\/#\/schema\/person\/image\/","url":"https:\/\/secure.gravatar.com\/avatar\/55cb5e37c1efa326397366e6974cb338056df65cb50e7d64d1cf314e87504837?s=96&d=mm&r=g","contentUrl":"https:\/\/secure.gravatar.com\/avatar\/55cb5e37c1efa326397366e6974cb338056df65cb50e7d64d1cf314e87504837?s=96&d=mm&r=g","caption":"Arnaldo Botto"},"url":"https:\/\/www.noticiasradioreflejos.com.ar\/2021\/author\/arnaldo\/"}]}},"_links":{"self":[{"href":"https:\/\/www.noticiasradioreflejos.com.ar\/2021\/wp-json\/wp\/v2\/posts\/66284","targetHints":{"allow":["GET"]}}],"collection":[{"href":"https:\/\/www.noticiasradioreflejos.com.ar\/2021\/wp-json\/wp\/v2\/posts"}],"about":[{"href":"https:\/\/www.noticiasradioreflejos.com.ar\/2021\/wp-json\/wp\/v2\/types\/post"}],"author":[{"embeddable":true,"href":"https:\/\/www.noticiasradioreflejos.com.ar\/2021\/wp-json\/wp\/v2\/users\/3"}],"replies":[{"embeddable":true,"href":"https:\/\/www.noticiasradioreflejos.com.ar\/2021\/wp-json\/wp\/v2\/comments?post=66284"}],"version-history":[{"count":1,"href":"https:\/\/www.noticiasradioreflejos.com.ar\/2021\/wp-json\/wp\/v2\/posts\/66284\/revisions"}],"predecessor-version":[{"id":66285,"href":"https:\/\/www.noticiasradioreflejos.com.ar\/2021\/wp-json\/wp\/v2\/posts\/66284\/revisions\/66285"}],"wp:featuredmedia":[{"embeddable":true,"href":"https:\/\/www.noticiasradioreflejos.com.ar\/2021\/wp-json\/wp\/v2\/media\/56580"}],"wp:attachment":[{"href":"https:\/\/www.noticiasradioreflejos.com.ar\/2021\/wp-json\/wp\/v2\/media?parent=66284"}],"wp:term":[{"taxonomy":"category","embeddable":true,"href":"https:\/\/www.noticiasradioreflejos.com.ar\/2021\/wp-json\/wp\/v2\/categories?post=66284"},{"taxonomy":"post_tag","embeddable":true,"href":"https:\/\/www.noticiasradioreflejos.com.ar\/2021\/wp-json\/wp\/v2\/tags?post=66284"}],"curies":[{"name":"wp","href":"https:\/\/api.w.org\/{rel}","templated":true}]}}