{"id":66281,"date":"2021-12-22T15:08:25","date_gmt":"2021-12-22T15:08:25","guid":{"rendered":"http:\/\/www.noticiasradioreflejos.com.ar\/2021\/?p=66281"},"modified":"2021-12-22T15:08:25","modified_gmt":"2021-12-22T15:08:25","slug":"saludo-para-fiestas-de-fin-de-ano","status":"publish","type":"post","link":"https:\/\/www.noticiasradioreflejos.com.ar\/2021\/saludo-para-fiestas-de-fin-de-ano\/","title":{"rendered":"Saludo para fiestas de fin de a\u00f1o"},"content":{"rendered":"<p style=\"font-weight: 400;\">Queridos\/as vecinos\/as de Tornquist durante el 2021 trabajamos codo a codo para que la nueva presencialidad nos permita poder recuperar al m\u00e1ximo todas las actividades que ten\u00edamos antes de la pandemia.<!--more--><\/p>\n<p style=\"font-weight: 400;\">Hemos transitado dos a\u00f1os de muchas p\u00e9rdidas, de numerosos fracasos, y de algunos desencuentros que no ayudan a ser el distrito que so\u00f1amos para nosotros\/as y para los\/as que eligen vivir y visitar nuestra hermosa regi\u00f3n.<\/p>\n<p style=\"font-weight: 400;\">Al terminar el a\u00f1o, y como lo hicimos durante todo el 2021, queremos seguir sembrando unidad, esperanza, justicia y paz, haciendo llegar \u00e9ste sencillo presente para que sea parte de la mesa de las familias con las que seguiremos tratando de construir el Tornquist Grande que tanto queremos.<\/p>\n<p style=\"font-weight: 400;\"><strong>QUE EL 2022 NOS PERMITA TENER 365 OPORTUNIDADES PARA REUNIRNOS, DEBATIR Y SEGUIR TRABAJANDO CONVENCIDOS QUE ENTRE TODOS\/AS, OTRO TORNQUIST, OTRA PROVINCIA Y OTRO PA\u00cdS\u00a0ES POSIBLE.<\/strong><\/p>\n<p style=\"font-weight: 400;\">Masson Claudio, Presidente Partido Frente Grande Tornquist.<\/p>\n<p style=\"font-weight: 400;\">Norma Blanca Fern\u00e1ndez, Vicepresidenta Frente Grande Tornquist.<\/p>\n<p style=\"font-weight: 400;\">FRENTE DE TODOS\/AS TORNQUIST.<\/p>\n<p>&nbsp;<\/p>\n<p><a title=\"PRESENTE FIESTAS DE FIN DE A\u00d1O\" href=\"https:\/\/www.flickr.com\/photos\/182279889@N02\/51765237788\/in\/dateposted-public\/\" data-flickr-embed=\"true\"><img loading=\"lazy\" decoding=\"async\" src=\"https:\/\/live.staticflickr.com\/65535\/51765237788_fd2a206e4d_c.jpg\" alt=\"PRESENTE FIESTAS DE FIN DE A\u00d1O\" width=\"800\" height=\"600\" \/><\/a><script async src=\"\/\/embedr.flickr.com\/assets\/client-code.js\" charset=\"utf-8\"><\/script><\/p>\n<p><img loading=\"lazy\" decoding=\"async\" class=\"aligncenter size-full wp-image-58872\" src=\"http:\/\/www.noticiasradioreflejos.com.ar\/2021\/wp-content\/uploads\/2021\/06\/frente-de-todos.png\" alt=\"\" width=\"1032\" height=\"1032\" srcset=\"https:\/\/www.noticiasradioreflejos.com.ar\/2021\/wp-content\/uploads\/2021\/06\/frente-de-todos.png 1032w, https:\/\/www.noticiasradioreflejos.com.ar\/2021\/wp-content\/uploads\/2021\/06\/frente-de-todos-300x300.png 300w, https:\/\/www.noticiasradioreflejos.com.ar\/2021\/wp-content\/uploads\/2021\/06\/frente-de-todos-1024x1024.png 1024w, https:\/\/www.noticiasradioreflejos.com.ar\/2021\/wp-content\/uploads\/2021\/06\/frente-de-todos-150x150.png 150w, https:\/\/www.noticiasradioreflejos.com.ar\/2021\/wp-content\/uploads\/2021\/06\/frente-de-todos-768x768.png 768w, https:\/\/www.noticiasradioreflejos.com.ar\/2021\/wp-content\/uploads\/2021\/06\/frente-de-todos-75x75.png 75w, https:\/\/www.noticiasradioreflejos.com.ar\/2021\/wp-content\/uploads\/2021\/06\/frente-de-todos-750x750.png 750w\" sizes=\"auto, (max-width: 1032px) 100vw, 1032px\" \/><\/p>\n<p><a title=\"LOGO FRENTE GRANDE TORNQUIST\" href=\"https:\/\/www.flickr.com\/photos\/182279889@N02\/51764991451\/in\/dateposted-public\/\" data-flickr-embed=\"true\"><img loading=\"lazy\" decoding=\"async\" src=\"https:\/\/live.staticflickr.com\/65535\/51764991451_f8aaec313f_c.jpg\" alt=\"LOGO FRENTE GRANDE TORNQUIST\" width=\"800\" height=\"294\" \/><\/a><script async src=\"\/\/embedr.flickr.com\/assets\/client-code.js\" charset=\"utf-8\"><\/script><\/p>\n","protected":false},"excerpt":{"rendered":"<p>Queridos\/as vecinos\/as de Tornquist durante el 2021 trabajamos codo a codo para que la nueva presencialidad nos permita poder recuperar al m\u00e1ximo todas las actividades que ten\u00edamos antes de la pandemia.<\/p>\n","protected":false},"author":3,"featured_media":0,"comment_status":"closed","ping_status":"closed","sticky":false,"template":"","format":"standard","meta":{"footnotes":""},"categories":[24],"tags":[],"class_list":["post-66281","post","type-post","status-publish","format-standard","hentry","category-politica"],"yoast_head":"<!-- This site is optimized with the Yoast SEO plugin v25.9 - https:\/\/yoast.com\/wordpress\/plugins\/seo\/ -->\n<title>Saludo para fiestas de fin de a\u00f1o - Noticias Radio Reflejos<\/title>\n<meta name=\"robots\" content=\"index, follow, max-snippet:-1, max-image-preview:large, max-video-preview:-1\" \/>\n<link rel=\"canonical\" href=\"https:\/\/www.noticiasradioreflejos.com.ar\/2021\/saludo-para-fiestas-de-fin-de-ano\/\" \/>\n<meta property=\"og:locale\" content=\"es_ES\" \/>\n<meta property=\"og:type\" content=\"article\" \/>\n<meta property=\"og:title\" content=\"Saludo para fiestas de fin de a\u00f1o - Noticias Radio Reflejos\" \/>\n<meta property=\"og:description\" content=\"Queridos\/as vecinos\/as de Tornquist durante el 2021 trabajamos codo a codo para que la nueva presencialidad nos permita poder recuperar al m\u00e1ximo todas las actividades que ten\u00edamos antes de la pandemia.\" \/>\n<meta property=\"og:url\" content=\"https:\/\/www.noticiasradioreflejos.com.ar\/2021\/saludo-para-fiestas-de-fin-de-ano\/\" \/>\n<meta property=\"og:site_name\" content=\"Noticias Radio Reflejos\" \/>\n<meta property=\"article:published_time\" content=\"2021-12-22T15:08:25+00:00\" \/>\n<meta property=\"og:image\" content=\"https:\/\/live.staticflickr.com\/65535\/51765237788_fd2a206e4d_c.jpg\" \/>\n<meta name=\"author\" content=\"Arnaldo Botto\" \/>\n<meta name=\"twitter:card\" content=\"summary_large_image\" \/>\n<script type=\"application\/ld+json\" class=\"yoast-schema-graph\">{\"@context\":\"https:\/\/schema.org\",\"@graph\":[{\"@type\":\"WebPage\",\"@id\":\"https:\/\/www.noticiasradioreflejos.com.ar\/2021\/saludo-para-fiestas-de-fin-de-ano\/\",\"url\":\"https:\/\/www.noticiasradioreflejos.com.ar\/2021\/saludo-para-fiestas-de-fin-de-ano\/\",\"name\":\"Saludo para fiestas de fin de a\u00f1o - Noticias Radio Reflejos\",\"isPartOf\":{\"@id\":\"https:\/\/www.noticiasradioreflejos.com.ar\/2021\/#website\"},\"primaryImageOfPage\":{\"@id\":\"https:\/\/www.noticiasradioreflejos.com.ar\/2021\/saludo-para-fiestas-de-fin-de-ano\/#primaryimage\"},\"image\":{\"@id\":\"https:\/\/www.noticiasradioreflejos.com.ar\/2021\/saludo-para-fiestas-de-fin-de-ano\/#primaryimage\"},\"thumbnailUrl\":\"https:\/\/live.staticflickr.com\/65535\/51765237788_fd2a206e4d_c.jpg\",\"datePublished\":\"2021-12-22T15:08:25+00:00\",\"author\":{\"@id\":\"https:\/\/www.noticiasradioreflejos.com.ar\/2021\/#\/schema\/person\/ad82545263dcc5ec0996818884fd5fb1\"},\"breadcrumb\":{\"@id\":\"https:\/\/www.noticiasradioreflejos.com.ar\/2021\/saludo-para-fiestas-de-fin-de-ano\/#breadcrumb\"},\"inLanguage\":\"es\",\"potentialAction\":[{\"@type\":\"ReadAction\",\"target\":[\"https:\/\/www.noticiasradioreflejos.com.ar\/2021\/saludo-para-fiestas-de-fin-de-ano\/\"]}]},{\"@type\":\"ImageObject\",\"inLanguage\":\"es\",\"@id\":\"https:\/\/www.noticiasradioreflejos.com.ar\/2021\/saludo-para-fiestas-de-fin-de-ano\/#primaryimage\",\"url\":\"https:\/\/live.staticflickr.com\/65535\/51765237788_fd2a206e4d_c.jpg\",\"contentUrl\":\"https:\/\/live.staticflickr.com\/65535\/51765237788_fd2a206e4d_c.jpg\"},{\"@type\":\"BreadcrumbList\",\"@id\":\"https:\/\/www.noticiasradioreflejos.com.ar\/2021\/saludo-para-fiestas-de-fin-de-ano\/#breadcrumb\",\"itemListElement\":[{\"@type\":\"ListItem\",\"position\":1,\"name\":\"Portada\",\"item\":\"https:\/\/www.noticiasradioreflejos.com.ar\/2021\/\"},{\"@type\":\"ListItem\",\"position\":2,\"name\":\"Saludo para fiestas de fin de a\u00f1o\"}]},{\"@type\":\"WebSite\",\"@id\":\"https:\/\/www.noticiasradioreflejos.com.ar\/2021\/#website\",\"url\":\"https:\/\/www.noticiasradioreflejos.com.ar\/2021\/\",\"name\":\"Noticias Radio Reflejos\",\"description\":\"Las noticias de mi comarca\",\"potentialAction\":[{\"@type\":\"SearchAction\",\"target\":{\"@type\":\"EntryPoint\",\"urlTemplate\":\"https:\/\/www.noticiasradioreflejos.com.ar\/2021\/?s={search_term_string}\"},\"query-input\":{\"@type\":\"PropertyValueSpecification\",\"valueRequired\":true,\"valueName\":\"search_term_string\"}}],\"inLanguage\":\"es\"},{\"@type\":\"Person\",\"@id\":\"https:\/\/www.noticiasradioreflejos.com.ar\/2021\/#\/schema\/person\/ad82545263dcc5ec0996818884fd5fb1\",\"name\":\"Arnaldo Botto\",\"image\":{\"@type\":\"ImageObject\",\"inLanguage\":\"es\",\"@id\":\"https:\/\/www.noticiasradioreflejos.com.ar\/2021\/#\/schema\/person\/image\/\",\"url\":\"https:\/\/secure.gravatar.com\/avatar\/55cb5e37c1efa326397366e6974cb338056df65cb50e7d64d1cf314e87504837?s=96&d=mm&r=g\",\"contentUrl\":\"https:\/\/secure.gravatar.com\/avatar\/55cb5e37c1efa326397366e6974cb338056df65cb50e7d64d1cf314e87504837?s=96&d=mm&r=g\",\"caption\":\"Arnaldo Botto\"},\"url\":\"https:\/\/www.noticiasradioreflejos.com.ar\/2021\/author\/arnaldo\/\"}]}<\/script>\n<!-- \/ Yoast SEO plugin. -->","yoast_head_json":{"title":"Saludo para fiestas de fin de a\u00f1o - Noticias Radio Reflejos","robots":{"index":"index","follow":"follow","max-snippet":"max-snippet:-1","max-image-preview":"max-image-preview:large","max-video-preview":"max-video-preview:-1"},"canonical":"https:\/\/www.noticiasradioreflejos.com.ar\/2021\/saludo-para-fiestas-de-fin-de-ano\/","og_locale":"es_ES","og_type":"article","og_title":"Saludo para fiestas de fin de a\u00f1o - Noticias Radio Reflejos","og_description":"Queridos\/as vecinos\/as de Tornquist durante el 2021 trabajamos codo a codo para que la nueva presencialidad nos permita poder recuperar al m\u00e1ximo todas las actividades que ten\u00edamos antes de la pandemia.","og_url":"https:\/\/www.noticiasradioreflejos.com.ar\/2021\/saludo-para-fiestas-de-fin-de-ano\/","og_site_name":"Noticias Radio Reflejos","article_published_time":"2021-12-22T15:08:25+00:00","og_image":[{"url":"https:\/\/live.staticflickr.com\/65535\/51765237788_fd2a206e4d_c.jpg","type":"","width":"","height":""}],"author":"Arnaldo Botto","twitter_card":"summary_large_image","schema":{"@context":"https:\/\/schema.org","@graph":[{"@type":"WebPage","@id":"https:\/\/www.noticiasradioreflejos.com.ar\/2021\/saludo-para-fiestas-de-fin-de-ano\/","url":"https:\/\/www.noticiasradioreflejos.com.ar\/2021\/saludo-para-fiestas-de-fin-de-ano\/","name":"Saludo para fiestas de fin de a\u00f1o - Noticias Radio Reflejos","isPartOf":{"@id":"https:\/\/www.noticiasradioreflejos.com.ar\/2021\/#website"},"primaryImageOfPage":{"@id":"https:\/\/www.noticiasradioreflejos.com.ar\/2021\/saludo-para-fiestas-de-fin-de-ano\/#primaryimage"},"image":{"@id":"https:\/\/www.noticiasradioreflejos.com.ar\/2021\/saludo-para-fiestas-de-fin-de-ano\/#primaryimage"},"thumbnailUrl":"https:\/\/live.staticflickr.com\/65535\/51765237788_fd2a206e4d_c.jpg","datePublished":"2021-12-22T15:08:25+00:00","author":{"@id":"https:\/\/www.noticiasradioreflejos.com.ar\/2021\/#\/schema\/person\/ad82545263dcc5ec0996818884fd5fb1"},"breadcrumb":{"@id":"https:\/\/www.noticiasradioreflejos.com.ar\/2021\/saludo-para-fiestas-de-fin-de-ano\/#breadcrumb"},"inLanguage":"es","potentialAction":[{"@type":"ReadAction","target":["https:\/\/www.noticiasradioreflejos.com.ar\/2021\/saludo-para-fiestas-de-fin-de-ano\/"]}]},{"@type":"ImageObject","inLanguage":"es","@id":"https:\/\/www.noticiasradioreflejos.com.ar\/2021\/saludo-para-fiestas-de-fin-de-ano\/#primaryimage","url":"https:\/\/live.staticflickr.com\/65535\/51765237788_fd2a206e4d_c.jpg","contentUrl":"https:\/\/live.staticflickr.com\/65535\/51765237788_fd2a206e4d_c.jpg"},{"@type":"BreadcrumbList","@id":"https:\/\/www.noticiasradioreflejos.com.ar\/2021\/saludo-para-fiestas-de-fin-de-ano\/#breadcrumb","itemListElement":[{"@type":"ListItem","position":1,"name":"Portada","item":"https:\/\/www.noticiasradioreflejos.com.ar\/2021\/"},{"@type":"ListItem","position":2,"name":"Saludo para fiestas de fin de a\u00f1o"}]},{"@type":"WebSite","@id":"https:\/\/www.noticiasradioreflejos.com.ar\/2021\/#website","url":"https:\/\/www.noticiasradioreflejos.com.ar\/2021\/","name":"Noticias Radio Reflejos","description":"Las noticias de mi comarca","potentialAction":[{"@type":"SearchAction","target":{"@type":"EntryPoint","urlTemplate":"https:\/\/www.noticiasradioreflejos.com.ar\/2021\/?s={search_term_string}"},"query-input":{"@type":"PropertyValueSpecification","valueRequired":true,"valueName":"search_term_string"}}],"inLanguage":"es"},{"@type":"Person","@id":"https:\/\/www.noticiasradioreflejos.com.ar\/2021\/#\/schema\/person\/ad82545263dcc5ec0996818884fd5fb1","name":"Arnaldo Botto","image":{"@type":"ImageObject","inLanguage":"es","@id":"https:\/\/www.noticiasradioreflejos.com.ar\/2021\/#\/schema\/person\/image\/","url":"https:\/\/secure.gravatar.com\/avatar\/55cb5e37c1efa326397366e6974cb338056df65cb50e7d64d1cf314e87504837?s=96&d=mm&r=g","contentUrl":"https:\/\/secure.gravatar.com\/avatar\/55cb5e37c1efa326397366e6974cb338056df65cb50e7d64d1cf314e87504837?s=96&d=mm&r=g","caption":"Arnaldo Botto"},"url":"https:\/\/www.noticiasradioreflejos.com.ar\/2021\/author\/arnaldo\/"}]}},"_links":{"self":[{"href":"https:\/\/www.noticiasradioreflejos.com.ar\/2021\/wp-json\/wp\/v2\/posts\/66281","targetHints":{"allow":["GET"]}}],"collection":[{"href":"https:\/\/www.noticiasradioreflejos.com.ar\/2021\/wp-json\/wp\/v2\/posts"}],"about":[{"href":"https:\/\/www.noticiasradioreflejos.com.ar\/2021\/wp-json\/wp\/v2\/types\/post"}],"author":[{"embeddable":true,"href":"https:\/\/www.noticiasradioreflejos.com.ar\/2021\/wp-json\/wp\/v2\/users\/3"}],"replies":[{"embeddable":true,"href":"https:\/\/www.noticiasradioreflejos.com.ar\/2021\/wp-json\/wp\/v2\/comments?post=66281"}],"version-history":[{"count":1,"href":"https:\/\/www.noticiasradioreflejos.com.ar\/2021\/wp-json\/wp\/v2\/posts\/66281\/revisions"}],"predecessor-version":[{"id":66283,"href":"https:\/\/www.noticiasradioreflejos.com.ar\/2021\/wp-json\/wp\/v2\/posts\/66281\/revisions\/66283"}],"wp:attachment":[{"href":"https:\/\/www.noticiasradioreflejos.com.ar\/2021\/wp-json\/wp\/v2\/media?parent=66281"}],"wp:term":[{"taxonomy":"category","embeddable":true,"href":"https:\/\/www.noticiasradioreflejos.com.ar\/2021\/wp-json\/wp\/v2\/categories?post=66281"},{"taxonomy":"post_tag","embeddable":true,"href":"https:\/\/www.noticiasradioreflejos.com.ar\/2021\/wp-json\/wp\/v2\/tags?post=66281"}],"curies":[{"name":"wp","href":"https:\/\/api.w.org\/{rel}","templated":true}]}}