{"id":66265,"date":"2021-12-21T20:11:16","date_gmt":"2021-12-21T20:11:16","guid":{"rendered":"http:\/\/www.noticiasradioreflejos.com.ar\/2021\/?p=66265"},"modified":"2021-12-21T20:11:16","modified_gmt":"2021-12-21T20:11:16","slug":"tevez-perdio-en-la-justicia-y-debera-pagar-el-aporte-solidario-por-la-pandemia","status":"publish","type":"post","link":"https:\/\/www.noticiasradioreflejos.com.ar\/2021\/tevez-perdio-en-la-justicia-y-debera-pagar-el-aporte-solidario-por-la-pandemia\/","title":{"rendered":"T\u00e9vez perdi\u00f3 en la Justicia y deber\u00e1 pagar el Aporte Solidario por la pandemia"},"content":{"rendered":"<p>El juzgado Contencioso Administrativo Federal 5 rechaz\u00f3 la medida presentada por el ex futbolista, quien hab\u00eda argumentado que \u00abel cobro de dicho impuesto era confiscatorio\u00bb.<!--more--><\/p>\n<div class=\"wrapper-editable-content\">\n<div>\n<div class=\"wrapper-editable-content\">\n<div>\n<div class=\"container-md\">\n<div class=\"row\">\n<div class=\"col-md-12 speak\">\n<div class=\"paragraph\">\n<figure class=\"mb-3\"><img decoding=\"async\" src=\"https:\/\/www.telam.com.ar\/thumbs\/bluesteel\/advf\/imagenes\/2021\/01\/60030c0a315af_900.jpg\" alt=\"La Justicia rechaz la cautelar presentada por Tevez para no pagar el Aporte Solidario\" width=\"100%\" height=\"100%\" \/><\/p>\n<div class=\"media-icons\"><\/div><figcaption>La Justicia rechaz\u00f3 la cautelar presentada por Tevez para no pagar el Aporte Solidario<\/figcaption><\/figure>\n<p>El juzgado Contencioso Administrativo Federal 5 rechaz\u00f3 la medida cautelar presentada por el ex futbolista Carlos Tevez, para no pagar el\u00a0<a href=\"https:\/\/www.telam.com.ar\/notas\/202105\/556100-gobierno-aporte-solidario-pandemia-coronavirus-guzman.html\" target=\"_blank\" rel=\"noopener\">Aporte Solidario y Extraordinario implementado para Ayudar a Morigerar los Efectos de la Pandemia de Covid-19<\/a>.<\/p>\n<p>\u00abCuando la pretensi\u00f3n cautelar se intenta contra la Administraci\u00f3n P\u00fablica es menester demostrar prima facie -y sin que ello implique un prejuzgamiento de la cuesti\u00f3n de fondo-, la manifiesta arbitrariedad del acto cuestionado, dado el rigor con que debe apreciarse la concurrencia de los supuestos que la tornan admisible\u00bb, se\u00f1ala el fallo que rechaza la presentaci\u00f3n de Tevez.<\/p>\n<p>Entre los fundamentos, se recuerda que\u00a0<strong>\u00abla procedencia de las medidas cautelares se halla condicionada a que se acredite la apariencia o verosimilitud del derecho invocado por quien las solicita, y el peligro en la demora<\/strong>, que exige que la probabilidad de que la tutela jur\u00eddica definitiva que la actora aguarda de la sentencia a pronunciarse en el proceso principal iniciado o a iniciarse, no pueda, en los hechos, realizarse, es decir, que a ra\u00edz del transcurso del tiempo los efectos del fallo final resulten pr\u00e1cticamente inoperantes\u00bb.<\/p>\n<p>La presentaci\u00f3n, que en su momento realizaron los letrados del exfutbolista, indicaba que \u00abel cobro de dicho impuesto era confiscatorio, dado que el aporte que deb\u00eda realizar representaba una incidencia del 200,40% de sus rendimientos percibidos del a\u00f1o 2020, es decir, absorbiendo el equivalente a la renta obtenida en dos ejercicios anuales completos\u00bb.<\/p>\n<\/div>\n<\/div>\n<\/div>\n<\/div>\n<\/div>\n<\/div>\n<\/div>\n<\/div>\n","protected":false},"excerpt":{"rendered":"<p>El juzgado Contencioso Administrativo Federal 5 rechaz\u00f3 la medida presentada por el ex futbolista, quien hab\u00eda argumentado que \u00abel cobro de dicho impuesto era confiscatorio\u00bb.<\/p>\n","protected":false},"author":3,"featured_media":0,"comment_status":"closed","ping_status":"closed","sticky":false,"template":"","format":"standard","meta":{"footnotes":""},"categories":[1],"tags":[],"class_list":["post-66265","post","type-post","status-publish","format-standard","hentry","category-sin-categoria"],"yoast_head":"<!-- This site is optimized with the Yoast SEO plugin v25.9 - https:\/\/yoast.com\/wordpress\/plugins\/seo\/ -->\n<title>T\u00e9vez perdi\u00f3 en la Justicia y deber\u00e1 pagar el Aporte Solidario por la pandemia - Noticias Radio Reflejos<\/title>\n<meta name=\"robots\" content=\"index, follow, max-snippet:-1, max-image-preview:large, max-video-preview:-1\" \/>\n<link rel=\"canonical\" href=\"https:\/\/www.noticiasradioreflejos.com.ar\/2021\/tevez-perdio-en-la-justicia-y-debera-pagar-el-aporte-solidario-por-la-pandemia\/\" \/>\n<meta property=\"og:locale\" content=\"es_ES\" \/>\n<meta property=\"og:type\" content=\"article\" \/>\n<meta property=\"og:title\" content=\"T\u00e9vez perdi\u00f3 en la Justicia y deber\u00e1 pagar el Aporte Solidario por la pandemia - Noticias Radio Reflejos\" \/>\n<meta property=\"og:description\" content=\"El juzgado Contencioso Administrativo Federal 5 rechaz\u00f3 la medida presentada por el ex futbolista, quien hab\u00eda argumentado que \u00abel cobro de dicho impuesto era confiscatorio\u00bb.\" \/>\n<meta property=\"og:url\" content=\"https:\/\/www.noticiasradioreflejos.com.ar\/2021\/tevez-perdio-en-la-justicia-y-debera-pagar-el-aporte-solidario-por-la-pandemia\/\" \/>\n<meta property=\"og:site_name\" content=\"Noticias Radio Reflejos\" \/>\n<meta property=\"article:published_time\" content=\"2021-12-21T20:11:16+00:00\" \/>\n<meta property=\"og:image\" content=\"https:\/\/www.telam.com.ar\/thumbs\/bluesteel\/advf\/imagenes\/2021\/01\/60030c0a315af_900.jpg\" \/>\n<meta name=\"author\" content=\"Arnaldo Botto\" \/>\n<meta name=\"twitter:card\" content=\"summary_large_image\" \/>\n<script type=\"application\/ld+json\" class=\"yoast-schema-graph\">{\"@context\":\"https:\/\/schema.org\",\"@graph\":[{\"@type\":\"WebPage\",\"@id\":\"https:\/\/www.noticiasradioreflejos.com.ar\/2021\/tevez-perdio-en-la-justicia-y-debera-pagar-el-aporte-solidario-por-la-pandemia\/\",\"url\":\"https:\/\/www.noticiasradioreflejos.com.ar\/2021\/tevez-perdio-en-la-justicia-y-debera-pagar-el-aporte-solidario-por-la-pandemia\/\",\"name\":\"T\u00e9vez perdi\u00f3 en la Justicia y deber\u00e1 pagar el Aporte Solidario por la pandemia - Noticias Radio Reflejos\",\"isPartOf\":{\"@id\":\"https:\/\/www.noticiasradioreflejos.com.ar\/2021\/#website\"},\"primaryImageOfPage\":{\"@id\":\"https:\/\/www.noticiasradioreflejos.com.ar\/2021\/tevez-perdio-en-la-justicia-y-debera-pagar-el-aporte-solidario-por-la-pandemia\/#primaryimage\"},\"image\":{\"@id\":\"https:\/\/www.noticiasradioreflejos.com.ar\/2021\/tevez-perdio-en-la-justicia-y-debera-pagar-el-aporte-solidario-por-la-pandemia\/#primaryimage\"},\"thumbnailUrl\":\"https:\/\/www.telam.com.ar\/thumbs\/bluesteel\/advf\/imagenes\/2021\/01\/60030c0a315af_900.jpg\",\"datePublished\":\"2021-12-21T20:11:16+00:00\",\"author\":{\"@id\":\"https:\/\/www.noticiasradioreflejos.com.ar\/2021\/#\/schema\/person\/ad82545263dcc5ec0996818884fd5fb1\"},\"breadcrumb\":{\"@id\":\"https:\/\/www.noticiasradioreflejos.com.ar\/2021\/tevez-perdio-en-la-justicia-y-debera-pagar-el-aporte-solidario-por-la-pandemia\/#breadcrumb\"},\"inLanguage\":\"es\",\"potentialAction\":[{\"@type\":\"ReadAction\",\"target\":[\"https:\/\/www.noticiasradioreflejos.com.ar\/2021\/tevez-perdio-en-la-justicia-y-debera-pagar-el-aporte-solidario-por-la-pandemia\/\"]}]},{\"@type\":\"ImageObject\",\"inLanguage\":\"es\",\"@id\":\"https:\/\/www.noticiasradioreflejos.com.ar\/2021\/tevez-perdio-en-la-justicia-y-debera-pagar-el-aporte-solidario-por-la-pandemia\/#primaryimage\",\"url\":\"https:\/\/www.telam.com.ar\/thumbs\/bluesteel\/advf\/imagenes\/2021\/01\/60030c0a315af_900.jpg\",\"contentUrl\":\"https:\/\/www.telam.com.ar\/thumbs\/bluesteel\/advf\/imagenes\/2021\/01\/60030c0a315af_900.jpg\"},{\"@type\":\"BreadcrumbList\",\"@id\":\"https:\/\/www.noticiasradioreflejos.com.ar\/2021\/tevez-perdio-en-la-justicia-y-debera-pagar-el-aporte-solidario-por-la-pandemia\/#breadcrumb\",\"itemListElement\":[{\"@type\":\"ListItem\",\"position\":1,\"name\":\"Portada\",\"item\":\"https:\/\/www.noticiasradioreflejos.com.ar\/2021\/\"},{\"@type\":\"ListItem\",\"position\":2,\"name\":\"T\u00e9vez perdi\u00f3 en la Justicia y deber\u00e1 pagar el Aporte Solidario por la pandemia\"}]},{\"@type\":\"WebSite\",\"@id\":\"https:\/\/www.noticiasradioreflejos.com.ar\/2021\/#website\",\"url\":\"https:\/\/www.noticiasradioreflejos.com.ar\/2021\/\",\"name\":\"Noticias Radio Reflejos\",\"description\":\"Las noticias de mi comarca\",\"potentialAction\":[{\"@type\":\"SearchAction\",\"target\":{\"@type\":\"EntryPoint\",\"urlTemplate\":\"https:\/\/www.noticiasradioreflejos.com.ar\/2021\/?s={search_term_string}\"},\"query-input\":{\"@type\":\"PropertyValueSpecification\",\"valueRequired\":true,\"valueName\":\"search_term_string\"}}],\"inLanguage\":\"es\"},{\"@type\":\"Person\",\"@id\":\"https:\/\/www.noticiasradioreflejos.com.ar\/2021\/#\/schema\/person\/ad82545263dcc5ec0996818884fd5fb1\",\"name\":\"Arnaldo Botto\",\"image\":{\"@type\":\"ImageObject\",\"inLanguage\":\"es\",\"@id\":\"https:\/\/www.noticiasradioreflejos.com.ar\/2021\/#\/schema\/person\/image\/\",\"url\":\"https:\/\/secure.gravatar.com\/avatar\/55cb5e37c1efa326397366e6974cb338056df65cb50e7d64d1cf314e87504837?s=96&d=mm&r=g\",\"contentUrl\":\"https:\/\/secure.gravatar.com\/avatar\/55cb5e37c1efa326397366e6974cb338056df65cb50e7d64d1cf314e87504837?s=96&d=mm&r=g\",\"caption\":\"Arnaldo Botto\"},\"url\":\"https:\/\/www.noticiasradioreflejos.com.ar\/2021\/author\/arnaldo\/\"}]}<\/script>\n<!-- \/ Yoast SEO plugin. -->","yoast_head_json":{"title":"T\u00e9vez perdi\u00f3 en la Justicia y deber\u00e1 pagar el Aporte Solidario por la pandemia - Noticias Radio Reflejos","robots":{"index":"index","follow":"follow","max-snippet":"max-snippet:-1","max-image-preview":"max-image-preview:large","max-video-preview":"max-video-preview:-1"},"canonical":"https:\/\/www.noticiasradioreflejos.com.ar\/2021\/tevez-perdio-en-la-justicia-y-debera-pagar-el-aporte-solidario-por-la-pandemia\/","og_locale":"es_ES","og_type":"article","og_title":"T\u00e9vez perdi\u00f3 en la Justicia y deber\u00e1 pagar el Aporte Solidario por la pandemia - Noticias Radio Reflejos","og_description":"El juzgado Contencioso Administrativo Federal 5 rechaz\u00f3 la medida presentada por el ex futbolista, quien hab\u00eda argumentado que \u00abel cobro de dicho impuesto era confiscatorio\u00bb.","og_url":"https:\/\/www.noticiasradioreflejos.com.ar\/2021\/tevez-perdio-en-la-justicia-y-debera-pagar-el-aporte-solidario-por-la-pandemia\/","og_site_name":"Noticias Radio Reflejos","article_published_time":"2021-12-21T20:11:16+00:00","og_image":[{"url":"https:\/\/www.telam.com.ar\/thumbs\/bluesteel\/advf\/imagenes\/2021\/01\/60030c0a315af_900.jpg","type":"","width":"","height":""}],"author":"Arnaldo Botto","twitter_card":"summary_large_image","schema":{"@context":"https:\/\/schema.org","@graph":[{"@type":"WebPage","@id":"https:\/\/www.noticiasradioreflejos.com.ar\/2021\/tevez-perdio-en-la-justicia-y-debera-pagar-el-aporte-solidario-por-la-pandemia\/","url":"https:\/\/www.noticiasradioreflejos.com.ar\/2021\/tevez-perdio-en-la-justicia-y-debera-pagar-el-aporte-solidario-por-la-pandemia\/","name":"T\u00e9vez perdi\u00f3 en la Justicia y deber\u00e1 pagar el Aporte Solidario por la pandemia - Noticias Radio Reflejos","isPartOf":{"@id":"https:\/\/www.noticiasradioreflejos.com.ar\/2021\/#website"},"primaryImageOfPage":{"@id":"https:\/\/www.noticiasradioreflejos.com.ar\/2021\/tevez-perdio-en-la-justicia-y-debera-pagar-el-aporte-solidario-por-la-pandemia\/#primaryimage"},"image":{"@id":"https:\/\/www.noticiasradioreflejos.com.ar\/2021\/tevez-perdio-en-la-justicia-y-debera-pagar-el-aporte-solidario-por-la-pandemia\/#primaryimage"},"thumbnailUrl":"https:\/\/www.telam.com.ar\/thumbs\/bluesteel\/advf\/imagenes\/2021\/01\/60030c0a315af_900.jpg","datePublished":"2021-12-21T20:11:16+00:00","author":{"@id":"https:\/\/www.noticiasradioreflejos.com.ar\/2021\/#\/schema\/person\/ad82545263dcc5ec0996818884fd5fb1"},"breadcrumb":{"@id":"https:\/\/www.noticiasradioreflejos.com.ar\/2021\/tevez-perdio-en-la-justicia-y-debera-pagar-el-aporte-solidario-por-la-pandemia\/#breadcrumb"},"inLanguage":"es","potentialAction":[{"@type":"ReadAction","target":["https:\/\/www.noticiasradioreflejos.com.ar\/2021\/tevez-perdio-en-la-justicia-y-debera-pagar-el-aporte-solidario-por-la-pandemia\/"]}]},{"@type":"ImageObject","inLanguage":"es","@id":"https:\/\/www.noticiasradioreflejos.com.ar\/2021\/tevez-perdio-en-la-justicia-y-debera-pagar-el-aporte-solidario-por-la-pandemia\/#primaryimage","url":"https:\/\/www.telam.com.ar\/thumbs\/bluesteel\/advf\/imagenes\/2021\/01\/60030c0a315af_900.jpg","contentUrl":"https:\/\/www.telam.com.ar\/thumbs\/bluesteel\/advf\/imagenes\/2021\/01\/60030c0a315af_900.jpg"},{"@type":"BreadcrumbList","@id":"https:\/\/www.noticiasradioreflejos.com.ar\/2021\/tevez-perdio-en-la-justicia-y-debera-pagar-el-aporte-solidario-por-la-pandemia\/#breadcrumb","itemListElement":[{"@type":"ListItem","position":1,"name":"Portada","item":"https:\/\/www.noticiasradioreflejos.com.ar\/2021\/"},{"@type":"ListItem","position":2,"name":"T\u00e9vez perdi\u00f3 en la Justicia y deber\u00e1 pagar el Aporte Solidario por la pandemia"}]},{"@type":"WebSite","@id":"https:\/\/www.noticiasradioreflejos.com.ar\/2021\/#website","url":"https:\/\/www.noticiasradioreflejos.com.ar\/2021\/","name":"Noticias Radio Reflejos","description":"Las noticias de mi comarca","potentialAction":[{"@type":"SearchAction","target":{"@type":"EntryPoint","urlTemplate":"https:\/\/www.noticiasradioreflejos.com.ar\/2021\/?s={search_term_string}"},"query-input":{"@type":"PropertyValueSpecification","valueRequired":true,"valueName":"search_term_string"}}],"inLanguage":"es"},{"@type":"Person","@id":"https:\/\/www.noticiasradioreflejos.com.ar\/2021\/#\/schema\/person\/ad82545263dcc5ec0996818884fd5fb1","name":"Arnaldo Botto","image":{"@type":"ImageObject","inLanguage":"es","@id":"https:\/\/www.noticiasradioreflejos.com.ar\/2021\/#\/schema\/person\/image\/","url":"https:\/\/secure.gravatar.com\/avatar\/55cb5e37c1efa326397366e6974cb338056df65cb50e7d64d1cf314e87504837?s=96&d=mm&r=g","contentUrl":"https:\/\/secure.gravatar.com\/avatar\/55cb5e37c1efa326397366e6974cb338056df65cb50e7d64d1cf314e87504837?s=96&d=mm&r=g","caption":"Arnaldo Botto"},"url":"https:\/\/www.noticiasradioreflejos.com.ar\/2021\/author\/arnaldo\/"}]}},"_links":{"self":[{"href":"https:\/\/www.noticiasradioreflejos.com.ar\/2021\/wp-json\/wp\/v2\/posts\/66265","targetHints":{"allow":["GET"]}}],"collection":[{"href":"https:\/\/www.noticiasradioreflejos.com.ar\/2021\/wp-json\/wp\/v2\/posts"}],"about":[{"href":"https:\/\/www.noticiasradioreflejos.com.ar\/2021\/wp-json\/wp\/v2\/types\/post"}],"author":[{"embeddable":true,"href":"https:\/\/www.noticiasradioreflejos.com.ar\/2021\/wp-json\/wp\/v2\/users\/3"}],"replies":[{"embeddable":true,"href":"https:\/\/www.noticiasradioreflejos.com.ar\/2021\/wp-json\/wp\/v2\/comments?post=66265"}],"version-history":[{"count":2,"href":"https:\/\/www.noticiasradioreflejos.com.ar\/2021\/wp-json\/wp\/v2\/posts\/66265\/revisions"}],"predecessor-version":[{"id":66268,"href":"https:\/\/www.noticiasradioreflejos.com.ar\/2021\/wp-json\/wp\/v2\/posts\/66265\/revisions\/66268"}],"wp:attachment":[{"href":"https:\/\/www.noticiasradioreflejos.com.ar\/2021\/wp-json\/wp\/v2\/media?parent=66265"}],"wp:term":[{"taxonomy":"category","embeddable":true,"href":"https:\/\/www.noticiasradioreflejos.com.ar\/2021\/wp-json\/wp\/v2\/categories?post=66265"},{"taxonomy":"post_tag","embeddable":true,"href":"https:\/\/www.noticiasradioreflejos.com.ar\/2021\/wp-json\/wp\/v2\/tags?post=66265"}],"curies":[{"name":"wp","href":"https:\/\/api.w.org\/{rel}","templated":true}]}}