{"id":66264,"date":"2021-12-21T20:26:11","date_gmt":"2021-12-21T20:26:11","guid":{"rendered":"http:\/\/www.noticiasradioreflejos.com.ar\/2021\/?p=66264"},"modified":"2021-12-21T20:26:11","modified_gmt":"2021-12-21T20:26:11","slug":"58-fiesta-de-reyes-magos-en-sierra-de-la-ventana-se-conoce-el-cronograma-de-espectaculos-y-actividades","status":"publish","type":"post","link":"https:\/\/www.noticiasradioreflejos.com.ar\/2021\/58-fiesta-de-reyes-magos-en-sierra-de-la-ventana-se-conoce-el-cronograma-de-espectaculos-y-actividades\/","title":{"rendered":"58\u00b0 Fiesta de Reyes Magos en Sierra de la Ventana: Se conoce el cronograma de espect\u00e1culos y actividades"},"content":{"rendered":"<p>El colaborador e integrante de la C\u00e1mara de comercio local anuncia el cronograma de actividades de la 58\u00b0 Fiesta Provincial de Reyes Magos a realizarse el mi\u00e9rcoles 5 de enero a partir de las 18 hs en Sierra de la Ventana.<!--more--><\/p>\n<p><a title=\"WhatsApp Image 2021-12-20 at 18.49.09\" href=\"https:\/\/www.flickr.com\/photos\/182279889@N02\/51761918086\/in\/dateposted-public\/\" data-flickr-embed=\"true\"><img loading=\"lazy\" decoding=\"async\" src=\"https:\/\/live.staticflickr.com\/65535\/51761918086_e807a6ec97_c.jpg\" alt=\"WhatsApp Image 2021-12-20 at 18.49.09\" width=\"683\" height=\"800\" \/><\/a><script async src=\"\/\/embedr.flickr.com\/assets\/client-code.js\" charset=\"utf-8\"><\/script><\/p>\n<p>Enrique es la primera vez que participa en este evento. \u00abTodo indica que viene bastante organizado y est\u00e1 bueno compartir los criterios y las metas e ideas fijas que nos propusimos\u00bb expres\u00f3 al comenzar la nota.<\/p>\n<p>Enrique menciona que uno de los ejes de estas fiestas es trabajar principalmente con lo local y con lo comunitario. \u00abEn total son 9 instituciones que van a poner sus puestos gastron\u00f3micos ese d\u00eda\u00bb coment\u00f3.<\/p>\n<p>El entrevistado tambi\u00e9n mencion\u00f3 que habr\u00e1n 3 escenarios activos, donde los espect\u00e1culos van a ser rotativos para que las personas se concentren en el patio de comidas y, luego, cuando llegue el show principal, la llegada de los Reyes, que ser\u00e1 alrededor de las 22 hs, se utilizar\u00e1 el escenario principal.<\/p>\n<p>Este a\u00f1o, fue descartado el show de fuegos artificiales por razones obvias, pero Enrique mencion\u00f3 que est\u00e1n buscando reemplazarlo con otro tipo de espect\u00e1culo que no tenga tanto impacto en el medio ambiente, los animales ni a la sociedad.<\/p>\n<p>Enrique coment\u00f3 que este a\u00f1o contin\u00faan vendiendo libros para colorear hechos por artistas locales, que valen unos $150 y que lo recaudado ir\u00e1 para el pago del sonido y de todo lo que se tenga que invertir para las fiestas. Durante la jornada de Reyes, tambi\u00e9n se estar\u00e1n haciendo sorteos de cenas en diferentes restaurantes, por ejemplo, tambi\u00e9n para recaudar fondos para el evento.<\/p>\n<p>&nbsp;<\/p>\n<p>Nota completa a continuaci\u00f3n:<br \/>\n<iframe loading=\"lazy\" src=\"https:\/\/w.soundcloud.com\/player\/?url=https%3A\/\/api.soundcloud.com\/tracks\/1181776516&amp;color=%23ff5500&amp;auto_play=false&amp;hide_related=false&amp;show_comments=true&amp;show_user=true&amp;show_reposts=false&amp;show_teaser=true\" width=\"100%\" height=\"166\" frameborder=\"no\" scrolling=\"no\"><\/iframe><\/p>\n<div style=\"font-size: 10px; color: #cccccc; line-break: anywhere; word-break: normal; overflow: hidden; white-space: nowrap; text-overflow: ellipsis; font-family: Interstate,Lucida Grande,Lucida Sans Unicode,Lucida Sans,Garuda,Verdana,Tahoma,sans-serif; font-weight: 100;\"><a style=\"color: #cccccc; text-decoration: none;\" title=\"fmreflejos 103.7\" href=\"https:\/\/soundcloud.com\/fmreflejos-103-7\" target=\"_blank\" rel=\"noopener\">fmreflejos 103.7<\/a> \u00b7 <a style=\"color: #cccccc; text-decoration: none;\" title=\"Enrique Alessandrini\" href=\"https:\/\/soundcloud.com\/fmreflejos-103-7\/enrique-alessandrini-1\" target=\"_blank\" rel=\"noopener\">Enrique Alessandrini<\/a><\/div>\n<p><a title=\"WhatsApp Image 2021-12-17 at 10.42.53\" href=\"https:\/\/www.flickr.com\/photos\/182279889@N02\/51762779910\/in\/dateposted-public\/\" data-flickr-embed=\"true\"><img loading=\"lazy\" decoding=\"async\" src=\"https:\/\/live.staticflickr.com\/65535\/51762779910_aede78b8be_c.jpg\" alt=\"WhatsApp Image 2021-12-17 at 10.42.53\" width=\"678\" height=\"800\" \/><\/a><script async src=\"\/\/embedr.flickr.com\/assets\/client-code.js\" charset=\"utf-8\"><\/script><\/p>\n","protected":false},"excerpt":{"rendered":"<p>El colaborador e integrante de la C\u00e1mara de comercio local anuncia el cronograma de actividades de la 58\u00b0 Fiesta Provincial de Reyes Magos a realizarse el mi\u00e9rcoles 5 de enero a partir de las 18 hs en Sierra de la Ventana.<\/p>\n","protected":false},"author":3,"featured_media":0,"comment_status":"closed","ping_status":"closed","sticky":false,"template":"","format":"standard","meta":{"footnotes":""},"categories":[35,26,33],"tags":[48],"class_list":["post-66264","post","type-post","status-publish","format-standard","hentry","category-cultura","category-sociedad","category-turismo","tag-destacada"],"yoast_head":"<!-- This site is optimized with the Yoast SEO plugin v25.9 - https:\/\/yoast.com\/wordpress\/plugins\/seo\/ -->\n<title>58\u00b0 Fiesta de Reyes Magos en Sierra de la Ventana: Se conoce el cronograma de espect\u00e1culos y actividades - Noticias Radio Reflejos<\/title>\n<meta name=\"robots\" content=\"index, follow, max-snippet:-1, max-image-preview:large, max-video-preview:-1\" \/>\n<link rel=\"canonical\" href=\"https:\/\/www.noticiasradioreflejos.com.ar\/2021\/58-fiesta-de-reyes-magos-en-sierra-de-la-ventana-se-conoce-el-cronograma-de-espectaculos-y-actividades\/\" \/>\n<meta property=\"og:locale\" content=\"es_ES\" \/>\n<meta property=\"og:type\" content=\"article\" \/>\n<meta property=\"og:title\" content=\"58\u00b0 Fiesta de Reyes Magos en Sierra de la Ventana: Se conoce el cronograma de espect\u00e1culos y actividades - Noticias Radio Reflejos\" \/>\n<meta property=\"og:description\" content=\"El colaborador e integrante de la C\u00e1mara de comercio local anuncia el cronograma de actividades de la 58\u00b0 Fiesta Provincial de Reyes Magos a realizarse el mi\u00e9rcoles 5 de enero a partir de las 18 hs en Sierra de la Ventana.\" \/>\n<meta property=\"og:url\" content=\"https:\/\/www.noticiasradioreflejos.com.ar\/2021\/58-fiesta-de-reyes-magos-en-sierra-de-la-ventana-se-conoce-el-cronograma-de-espectaculos-y-actividades\/\" \/>\n<meta property=\"og:site_name\" content=\"Noticias Radio Reflejos\" \/>\n<meta property=\"article:published_time\" content=\"2021-12-21T20:26:11+00:00\" \/>\n<meta property=\"og:image\" content=\"https:\/\/live.staticflickr.com\/65535\/51761918086_e807a6ec97_c.jpg\" \/>\n<meta name=\"author\" content=\"Arnaldo Botto\" \/>\n<meta name=\"twitter:card\" content=\"summary_large_image\" \/>\n<script type=\"application\/ld+json\" class=\"yoast-schema-graph\">{\"@context\":\"https:\/\/schema.org\",\"@graph\":[{\"@type\":\"WebPage\",\"@id\":\"https:\/\/www.noticiasradioreflejos.com.ar\/2021\/58-fiesta-de-reyes-magos-en-sierra-de-la-ventana-se-conoce-el-cronograma-de-espectaculos-y-actividades\/\",\"url\":\"https:\/\/www.noticiasradioreflejos.com.ar\/2021\/58-fiesta-de-reyes-magos-en-sierra-de-la-ventana-se-conoce-el-cronograma-de-espectaculos-y-actividades\/\",\"name\":\"58\u00b0 Fiesta de Reyes Magos en Sierra de la Ventana: Se conoce el cronograma de espect\u00e1culos y actividades - Noticias Radio Reflejos\",\"isPartOf\":{\"@id\":\"https:\/\/www.noticiasradioreflejos.com.ar\/2021\/#website\"},\"primaryImageOfPage\":{\"@id\":\"https:\/\/www.noticiasradioreflejos.com.ar\/2021\/58-fiesta-de-reyes-magos-en-sierra-de-la-ventana-se-conoce-el-cronograma-de-espectaculos-y-actividades\/#primaryimage\"},\"image\":{\"@id\":\"https:\/\/www.noticiasradioreflejos.com.ar\/2021\/58-fiesta-de-reyes-magos-en-sierra-de-la-ventana-se-conoce-el-cronograma-de-espectaculos-y-actividades\/#primaryimage\"},\"thumbnailUrl\":\"https:\/\/live.staticflickr.com\/65535\/51761918086_e807a6ec97_c.jpg\",\"datePublished\":\"2021-12-21T20:26:11+00:00\",\"author\":{\"@id\":\"https:\/\/www.noticiasradioreflejos.com.ar\/2021\/#\/schema\/person\/ad82545263dcc5ec0996818884fd5fb1\"},\"breadcrumb\":{\"@id\":\"https:\/\/www.noticiasradioreflejos.com.ar\/2021\/58-fiesta-de-reyes-magos-en-sierra-de-la-ventana-se-conoce-el-cronograma-de-espectaculos-y-actividades\/#breadcrumb\"},\"inLanguage\":\"es\",\"potentialAction\":[{\"@type\":\"ReadAction\",\"target\":[\"https:\/\/www.noticiasradioreflejos.com.ar\/2021\/58-fiesta-de-reyes-magos-en-sierra-de-la-ventana-se-conoce-el-cronograma-de-espectaculos-y-actividades\/\"]}]},{\"@type\":\"ImageObject\",\"inLanguage\":\"es\",\"@id\":\"https:\/\/www.noticiasradioreflejos.com.ar\/2021\/58-fiesta-de-reyes-magos-en-sierra-de-la-ventana-se-conoce-el-cronograma-de-espectaculos-y-actividades\/#primaryimage\",\"url\":\"https:\/\/live.staticflickr.com\/65535\/51761918086_e807a6ec97_c.jpg\",\"contentUrl\":\"https:\/\/live.staticflickr.com\/65535\/51761918086_e807a6ec97_c.jpg\"},{\"@type\":\"BreadcrumbList\",\"@id\":\"https:\/\/www.noticiasradioreflejos.com.ar\/2021\/58-fiesta-de-reyes-magos-en-sierra-de-la-ventana-se-conoce-el-cronograma-de-espectaculos-y-actividades\/#breadcrumb\",\"itemListElement\":[{\"@type\":\"ListItem\",\"position\":1,\"name\":\"Portada\",\"item\":\"https:\/\/www.noticiasradioreflejos.com.ar\/2021\/\"},{\"@type\":\"ListItem\",\"position\":2,\"name\":\"58\u00b0 Fiesta de Reyes Magos en Sierra de la Ventana: Se conoce el cronograma de espect\u00e1culos y actividades\"}]},{\"@type\":\"WebSite\",\"@id\":\"https:\/\/www.noticiasradioreflejos.com.ar\/2021\/#website\",\"url\":\"https:\/\/www.noticiasradioreflejos.com.ar\/2021\/\",\"name\":\"Noticias Radio Reflejos\",\"description\":\"Las noticias de mi comarca\",\"potentialAction\":[{\"@type\":\"SearchAction\",\"target\":{\"@type\":\"EntryPoint\",\"urlTemplate\":\"https:\/\/www.noticiasradioreflejos.com.ar\/2021\/?s={search_term_string}\"},\"query-input\":{\"@type\":\"PropertyValueSpecification\",\"valueRequired\":true,\"valueName\":\"search_term_string\"}}],\"inLanguage\":\"es\"},{\"@type\":\"Person\",\"@id\":\"https:\/\/www.noticiasradioreflejos.com.ar\/2021\/#\/schema\/person\/ad82545263dcc5ec0996818884fd5fb1\",\"name\":\"Arnaldo Botto\",\"image\":{\"@type\":\"ImageObject\",\"inLanguage\":\"es\",\"@id\":\"https:\/\/www.noticiasradioreflejos.com.ar\/2021\/#\/schema\/person\/image\/\",\"url\":\"https:\/\/secure.gravatar.com\/avatar\/55cb5e37c1efa326397366e6974cb338056df65cb50e7d64d1cf314e87504837?s=96&d=mm&r=g\",\"contentUrl\":\"https:\/\/secure.gravatar.com\/avatar\/55cb5e37c1efa326397366e6974cb338056df65cb50e7d64d1cf314e87504837?s=96&d=mm&r=g\",\"caption\":\"Arnaldo Botto\"},\"url\":\"https:\/\/www.noticiasradioreflejos.com.ar\/2021\/author\/arnaldo\/\"}]}<\/script>\n<!-- \/ Yoast SEO plugin. -->","yoast_head_json":{"title":"58\u00b0 Fiesta de Reyes Magos en Sierra de la Ventana: Se conoce el cronograma de espect\u00e1culos y actividades - Noticias Radio Reflejos","robots":{"index":"index","follow":"follow","max-snippet":"max-snippet:-1","max-image-preview":"max-image-preview:large","max-video-preview":"max-video-preview:-1"},"canonical":"https:\/\/www.noticiasradioreflejos.com.ar\/2021\/58-fiesta-de-reyes-magos-en-sierra-de-la-ventana-se-conoce-el-cronograma-de-espectaculos-y-actividades\/","og_locale":"es_ES","og_type":"article","og_title":"58\u00b0 Fiesta de Reyes Magos en Sierra de la Ventana: Se conoce el cronograma de espect\u00e1culos y actividades - Noticias Radio Reflejos","og_description":"El colaborador e integrante de la C\u00e1mara de comercio local anuncia el cronograma de actividades de la 58\u00b0 Fiesta Provincial de Reyes Magos a realizarse el mi\u00e9rcoles 5 de enero a partir de las 18 hs en Sierra de la Ventana.","og_url":"https:\/\/www.noticiasradioreflejos.com.ar\/2021\/58-fiesta-de-reyes-magos-en-sierra-de-la-ventana-se-conoce-el-cronograma-de-espectaculos-y-actividades\/","og_site_name":"Noticias Radio Reflejos","article_published_time":"2021-12-21T20:26:11+00:00","og_image":[{"url":"https:\/\/live.staticflickr.com\/65535\/51761918086_e807a6ec97_c.jpg","type":"","width":"","height":""}],"author":"Arnaldo Botto","twitter_card":"summary_large_image","schema":{"@context":"https:\/\/schema.org","@graph":[{"@type":"WebPage","@id":"https:\/\/www.noticiasradioreflejos.com.ar\/2021\/58-fiesta-de-reyes-magos-en-sierra-de-la-ventana-se-conoce-el-cronograma-de-espectaculos-y-actividades\/","url":"https:\/\/www.noticiasradioreflejos.com.ar\/2021\/58-fiesta-de-reyes-magos-en-sierra-de-la-ventana-se-conoce-el-cronograma-de-espectaculos-y-actividades\/","name":"58\u00b0 Fiesta de Reyes Magos en Sierra de la Ventana: Se conoce el cronograma de espect\u00e1culos y actividades - Noticias Radio Reflejos","isPartOf":{"@id":"https:\/\/www.noticiasradioreflejos.com.ar\/2021\/#website"},"primaryImageOfPage":{"@id":"https:\/\/www.noticiasradioreflejos.com.ar\/2021\/58-fiesta-de-reyes-magos-en-sierra-de-la-ventana-se-conoce-el-cronograma-de-espectaculos-y-actividades\/#primaryimage"},"image":{"@id":"https:\/\/www.noticiasradioreflejos.com.ar\/2021\/58-fiesta-de-reyes-magos-en-sierra-de-la-ventana-se-conoce-el-cronograma-de-espectaculos-y-actividades\/#primaryimage"},"thumbnailUrl":"https:\/\/live.staticflickr.com\/65535\/51761918086_e807a6ec97_c.jpg","datePublished":"2021-12-21T20:26:11+00:00","author":{"@id":"https:\/\/www.noticiasradioreflejos.com.ar\/2021\/#\/schema\/person\/ad82545263dcc5ec0996818884fd5fb1"},"breadcrumb":{"@id":"https:\/\/www.noticiasradioreflejos.com.ar\/2021\/58-fiesta-de-reyes-magos-en-sierra-de-la-ventana-se-conoce-el-cronograma-de-espectaculos-y-actividades\/#breadcrumb"},"inLanguage":"es","potentialAction":[{"@type":"ReadAction","target":["https:\/\/www.noticiasradioreflejos.com.ar\/2021\/58-fiesta-de-reyes-magos-en-sierra-de-la-ventana-se-conoce-el-cronograma-de-espectaculos-y-actividades\/"]}]},{"@type":"ImageObject","inLanguage":"es","@id":"https:\/\/www.noticiasradioreflejos.com.ar\/2021\/58-fiesta-de-reyes-magos-en-sierra-de-la-ventana-se-conoce-el-cronograma-de-espectaculos-y-actividades\/#primaryimage","url":"https:\/\/live.staticflickr.com\/65535\/51761918086_e807a6ec97_c.jpg","contentUrl":"https:\/\/live.staticflickr.com\/65535\/51761918086_e807a6ec97_c.jpg"},{"@type":"BreadcrumbList","@id":"https:\/\/www.noticiasradioreflejos.com.ar\/2021\/58-fiesta-de-reyes-magos-en-sierra-de-la-ventana-se-conoce-el-cronograma-de-espectaculos-y-actividades\/#breadcrumb","itemListElement":[{"@type":"ListItem","position":1,"name":"Portada","item":"https:\/\/www.noticiasradioreflejos.com.ar\/2021\/"},{"@type":"ListItem","position":2,"name":"58\u00b0 Fiesta de Reyes Magos en Sierra de la Ventana: Se conoce el cronograma de espect\u00e1culos y actividades"}]},{"@type":"WebSite","@id":"https:\/\/www.noticiasradioreflejos.com.ar\/2021\/#website","url":"https:\/\/www.noticiasradioreflejos.com.ar\/2021\/","name":"Noticias Radio Reflejos","description":"Las noticias de mi comarca","potentialAction":[{"@type":"SearchAction","target":{"@type":"EntryPoint","urlTemplate":"https:\/\/www.noticiasradioreflejos.com.ar\/2021\/?s={search_term_string}"},"query-input":{"@type":"PropertyValueSpecification","valueRequired":true,"valueName":"search_term_string"}}],"inLanguage":"es"},{"@type":"Person","@id":"https:\/\/www.noticiasradioreflejos.com.ar\/2021\/#\/schema\/person\/ad82545263dcc5ec0996818884fd5fb1","name":"Arnaldo Botto","image":{"@type":"ImageObject","inLanguage":"es","@id":"https:\/\/www.noticiasradioreflejos.com.ar\/2021\/#\/schema\/person\/image\/","url":"https:\/\/secure.gravatar.com\/avatar\/55cb5e37c1efa326397366e6974cb338056df65cb50e7d64d1cf314e87504837?s=96&d=mm&r=g","contentUrl":"https:\/\/secure.gravatar.com\/avatar\/55cb5e37c1efa326397366e6974cb338056df65cb50e7d64d1cf314e87504837?s=96&d=mm&r=g","caption":"Arnaldo Botto"},"url":"https:\/\/www.noticiasradioreflejos.com.ar\/2021\/author\/arnaldo\/"}]}},"_links":{"self":[{"href":"https:\/\/www.noticiasradioreflejos.com.ar\/2021\/wp-json\/wp\/v2\/posts\/66264","targetHints":{"allow":["GET"]}}],"collection":[{"href":"https:\/\/www.noticiasradioreflejos.com.ar\/2021\/wp-json\/wp\/v2\/posts"}],"about":[{"href":"https:\/\/www.noticiasradioreflejos.com.ar\/2021\/wp-json\/wp\/v2\/types\/post"}],"author":[{"embeddable":true,"href":"https:\/\/www.noticiasradioreflejos.com.ar\/2021\/wp-json\/wp\/v2\/users\/3"}],"replies":[{"embeddable":true,"href":"https:\/\/www.noticiasradioreflejos.com.ar\/2021\/wp-json\/wp\/v2\/comments?post=66264"}],"version-history":[{"count":2,"href":"https:\/\/www.noticiasradioreflejos.com.ar\/2021\/wp-json\/wp\/v2\/posts\/66264\/revisions"}],"predecessor-version":[{"id":66271,"href":"https:\/\/www.noticiasradioreflejos.com.ar\/2021\/wp-json\/wp\/v2\/posts\/66264\/revisions\/66271"}],"wp:attachment":[{"href":"https:\/\/www.noticiasradioreflejos.com.ar\/2021\/wp-json\/wp\/v2\/media?parent=66264"}],"wp:term":[{"taxonomy":"category","embeddable":true,"href":"https:\/\/www.noticiasradioreflejos.com.ar\/2021\/wp-json\/wp\/v2\/categories?post=66264"},{"taxonomy":"post_tag","embeddable":true,"href":"https:\/\/www.noticiasradioreflejos.com.ar\/2021\/wp-json\/wp\/v2\/tags?post=66264"}],"curies":[{"name":"wp","href":"https:\/\/api.w.org\/{rel}","templated":true}]}}