{"id":66255,"date":"2021-12-21T19:20:41","date_gmt":"2021-12-21T19:20:41","guid":{"rendered":"http:\/\/www.noticiasradioreflejos.com.ar\/2021\/?p=66255"},"modified":"2021-12-21T19:20:41","modified_gmt":"2021-12-21T19:20:41","slug":"pase-sanitario-los-detalles-de-la-implementacion-en-la-provincia-de-buenos-aires","status":"publish","type":"post","link":"https:\/\/www.noticiasradioreflejos.com.ar\/2021\/pase-sanitario-los-detalles-de-la-implementacion-en-la-provincia-de-buenos-aires\/","title":{"rendered":"Pase sanitario: los detalles de la implementaci\u00f3n en la Provincia de Buenos Aires"},"content":{"rendered":"<p>Para demostrar la vacunaci\u00f3n con esquema completo se deber\u00e1 exhibir las aplicaciones VacunatePBA, Mi Argentina o Cuidar, todas disponibles en el celular o presentar el carnet de vacunaci\u00f3n en cart\u00f3n o tarjeta.<!--more--><\/p>\n<div class=\"wrapper-editable-content\">\n<div class=\"wrapper-editable-content\">\n<div class=\"container-md\">\n<div class=\"row\">\n<div class=\"col-md-12 speak\">\n<div class=\"paragraph\">\n<div class=\"video_repositive\">\n<div id=\"YbkS7GZUDf8\" class=\"video_telam\">\n<div class=\"feature_article_inner\">\n<div class=\"feature_article_title\">\n<h4 class=\"text-center\">Kicillof anunci\u00f3 que a partir de ma\u00f1ana habr\u00e1 vacuna \u00ablibre y gratuita\u00bb para todos los turistas<\/h4>\n<p>El gobernador bonaerense, Axel Kicillof, asever\u00f3 que el objetivo del pase sanitario, que rige desde este martes en toda la provincia de Buenos Aires para actividades consideradas de riesgo epidemiol\u00f3gico y tr\u00e1mites presenciales, \u00abes que todos se vacunen\u00bb porque el objetivo \u00abes proteger a la gente, no limitarla o impedirle\u00bb.<\/p>\n<p>El pase, que\u00a0<strong>busca estimular fuertemente la vacunaci\u00f3n contra el coronavirus<\/strong>, servir\u00e1 para acreditar la vacunaci\u00f3n y poder llevar a cabo en espacios cerrados actividades culturales (como teatros o recitales), deportivas (como gimnasios o canchas de f\u00fatbol 5); religiosas (misas y celebraciones) y recreativas (como restaurantes y bares), as\u00ed como la realizaci\u00f3n de tr\u00e1mites presenciales en organismos p\u00fablicos y entidades privadas.<\/p>\n<p>Desde este martes,\u00a0<strong>debe ser presentado por las personas mayores de 13 a\u00f1os<\/strong>\u00a0a trav\u00e9s del certificado en cart\u00f3n o tarjeta emitido por el Gobierno de la provincia de Buenos Aires o bien el que figura en el portal mi.argentina.gob.ar o en las aplicaciones VacunatePBA, Cuidar y MiArgentina.<\/p>\n<blockquote class=\"\"><p>\u00abHace tiempo que en la provincia hay vacuna libre desde los 3 a\u00f1os en primera y segunda dosis y ahora agregamos vacuna federal\u00bb<cite class=\"author\">Axel Kicillof<\/cite><\/p><\/blockquote>\n<p>En un comunicado, el Ministerio de Salud aclar\u00f3 que, \u00absi una persona se dio la primera dosis y no se cumpli\u00f3 el tiempo m\u00ednimo interdosis, podr\u00e1 acreditar tambi\u00e9n el pase libre\u00bb y se remarc\u00f3 que, \u00abuna vez que se cumpla ese plazo, deber\u00e1 acreditar tambi\u00e9n la segunda\u00bb.<\/p>\n<p>En ese sentido, el gobernador Axel Kicillof explic\u00f3 este martes que \u00abhace tiempo que en la provincia hay vacuna libre desde los 3 a\u00f1os en primera y segunda dosis y ahora agregamos vacuna federal: inmunizaci\u00f3n libre y gratuita para todos los turistas argentinos o extranjeros en cualquiera las postas de todos los destinos tur\u00edsticos bonaerenses\u00bb.<\/p>\n<blockquote class=\"twitter-tweet\" data-width=\"500\" data-dnt=\"true\">\n<p lang=\"es\" dir=\"ltr\">A partir del 21\/12 se pueden vacunar todos los argentinos y extranjeros que vengan a vacacionar a nuestros destinos tur\u00edsticos.<\/p>\n<p>Es fundamental tomar conciencia de que con las vacunas nos cuidamos y cuidamos a los dem\u00e1s. <\/p>\n<p>\u00a1La vacuna en la Provincia es libre, gratuita y federal! <a href=\"https:\/\/t.co\/tkeh0uZRCK\">pic.twitter.com\/tkeh0uZRCK<\/a><\/p>\n<p>&mdash; Axel Kicillof (@Kicillofok) <a href=\"https:\/\/twitter.com\/Kicillofok\/status\/1473002762136797187?ref_src=twsrc%5Etfw\">December 20, 2021<\/a><\/p><\/blockquote>\n<p><script async src=\"https:\/\/platform.twitter.com\/widgets.js\" charset=\"utf-8\"><\/script><\/p>\n<p>\u00abEl tema es proteger a la gente, no limitarla o impedirle\u00bb, expuso el Gobernador en declaraciones a Radio 10 y puso como ejemplo que se instalar\u00e1n puntos de vacunaci\u00f3n \u00abcerca de lugares nocturnos\u00bb.<\/p>\n<p>As\u00ed, si alguien desea ingresar en un restaurante, discoteca, teatro o bar y no cuenta con la vacuna, podr\u00e1 inmunizarse en el momento.<\/p>\n<p>\u00abAyer nos reunimos con empresarios, tur\u00edsticos, de la nocturnidad y gastron\u00f3micos, todos van a acompa\u00f1ar la medida de pase libre\u00bb, destac\u00f3.<\/p>\n<figure class=\"mb-3\"><img decoding=\"async\" src=\"https:\/\/www.telam.com.ar\/thumbs\/bluesteel\/advf\/imagenes\/2021\/10\/6166cf23bffa5_900.jpg\" alt=\"Foto Diego Izquierdo\" width=\"100%\" height=\"100%\" \/><\/figure>\n<div class=\"media-icons\"><\/div>\n<p>Foto: Diego Izquierdo.<\/p>\n<p>En ese marco, Kicillof record\u00f3 que\u00a0<strong>en la provincia un total de 14 millones de personas cuentan con una dosis y 12 millones y medio con la segunda.<\/strong><\/p>\n<p>\u00abLa campa\u00f1a es tremendamente exitosa. La idea es que la gente se vacune. Por eso, el pase libre estar\u00e1 complementado por la vacuna libre federal\u00bb, insisti\u00f3 el mandatario.<\/p>\n<p>Grafic\u00f3 que \u00abaquel que se vacuna en primera dosis, como el nivel de anticuerpos es muy alto, tambi\u00e9n va a poder acceder al pase libre y tendr\u00e1 seis semanas para darse la segunda dosis\u00bb.<\/p>\n<h2 class=\"\">Sobre la temporada de verano<\/h2>\n<p>El gobernador subray\u00f3 que se espera \u00abuna temporada r\u00e9cord\u00bb, con una afluencia de alrededor de 12 millones de turistas \u00abno s\u00f3lo en la costa, sino en la sierra, los r\u00edos y lagunas y los destinos rurales\u00bb.<\/p>\n<p>Por ello, inst\u00f3 a la poblaci\u00f3n a mantener y profundizar las medidas de cuidado para evitar contagios de Covid-19 porque, dijo,\u00a0<strong>\u00abest\u00e1 habiendo un aumento de casos y hay que seguir alerta\u00bb.<\/strong><\/p>\n<blockquote class=\"\"><p>\u00abNo estamos buscando una quimera o algo inalcanzable, sino que tenemos que hacer un esfuerzo para ayudar a la gente o dar un empujoncito para que el que no termin\u00f3 de hacerlo, llegue a vacunarse\u00bb<cite class=\"author\">Nicol\u00e1s Kreplak<\/cite><\/p><\/blockquote>\n<p>En ese sentido, el ministro de Salud bonaerense, Nicol\u00e1s Kreplak, asever\u00f3 este martes que el pase sanitario \u00abes una obligaci\u00f3n porque est\u00e1n todas las condiciones dadas para poder vacunarse\u00bb contra el coronavirus.<\/p>\n<p>\u00abEl objetivo es que la gente se vacune\u00bb, plante\u00f3 el funcionario en declaraciones formuladas a radio El Destape y La Red.<\/p>\n<p>El titular de la cartera sanitaria cont\u00f3 que hay \u00ab2 millones de bonaerenses que no se dieron la segunda dosis\u00bb, aclar\u00f3 que \u00abes gente que no es antivacunas, pero no complet\u00f3 el esquema\u00bb y resalt\u00f3 que si se logra que ese porcentaje llegue a completar esquemas, \u00abla Argentina pasa a ser el pa\u00eds del mundo m\u00e1s protegido\u00bb.<\/p>\n<p>\u00abNo estamos buscando una quimera o algo inalcanzable, sino que tenemos que hacer un esfuerzo para ayudar a la gente o dar un empujoncito para que el que no termin\u00f3 de hacerlo, llegue a vacunarse\u00bb, insisti\u00f3.<\/p>\n<\/div>\n<\/div>\n<\/div>\n<\/div>\n<\/div>\n<\/div>\n<\/div>\n<\/div>\n<\/div>\n<\/div>\n","protected":false},"excerpt":{"rendered":"<p>Para demostrar la vacunaci\u00f3n con esquema completo se deber\u00e1 exhibir las aplicaciones VacunatePBA, Mi Argentina o Cuidar, todas disponibles en el celular o presentar el carnet de vacunaci\u00f3n en cart\u00f3n o tarjeta.<\/p>\n","protected":false},"author":3,"featured_media":0,"comment_status":"closed","ping_status":"closed","sticky":false,"template":"","format":"standard","meta":{"footnotes":""},"categories":[1],"tags":[],"class_list":["post-66255","post","type-post","status-publish","format-standard","hentry","category-sin-categoria"],"yoast_head":"<!-- This site is optimized with the Yoast SEO plugin v25.9 - https:\/\/yoast.com\/wordpress\/plugins\/seo\/ -->\n<title>Pase sanitario: los detalles de la implementaci\u00f3n en la Provincia de Buenos Aires - Noticias Radio Reflejos<\/title>\n<meta name=\"robots\" content=\"index, follow, max-snippet:-1, max-image-preview:large, max-video-preview:-1\" \/>\n<link rel=\"canonical\" href=\"https:\/\/www.noticiasradioreflejos.com.ar\/2021\/pase-sanitario-los-detalles-de-la-implementacion-en-la-provincia-de-buenos-aires\/\" \/>\n<meta property=\"og:locale\" content=\"es_ES\" \/>\n<meta property=\"og:type\" content=\"article\" \/>\n<meta property=\"og:title\" content=\"Pase sanitario: los detalles de la implementaci\u00f3n en la Provincia de Buenos Aires - Noticias Radio Reflejos\" \/>\n<meta property=\"og:description\" content=\"Para demostrar la vacunaci\u00f3n con esquema completo se deber\u00e1 exhibir las aplicaciones VacunatePBA, Mi Argentina o Cuidar, todas disponibles en el celular o presentar el carnet de vacunaci\u00f3n en cart\u00f3n o tarjeta.\" \/>\n<meta property=\"og:url\" content=\"https:\/\/www.noticiasradioreflejos.com.ar\/2021\/pase-sanitario-los-detalles-de-la-implementacion-en-la-provincia-de-buenos-aires\/\" \/>\n<meta property=\"og:site_name\" content=\"Noticias Radio Reflejos\" \/>\n<meta property=\"article:published_time\" content=\"2021-12-21T19:20:41+00:00\" \/>\n<meta property=\"og:image\" content=\"https:\/\/www.telam.com.ar\/thumbs\/bluesteel\/advf\/imagenes\/2021\/10\/6166cf23bffa5_900.jpg\" \/>\n<meta name=\"author\" content=\"Arnaldo Botto\" \/>\n<meta name=\"twitter:card\" content=\"summary_large_image\" \/>\n<script type=\"application\/ld+json\" class=\"yoast-schema-graph\">{\"@context\":\"https:\/\/schema.org\",\"@graph\":[{\"@type\":\"WebPage\",\"@id\":\"https:\/\/www.noticiasradioreflejos.com.ar\/2021\/pase-sanitario-los-detalles-de-la-implementacion-en-la-provincia-de-buenos-aires\/\",\"url\":\"https:\/\/www.noticiasradioreflejos.com.ar\/2021\/pase-sanitario-los-detalles-de-la-implementacion-en-la-provincia-de-buenos-aires\/\",\"name\":\"Pase sanitario: los detalles de la implementaci\u00f3n en la Provincia de Buenos Aires - Noticias Radio Reflejos\",\"isPartOf\":{\"@id\":\"https:\/\/www.noticiasradioreflejos.com.ar\/2021\/#website\"},\"primaryImageOfPage\":{\"@id\":\"https:\/\/www.noticiasradioreflejos.com.ar\/2021\/pase-sanitario-los-detalles-de-la-implementacion-en-la-provincia-de-buenos-aires\/#primaryimage\"},\"image\":{\"@id\":\"https:\/\/www.noticiasradioreflejos.com.ar\/2021\/pase-sanitario-los-detalles-de-la-implementacion-en-la-provincia-de-buenos-aires\/#primaryimage\"},\"thumbnailUrl\":\"https:\/\/www.telam.com.ar\/thumbs\/bluesteel\/advf\/imagenes\/2021\/10\/6166cf23bffa5_900.jpg\",\"datePublished\":\"2021-12-21T19:20:41+00:00\",\"author\":{\"@id\":\"https:\/\/www.noticiasradioreflejos.com.ar\/2021\/#\/schema\/person\/ad82545263dcc5ec0996818884fd5fb1\"},\"breadcrumb\":{\"@id\":\"https:\/\/www.noticiasradioreflejos.com.ar\/2021\/pase-sanitario-los-detalles-de-la-implementacion-en-la-provincia-de-buenos-aires\/#breadcrumb\"},\"inLanguage\":\"es\",\"potentialAction\":[{\"@type\":\"ReadAction\",\"target\":[\"https:\/\/www.noticiasradioreflejos.com.ar\/2021\/pase-sanitario-los-detalles-de-la-implementacion-en-la-provincia-de-buenos-aires\/\"]}]},{\"@type\":\"ImageObject\",\"inLanguage\":\"es\",\"@id\":\"https:\/\/www.noticiasradioreflejos.com.ar\/2021\/pase-sanitario-los-detalles-de-la-implementacion-en-la-provincia-de-buenos-aires\/#primaryimage\",\"url\":\"https:\/\/www.telam.com.ar\/thumbs\/bluesteel\/advf\/imagenes\/2021\/10\/6166cf23bffa5_900.jpg\",\"contentUrl\":\"https:\/\/www.telam.com.ar\/thumbs\/bluesteel\/advf\/imagenes\/2021\/10\/6166cf23bffa5_900.jpg\"},{\"@type\":\"BreadcrumbList\",\"@id\":\"https:\/\/www.noticiasradioreflejos.com.ar\/2021\/pase-sanitario-los-detalles-de-la-implementacion-en-la-provincia-de-buenos-aires\/#breadcrumb\",\"itemListElement\":[{\"@type\":\"ListItem\",\"position\":1,\"name\":\"Portada\",\"item\":\"https:\/\/www.noticiasradioreflejos.com.ar\/2021\/\"},{\"@type\":\"ListItem\",\"position\":2,\"name\":\"Pase sanitario: los detalles de la implementaci\u00f3n en la Provincia de Buenos Aires\"}]},{\"@type\":\"WebSite\",\"@id\":\"https:\/\/www.noticiasradioreflejos.com.ar\/2021\/#website\",\"url\":\"https:\/\/www.noticiasradioreflejos.com.ar\/2021\/\",\"name\":\"Noticias Radio Reflejos\",\"description\":\"Las noticias de mi comarca\",\"potentialAction\":[{\"@type\":\"SearchAction\",\"target\":{\"@type\":\"EntryPoint\",\"urlTemplate\":\"https:\/\/www.noticiasradioreflejos.com.ar\/2021\/?s={search_term_string}\"},\"query-input\":{\"@type\":\"PropertyValueSpecification\",\"valueRequired\":true,\"valueName\":\"search_term_string\"}}],\"inLanguage\":\"es\"},{\"@type\":\"Person\",\"@id\":\"https:\/\/www.noticiasradioreflejos.com.ar\/2021\/#\/schema\/person\/ad82545263dcc5ec0996818884fd5fb1\",\"name\":\"Arnaldo Botto\",\"image\":{\"@type\":\"ImageObject\",\"inLanguage\":\"es\",\"@id\":\"https:\/\/www.noticiasradioreflejos.com.ar\/2021\/#\/schema\/person\/image\/\",\"url\":\"https:\/\/secure.gravatar.com\/avatar\/55cb5e37c1efa326397366e6974cb338056df65cb50e7d64d1cf314e87504837?s=96&d=mm&r=g\",\"contentUrl\":\"https:\/\/secure.gravatar.com\/avatar\/55cb5e37c1efa326397366e6974cb338056df65cb50e7d64d1cf314e87504837?s=96&d=mm&r=g\",\"caption\":\"Arnaldo Botto\"},\"url\":\"https:\/\/www.noticiasradioreflejos.com.ar\/2021\/author\/arnaldo\/\"}]}<\/script>\n<!-- \/ Yoast SEO plugin. -->","yoast_head_json":{"title":"Pase sanitario: los detalles de la implementaci\u00f3n en la Provincia de Buenos Aires - Noticias Radio Reflejos","robots":{"index":"index","follow":"follow","max-snippet":"max-snippet:-1","max-image-preview":"max-image-preview:large","max-video-preview":"max-video-preview:-1"},"canonical":"https:\/\/www.noticiasradioreflejos.com.ar\/2021\/pase-sanitario-los-detalles-de-la-implementacion-en-la-provincia-de-buenos-aires\/","og_locale":"es_ES","og_type":"article","og_title":"Pase sanitario: los detalles de la implementaci\u00f3n en la Provincia de Buenos Aires - Noticias Radio Reflejos","og_description":"Para demostrar la vacunaci\u00f3n con esquema completo se deber\u00e1 exhibir las aplicaciones VacunatePBA, Mi Argentina o Cuidar, todas disponibles en el celular o presentar el carnet de vacunaci\u00f3n en cart\u00f3n o tarjeta.","og_url":"https:\/\/www.noticiasradioreflejos.com.ar\/2021\/pase-sanitario-los-detalles-de-la-implementacion-en-la-provincia-de-buenos-aires\/","og_site_name":"Noticias Radio Reflejos","article_published_time":"2021-12-21T19:20:41+00:00","og_image":[{"url":"https:\/\/www.telam.com.ar\/thumbs\/bluesteel\/advf\/imagenes\/2021\/10\/6166cf23bffa5_900.jpg","type":"","width":"","height":""}],"author":"Arnaldo Botto","twitter_card":"summary_large_image","schema":{"@context":"https:\/\/schema.org","@graph":[{"@type":"WebPage","@id":"https:\/\/www.noticiasradioreflejos.com.ar\/2021\/pase-sanitario-los-detalles-de-la-implementacion-en-la-provincia-de-buenos-aires\/","url":"https:\/\/www.noticiasradioreflejos.com.ar\/2021\/pase-sanitario-los-detalles-de-la-implementacion-en-la-provincia-de-buenos-aires\/","name":"Pase sanitario: los detalles de la implementaci\u00f3n en la Provincia de Buenos Aires - Noticias Radio Reflejos","isPartOf":{"@id":"https:\/\/www.noticiasradioreflejos.com.ar\/2021\/#website"},"primaryImageOfPage":{"@id":"https:\/\/www.noticiasradioreflejos.com.ar\/2021\/pase-sanitario-los-detalles-de-la-implementacion-en-la-provincia-de-buenos-aires\/#primaryimage"},"image":{"@id":"https:\/\/www.noticiasradioreflejos.com.ar\/2021\/pase-sanitario-los-detalles-de-la-implementacion-en-la-provincia-de-buenos-aires\/#primaryimage"},"thumbnailUrl":"https:\/\/www.telam.com.ar\/thumbs\/bluesteel\/advf\/imagenes\/2021\/10\/6166cf23bffa5_900.jpg","datePublished":"2021-12-21T19:20:41+00:00","author":{"@id":"https:\/\/www.noticiasradioreflejos.com.ar\/2021\/#\/schema\/person\/ad82545263dcc5ec0996818884fd5fb1"},"breadcrumb":{"@id":"https:\/\/www.noticiasradioreflejos.com.ar\/2021\/pase-sanitario-los-detalles-de-la-implementacion-en-la-provincia-de-buenos-aires\/#breadcrumb"},"inLanguage":"es","potentialAction":[{"@type":"ReadAction","target":["https:\/\/www.noticiasradioreflejos.com.ar\/2021\/pase-sanitario-los-detalles-de-la-implementacion-en-la-provincia-de-buenos-aires\/"]}]},{"@type":"ImageObject","inLanguage":"es","@id":"https:\/\/www.noticiasradioreflejos.com.ar\/2021\/pase-sanitario-los-detalles-de-la-implementacion-en-la-provincia-de-buenos-aires\/#primaryimage","url":"https:\/\/www.telam.com.ar\/thumbs\/bluesteel\/advf\/imagenes\/2021\/10\/6166cf23bffa5_900.jpg","contentUrl":"https:\/\/www.telam.com.ar\/thumbs\/bluesteel\/advf\/imagenes\/2021\/10\/6166cf23bffa5_900.jpg"},{"@type":"BreadcrumbList","@id":"https:\/\/www.noticiasradioreflejos.com.ar\/2021\/pase-sanitario-los-detalles-de-la-implementacion-en-la-provincia-de-buenos-aires\/#breadcrumb","itemListElement":[{"@type":"ListItem","position":1,"name":"Portada","item":"https:\/\/www.noticiasradioreflejos.com.ar\/2021\/"},{"@type":"ListItem","position":2,"name":"Pase sanitario: los detalles de la implementaci\u00f3n en la Provincia de Buenos Aires"}]},{"@type":"WebSite","@id":"https:\/\/www.noticiasradioreflejos.com.ar\/2021\/#website","url":"https:\/\/www.noticiasradioreflejos.com.ar\/2021\/","name":"Noticias Radio Reflejos","description":"Las noticias de mi comarca","potentialAction":[{"@type":"SearchAction","target":{"@type":"EntryPoint","urlTemplate":"https:\/\/www.noticiasradioreflejos.com.ar\/2021\/?s={search_term_string}"},"query-input":{"@type":"PropertyValueSpecification","valueRequired":true,"valueName":"search_term_string"}}],"inLanguage":"es"},{"@type":"Person","@id":"https:\/\/www.noticiasradioreflejos.com.ar\/2021\/#\/schema\/person\/ad82545263dcc5ec0996818884fd5fb1","name":"Arnaldo Botto","image":{"@type":"ImageObject","inLanguage":"es","@id":"https:\/\/www.noticiasradioreflejos.com.ar\/2021\/#\/schema\/person\/image\/","url":"https:\/\/secure.gravatar.com\/avatar\/55cb5e37c1efa326397366e6974cb338056df65cb50e7d64d1cf314e87504837?s=96&d=mm&r=g","contentUrl":"https:\/\/secure.gravatar.com\/avatar\/55cb5e37c1efa326397366e6974cb338056df65cb50e7d64d1cf314e87504837?s=96&d=mm&r=g","caption":"Arnaldo Botto"},"url":"https:\/\/www.noticiasradioreflejos.com.ar\/2021\/author\/arnaldo\/"}]}},"_links":{"self":[{"href":"https:\/\/www.noticiasradioreflejos.com.ar\/2021\/wp-json\/wp\/v2\/posts\/66255","targetHints":{"allow":["GET"]}}],"collection":[{"href":"https:\/\/www.noticiasradioreflejos.com.ar\/2021\/wp-json\/wp\/v2\/posts"}],"about":[{"href":"https:\/\/www.noticiasradioreflejos.com.ar\/2021\/wp-json\/wp\/v2\/types\/post"}],"author":[{"embeddable":true,"href":"https:\/\/www.noticiasradioreflejos.com.ar\/2021\/wp-json\/wp\/v2\/users\/3"}],"replies":[{"embeddable":true,"href":"https:\/\/www.noticiasradioreflejos.com.ar\/2021\/wp-json\/wp\/v2\/comments?post=66255"}],"version-history":[{"count":1,"href":"https:\/\/www.noticiasradioreflejos.com.ar\/2021\/wp-json\/wp\/v2\/posts\/66255\/revisions"}],"predecessor-version":[{"id":66257,"href":"https:\/\/www.noticiasradioreflejos.com.ar\/2021\/wp-json\/wp\/v2\/posts\/66255\/revisions\/66257"}],"wp:attachment":[{"href":"https:\/\/www.noticiasradioreflejos.com.ar\/2021\/wp-json\/wp\/v2\/media?parent=66255"}],"wp:term":[{"taxonomy":"category","embeddable":true,"href":"https:\/\/www.noticiasradioreflejos.com.ar\/2021\/wp-json\/wp\/v2\/categories?post=66255"},{"taxonomy":"post_tag","embeddable":true,"href":"https:\/\/www.noticiasradioreflejos.com.ar\/2021\/wp-json\/wp\/v2\/tags?post=66255"}],"curies":[{"name":"wp","href":"https:\/\/api.w.org\/{rel}","templated":true}]}}