{"id":66250,"date":"2021-12-21T19:09:42","date_gmt":"2021-12-21T19:09:42","guid":{"rendered":"http:\/\/www.noticiasradioreflejos.com.ar\/2021\/?p=66250"},"modified":"2021-12-21T19:09:42","modified_gmt":"2021-12-21T19:09:42","slug":"el-presidente-anuncio-un-bono-de-20-mil-pesos-para-mas-de-350-mil-trabajadores-estatales","status":"publish","type":"post","link":"https:\/\/www.noticiasradioreflejos.com.ar\/2021\/el-presidente-anuncio-un-bono-de-20-mil-pesos-para-mas-de-350-mil-trabajadores-estatales\/","title":{"rendered":"El Presidente anunci\u00f3 un bono de 20 mil pesos para m\u00e1s de 350 mil trabajadores estatales"},"content":{"rendered":"<div class=\"wrapper-header\">\n<div class=\"container-xl\">\n<div class=\"row\">\n<div class=\"col-12\">\n<div class=\"head-content mb-4\">\n<div class=\"my-3\">\n<div class=\"social mt-3\">Alberto Fern\u00e1ndez present\u00f3 la medida junto al ministro de Trabajo, Claudio Moroni y los secretarios generales de UPCN, Andr\u00e9s Rodr\u00edguez y de ATE, Hugo Godoy. \u201cEs una medida m\u00e1s para recomponer los ingresos de los estatales\u201d, sostuvo el mandatario<\/div>\n<\/div>\n<\/div>\n<\/div>\n<\/div>\n<\/div>\n<\/div>\n<p><!--more--><\/p>\n<div class=\"wrapper-editable-content\">\n<div>\n<div class=\"wrapper-editable-content\">\n<div>\n<div class=\"container-md\">\n<div class=\"row\">\n<div class=\"col-md-12 speak\">\n<div class=\"paragraph\">\n<figure class=\"mb-3\"><img decoding=\"async\" src=\"https:\/\/www.telam.com.ar\/thumbs\/bluesteel\/advf\/imagenes\/2021\/12\/61c1f707c4e3c_900.jpg\" alt=\"Alberto Fernndez present la medida junto al ministro de Trabajo Claudio Moroni y los secretarios generales de UPCN Andrs Rodrguez y de ATE Hugo Godoy\" width=\"100%\" height=\"100%\" \/><\/p>\n<div class=\"media-icons\"><\/div><figcaption>Alberto Fern\u00e1ndez present\u00f3 la medida junto al ministro de Trabajo, Claudio Moroni y los secretarios generales de UPCN, Andr\u00e9s Rodr\u00edguez y de ATE, Hugo Godoy.<\/figcaption><\/figure>\n<p>El presidente Alberto Fern\u00e1ndez anunci\u00f3 este martes desde la residencia de Olivos un bono especial de fin de a\u00f1o para trabajadores y trabajadoras de la Administraci\u00f3n P\u00fablica Nacional (APN) de 20.000 pesos, que incluye a m\u00e1s 350 mil empleados que percibir\u00e1n dicha suma no remunerativa con el salario de diciembre.<\/p>\n<p>\u201cEs una medida m\u00e1s para recomponer los ingresos de los estatales\u201d, sostuvo el mandatario en el marco del acto de anuncio, en el que destac\u00f3:\u00a0<a href=\"https:\/\/www.telam.com.ar\/notas\/202103\/546035-fernandez-queremos-hacer-que-los-salarios-crezcan-y-los-precios-se-estabilicen.html\" target=\"_blank\" rel=\"noopener\">\u00abCumplimos con nuestro compromiso de que en 2021 los salarios le ganen a la inflaci\u00f3n\u201d<\/a>.<\/p>\n<p>Seg\u00fan se inform\u00f3 en un comunicado, el jefe de Estado oficializ\u00f3 el anuncio durante una reuni\u00f3n que mantuvo en Olivos con el Jefe de Gabinete,\u00a0<strong>Juan Manzur,<\/strong>\u00a0el ministro de Trabajo,\u00a0<strong>Claudio Moroni,<\/strong>\u00a0y los secretarios generales de la Uni\u00f3n Personal Civil de la Naci\u00f3n (Upcn),\u00a0<strong>Andr\u00e9s Rodr\u00edguez,<\/strong>\u00a0y de la Asociaci\u00f3n de Trabajadores del Estado (ATE),\u00a0<strong>Hugo Godoy<\/strong>.<\/p>\n<p>De acuerdo a fuentes oficiales, se trata de una suma fija no remunerativa, no bonificable, extraordinaria y por \u00fanica vez que alcanza a un universo de 350.525 de agentes dependientes de las jurisdicciones y organismos del Poder Ejecutivo Nacional y tiene un impacto presupuestario de 8.763 millones de pesos.<\/p>\n<p>Entre los trabajadores y trabajadoras de la APN alcanzados se encuentra\u00a0<strong>el personal civil, de Fuerzas Armadas y de Seguridad de ministerios y organismos descentralizados o desconcentrados, tanto en planta permanente como contratados en designaci\u00f3n transitoria.<\/strong><\/p>\n<p>\u00abLa medida tambi\u00e9n abarca al personal que al mes de noviembre de 2021 realizaba una jornada laboral inferior a la prevista para su cargo. En ese caso, percibir\u00e1 la suma fija no remunerativa no bonificable extraordinaria en forma proporcional a la prestaci\u00f3n de servicios efectivamente realizada\u00bb, se inform\u00f3.<\/p>\n<p>En tanto, q<strong>uedan excluidos del pago las autoridades superiores y equivalentes, al igual que las trabajadoras y trabajadores de las empresas p\u00fablicas o de mayor\u00eda accionaria estatal, de la banca p\u00fablica nacional y de las universidades nacionales.<\/strong><\/p>\n<p>\u00abLa definici\u00f3n busca dar respuesta a la ca\u00edda sostenida que se registr\u00f3 en los ingresos de los trabajadores del sector entre 2018 y 2019, que rond\u00f3 el 38%, un porcentaje mayor al del \u00e1mbito privado formal en el mismo per\u00edodo\u00bb, se remarc\u00f3 desde el Gobierno nacional.<\/p>\n<p><strong>\u00abEn 2021 se aceler\u00f3 el sendero de la recuperaci\u00f3n salarial a partir del segundo semestre<\/strong>\u00a0hasta quedar 8 puntos por sobre la inflaci\u00f3n estimada para el a\u00f1o, como resultado de los incrementos salariales de 18 por ciento entre enero y mayo (como cierre de la paritaria 2020-2021) y de 40 por ciento entre junio y diciembre (como inicio de la paritaria 2021-2022)\u00bb, concluye la informaci\u00f3n brindada desde la Presidencia.<\/p>\n<p>Minutos antes del anuncio, el titular de Upcn dijo a T\u00e9lam Radio que el bono de fin de a\u00f1o para estatales otorgado por el Poder Ejecutivo hubiese podido llegar \u201ca la cifra de 25 mil pesos\u201d, en caso de que el principal bloque opositor no hubiera tenido la \u201cactitud bastante antidemocr\u00e1tica\u201d de rechazar el proyecto de Presupuesto 2022 en el Congreso.<\/p>\n<p><strong>\u201cHab\u00edamos solicitado 25 mil pesos<\/strong>, pero finalmente se transform\u00f3 en una cifra de 20 mil, lo cual de cualquier manera es una cifra importante que alivia a fin de a\u00f1o la realidad de la familia estatal\u201d, se\u00f1al\u00f3 Rodr\u00edguez.<\/p>\n<p>En esa misma l\u00ednea, el secretario general de la Uni\u00f3n del Personal Civil de la Naci\u00f3n (UPCN) e integrante de la conducci\u00f3n de la CGT estim\u00f3 que el bono \u201ces positivo\u201d, pero agreg\u00f3 que \u201clamentablemente esos 5 mil pesos de diferencia se producen por la inconsistencia de la oposici\u00f3n al no haber aprobado el presupuesto nacional porque estaba previsto que dentro de la nueva posibilidad del presupuesto se pod\u00eda llegar a la cifra de 25 mil\u201d<\/p>\n<p>Por su parte, el secretario general de la Asociaci\u00f3n de Trabajadores del Estado (ATE),\u00a0<strong>Hugo \u201cCachorro\u201d Godoy<\/strong>, celebr\u00f3 la concesi\u00f3n de un bono de fin de a\u00f1o para trabajadores estatales nacionales y dijo que, durante 2021, este sector le gan\u00f3 a la inflaci\u00f3n.<\/p>\n<p>\u201cEstamos satisfechos, trabajamos para que esto se concretara y el Presidente entendi\u00f3 la necesidad de reconocer el esfuerzo de los trabajadores estatales\u201d, dijo Godoy al hablar esta ma\u00f1ana en El Destape Radio.<\/p>\n<p>Godoy agreg\u00f3 que, con el pago de este bono, se logra \u201cel objetivo de que los trabajadores del Estado nacional queden por encima de la inflaci\u00f3n en el transcurso de este a\u00f1o\u201d.<\/p>\n<p>Por otro lado, se conoci\u00f3 este lunes que\u00a0<strong>el Gobierno bonaerense, encabezado por Axel Kicillof, otorgar\u00e1 un bono de 8.000 pesos a los jubilados que perciben el haber m\u00ednimo,<\/strong>\u00a0<strong>a quienes reciben pensiones sociales no contributivas y a destinatarios de programas sociales<\/strong>, se inform\u00f3 oficialmente.<\/p>\n<p>A su vez, asistir\u00e1 con un refuerzo de 3.000 pesos por ni\u00f1o o adolescente a instituciones sociales que trabajan con el Ministerio de Desarrollo de la Comunidad y el Organismo Provincial de la Ni\u00f1ez y Adolescencia.<\/p>\n<p><strong>La medida beneficiar\u00e1 a un universo de 176.144 personas,<\/strong>\u00a0entre los que se encuentran ni\u00f1os, ni\u00f1as y j\u00f3venes, personas mayores, madres solas y personas con discapacidad; y tambi\u00e9n alcanza a m\u00e1s de 4.000 instituciones y centros que llevan adelante un rol social.<\/p>\n<p>Desde el Gobierno bonaerense se aclar\u00f3 que los titulares de ese derecho \u00abno deber\u00e1n hacer ning\u00fan tr\u00e1mite adicional para acceder al beneficio ya que se depositar\u00e1 en la misma cuenta donde reciben su prestaci\u00f3n\u00bb.<\/p><\/div>\n<\/div>\n<\/div>\n<\/div>\n<\/div>\n<\/div>\n<\/div>\n<\/div>\n","protected":false},"excerpt":{"rendered":"<p>Alberto Fern\u00e1ndez present\u00f3 la medida junto al ministro de Trabajo, Claudio Moroni y los secretarios generales de UPCN, Andr\u00e9s Rodr\u00edguez y de ATE, Hugo Godoy. \u201cEs una medida m\u00e1s para recomponer los ingresos de los estatales\u201d, sostuvo el mandatario<\/p>\n","protected":false},"author":3,"featured_media":0,"comment_status":"closed","ping_status":"closed","sticky":false,"template":"","format":"standard","meta":{"footnotes":""},"categories":[36,24],"tags":[],"class_list":["post-66250","post","type-post","status-publish","format-standard","hentry","category-economia","category-politica"],"yoast_head":"<!-- This site is optimized with the Yoast SEO plugin v25.9 - https:\/\/yoast.com\/wordpress\/plugins\/seo\/ -->\n<title>El Presidente anunci\u00f3 un bono de 20 mil pesos para m\u00e1s de 350 mil trabajadores estatales - Noticias Radio Reflejos<\/title>\n<meta name=\"robots\" content=\"index, follow, max-snippet:-1, max-image-preview:large, max-video-preview:-1\" \/>\n<link rel=\"canonical\" href=\"https:\/\/www.noticiasradioreflejos.com.ar\/2021\/el-presidente-anuncio-un-bono-de-20-mil-pesos-para-mas-de-350-mil-trabajadores-estatales\/\" \/>\n<meta property=\"og:locale\" content=\"es_ES\" \/>\n<meta property=\"og:type\" content=\"article\" \/>\n<meta property=\"og:title\" content=\"El Presidente anunci\u00f3 un bono de 20 mil pesos para m\u00e1s de 350 mil trabajadores estatales - Noticias Radio Reflejos\" \/>\n<meta property=\"og:description\" content=\"Alberto Fern\u00e1ndez present\u00f3 la medida junto al ministro de Trabajo, Claudio Moroni y los secretarios generales de UPCN, Andr\u00e9s Rodr\u00edguez y de ATE, Hugo Godoy. \u201cEs una medida m\u00e1s para recomponer los ingresos de los estatales\u201d, sostuvo el mandatario\" \/>\n<meta property=\"og:url\" content=\"https:\/\/www.noticiasradioreflejos.com.ar\/2021\/el-presidente-anuncio-un-bono-de-20-mil-pesos-para-mas-de-350-mil-trabajadores-estatales\/\" \/>\n<meta property=\"og:site_name\" content=\"Noticias Radio Reflejos\" \/>\n<meta property=\"article:published_time\" content=\"2021-12-21T19:09:42+00:00\" \/>\n<meta property=\"og:image\" content=\"https:\/\/www.telam.com.ar\/thumbs\/bluesteel\/advf\/imagenes\/2021\/12\/61c1f707c4e3c_900.jpg\" \/>\n<meta name=\"author\" content=\"Arnaldo Botto\" \/>\n<meta name=\"twitter:card\" content=\"summary_large_image\" \/>\n<script type=\"application\/ld+json\" class=\"yoast-schema-graph\">{\"@context\":\"https:\/\/schema.org\",\"@graph\":[{\"@type\":\"WebPage\",\"@id\":\"https:\/\/www.noticiasradioreflejos.com.ar\/2021\/el-presidente-anuncio-un-bono-de-20-mil-pesos-para-mas-de-350-mil-trabajadores-estatales\/\",\"url\":\"https:\/\/www.noticiasradioreflejos.com.ar\/2021\/el-presidente-anuncio-un-bono-de-20-mil-pesos-para-mas-de-350-mil-trabajadores-estatales\/\",\"name\":\"El Presidente anunci\u00f3 un bono de 20 mil pesos para m\u00e1s de 350 mil trabajadores estatales - Noticias Radio Reflejos\",\"isPartOf\":{\"@id\":\"https:\/\/www.noticiasradioreflejos.com.ar\/2021\/#website\"},\"primaryImageOfPage\":{\"@id\":\"https:\/\/www.noticiasradioreflejos.com.ar\/2021\/el-presidente-anuncio-un-bono-de-20-mil-pesos-para-mas-de-350-mil-trabajadores-estatales\/#primaryimage\"},\"image\":{\"@id\":\"https:\/\/www.noticiasradioreflejos.com.ar\/2021\/el-presidente-anuncio-un-bono-de-20-mil-pesos-para-mas-de-350-mil-trabajadores-estatales\/#primaryimage\"},\"thumbnailUrl\":\"https:\/\/www.telam.com.ar\/thumbs\/bluesteel\/advf\/imagenes\/2021\/12\/61c1f707c4e3c_900.jpg\",\"datePublished\":\"2021-12-21T19:09:42+00:00\",\"author\":{\"@id\":\"https:\/\/www.noticiasradioreflejos.com.ar\/2021\/#\/schema\/person\/ad82545263dcc5ec0996818884fd5fb1\"},\"breadcrumb\":{\"@id\":\"https:\/\/www.noticiasradioreflejos.com.ar\/2021\/el-presidente-anuncio-un-bono-de-20-mil-pesos-para-mas-de-350-mil-trabajadores-estatales\/#breadcrumb\"},\"inLanguage\":\"es\",\"potentialAction\":[{\"@type\":\"ReadAction\",\"target\":[\"https:\/\/www.noticiasradioreflejos.com.ar\/2021\/el-presidente-anuncio-un-bono-de-20-mil-pesos-para-mas-de-350-mil-trabajadores-estatales\/\"]}]},{\"@type\":\"ImageObject\",\"inLanguage\":\"es\",\"@id\":\"https:\/\/www.noticiasradioreflejos.com.ar\/2021\/el-presidente-anuncio-un-bono-de-20-mil-pesos-para-mas-de-350-mil-trabajadores-estatales\/#primaryimage\",\"url\":\"https:\/\/www.telam.com.ar\/thumbs\/bluesteel\/advf\/imagenes\/2021\/12\/61c1f707c4e3c_900.jpg\",\"contentUrl\":\"https:\/\/www.telam.com.ar\/thumbs\/bluesteel\/advf\/imagenes\/2021\/12\/61c1f707c4e3c_900.jpg\"},{\"@type\":\"BreadcrumbList\",\"@id\":\"https:\/\/www.noticiasradioreflejos.com.ar\/2021\/el-presidente-anuncio-un-bono-de-20-mil-pesos-para-mas-de-350-mil-trabajadores-estatales\/#breadcrumb\",\"itemListElement\":[{\"@type\":\"ListItem\",\"position\":1,\"name\":\"Portada\",\"item\":\"https:\/\/www.noticiasradioreflejos.com.ar\/2021\/\"},{\"@type\":\"ListItem\",\"position\":2,\"name\":\"El Presidente anunci\u00f3 un bono de 20 mil pesos para m\u00e1s de 350 mil trabajadores estatales\"}]},{\"@type\":\"WebSite\",\"@id\":\"https:\/\/www.noticiasradioreflejos.com.ar\/2021\/#website\",\"url\":\"https:\/\/www.noticiasradioreflejos.com.ar\/2021\/\",\"name\":\"Noticias Radio Reflejos\",\"description\":\"Las noticias de mi comarca\",\"potentialAction\":[{\"@type\":\"SearchAction\",\"target\":{\"@type\":\"EntryPoint\",\"urlTemplate\":\"https:\/\/www.noticiasradioreflejos.com.ar\/2021\/?s={search_term_string}\"},\"query-input\":{\"@type\":\"PropertyValueSpecification\",\"valueRequired\":true,\"valueName\":\"search_term_string\"}}],\"inLanguage\":\"es\"},{\"@type\":\"Person\",\"@id\":\"https:\/\/www.noticiasradioreflejos.com.ar\/2021\/#\/schema\/person\/ad82545263dcc5ec0996818884fd5fb1\",\"name\":\"Arnaldo Botto\",\"image\":{\"@type\":\"ImageObject\",\"inLanguage\":\"es\",\"@id\":\"https:\/\/www.noticiasradioreflejos.com.ar\/2021\/#\/schema\/person\/image\/\",\"url\":\"https:\/\/secure.gravatar.com\/avatar\/55cb5e37c1efa326397366e6974cb338056df65cb50e7d64d1cf314e87504837?s=96&d=mm&r=g\",\"contentUrl\":\"https:\/\/secure.gravatar.com\/avatar\/55cb5e37c1efa326397366e6974cb338056df65cb50e7d64d1cf314e87504837?s=96&d=mm&r=g\",\"caption\":\"Arnaldo Botto\"},\"url\":\"https:\/\/www.noticiasradioreflejos.com.ar\/2021\/author\/arnaldo\/\"}]}<\/script>\n<!-- \/ Yoast SEO plugin. -->","yoast_head_json":{"title":"El Presidente anunci\u00f3 un bono de 20 mil pesos para m\u00e1s de 350 mil trabajadores estatales - Noticias Radio Reflejos","robots":{"index":"index","follow":"follow","max-snippet":"max-snippet:-1","max-image-preview":"max-image-preview:large","max-video-preview":"max-video-preview:-1"},"canonical":"https:\/\/www.noticiasradioreflejos.com.ar\/2021\/el-presidente-anuncio-un-bono-de-20-mil-pesos-para-mas-de-350-mil-trabajadores-estatales\/","og_locale":"es_ES","og_type":"article","og_title":"El Presidente anunci\u00f3 un bono de 20 mil pesos para m\u00e1s de 350 mil trabajadores estatales - Noticias Radio Reflejos","og_description":"Alberto Fern\u00e1ndez present\u00f3 la medida junto al ministro de Trabajo, Claudio Moroni y los secretarios generales de UPCN, Andr\u00e9s Rodr\u00edguez y de ATE, Hugo Godoy. \u201cEs una medida m\u00e1s para recomponer los ingresos de los estatales\u201d, sostuvo el mandatario","og_url":"https:\/\/www.noticiasradioreflejos.com.ar\/2021\/el-presidente-anuncio-un-bono-de-20-mil-pesos-para-mas-de-350-mil-trabajadores-estatales\/","og_site_name":"Noticias Radio Reflejos","article_published_time":"2021-12-21T19:09:42+00:00","og_image":[{"url":"https:\/\/www.telam.com.ar\/thumbs\/bluesteel\/advf\/imagenes\/2021\/12\/61c1f707c4e3c_900.jpg","type":"","width":"","height":""}],"author":"Arnaldo Botto","twitter_card":"summary_large_image","schema":{"@context":"https:\/\/schema.org","@graph":[{"@type":"WebPage","@id":"https:\/\/www.noticiasradioreflejos.com.ar\/2021\/el-presidente-anuncio-un-bono-de-20-mil-pesos-para-mas-de-350-mil-trabajadores-estatales\/","url":"https:\/\/www.noticiasradioreflejos.com.ar\/2021\/el-presidente-anuncio-un-bono-de-20-mil-pesos-para-mas-de-350-mil-trabajadores-estatales\/","name":"El Presidente anunci\u00f3 un bono de 20 mil pesos para m\u00e1s de 350 mil trabajadores estatales - Noticias Radio Reflejos","isPartOf":{"@id":"https:\/\/www.noticiasradioreflejos.com.ar\/2021\/#website"},"primaryImageOfPage":{"@id":"https:\/\/www.noticiasradioreflejos.com.ar\/2021\/el-presidente-anuncio-un-bono-de-20-mil-pesos-para-mas-de-350-mil-trabajadores-estatales\/#primaryimage"},"image":{"@id":"https:\/\/www.noticiasradioreflejos.com.ar\/2021\/el-presidente-anuncio-un-bono-de-20-mil-pesos-para-mas-de-350-mil-trabajadores-estatales\/#primaryimage"},"thumbnailUrl":"https:\/\/www.telam.com.ar\/thumbs\/bluesteel\/advf\/imagenes\/2021\/12\/61c1f707c4e3c_900.jpg","datePublished":"2021-12-21T19:09:42+00:00","author":{"@id":"https:\/\/www.noticiasradioreflejos.com.ar\/2021\/#\/schema\/person\/ad82545263dcc5ec0996818884fd5fb1"},"breadcrumb":{"@id":"https:\/\/www.noticiasradioreflejos.com.ar\/2021\/el-presidente-anuncio-un-bono-de-20-mil-pesos-para-mas-de-350-mil-trabajadores-estatales\/#breadcrumb"},"inLanguage":"es","potentialAction":[{"@type":"ReadAction","target":["https:\/\/www.noticiasradioreflejos.com.ar\/2021\/el-presidente-anuncio-un-bono-de-20-mil-pesos-para-mas-de-350-mil-trabajadores-estatales\/"]}]},{"@type":"ImageObject","inLanguage":"es","@id":"https:\/\/www.noticiasradioreflejos.com.ar\/2021\/el-presidente-anuncio-un-bono-de-20-mil-pesos-para-mas-de-350-mil-trabajadores-estatales\/#primaryimage","url":"https:\/\/www.telam.com.ar\/thumbs\/bluesteel\/advf\/imagenes\/2021\/12\/61c1f707c4e3c_900.jpg","contentUrl":"https:\/\/www.telam.com.ar\/thumbs\/bluesteel\/advf\/imagenes\/2021\/12\/61c1f707c4e3c_900.jpg"},{"@type":"BreadcrumbList","@id":"https:\/\/www.noticiasradioreflejos.com.ar\/2021\/el-presidente-anuncio-un-bono-de-20-mil-pesos-para-mas-de-350-mil-trabajadores-estatales\/#breadcrumb","itemListElement":[{"@type":"ListItem","position":1,"name":"Portada","item":"https:\/\/www.noticiasradioreflejos.com.ar\/2021\/"},{"@type":"ListItem","position":2,"name":"El Presidente anunci\u00f3 un bono de 20 mil pesos para m\u00e1s de 350 mil trabajadores estatales"}]},{"@type":"WebSite","@id":"https:\/\/www.noticiasradioreflejos.com.ar\/2021\/#website","url":"https:\/\/www.noticiasradioreflejos.com.ar\/2021\/","name":"Noticias Radio Reflejos","description":"Las noticias de mi comarca","potentialAction":[{"@type":"SearchAction","target":{"@type":"EntryPoint","urlTemplate":"https:\/\/www.noticiasradioreflejos.com.ar\/2021\/?s={search_term_string}"},"query-input":{"@type":"PropertyValueSpecification","valueRequired":true,"valueName":"search_term_string"}}],"inLanguage":"es"},{"@type":"Person","@id":"https:\/\/www.noticiasradioreflejos.com.ar\/2021\/#\/schema\/person\/ad82545263dcc5ec0996818884fd5fb1","name":"Arnaldo Botto","image":{"@type":"ImageObject","inLanguage":"es","@id":"https:\/\/www.noticiasradioreflejos.com.ar\/2021\/#\/schema\/person\/image\/","url":"https:\/\/secure.gravatar.com\/avatar\/55cb5e37c1efa326397366e6974cb338056df65cb50e7d64d1cf314e87504837?s=96&d=mm&r=g","contentUrl":"https:\/\/secure.gravatar.com\/avatar\/55cb5e37c1efa326397366e6974cb338056df65cb50e7d64d1cf314e87504837?s=96&d=mm&r=g","caption":"Arnaldo Botto"},"url":"https:\/\/www.noticiasradioreflejos.com.ar\/2021\/author\/arnaldo\/"}]}},"_links":{"self":[{"href":"https:\/\/www.noticiasradioreflejos.com.ar\/2021\/wp-json\/wp\/v2\/posts\/66250","targetHints":{"allow":["GET"]}}],"collection":[{"href":"https:\/\/www.noticiasradioreflejos.com.ar\/2021\/wp-json\/wp\/v2\/posts"}],"about":[{"href":"https:\/\/www.noticiasradioreflejos.com.ar\/2021\/wp-json\/wp\/v2\/types\/post"}],"author":[{"embeddable":true,"href":"https:\/\/www.noticiasradioreflejos.com.ar\/2021\/wp-json\/wp\/v2\/users\/3"}],"replies":[{"embeddable":true,"href":"https:\/\/www.noticiasradioreflejos.com.ar\/2021\/wp-json\/wp\/v2\/comments?post=66250"}],"version-history":[{"count":1,"href":"https:\/\/www.noticiasradioreflejos.com.ar\/2021\/wp-json\/wp\/v2\/posts\/66250\/revisions"}],"predecessor-version":[{"id":66251,"href":"https:\/\/www.noticiasradioreflejos.com.ar\/2021\/wp-json\/wp\/v2\/posts\/66250\/revisions\/66251"}],"wp:attachment":[{"href":"https:\/\/www.noticiasradioreflejos.com.ar\/2021\/wp-json\/wp\/v2\/media?parent=66250"}],"wp:term":[{"taxonomy":"category","embeddable":true,"href":"https:\/\/www.noticiasradioreflejos.com.ar\/2021\/wp-json\/wp\/v2\/categories?post=66250"},{"taxonomy":"post_tag","embeddable":true,"href":"https:\/\/www.noticiasradioreflejos.com.ar\/2021\/wp-json\/wp\/v2\/tags?post=66250"}],"curies":[{"name":"wp","href":"https:\/\/api.w.org\/{rel}","templated":true}]}}