{"id":66165,"date":"2021-12-20T10:59:26","date_gmt":"2021-12-20T10:59:26","guid":{"rendered":"http:\/\/www.noticiasradioreflejos.com.ar\/2021\/?p=66165"},"modified":"2021-12-20T10:59:26","modified_gmt":"2021-12-20T10:59:26","slug":"mas-de-150-organizaciones-denuncian-la-represion-en-chubut","status":"publish","type":"post","link":"https:\/\/www.noticiasradioreflejos.com.ar\/2021\/mas-de-150-organizaciones-denuncian-la-represion-en-chubut\/","title":{"rendered":"M\u00e1s de 150 organizaciones denuncian la represi\u00f3n en Chubut"},"content":{"rendered":"<p>M\u00e1s de 150 organizaciones ambientales, de derechos humanos y sociales difundieron un pronunciamiento demandando el cese inmediato de la represi\u00f3n en Chubut. En vistas de alcanzar cuanto antes la paz social reclaman la derogaci\u00f3n de la Ley de Zonificaci\u00f3n Minera que habilita la megaminer\u00eda en la provincia. La semana pasada fue aprobada la Ley XVII N\u00ba 149, promulgada a trav\u00e9s del Decreto 1285\/21, que habilita dicha actividad en la meseta central chubutense. Esta medida ha generado protestas masivas que se mantienen al d\u00eda de hoy a lo largo de toda la provincia.<\/p>\n<p>La protesta social, en la cu\u00e1l participaron muchos\/as ni\u00f1os\/as con sus familias, ha sido brutalmente reprimida por la polic\u00eda provincial. La carta, firmada junto a referentes de distintas disciplinas, denuncia graves violaciones a los derechos humanos: detenciones arbitrarias, golpes, uso injustificado de balas de goma, lanzamientos de gases e ingreso a comercios y lugares para detenciones sin orden judicial.<\/p>\n<p  style=\" margin: 12px auto 6px auto; font-family: Helvetica,Arial,Sans-serif; font-style: normal; font-variant: normal; font-weight: normal; font-size: 14px; line-height: normal; font-size-adjust: none; font-stretch: normal; -x-system-font: none; display: block;\">   <a title=\"View Rechazo Ante El Avance de La Megaminer\u00eda Sobre La Institucionalidad Democr\u00e1tica on Scribd\" href=\"https:\/\/www.scribd.com\/document\/548327061\/Rechazo-Ante-El-Avance-de-La-Megamineria-Sobre-La-Institucionalidad-Democratica#from_embed\"  style=\"text-decoration: underline;\" >Rechazo Ante El Avance de La Megaminer\u00eda Sobre La Institucionalidad Democr\u00e1tica<\/a> by <a title=\"View FM Reflejos Sierra de la Ventana's profile on Scribd\" href=\"https:\/\/es.scribd.com\/user\/128459674\/FM-Reflejos-Sierra-de-la-Ventana#from_embed\"  style=\"text-decoration: underline;\" >FM Reflejos Sierra de la Ventana<\/a> on Scribd<\/p>\n<p><iframe loading=\"lazy\" class=\"scribd_iframe_embed\" title=\"Rechazo Ante El Avance de La Megaminer\u00eda Sobre La Institucionalidad Democr\u00e1tica\" src=\"https:\/\/es.scribd.com\/embeds\/548327061\/content?start_page=1&#038;view_mode=scroll&#038;access_key=key-6imxuiW3tCmQymzhXn6P\" data-auto-height=\"false\" data-aspect-ratio=\"0.7080062794348508\" scrolling=\"no\" id=\"doc_11460\" width=\"100%\" height=\"600\" frameborder=\"0\"><\/iframe><\/p>\n","protected":false},"excerpt":{"rendered":"<p>M\u00e1s de 150 organizaciones ambientales, de derechos humanos y sociales difundieron un pronunciamiento demandando el cese inmediato de la represi\u00f3n en Chubut. En vistas de alcanzar cuanto antes la paz social reclaman la derogaci\u00f3n de la Ley de Zonificaci\u00f3n Minera que habilita la megaminer\u00eda en la provincia. La semana pasada fue aprobada la Ley XVII [&hellip;]<\/p>\n","protected":false},"author":3,"featured_media":0,"comment_status":"closed","ping_status":"closed","sticky":false,"template":"","format":"standard","meta":{"footnotes":""},"categories":[24,26],"tags":[],"class_list":["post-66165","post","type-post","status-publish","format-standard","hentry","category-politica","category-sociedad"],"yoast_head":"<!-- This site is optimized with the Yoast SEO plugin v25.9 - https:\/\/yoast.com\/wordpress\/plugins\/seo\/ -->\n<title>M\u00e1s de 150 organizaciones denuncian la represi\u00f3n en Chubut - Noticias Radio Reflejos<\/title>\n<meta name=\"robots\" content=\"index, follow, max-snippet:-1, max-image-preview:large, max-video-preview:-1\" \/>\n<link rel=\"canonical\" href=\"https:\/\/www.noticiasradioreflejos.com.ar\/2021\/mas-de-150-organizaciones-denuncian-la-represion-en-chubut\/\" \/>\n<meta property=\"og:locale\" content=\"es_ES\" \/>\n<meta property=\"og:type\" content=\"article\" \/>\n<meta property=\"og:title\" content=\"M\u00e1s de 150 organizaciones denuncian la represi\u00f3n en Chubut - Noticias Radio Reflejos\" \/>\n<meta property=\"og:description\" content=\"M\u00e1s de 150 organizaciones ambientales, de derechos humanos y sociales difundieron un pronunciamiento demandando el cese inmediato de la represi\u00f3n en Chubut. En vistas de alcanzar cuanto antes la paz social reclaman la derogaci\u00f3n de la Ley de Zonificaci\u00f3n Minera que habilita la megaminer\u00eda en la provincia. La semana pasada fue aprobada la Ley XVII [&hellip;]\" \/>\n<meta property=\"og:url\" content=\"https:\/\/www.noticiasradioreflejos.com.ar\/2021\/mas-de-150-organizaciones-denuncian-la-represion-en-chubut\/\" \/>\n<meta property=\"og:site_name\" content=\"Noticias Radio Reflejos\" \/>\n<meta property=\"article:published_time\" content=\"2021-12-20T10:59:26+00:00\" \/>\n<meta property=\"og:image\" content=\"https:\/\/www.noticiasradioreflejos.com.ar\/2021\/wp-content\/uploads\/2021\/07\/logosol300x200.png\" \/>\n\t<meta property=\"og:image:width\" content=\"300\" \/>\n\t<meta property=\"og:image:height\" content=\"200\" \/>\n\t<meta property=\"og:image:type\" content=\"image\/png\" \/>\n<meta name=\"author\" content=\"Arnaldo Botto\" \/>\n<meta name=\"twitter:card\" content=\"summary_large_image\" \/>\n<script type=\"application\/ld+json\" class=\"yoast-schema-graph\">{\"@context\":\"https:\/\/schema.org\",\"@graph\":[{\"@type\":\"WebPage\",\"@id\":\"https:\/\/www.noticiasradioreflejos.com.ar\/2021\/mas-de-150-organizaciones-denuncian-la-represion-en-chubut\/\",\"url\":\"https:\/\/www.noticiasradioreflejos.com.ar\/2021\/mas-de-150-organizaciones-denuncian-la-represion-en-chubut\/\",\"name\":\"M\u00e1s de 150 organizaciones denuncian la represi\u00f3n en Chubut - Noticias Radio Reflejos\",\"isPartOf\":{\"@id\":\"https:\/\/www.noticiasradioreflejos.com.ar\/2021\/#website\"},\"datePublished\":\"2021-12-20T10:59:26+00:00\",\"author\":{\"@id\":\"https:\/\/www.noticiasradioreflejos.com.ar\/2021\/#\/schema\/person\/ad82545263dcc5ec0996818884fd5fb1\"},\"breadcrumb\":{\"@id\":\"https:\/\/www.noticiasradioreflejos.com.ar\/2021\/mas-de-150-organizaciones-denuncian-la-represion-en-chubut\/#breadcrumb\"},\"inLanguage\":\"es\",\"potentialAction\":[{\"@type\":\"ReadAction\",\"target\":[\"https:\/\/www.noticiasradioreflejos.com.ar\/2021\/mas-de-150-organizaciones-denuncian-la-represion-en-chubut\/\"]}]},{\"@type\":\"BreadcrumbList\",\"@id\":\"https:\/\/www.noticiasradioreflejos.com.ar\/2021\/mas-de-150-organizaciones-denuncian-la-represion-en-chubut\/#breadcrumb\",\"itemListElement\":[{\"@type\":\"ListItem\",\"position\":1,\"name\":\"Portada\",\"item\":\"https:\/\/www.noticiasradioreflejos.com.ar\/2021\/\"},{\"@type\":\"ListItem\",\"position\":2,\"name\":\"M\u00e1s de 150 organizaciones denuncian la represi\u00f3n en Chubut\"}]},{\"@type\":\"WebSite\",\"@id\":\"https:\/\/www.noticiasradioreflejos.com.ar\/2021\/#website\",\"url\":\"https:\/\/www.noticiasradioreflejos.com.ar\/2021\/\",\"name\":\"Noticias Radio Reflejos\",\"description\":\"Las noticias de mi comarca\",\"potentialAction\":[{\"@type\":\"SearchAction\",\"target\":{\"@type\":\"EntryPoint\",\"urlTemplate\":\"https:\/\/www.noticiasradioreflejos.com.ar\/2021\/?s={search_term_string}\"},\"query-input\":{\"@type\":\"PropertyValueSpecification\",\"valueRequired\":true,\"valueName\":\"search_term_string\"}}],\"inLanguage\":\"es\"},{\"@type\":\"Person\",\"@id\":\"https:\/\/www.noticiasradioreflejos.com.ar\/2021\/#\/schema\/person\/ad82545263dcc5ec0996818884fd5fb1\",\"name\":\"Arnaldo Botto\",\"image\":{\"@type\":\"ImageObject\",\"inLanguage\":\"es\",\"@id\":\"https:\/\/www.noticiasradioreflejos.com.ar\/2021\/#\/schema\/person\/image\/\",\"url\":\"https:\/\/secure.gravatar.com\/avatar\/55cb5e37c1efa326397366e6974cb338056df65cb50e7d64d1cf314e87504837?s=96&d=mm&r=g\",\"contentUrl\":\"https:\/\/secure.gravatar.com\/avatar\/55cb5e37c1efa326397366e6974cb338056df65cb50e7d64d1cf314e87504837?s=96&d=mm&r=g\",\"caption\":\"Arnaldo Botto\"},\"url\":\"https:\/\/www.noticiasradioreflejos.com.ar\/2021\/author\/arnaldo\/\"}]}<\/script>\n<!-- \/ Yoast SEO plugin. -->","yoast_head_json":{"title":"M\u00e1s de 150 organizaciones denuncian la represi\u00f3n en Chubut - Noticias Radio Reflejos","robots":{"index":"index","follow":"follow","max-snippet":"max-snippet:-1","max-image-preview":"max-image-preview:large","max-video-preview":"max-video-preview:-1"},"canonical":"https:\/\/www.noticiasradioreflejos.com.ar\/2021\/mas-de-150-organizaciones-denuncian-la-represion-en-chubut\/","og_locale":"es_ES","og_type":"article","og_title":"M\u00e1s de 150 organizaciones denuncian la represi\u00f3n en Chubut - Noticias Radio Reflejos","og_description":"M\u00e1s de 150 organizaciones ambientales, de derechos humanos y sociales difundieron un pronunciamiento demandando el cese inmediato de la represi\u00f3n en Chubut. En vistas de alcanzar cuanto antes la paz social reclaman la derogaci\u00f3n de la Ley de Zonificaci\u00f3n Minera que habilita la megaminer\u00eda en la provincia. La semana pasada fue aprobada la Ley XVII [&hellip;]","og_url":"https:\/\/www.noticiasradioreflejos.com.ar\/2021\/mas-de-150-organizaciones-denuncian-la-represion-en-chubut\/","og_site_name":"Noticias Radio Reflejos","article_published_time":"2021-12-20T10:59:26+00:00","og_image":[{"width":300,"height":200,"url":"https:\/\/www.noticiasradioreflejos.com.ar\/2021\/wp-content\/uploads\/2021\/07\/logosol300x200.png","type":"image\/png"}],"author":"Arnaldo Botto","twitter_card":"summary_large_image","schema":{"@context":"https:\/\/schema.org","@graph":[{"@type":"WebPage","@id":"https:\/\/www.noticiasradioreflejos.com.ar\/2021\/mas-de-150-organizaciones-denuncian-la-represion-en-chubut\/","url":"https:\/\/www.noticiasradioreflejos.com.ar\/2021\/mas-de-150-organizaciones-denuncian-la-represion-en-chubut\/","name":"M\u00e1s de 150 organizaciones denuncian la represi\u00f3n en Chubut - Noticias Radio Reflejos","isPartOf":{"@id":"https:\/\/www.noticiasradioreflejos.com.ar\/2021\/#website"},"datePublished":"2021-12-20T10:59:26+00:00","author":{"@id":"https:\/\/www.noticiasradioreflejos.com.ar\/2021\/#\/schema\/person\/ad82545263dcc5ec0996818884fd5fb1"},"breadcrumb":{"@id":"https:\/\/www.noticiasradioreflejos.com.ar\/2021\/mas-de-150-organizaciones-denuncian-la-represion-en-chubut\/#breadcrumb"},"inLanguage":"es","potentialAction":[{"@type":"ReadAction","target":["https:\/\/www.noticiasradioreflejos.com.ar\/2021\/mas-de-150-organizaciones-denuncian-la-represion-en-chubut\/"]}]},{"@type":"BreadcrumbList","@id":"https:\/\/www.noticiasradioreflejos.com.ar\/2021\/mas-de-150-organizaciones-denuncian-la-represion-en-chubut\/#breadcrumb","itemListElement":[{"@type":"ListItem","position":1,"name":"Portada","item":"https:\/\/www.noticiasradioreflejos.com.ar\/2021\/"},{"@type":"ListItem","position":2,"name":"M\u00e1s de 150 organizaciones denuncian la represi\u00f3n en Chubut"}]},{"@type":"WebSite","@id":"https:\/\/www.noticiasradioreflejos.com.ar\/2021\/#website","url":"https:\/\/www.noticiasradioreflejos.com.ar\/2021\/","name":"Noticias Radio Reflejos","description":"Las noticias de mi comarca","potentialAction":[{"@type":"SearchAction","target":{"@type":"EntryPoint","urlTemplate":"https:\/\/www.noticiasradioreflejos.com.ar\/2021\/?s={search_term_string}"},"query-input":{"@type":"PropertyValueSpecification","valueRequired":true,"valueName":"search_term_string"}}],"inLanguage":"es"},{"@type":"Person","@id":"https:\/\/www.noticiasradioreflejos.com.ar\/2021\/#\/schema\/person\/ad82545263dcc5ec0996818884fd5fb1","name":"Arnaldo Botto","image":{"@type":"ImageObject","inLanguage":"es","@id":"https:\/\/www.noticiasradioreflejos.com.ar\/2021\/#\/schema\/person\/image\/","url":"https:\/\/secure.gravatar.com\/avatar\/55cb5e37c1efa326397366e6974cb338056df65cb50e7d64d1cf314e87504837?s=96&d=mm&r=g","contentUrl":"https:\/\/secure.gravatar.com\/avatar\/55cb5e37c1efa326397366e6974cb338056df65cb50e7d64d1cf314e87504837?s=96&d=mm&r=g","caption":"Arnaldo Botto"},"url":"https:\/\/www.noticiasradioreflejos.com.ar\/2021\/author\/arnaldo\/"}]}},"_links":{"self":[{"href":"https:\/\/www.noticiasradioreflejos.com.ar\/2021\/wp-json\/wp\/v2\/posts\/66165","targetHints":{"allow":["GET"]}}],"collection":[{"href":"https:\/\/www.noticiasradioreflejos.com.ar\/2021\/wp-json\/wp\/v2\/posts"}],"about":[{"href":"https:\/\/www.noticiasradioreflejos.com.ar\/2021\/wp-json\/wp\/v2\/types\/post"}],"author":[{"embeddable":true,"href":"https:\/\/www.noticiasradioreflejos.com.ar\/2021\/wp-json\/wp\/v2\/users\/3"}],"replies":[{"embeddable":true,"href":"https:\/\/www.noticiasradioreflejos.com.ar\/2021\/wp-json\/wp\/v2\/comments?post=66165"}],"version-history":[{"count":1,"href":"https:\/\/www.noticiasradioreflejos.com.ar\/2021\/wp-json\/wp\/v2\/posts\/66165\/revisions"}],"predecessor-version":[{"id":66167,"href":"https:\/\/www.noticiasradioreflejos.com.ar\/2021\/wp-json\/wp\/v2\/posts\/66165\/revisions\/66167"}],"wp:attachment":[{"href":"https:\/\/www.noticiasradioreflejos.com.ar\/2021\/wp-json\/wp\/v2\/media?parent=66165"}],"wp:term":[{"taxonomy":"category","embeddable":true,"href":"https:\/\/www.noticiasradioreflejos.com.ar\/2021\/wp-json\/wp\/v2\/categories?post=66165"},{"taxonomy":"post_tag","embeddable":true,"href":"https:\/\/www.noticiasradioreflejos.com.ar\/2021\/wp-json\/wp\/v2\/tags?post=66165"}],"curies":[{"name":"wp","href":"https:\/\/api.w.org\/{rel}","templated":true}]}}