{"id":66159,"date":"2021-12-20T10:51:53","date_gmt":"2021-12-20T10:51:53","guid":{"rendered":"http:\/\/www.noticiasradioreflejos.com.ar\/2021\/?p=66159"},"modified":"2021-12-20T20:29:06","modified_gmt":"2021-12-20T20:29:06","slug":"pausan-la-obra-de-la-ruta-33-para-proteger-una-comunidad-de-loros","status":"publish","type":"post","link":"https:\/\/www.noticiasradioreflejos.com.ar\/2021\/pausan-la-obra-de-la-ruta-33-para-proteger-una-comunidad-de-loros\/","title":{"rendered":"Pausan la obra de la ruta 33 para proteger una comunidad de loros"},"content":{"rendered":"<section class=\"titulos\">En el kil\u00f3metro 29,5, unas 100 parejas de estas aves -una especie protegida- anidaron en una barranca para tener sus cr\u00edas. Vialidad Nacional y la constructora mantendr\u00e1n el lugar hasta que emigren.\u00a0<\/section>\n<p><!--more--><\/p>\n<section>\n<div class=\"content-body\">\n<div class=\"multimedia-nota\">\n<div class=\"multimedia-foto\">\n<picture><source srcset=\"https:\/\/px.cdn.lanueva.com\/122021\/1639764650894.webp?&amp;extw=jpg\" type=\"image\/webp\" data-srcset=\"https:\/\/px.cdn.lanueva.com\/122021\/1639764650894.webp?&amp;extw=jpg\" \/><img decoding=\"async\" class=\"imgnotapage lazyloaded\" title=\"\" src=\"https:\/\/px.cdn.lanueva.com\/122021\/1639764650894.jpg\" alt=\"\" \/><\/picture>La pared donde anidan los loros tiene un ancho de 5 metros. En uno de sus lados pasa la actual traza de la ruta y, en el otro, las m\u00e1quinas siguen trabajando.\u00a0Fotos: Gentileza Pablo Petracci<\/p>\n<p><iframe loading=\"lazy\" src=\"https:\/\/anchor.fm\/lanueva\/embed\/episodes\/Pausan-la-obra-de-la-ruta-33-para-proteger-una-comunidad-de-loros-e1btbsk\/a-a74ccio\" width=\"400px\" height=\"102px\" frameborder=\"0\" scrolling=\"no\"><\/iframe><\/p>\n<p>Audionota:\u00a0<strong>Mariano Mu\u00f1oz<\/strong>\u00a0(LU2)<\/p>\n<p>Una medida proteccionista, acordada entre ambientalistas, la direcci\u00f3n Nacional de Vialidad y la empresa Decavial SA, fren\u00f3 una parte de los trabajos que se vienen haciendo en la construcci\u00f3n de la autopista de la ruta nacional 33 entre Bah\u00eda Blanca y Tornquist: la presencia de una barranca donde anida una especie protegida oblig\u00f3 a detener las tareas, hasta que los animales emigren de all\u00ed.<\/p>\n<p>El lugar en cuesti\u00f3n es el kil\u00f3metro 29,5 de la traza, donde actualmente se est\u00e1n llevando a cabo trabajos para instalar una segunda v\u00eda de pavimento. Sin embargo, cuando lleg\u00f3 el momento de tirar abajo los mont\u00edculos que hab\u00eda ese sector, algunos proteccionistas advirtieron que hab\u00eda una comunidad de loros barranqueros y sus cr\u00edas reci\u00e9n nacidas.<\/p>\n<p>Por ello se decidi\u00f3 dejar -por un tiempo- una suerte de pared de unos 5 metros de ancho, hasta que llegue el momento en que los animales emigren del lugar, algo que ocurrir\u00eda a mediados del mes de enero. Mientras tanto, la contratista contin\u00faa trabajando en las inmediaciones del lugar.<\/p>\n<p><img decoding=\"async\" src=\"https:\/\/px.cdn.lanueva.com\/122021\/1639764673458\/211217%20loros%20en%20ruta%203.jpg\" width=\"100%\" height=\"auto\" \/><\/p>\n<p>\u201cSe trata de una especie t\u00edpica de Argentina y Chile, que solo vive en Sudam\u00e9rica y que est\u00e1 catalogada como amenazada, por m\u00e1s que hasta hace un tiempo hab\u00eda llegado a ser categorizada como plaga. Sin embargo, en la actualidad, con el impacto que se est\u00e1 produciendo en los ambientes naturales de monte, donde obtienen la comida, la poblaci\u00f3n ha ido decreciendo. Por ello hoy est\u00e1 protegida\u201d, se\u00f1al\u00f3 el investigador especialista de GEKKO, del departamento de Biolog\u00eda, Bioqu\u00edmica y Farmacia de la UNS, Pablo Petracci.<\/p>\n<p>Al respecto, aclar\u00f3 que los barrancos como los que hoy ocupan estos animales no son sus h\u00e1bitats frecuentes, ya que antes utilizaban otros que estaban m\u00e1s pr\u00f3ximos a cursos de agua como los r\u00edos Sauce Chico y Grande, el Napost\u00e1 o Quequ\u00e9n Salado.<\/p>\n<p>\u201cSin embargo, cuando la pandemia oblig\u00f3 a detener las obras, los loros colonizaron esas barrancas\u201d, sostuvo.<\/p>\n<p>&nbsp;<\/p>\n<h3>Se estima que en esa barranca habitan unas 100 parejas de loros barranqueros, junto con sus pichones.<\/h3>\n<p>Al observar que las m\u00e1quinas avanzaban sobre la colonia de nidificaci\u00f3n, Petracci advirti\u00f3 a la constructora sobre lo que estaba ocurriendo y se decidi\u00f3 frenar los trabajos en ese sector puntual, hasta que los pichones crecieran y pudieran volar de ah\u00ed. En ese momento, se tirar\u00e1 abajo el mont\u00edculo.<\/p>\n<p>\u201cEstos loros hacen cuevas con una profundidad de no m\u00e1s de 2 metros, por lo que suger\u00ed que dejaran un lugar de hasta 5 metros de ancho, hasta una fecha determinada. Por el crecimiento de los pichones, entiendo que podr\u00e1n volar de all\u00ed a mediados de enero\u201d, explic\u00f3.<\/p>\n<p>Petracci destac\u00f3 tambi\u00e9n la buena predisposici\u00f3n tanto de la DNV como de la empresa constructora que, al ver que se podr\u00eda causar un da\u00f1o ambiental, buscaron alternativas para evitarlo.<\/p>\n<p><img decoding=\"async\" src=\"https:\/\/px.cdn.lanueva.com\/122021\/1639764695880\/211217%20loros%20en%20ruta%204.jpg\" width=\"100%\" height=\"auto\" \/><\/p>\n<p>\u00abNo hay que llegar a una confrontaci\u00f3n. Cuando uno presenta el problema y tambi\u00e9n una posible soluci\u00f3n t\u00e9cnica, se puede llegar a estos resultados\u00bb, dijo.<\/p>\n<p>En ese sentido, el director del Distrito 19 de Vialidad Nacional, Gustavo Trankels, destac\u00f3 que se aplic\u00f3 una \u201cmirada comprensiva desde el punto de vista ambiental\u201d.<\/p>\n<p><img decoding=\"async\" src=\"https:\/\/px.cdn.lanueva.com\/122021\/1639764714404\/211217%20loros%20en%20ruta%202.jpg\" width=\"100%\" height=\"auto\" \/><\/p>\n<p>\u201cLa obra la tenemos que hacer, pero tratamos de minimizar el impacto tanto en la fauna como en la flora. Tambi\u00e9n agradecemos la intervenci\u00f3n de la gente que se preocup\u00f3 por el tema\u201d, se\u00f1al\u00f3.<\/p>\n<p>Adem\u00e1s, destac\u00f3 que desde la instituci\u00f3n se trata de trabajar en conjunto \u201cno solo para que se haga una obra que va a servir y mejorar\u00e1 la calidad de vida a los vecinos, sino tambi\u00e9n cuidando el ambiente y las comunidades que est\u00e1n alrededor\u201d.<\/p>\n<\/div>\n<\/div>\n<\/div>\n<\/section>\n<p>&nbsp;<\/p>\n<p><a href=\"https:\/\/www.lanueva.com\/nota\/2021-12-19-6-30-45-pausan-la-obra-de-la-ruta-33-para-proteger-una-comunidad-de-loros\"><span style=\"color: #3366ff;\"><strong>Fuente : La Nueva<\/strong><\/span><\/a><\/p>\n","protected":false},"excerpt":{"rendered":"<p>En el kil\u00f3metro 29,5, unas 100 parejas de estas aves -una especie protegida- anidaron en una barranca para tener sus cr\u00edas. Vialidad Nacional y la constructora mantendr\u00e1n el lugar hasta que emigren.\u00a0<\/p>\n","protected":false},"author":3,"featured_media":0,"comment_status":"closed","ping_status":"closed","sticky":false,"template":"","format":"standard","meta":{"footnotes":""},"categories":[46,24,26],"tags":[],"class_list":["post-66159","post","type-post","status-publish","format-standard","hentry","category-ciencia-y-tecnologia","category-politica","category-sociedad"],"yoast_head":"<!-- This site is optimized with the Yoast SEO plugin v25.9 - https:\/\/yoast.com\/wordpress\/plugins\/seo\/ -->\n<title>Pausan la obra de la ruta 33 para proteger una comunidad de loros - Noticias Radio Reflejos<\/title>\n<meta name=\"robots\" content=\"index, follow, max-snippet:-1, max-image-preview:large, max-video-preview:-1\" \/>\n<link rel=\"canonical\" href=\"https:\/\/www.noticiasradioreflejos.com.ar\/2021\/pausan-la-obra-de-la-ruta-33-para-proteger-una-comunidad-de-loros\/\" \/>\n<meta property=\"og:locale\" content=\"es_ES\" \/>\n<meta property=\"og:type\" content=\"article\" \/>\n<meta property=\"og:title\" content=\"Pausan la obra de la ruta 33 para proteger una comunidad de loros - Noticias Radio Reflejos\" \/>\n<meta property=\"og:description\" content=\"En el kil\u00f3metro 29,5, unas 100 parejas de estas aves -una especie protegida- anidaron en una barranca para tener sus cr\u00edas. Vialidad Nacional y la constructora mantendr\u00e1n el lugar hasta que emigren.\u00a0\" \/>\n<meta property=\"og:url\" content=\"https:\/\/www.noticiasradioreflejos.com.ar\/2021\/pausan-la-obra-de-la-ruta-33-para-proteger-una-comunidad-de-loros\/\" \/>\n<meta property=\"og:site_name\" content=\"Noticias Radio Reflejos\" \/>\n<meta property=\"article:published_time\" content=\"2021-12-20T10:51:53+00:00\" \/>\n<meta property=\"article:modified_time\" content=\"2021-12-20T20:29:06+00:00\" \/>\n<meta property=\"og:image\" content=\"https:\/\/px.cdn.lanueva.com\/122021\/1639764650894.jpg\" \/>\n<meta name=\"author\" content=\"Arnaldo Botto\" \/>\n<meta name=\"twitter:card\" content=\"summary_large_image\" \/>\n<script type=\"application\/ld+json\" class=\"yoast-schema-graph\">{\"@context\":\"https:\/\/schema.org\",\"@graph\":[{\"@type\":\"WebPage\",\"@id\":\"https:\/\/www.noticiasradioreflejos.com.ar\/2021\/pausan-la-obra-de-la-ruta-33-para-proteger-una-comunidad-de-loros\/\",\"url\":\"https:\/\/www.noticiasradioreflejos.com.ar\/2021\/pausan-la-obra-de-la-ruta-33-para-proteger-una-comunidad-de-loros\/\",\"name\":\"Pausan la obra de la ruta 33 para proteger una comunidad de loros - Noticias Radio Reflejos\",\"isPartOf\":{\"@id\":\"https:\/\/www.noticiasradioreflejos.com.ar\/2021\/#website\"},\"primaryImageOfPage\":{\"@id\":\"https:\/\/www.noticiasradioreflejos.com.ar\/2021\/pausan-la-obra-de-la-ruta-33-para-proteger-una-comunidad-de-loros\/#primaryimage\"},\"image\":{\"@id\":\"https:\/\/www.noticiasradioreflejos.com.ar\/2021\/pausan-la-obra-de-la-ruta-33-para-proteger-una-comunidad-de-loros\/#primaryimage\"},\"thumbnailUrl\":\"https:\/\/px.cdn.lanueva.com\/122021\/1639764650894.jpg\",\"datePublished\":\"2021-12-20T10:51:53+00:00\",\"dateModified\":\"2021-12-20T20:29:06+00:00\",\"author\":{\"@id\":\"https:\/\/www.noticiasradioreflejos.com.ar\/2021\/#\/schema\/person\/ad82545263dcc5ec0996818884fd5fb1\"},\"breadcrumb\":{\"@id\":\"https:\/\/www.noticiasradioreflejos.com.ar\/2021\/pausan-la-obra-de-la-ruta-33-para-proteger-una-comunidad-de-loros\/#breadcrumb\"},\"inLanguage\":\"es\",\"potentialAction\":[{\"@type\":\"ReadAction\",\"target\":[\"https:\/\/www.noticiasradioreflejos.com.ar\/2021\/pausan-la-obra-de-la-ruta-33-para-proteger-una-comunidad-de-loros\/\"]}]},{\"@type\":\"ImageObject\",\"inLanguage\":\"es\",\"@id\":\"https:\/\/www.noticiasradioreflejos.com.ar\/2021\/pausan-la-obra-de-la-ruta-33-para-proteger-una-comunidad-de-loros\/#primaryimage\",\"url\":\"https:\/\/px.cdn.lanueva.com\/122021\/1639764650894.jpg\",\"contentUrl\":\"https:\/\/px.cdn.lanueva.com\/122021\/1639764650894.jpg\"},{\"@type\":\"BreadcrumbList\",\"@id\":\"https:\/\/www.noticiasradioreflejos.com.ar\/2021\/pausan-la-obra-de-la-ruta-33-para-proteger-una-comunidad-de-loros\/#breadcrumb\",\"itemListElement\":[{\"@type\":\"ListItem\",\"position\":1,\"name\":\"Portada\",\"item\":\"https:\/\/www.noticiasradioreflejos.com.ar\/2021\/\"},{\"@type\":\"ListItem\",\"position\":2,\"name\":\"Pausan la obra de la ruta 33 para proteger una comunidad de loros\"}]},{\"@type\":\"WebSite\",\"@id\":\"https:\/\/www.noticiasradioreflejos.com.ar\/2021\/#website\",\"url\":\"https:\/\/www.noticiasradioreflejos.com.ar\/2021\/\",\"name\":\"Noticias Radio Reflejos\",\"description\":\"Las noticias de mi comarca\",\"potentialAction\":[{\"@type\":\"SearchAction\",\"target\":{\"@type\":\"EntryPoint\",\"urlTemplate\":\"https:\/\/www.noticiasradioreflejos.com.ar\/2021\/?s={search_term_string}\"},\"query-input\":{\"@type\":\"PropertyValueSpecification\",\"valueRequired\":true,\"valueName\":\"search_term_string\"}}],\"inLanguage\":\"es\"},{\"@type\":\"Person\",\"@id\":\"https:\/\/www.noticiasradioreflejos.com.ar\/2021\/#\/schema\/person\/ad82545263dcc5ec0996818884fd5fb1\",\"name\":\"Arnaldo Botto\",\"image\":{\"@type\":\"ImageObject\",\"inLanguage\":\"es\",\"@id\":\"https:\/\/www.noticiasradioreflejos.com.ar\/2021\/#\/schema\/person\/image\/\",\"url\":\"https:\/\/secure.gravatar.com\/avatar\/55cb5e37c1efa326397366e6974cb338056df65cb50e7d64d1cf314e87504837?s=96&d=mm&r=g\",\"contentUrl\":\"https:\/\/secure.gravatar.com\/avatar\/55cb5e37c1efa326397366e6974cb338056df65cb50e7d64d1cf314e87504837?s=96&d=mm&r=g\",\"caption\":\"Arnaldo Botto\"},\"url\":\"https:\/\/www.noticiasradioreflejos.com.ar\/2021\/author\/arnaldo\/\"}]}<\/script>\n<!-- \/ Yoast SEO plugin. -->","yoast_head_json":{"title":"Pausan la obra de la ruta 33 para proteger una comunidad de loros - Noticias Radio Reflejos","robots":{"index":"index","follow":"follow","max-snippet":"max-snippet:-1","max-image-preview":"max-image-preview:large","max-video-preview":"max-video-preview:-1"},"canonical":"https:\/\/www.noticiasradioreflejos.com.ar\/2021\/pausan-la-obra-de-la-ruta-33-para-proteger-una-comunidad-de-loros\/","og_locale":"es_ES","og_type":"article","og_title":"Pausan la obra de la ruta 33 para proteger una comunidad de loros - Noticias Radio Reflejos","og_description":"En el kil\u00f3metro 29,5, unas 100 parejas de estas aves -una especie protegida- anidaron en una barranca para tener sus cr\u00edas. Vialidad Nacional y la constructora mantendr\u00e1n el lugar hasta que emigren.\u00a0","og_url":"https:\/\/www.noticiasradioreflejos.com.ar\/2021\/pausan-la-obra-de-la-ruta-33-para-proteger-una-comunidad-de-loros\/","og_site_name":"Noticias Radio Reflejos","article_published_time":"2021-12-20T10:51:53+00:00","article_modified_time":"2021-12-20T20:29:06+00:00","og_image":[{"url":"https:\/\/px.cdn.lanueva.com\/122021\/1639764650894.jpg","type":"","width":"","height":""}],"author":"Arnaldo Botto","twitter_card":"summary_large_image","schema":{"@context":"https:\/\/schema.org","@graph":[{"@type":"WebPage","@id":"https:\/\/www.noticiasradioreflejos.com.ar\/2021\/pausan-la-obra-de-la-ruta-33-para-proteger-una-comunidad-de-loros\/","url":"https:\/\/www.noticiasradioreflejos.com.ar\/2021\/pausan-la-obra-de-la-ruta-33-para-proteger-una-comunidad-de-loros\/","name":"Pausan la obra de la ruta 33 para proteger una comunidad de loros - Noticias Radio Reflejos","isPartOf":{"@id":"https:\/\/www.noticiasradioreflejos.com.ar\/2021\/#website"},"primaryImageOfPage":{"@id":"https:\/\/www.noticiasradioreflejos.com.ar\/2021\/pausan-la-obra-de-la-ruta-33-para-proteger-una-comunidad-de-loros\/#primaryimage"},"image":{"@id":"https:\/\/www.noticiasradioreflejos.com.ar\/2021\/pausan-la-obra-de-la-ruta-33-para-proteger-una-comunidad-de-loros\/#primaryimage"},"thumbnailUrl":"https:\/\/px.cdn.lanueva.com\/122021\/1639764650894.jpg","datePublished":"2021-12-20T10:51:53+00:00","dateModified":"2021-12-20T20:29:06+00:00","author":{"@id":"https:\/\/www.noticiasradioreflejos.com.ar\/2021\/#\/schema\/person\/ad82545263dcc5ec0996818884fd5fb1"},"breadcrumb":{"@id":"https:\/\/www.noticiasradioreflejos.com.ar\/2021\/pausan-la-obra-de-la-ruta-33-para-proteger-una-comunidad-de-loros\/#breadcrumb"},"inLanguage":"es","potentialAction":[{"@type":"ReadAction","target":["https:\/\/www.noticiasradioreflejos.com.ar\/2021\/pausan-la-obra-de-la-ruta-33-para-proteger-una-comunidad-de-loros\/"]}]},{"@type":"ImageObject","inLanguage":"es","@id":"https:\/\/www.noticiasradioreflejos.com.ar\/2021\/pausan-la-obra-de-la-ruta-33-para-proteger-una-comunidad-de-loros\/#primaryimage","url":"https:\/\/px.cdn.lanueva.com\/122021\/1639764650894.jpg","contentUrl":"https:\/\/px.cdn.lanueva.com\/122021\/1639764650894.jpg"},{"@type":"BreadcrumbList","@id":"https:\/\/www.noticiasradioreflejos.com.ar\/2021\/pausan-la-obra-de-la-ruta-33-para-proteger-una-comunidad-de-loros\/#breadcrumb","itemListElement":[{"@type":"ListItem","position":1,"name":"Portada","item":"https:\/\/www.noticiasradioreflejos.com.ar\/2021\/"},{"@type":"ListItem","position":2,"name":"Pausan la obra de la ruta 33 para proteger una comunidad de loros"}]},{"@type":"WebSite","@id":"https:\/\/www.noticiasradioreflejos.com.ar\/2021\/#website","url":"https:\/\/www.noticiasradioreflejos.com.ar\/2021\/","name":"Noticias Radio Reflejos","description":"Las noticias de mi comarca","potentialAction":[{"@type":"SearchAction","target":{"@type":"EntryPoint","urlTemplate":"https:\/\/www.noticiasradioreflejos.com.ar\/2021\/?s={search_term_string}"},"query-input":{"@type":"PropertyValueSpecification","valueRequired":true,"valueName":"search_term_string"}}],"inLanguage":"es"},{"@type":"Person","@id":"https:\/\/www.noticiasradioreflejos.com.ar\/2021\/#\/schema\/person\/ad82545263dcc5ec0996818884fd5fb1","name":"Arnaldo Botto","image":{"@type":"ImageObject","inLanguage":"es","@id":"https:\/\/www.noticiasradioreflejos.com.ar\/2021\/#\/schema\/person\/image\/","url":"https:\/\/secure.gravatar.com\/avatar\/55cb5e37c1efa326397366e6974cb338056df65cb50e7d64d1cf314e87504837?s=96&d=mm&r=g","contentUrl":"https:\/\/secure.gravatar.com\/avatar\/55cb5e37c1efa326397366e6974cb338056df65cb50e7d64d1cf314e87504837?s=96&d=mm&r=g","caption":"Arnaldo Botto"},"url":"https:\/\/www.noticiasradioreflejos.com.ar\/2021\/author\/arnaldo\/"}]}},"_links":{"self":[{"href":"https:\/\/www.noticiasradioreflejos.com.ar\/2021\/wp-json\/wp\/v2\/posts\/66159","targetHints":{"allow":["GET"]}}],"collection":[{"href":"https:\/\/www.noticiasradioreflejos.com.ar\/2021\/wp-json\/wp\/v2\/posts"}],"about":[{"href":"https:\/\/www.noticiasradioreflejos.com.ar\/2021\/wp-json\/wp\/v2\/types\/post"}],"author":[{"embeddable":true,"href":"https:\/\/www.noticiasradioreflejos.com.ar\/2021\/wp-json\/wp\/v2\/users\/3"}],"replies":[{"embeddable":true,"href":"https:\/\/www.noticiasradioreflejos.com.ar\/2021\/wp-json\/wp\/v2\/comments?post=66159"}],"version-history":[{"count":4,"href":"https:\/\/www.noticiasradioreflejos.com.ar\/2021\/wp-json\/wp\/v2\/posts\/66159\/revisions"}],"predecessor-version":[{"id":66164,"href":"https:\/\/www.noticiasradioreflejos.com.ar\/2021\/wp-json\/wp\/v2\/posts\/66159\/revisions\/66164"}],"wp:attachment":[{"href":"https:\/\/www.noticiasradioreflejos.com.ar\/2021\/wp-json\/wp\/v2\/media?parent=66159"}],"wp:term":[{"taxonomy":"category","embeddable":true,"href":"https:\/\/www.noticiasradioreflejos.com.ar\/2021\/wp-json\/wp\/v2\/categories?post=66159"},{"taxonomy":"post_tag","embeddable":true,"href":"https:\/\/www.noticiasradioreflejos.com.ar\/2021\/wp-json\/wp\/v2\/tags?post=66159"}],"curies":[{"name":"wp","href":"https:\/\/api.w.org\/{rel}","templated":true}]}}