{"id":66145,"date":"2021-12-20T10:13:52","date_gmt":"2021-12-20T10:13:52","guid":{"rendered":"http:\/\/www.noticiasradioreflejos.com.ar\/2021\/?p=66145"},"modified":"2021-12-20T10:13:52","modified_gmt":"2021-12-20T10:13:52","slug":"la-fifa-organiza-una-cumbre-global-para-debatir-el-proyecto-de-los-mundiales-cada-dos-anos","status":"publish","type":"post","link":"https:\/\/www.noticiasradioreflejos.com.ar\/2021\/la-fifa-organiza-una-cumbre-global-para-debatir-el-proyecto-de-los-mundiales-cada-dos-anos\/","title":{"rendered":"La FIFA organiza una cumbre global para debatir el proyecto de los Mundiales cada dos a\u00f1os"},"content":{"rendered":"<div class=\"wrapper-header\">\n<div class=\"container-xl\">\n<div class=\"row\">\n<div class=\"col-12\">\n<div class=\"head-content mb-4\">\n<p class=\"speak\">El proyecto surgi\u00f3 en el 71\u00b0 Congreso de la FIFA cuando los 211 pa\u00edses miembros aceptaron que se realice un \u00abestudio de viabilidad para investigar las posibles consecuencias de disputar la Copa Mundial de la FIFA cada dos a\u00f1os en lugar de cada cuatro\u00bb.<\/p>\n<\/div>\n<\/div>\n<\/div>\n<\/div>\n<\/div>\n<p><!--more--><\/p>\n<div class=\"wrapper-editable-content\">\n<div class=\"wrapper-info-note\">\n<div class=\"col-md-12\">\n<div class=\"wrapper-author-social\">\n<div class=\"social mt-3\"><i class=\"fas fa-share-alt\"><\/i>\u00a0<i class=\"fab fa-facebook-f\"><\/i>\u00a0<i class=\"fab fa-twitter\"><\/i>\u00a0<i class=\"fab fa-whatsapp\"><\/i>\u00a0<i class=\"fab fa-linkedin\"><\/i>\u00a0<i class=\"fas fa-qrcode\"><\/i>\u00a0<i class=\"fas fa-link\"><\/i><\/div>\n<\/div>\n<\/div>\n<\/div>\n<div>\n<div class=\"wrapper-editable-content\">\n<div class=\"container-md\">\n<div class=\"row\">\n<div class=\"col-md-12 speak\">\n<div class=\"paragraph\">\n<figure class=\"mb-3\"><img decoding=\"async\" src=\"https:\/\/www.telam.com.ar\/thumbs\/bluesteel\/advf\/imagenes\/2021\/12\/61aa8aac1927b_900.jpg\" alt=\"El proyecto surgi en el 71 Congreso de la FIFA\" width=\"100%\" height=\"100%\" \/><\/p>\n<div class=\"media-icons\"><\/div><figcaption><\/figcaption><\/figure>\n<p>El exentrenador franc\u00e9s\u00a0<strong>Ars\u00e8ne Wenger<\/strong>, director de Desarrollo del F\u00fatbol Mundial de la FIFA, encabezar\u00e1 este lunes una cumbre global con representantes de los 211 pa\u00edses miembros con la intenci\u00f3n de debatir una vez m\u00e1s el proyecto de los Mundiales cada dos a\u00f1os.<\/p>\n<p>La reuni\u00f3n se realizar\u00e1 de manera virtual y el reconocido exDT de Arsenal de Inglaterra ser\u00e1 el principal expositor.<\/p>\n<p>La cumbre global fue anunciada el pasado 20 de octubre por el presidente de la FIFA,\u00a0<strong>Gianni Infantino<\/strong>, en el marco de la \u00faltima reuni\u00f3n del Consejo.<\/p>\n<p>Infantino deleg\u00f3 en Wenger su proyecto para modificar los calendarios del f\u00fatbol femenino y masculino a partir de los a\u00f1os 2023 y 2024, respectivamente.<\/p>\n<p>La intenci\u00f3n de la FIFA es\u00a0<strong>debatir una vez m\u00e1s la pol\u00e9mica y varias veces rechazada idea de organizar un Mundial cada dos a\u00f1os<\/strong>.<\/p>\n<p>El proyecto surgi\u00f3 en el\u00a0<a href=\"https:\/\/www.telam.com.ar\/notas\/202109\/570060-fifa-mundiales-federaciones.html\" target=\"_blank\" rel=\"noopener\">71\u00b0 Congreso de la FIFA\u00a0<\/a>celebrado en mayo de este a\u00f1o cuando los pa\u00edses miembros aceptaron que se realice un \u00abestudio de viabilidad para investigar las posibles consecuencias de disputar la Copa Mundial de la FIFA cada dos a\u00f1os en lugar de cada cuatro\u00bb.<\/p>\n<p>Wenger fue elegido por Infantino para liderar este proceso pero hasta el momento solo consigui\u00f3 el apoyo de exfutbolistas.<\/p>\n<p>Tanto la\u00a0<a href=\"https:\/\/www.telam.com.ar\/notas\/202109\/569387-uefa-copa-del-mundo-futbol-rechazo-dos-anos-infantino-europa.html\" target=\"_blank\" rel=\"noopener\">UEFA<\/a>\u00a0como la Conmebol, representantes de Europa y Sudam\u00e9rica,\u00a0<a href=\"https:\/\/www.telam.com.ar\/notas\/202110\/572302-futbol-fifa-uefa-conmebol-conflicto-mundial-cada-dos-anios.html\" target=\"_blank\" rel=\"noopener\">se opusieron p\u00fablicamente al plan de achicar la brecha entre los Mundiales<\/a>.<\/p>\n<p>Incluso en Europa aceptaron en los \u00faltimos d\u00edas que la idea es invitar para 2024 a los seleccionados sudamericanos a su ambiciosa Liga de las Naciones creada en la temporada 2018\/19.<\/p>\n<p>El anuncio de la UEFA fue justo unos d\u00edas antes de la cumbre global del lunes y sacudi\u00f3 a la FIFA que propone lo contrario: cerrar la brecha y el desequilibrio competitivo entre los pa\u00edses m\u00e1s desarrollados y los menos privilegiados, seg\u00fan reza su proyecto.<\/p>\n<p>Wenger sostiene su idea sobre cuatro puntos: la reorganizaci\u00f3n de los per\u00edodos de competici\u00f3n de selecciones; la protecci\u00f3n de la salud y el bienestar de los futbolistas; el mundial bienal y mundiales juveniles anuales y ampliados.<\/p>\n<p>En el primer punto la intenci\u00f3n es reducir el n\u00famero de las ventanas internacionales. Actualmente se organizan cinco entre marzo y noviembre.<\/p>\n<p>El exdefensor del seleccionado argentino\u00a0<strong>Pablo Zabaleta<\/strong>\u00a0es uno de los defensores del proyecto y respald\u00f3 la idea de realizar una solo ventana anual de un mes para que cada equipo juegue todos los partidos y as\u00ed reducir los viajes y el cansancio f\u00edsico.<\/p>\n<p>Esto se relaciona con la protecci\u00f3n de la salud de los futbolistas para la que tambi\u00e9n \u00abse propone instaurar un periodo m\u00ednimo de descanso obligatorio de tres semanas despu\u00e9s del \u00faltimo partido oficial de la temporada\u00bb.<\/p>\n<p>De all\u00ed se desprende la intenci\u00f3n de\u00a0<strong>acortar la frecuencia de tiempo entre los Mundiales<\/strong>.<\/p>\n<p>\u00abEl prestigio de una competici\u00f3n no est\u00e1 necesariamente ligado a su frecuencia, como demuestran algunas de las grandes competiciones futbol\u00edsticas con car\u00e1cter anual o bienal\u00bb, explican desde la FIFA.<\/p>\n<p>La cuarta y \u00faltima modificaci\u00f3n hace hincapi\u00e9 en los juveniles. La intenci\u00f3n de Wenger es jugar Mundiales de menores anuales y ampliados como contribuci\u00f3n a la creaci\u00f3n de un contexto competitivo uniforme y permanente para los j\u00f3venes talentos.<\/p>\n<p>Seg\u00fan Wenger este planteo \u00abfavorecer\u00e1 la aparici\u00f3n, la detecci\u00f3n y el desarrollo de j\u00f3venes talentos lejos de los pa\u00edses m\u00e1s desarrollados\u00bb.<\/p>\n<p>La FIFA tambi\u00e9n presentar\u00e1 como sustento\u00a0<a href=\"https:\/\/www.telam.com.ar\/notas\/202109\/568772-futbol-fifa-encuesta-sobre-mundial-dos-anios.html\" target=\"_blank\" rel=\"noopener\">una encuesta mundial que realiz\u00f3 entre agosto y noviembre en la cual la mayor\u00eda de los y las hinchas votaron a favor de los Mundiales m\u00e1s seguidos<\/a>.<\/p>\n<p>De las 30.390 personas que se declararon fan\u00e1ticos del f\u00fatbol, el 63.7% contest\u00f3 que les gustar\u00eda achicar los cuatro a\u00f1os de espera para el Mundial.<\/p>\n<p>El 23.3% contest\u00f3 que tal vez, el 11 % se mostr\u00f3 en contra y el 2 % no ten\u00eda una opini\u00f3n formada.<\/p>\n<p>En Sudam\u00e9rica ese porcentaje se redujo a un 54% a favor, 25% tal vez, 20 % en contra, 1 % no sabe\/no contesta.<\/p>\n<p>El pa\u00eds que m\u00e1s rechaz\u00f3 la idea fue Inglaterra, que registr\u00f3 un 53% en contra, 15% a favor, 27% tal vez y 5% no sabe\/no contesta.<\/p><\/div>\n<\/div>\n<\/div>\n<\/div>\n<\/div>\n<\/div>\n<\/div>\n","protected":false},"excerpt":{"rendered":"<p>El proyecto surgi\u00f3 en el 71\u00b0 Congreso de la FIFA cuando los 211 pa\u00edses miembros aceptaron que se realice un \u00abestudio de viabilidad para investigar las posibles consecuencias de disputar la Copa Mundial de la FIFA cada dos a\u00f1os en lugar de cada cuatro\u00bb.<\/p>\n","protected":false},"author":3,"featured_media":0,"comment_status":"closed","ping_status":"closed","sticky":false,"template":"","format":"standard","meta":{"footnotes":""},"categories":[1],"tags":[],"class_list":["post-66145","post","type-post","status-publish","format-standard","hentry","category-sin-categoria"],"yoast_head":"<!-- This site is optimized with the Yoast SEO plugin v25.9 - https:\/\/yoast.com\/wordpress\/plugins\/seo\/ -->\n<title>La FIFA organiza una cumbre global para debatir el proyecto de los Mundiales cada dos a\u00f1os - Noticias Radio Reflejos<\/title>\n<meta name=\"robots\" content=\"index, follow, max-snippet:-1, max-image-preview:large, max-video-preview:-1\" \/>\n<link rel=\"canonical\" href=\"https:\/\/www.noticiasradioreflejos.com.ar\/2021\/la-fifa-organiza-una-cumbre-global-para-debatir-el-proyecto-de-los-mundiales-cada-dos-anos\/\" \/>\n<meta property=\"og:locale\" content=\"es_ES\" \/>\n<meta property=\"og:type\" content=\"article\" \/>\n<meta property=\"og:title\" content=\"La FIFA organiza una cumbre global para debatir el proyecto de los Mundiales cada dos a\u00f1os - Noticias Radio Reflejos\" \/>\n<meta property=\"og:description\" content=\"El proyecto surgi\u00f3 en el 71\u00b0 Congreso de la FIFA cuando los 211 pa\u00edses miembros aceptaron que se realice un \u00abestudio de viabilidad para investigar las posibles consecuencias de disputar la Copa Mundial de la FIFA cada dos a\u00f1os en lugar de cada cuatro\u00bb.\" \/>\n<meta property=\"og:url\" content=\"https:\/\/www.noticiasradioreflejos.com.ar\/2021\/la-fifa-organiza-una-cumbre-global-para-debatir-el-proyecto-de-los-mundiales-cada-dos-anos\/\" \/>\n<meta property=\"og:site_name\" content=\"Noticias Radio Reflejos\" \/>\n<meta property=\"article:published_time\" content=\"2021-12-20T10:13:52+00:00\" \/>\n<meta property=\"og:image\" content=\"https:\/\/www.telam.com.ar\/thumbs\/bluesteel\/advf\/imagenes\/2021\/12\/61aa8aac1927b_900.jpg\" \/>\n<meta name=\"author\" content=\"Arnaldo Botto\" \/>\n<meta name=\"twitter:card\" content=\"summary_large_image\" \/>\n<script type=\"application\/ld+json\" class=\"yoast-schema-graph\">{\"@context\":\"https:\/\/schema.org\",\"@graph\":[{\"@type\":\"WebPage\",\"@id\":\"https:\/\/www.noticiasradioreflejos.com.ar\/2021\/la-fifa-organiza-una-cumbre-global-para-debatir-el-proyecto-de-los-mundiales-cada-dos-anos\/\",\"url\":\"https:\/\/www.noticiasradioreflejos.com.ar\/2021\/la-fifa-organiza-una-cumbre-global-para-debatir-el-proyecto-de-los-mundiales-cada-dos-anos\/\",\"name\":\"La FIFA organiza una cumbre global para debatir el proyecto de los Mundiales cada dos a\u00f1os - Noticias Radio Reflejos\",\"isPartOf\":{\"@id\":\"https:\/\/www.noticiasradioreflejos.com.ar\/2021\/#website\"},\"primaryImageOfPage\":{\"@id\":\"https:\/\/www.noticiasradioreflejos.com.ar\/2021\/la-fifa-organiza-una-cumbre-global-para-debatir-el-proyecto-de-los-mundiales-cada-dos-anos\/#primaryimage\"},\"image\":{\"@id\":\"https:\/\/www.noticiasradioreflejos.com.ar\/2021\/la-fifa-organiza-una-cumbre-global-para-debatir-el-proyecto-de-los-mundiales-cada-dos-anos\/#primaryimage\"},\"thumbnailUrl\":\"https:\/\/www.telam.com.ar\/thumbs\/bluesteel\/advf\/imagenes\/2021\/12\/61aa8aac1927b_900.jpg\",\"datePublished\":\"2021-12-20T10:13:52+00:00\",\"author\":{\"@id\":\"https:\/\/www.noticiasradioreflejos.com.ar\/2021\/#\/schema\/person\/ad82545263dcc5ec0996818884fd5fb1\"},\"breadcrumb\":{\"@id\":\"https:\/\/www.noticiasradioreflejos.com.ar\/2021\/la-fifa-organiza-una-cumbre-global-para-debatir-el-proyecto-de-los-mundiales-cada-dos-anos\/#breadcrumb\"},\"inLanguage\":\"es\",\"potentialAction\":[{\"@type\":\"ReadAction\",\"target\":[\"https:\/\/www.noticiasradioreflejos.com.ar\/2021\/la-fifa-organiza-una-cumbre-global-para-debatir-el-proyecto-de-los-mundiales-cada-dos-anos\/\"]}]},{\"@type\":\"ImageObject\",\"inLanguage\":\"es\",\"@id\":\"https:\/\/www.noticiasradioreflejos.com.ar\/2021\/la-fifa-organiza-una-cumbre-global-para-debatir-el-proyecto-de-los-mundiales-cada-dos-anos\/#primaryimage\",\"url\":\"https:\/\/www.telam.com.ar\/thumbs\/bluesteel\/advf\/imagenes\/2021\/12\/61aa8aac1927b_900.jpg\",\"contentUrl\":\"https:\/\/www.telam.com.ar\/thumbs\/bluesteel\/advf\/imagenes\/2021\/12\/61aa8aac1927b_900.jpg\"},{\"@type\":\"BreadcrumbList\",\"@id\":\"https:\/\/www.noticiasradioreflejos.com.ar\/2021\/la-fifa-organiza-una-cumbre-global-para-debatir-el-proyecto-de-los-mundiales-cada-dos-anos\/#breadcrumb\",\"itemListElement\":[{\"@type\":\"ListItem\",\"position\":1,\"name\":\"Portada\",\"item\":\"https:\/\/www.noticiasradioreflejos.com.ar\/2021\/\"},{\"@type\":\"ListItem\",\"position\":2,\"name\":\"La FIFA organiza una cumbre global para debatir el proyecto de los Mundiales cada dos a\u00f1os\"}]},{\"@type\":\"WebSite\",\"@id\":\"https:\/\/www.noticiasradioreflejos.com.ar\/2021\/#website\",\"url\":\"https:\/\/www.noticiasradioreflejos.com.ar\/2021\/\",\"name\":\"Noticias Radio Reflejos\",\"description\":\"Las noticias de mi comarca\",\"potentialAction\":[{\"@type\":\"SearchAction\",\"target\":{\"@type\":\"EntryPoint\",\"urlTemplate\":\"https:\/\/www.noticiasradioreflejos.com.ar\/2021\/?s={search_term_string}\"},\"query-input\":{\"@type\":\"PropertyValueSpecification\",\"valueRequired\":true,\"valueName\":\"search_term_string\"}}],\"inLanguage\":\"es\"},{\"@type\":\"Person\",\"@id\":\"https:\/\/www.noticiasradioreflejos.com.ar\/2021\/#\/schema\/person\/ad82545263dcc5ec0996818884fd5fb1\",\"name\":\"Arnaldo Botto\",\"image\":{\"@type\":\"ImageObject\",\"inLanguage\":\"es\",\"@id\":\"https:\/\/www.noticiasradioreflejos.com.ar\/2021\/#\/schema\/person\/image\/\",\"url\":\"https:\/\/secure.gravatar.com\/avatar\/55cb5e37c1efa326397366e6974cb338056df65cb50e7d64d1cf314e87504837?s=96&d=mm&r=g\",\"contentUrl\":\"https:\/\/secure.gravatar.com\/avatar\/55cb5e37c1efa326397366e6974cb338056df65cb50e7d64d1cf314e87504837?s=96&d=mm&r=g\",\"caption\":\"Arnaldo Botto\"},\"url\":\"https:\/\/www.noticiasradioreflejos.com.ar\/2021\/author\/arnaldo\/\"}]}<\/script>\n<!-- \/ Yoast SEO plugin. -->","yoast_head_json":{"title":"La FIFA organiza una cumbre global para debatir el proyecto de los Mundiales cada dos a\u00f1os - Noticias Radio Reflejos","robots":{"index":"index","follow":"follow","max-snippet":"max-snippet:-1","max-image-preview":"max-image-preview:large","max-video-preview":"max-video-preview:-1"},"canonical":"https:\/\/www.noticiasradioreflejos.com.ar\/2021\/la-fifa-organiza-una-cumbre-global-para-debatir-el-proyecto-de-los-mundiales-cada-dos-anos\/","og_locale":"es_ES","og_type":"article","og_title":"La FIFA organiza una cumbre global para debatir el proyecto de los Mundiales cada dos a\u00f1os - Noticias Radio Reflejos","og_description":"El proyecto surgi\u00f3 en el 71\u00b0 Congreso de la FIFA cuando los 211 pa\u00edses miembros aceptaron que se realice un \u00abestudio de viabilidad para investigar las posibles consecuencias de disputar la Copa Mundial de la FIFA cada dos a\u00f1os en lugar de cada cuatro\u00bb.","og_url":"https:\/\/www.noticiasradioreflejos.com.ar\/2021\/la-fifa-organiza-una-cumbre-global-para-debatir-el-proyecto-de-los-mundiales-cada-dos-anos\/","og_site_name":"Noticias Radio Reflejos","article_published_time":"2021-12-20T10:13:52+00:00","og_image":[{"url":"https:\/\/www.telam.com.ar\/thumbs\/bluesteel\/advf\/imagenes\/2021\/12\/61aa8aac1927b_900.jpg","type":"","width":"","height":""}],"author":"Arnaldo Botto","twitter_card":"summary_large_image","schema":{"@context":"https:\/\/schema.org","@graph":[{"@type":"WebPage","@id":"https:\/\/www.noticiasradioreflejos.com.ar\/2021\/la-fifa-organiza-una-cumbre-global-para-debatir-el-proyecto-de-los-mundiales-cada-dos-anos\/","url":"https:\/\/www.noticiasradioreflejos.com.ar\/2021\/la-fifa-organiza-una-cumbre-global-para-debatir-el-proyecto-de-los-mundiales-cada-dos-anos\/","name":"La FIFA organiza una cumbre global para debatir el proyecto de los Mundiales cada dos a\u00f1os - Noticias Radio Reflejos","isPartOf":{"@id":"https:\/\/www.noticiasradioreflejos.com.ar\/2021\/#website"},"primaryImageOfPage":{"@id":"https:\/\/www.noticiasradioreflejos.com.ar\/2021\/la-fifa-organiza-una-cumbre-global-para-debatir-el-proyecto-de-los-mundiales-cada-dos-anos\/#primaryimage"},"image":{"@id":"https:\/\/www.noticiasradioreflejos.com.ar\/2021\/la-fifa-organiza-una-cumbre-global-para-debatir-el-proyecto-de-los-mundiales-cada-dos-anos\/#primaryimage"},"thumbnailUrl":"https:\/\/www.telam.com.ar\/thumbs\/bluesteel\/advf\/imagenes\/2021\/12\/61aa8aac1927b_900.jpg","datePublished":"2021-12-20T10:13:52+00:00","author":{"@id":"https:\/\/www.noticiasradioreflejos.com.ar\/2021\/#\/schema\/person\/ad82545263dcc5ec0996818884fd5fb1"},"breadcrumb":{"@id":"https:\/\/www.noticiasradioreflejos.com.ar\/2021\/la-fifa-organiza-una-cumbre-global-para-debatir-el-proyecto-de-los-mundiales-cada-dos-anos\/#breadcrumb"},"inLanguage":"es","potentialAction":[{"@type":"ReadAction","target":["https:\/\/www.noticiasradioreflejos.com.ar\/2021\/la-fifa-organiza-una-cumbre-global-para-debatir-el-proyecto-de-los-mundiales-cada-dos-anos\/"]}]},{"@type":"ImageObject","inLanguage":"es","@id":"https:\/\/www.noticiasradioreflejos.com.ar\/2021\/la-fifa-organiza-una-cumbre-global-para-debatir-el-proyecto-de-los-mundiales-cada-dos-anos\/#primaryimage","url":"https:\/\/www.telam.com.ar\/thumbs\/bluesteel\/advf\/imagenes\/2021\/12\/61aa8aac1927b_900.jpg","contentUrl":"https:\/\/www.telam.com.ar\/thumbs\/bluesteel\/advf\/imagenes\/2021\/12\/61aa8aac1927b_900.jpg"},{"@type":"BreadcrumbList","@id":"https:\/\/www.noticiasradioreflejos.com.ar\/2021\/la-fifa-organiza-una-cumbre-global-para-debatir-el-proyecto-de-los-mundiales-cada-dos-anos\/#breadcrumb","itemListElement":[{"@type":"ListItem","position":1,"name":"Portada","item":"https:\/\/www.noticiasradioreflejos.com.ar\/2021\/"},{"@type":"ListItem","position":2,"name":"La FIFA organiza una cumbre global para debatir el proyecto de los Mundiales cada dos a\u00f1os"}]},{"@type":"WebSite","@id":"https:\/\/www.noticiasradioreflejos.com.ar\/2021\/#website","url":"https:\/\/www.noticiasradioreflejos.com.ar\/2021\/","name":"Noticias Radio Reflejos","description":"Las noticias de mi comarca","potentialAction":[{"@type":"SearchAction","target":{"@type":"EntryPoint","urlTemplate":"https:\/\/www.noticiasradioreflejos.com.ar\/2021\/?s={search_term_string}"},"query-input":{"@type":"PropertyValueSpecification","valueRequired":true,"valueName":"search_term_string"}}],"inLanguage":"es"},{"@type":"Person","@id":"https:\/\/www.noticiasradioreflejos.com.ar\/2021\/#\/schema\/person\/ad82545263dcc5ec0996818884fd5fb1","name":"Arnaldo Botto","image":{"@type":"ImageObject","inLanguage":"es","@id":"https:\/\/www.noticiasradioreflejos.com.ar\/2021\/#\/schema\/person\/image\/","url":"https:\/\/secure.gravatar.com\/avatar\/55cb5e37c1efa326397366e6974cb338056df65cb50e7d64d1cf314e87504837?s=96&d=mm&r=g","contentUrl":"https:\/\/secure.gravatar.com\/avatar\/55cb5e37c1efa326397366e6974cb338056df65cb50e7d64d1cf314e87504837?s=96&d=mm&r=g","caption":"Arnaldo Botto"},"url":"https:\/\/www.noticiasradioreflejos.com.ar\/2021\/author\/arnaldo\/"}]}},"_links":{"self":[{"href":"https:\/\/www.noticiasradioreflejos.com.ar\/2021\/wp-json\/wp\/v2\/posts\/66145","targetHints":{"allow":["GET"]}}],"collection":[{"href":"https:\/\/www.noticiasradioreflejos.com.ar\/2021\/wp-json\/wp\/v2\/posts"}],"about":[{"href":"https:\/\/www.noticiasradioreflejos.com.ar\/2021\/wp-json\/wp\/v2\/types\/post"}],"author":[{"embeddable":true,"href":"https:\/\/www.noticiasradioreflejos.com.ar\/2021\/wp-json\/wp\/v2\/users\/3"}],"replies":[{"embeddable":true,"href":"https:\/\/www.noticiasradioreflejos.com.ar\/2021\/wp-json\/wp\/v2\/comments?post=66145"}],"version-history":[{"count":1,"href":"https:\/\/www.noticiasradioreflejos.com.ar\/2021\/wp-json\/wp\/v2\/posts\/66145\/revisions"}],"predecessor-version":[{"id":66147,"href":"https:\/\/www.noticiasradioreflejos.com.ar\/2021\/wp-json\/wp\/v2\/posts\/66145\/revisions\/66147"}],"wp:attachment":[{"href":"https:\/\/www.noticiasradioreflejos.com.ar\/2021\/wp-json\/wp\/v2\/media?parent=66145"}],"wp:term":[{"taxonomy":"category","embeddable":true,"href":"https:\/\/www.noticiasradioreflejos.com.ar\/2021\/wp-json\/wp\/v2\/categories?post=66145"},{"taxonomy":"post_tag","embeddable":true,"href":"https:\/\/www.noticiasradioreflejos.com.ar\/2021\/wp-json\/wp\/v2\/tags?post=66145"}],"curies":[{"name":"wp","href":"https:\/\/api.w.org\/{rel}","templated":true}]}}