{"id":66142,"date":"2021-12-20T10:08:52","date_gmt":"2021-12-20T10:08:52","guid":{"rendered":"http:\/\/www.noticiasradioreflejos.com.ar\/2021\/?p=66142"},"modified":"2021-12-20T10:08:52","modified_gmt":"2021-12-20T10:08:52","slug":"boric-gano-la-presidencia-chilena-y-la-izquierda-respira-con-alivio-y-esperanza","status":"publish","type":"post","link":"https:\/\/www.noticiasradioreflejos.com.ar\/2021\/boric-gano-la-presidencia-chilena-y-la-izquierda-respira-con-alivio-y-esperanza\/","title":{"rendered":"Boric gan\u00f3 la Presidencia chilena y la izquierda respira con alivio y esperanza"},"content":{"rendered":"<div class=\"wrapper-header\">\n<div class=\"container-xl\">\n<div class=\"row\">\n<div class=\"col-12\">\n<div class=\"head-content mb-4\">\n<p class=\"speak\">El candidato de izquierda Gabriel Boric es el nuevo presidente electo de Chile al reunir 55,87% de los votos v\u00e1lidos del balotaje de este domingo, cuando se hab\u00eda complet\u00f3 100 % del escrutinio oficial.<\/p>\n<\/div>\n<\/div>\n<\/div>\n<\/div>\n<\/div>\n<p><!--more--><\/p>\n<div class=\"wrapper-editable-content\">\n<div class=\"wrapper-info-note\">\n<div class=\"col-md-12\">\n<div class=\"wrapper-author-social\">\n<div class=\"social mt-3\"><i class=\"fas fa-share-alt\"><\/i>\u00a0<i class=\"fab fa-facebook-f\"><\/i>\u00a0<i class=\"fab fa-twitter\"><\/i>\u00a0<i class=\"fab fa-whatsapp\"><\/i>\u00a0<i class=\"fab fa-linkedin\"><\/i>\u00a0<i class=\"fas fa-qrcode\"><\/i>\u00a0<i class=\"fas fa-link\"><\/i><\/div>\n<\/div>\n<\/div>\n<\/div>\n<div>\n<div class=\"wrapper-editable-content\">\n<div>\n<div class=\"container-md\">\n<div class=\"row\">\n<div class=\"col-md-12 speak\">\n<div class=\"paragraph\">\n<p><strong>Por Alfredo Follonier, corresponsal, e Iv\u00e1n Gajardo Millas, enviado especial<\/strong><\/p>\n<figure class=\"mb-3\"><img decoding=\"async\" src=\"https:\/\/www.telam.com.ar\/thumbs\/bluesteel\/advf\/imagenes\/2021\/11\/6197acbd727be_900.jpg\" alt=\"Boric encabeza el conteo del balotaje Foto Archivo\" width=\"100%\" height=\"100%\" \/><\/p>\n<div class=\"media-icons\"><\/div><figcaption>Boric encabeza el conteo del balotaje. Foto: Archivo<\/figcaption><\/figure>\n<p>El joven diputado opositor Gabriel Boric gan\u00f3 este domingo el balotaje presidencial de Chile con casi el 56% de los votos, una victoria que desat\u00f3 un alivio y festejos masivos de la izquierda en el centro de la capital, luego de una campa\u00f1a extremadamente polarizada con el candidato de ultraderecha, Jos\u00e9 Antonio Kast.<\/p>\n<p>El resultado fue mucho m\u00e1s contundente que el pronosticado por los sondeos: con m\u00e1s del 99,9% escrutado, Boric se impuso con el 55,87% frente al 44,13% de Kast. El ahora presidente electo super\u00f3 a Eduardo Frei y se convirti\u00f3 en el candidato que obtuvo m\u00e1s votos absolutos en la historia del pa\u00eds (aunque no el mayor porcentaje), con m\u00e1s de 4,5 millones de sufragios.<\/p>\n<p>Uno de los elementos clave para este triunfo -el primero de un candidato que hab\u00eda perdido la primera vuelta presidencial- fue el aumento significativo de la participaci\u00f3n, que termin\u00f3 marcando otro r\u00e9cord para la democracia chilena, seg\u00fan el canal CNN Chile.<\/p>\n<p>Mientras el 47,3% vot\u00f3 en la primera vuelta, hoy m\u00e1s del 55% -es decir, unos 8,2 millones de chilenos- lo hizo.<\/p>\n<p>\u00abEsta campa\u00f1a desbord\u00f3 todas nuestras expectativas y este mismo compromiso y entusiasmo que demostraron ser\u00e1 necesario durante todos los a\u00f1os de mi Gobierno para que se pueda sostener el proceso de cambio que se ha iniciado\u00bb, pidi\u00f3 Boric en su discurso como presidente electo frente a una marea humana que rode\u00f3 el escenario construido en una de las arterias centrales de Santiago, la Alameda, a solo cuadras de La Moneda, la sede de Gobierno.<\/p>\n<figure class=\"mb-3\"><img decoding=\"async\" src=\"https:\/\/www.telam.com.ar\/thumbs\/bluesteel\/advf\/imagenes\/2021\/12\/61bfc6544f1a4_900.jpg\" alt=\"Simpatizantes de Boric festejan el triunfo Foto Diego Izquierdo\" width=\"100%\" height=\"100%\" \/><\/p>\n<div class=\"media-icons\"><\/div><figcaption>Simpatizantes de Boric festejan el triunfo. Foto: Diego Izquierdo<\/figcaption><\/figure>\n<p>Ni bien qued\u00f3 claro que Boric se convertir\u00eda en el presidente m\u00e1s joven de Chile el pr\u00f3ximo 11 de marzo, con 35 a\u00f1os, muchos militantes y dirigentes de izquierda, de centroizquierda respiraron aliviados y los abrazos y festejos se multiplicaron en el comando de campa\u00f1a, en las calles aleda\u00f1as y, poco despu\u00e9s, en el centro de Santiago y de otras ciudades del pa\u00eds.<\/p>\n<p>Los dirigentes de la izquierda repet\u00edan una y otra vez que hab\u00eda ganado \u00abla esperanza\u00bb y que uno de los primeros objetivos del pr\u00f3ximo Gobierno ser\u00e1 recuperar \u00abla unidad\u00bb del pa\u00eds, un discurso similar al que se escuch\u00f3 en el pa\u00eds tras el referendo que puso fin a la dictadura de Augusto Pinochet.<\/p>\n<p>En esa consulta popular, se repiti\u00f3 un resultado en t\u00e9rminos de porcentaje similar al de hoy: el S\u00ed a la continuidad de la dictadura obtuvo 44%, mientras que el No que ped\u00eda una transici\u00f3n democr\u00e1tica acumul\u00f3 casi un 56%.<\/p>\n<p>Los sondeos pronosticaban un resultado muy cerrado con final abierto y en medio de un clima de fuerte crispaci\u00f3n pol\u00edtica.<\/p>\n<blockquote class=\"twitter-tweet\" data-width=\"500\" data-dnt=\"true\">\n<p lang=\"es\" dir=\"ltr\">\ud83d\udd34 <a href=\"https:\/\/twitter.com\/hashtag\/AlertaT13?src=hash&amp;ref_src=twsrc%5Etfw\">#AlertaT13<\/a> | Gabriel Boric gana la segunda vuelta a Kast y se convertir\u00e1 en el pr\u00f3ximo Presidente de Chile<\/p>\n<p>\u00bb <a href=\"https:\/\/t.co\/ohrGmBfMOW\">https:\/\/t.co\/ohrGmBfMOW<\/a> <a href=\"https:\/\/t.co\/2O5PGbptfj\">pic.twitter.com\/2O5PGbptfj<\/a><\/p>\n<p>&mdash; T13 (@T13) <a href=\"https:\/\/twitter.com\/T13\/status\/1472693141614563330?ref_src=twsrc%5Etfw\">December 19, 2021<\/a><\/p><\/blockquote>\n<p><script async src=\"https:\/\/platform.twitter.com\/widgets.js\" charset=\"utf-8\"><\/script><\/p>\n<p>Pese a los temores de algunos, la victoria electoral lleg\u00f3 r\u00e1pido de la mano del apoyo de las grandes ciudades (eso s\u00ed se esperaba), al igual que las felicitaciones de Kast, de los principales dirigentes de la coalici\u00f3n oficialista y del propio presidente saliente, Sebasti\u00e1n Pi\u00f1era.<\/p>\n<p>\u201cAcabo de hablar con Gabriel Boric y lo he felicitado por su gran triunfo; desde hoy es el presidente electo de Chile y merece todo nuestro respeto y colaboraci\u00f3n constructiva\u201d porque \u201cChile siempre est\u00e1 primero\u201d, escribi\u00f3 Kast en Twitter y luego, en su discurso le habl\u00f3 a sus simpatizantes: \u00abA los que nos votaron queremos decirles que est\u00e9n tranquilos, que todo va a estar bien\u00bb, y prometi\u00f3 que seguir\u00e1 acompa\u00f1ando a \u00ablas v\u00edctimas del terrorismo\u00bb.<\/p>\n<p>Apenas minutos despu\u00e9s, Pi\u00f1era y Boric compartieron una videollamada que fue difundida en vivo por la televisi\u00f3n nacional, en la que se destacaron tanto la amabilidad como la tensi\u00f3n entre dos defensores de ideas diferentes.<\/p>\n<p>\u201cLa historia nos ha ense\u00f1ado que cuando recorremos los caminos de la paz y la reconciliaci\u00f3n, a los chilenos nos va bien; cuando dividimos, no; todos esperamos que tenga un muy buen Gobierno para Chile y para los chilenos; va a contar con nuestra posici\u00f3n colaborativa\u201d, sostuvo Pi\u00f1era.<\/p>\n<p>Boric replic\u00f3 entonces que \u201clos acuerdos tienen que ser con los chilenos y las chilenas, no solo entre dirigentes\u201d, y remarc\u00f3 que \u00e9l ser\u00e1 \u201cel presidente de todos los chilenos y las chilenas\u201d.<\/p>\n<p>M\u00e1s adelante, el mandatario invit\u00f3 a su sucesor a una \u201creuni\u00f3n de trabajo\u201d y le recomend\u00f3 que \u201caproveche muy bien este tiempo\u201d porque \u201cgobernar es muy dif\u00edcil\u201d.<\/p>\n<p>\u201cEsperemos que lo hagamos mejor\u201d, respondi\u00f3 el presidente electo, con una sonrisa.<\/p>\n<p>Fiel a la apertura que demostr\u00f3 desde la primera vuelta, Boric luego se dirigi\u00f3 a hablar con los principales l\u00edderes de la exConcertaci\u00f3n, la coalici\u00f3n de centro-izquierda que gobern\u00f3 durante dos d\u00e9cadas ininterrumpidas tras la vuelta a la democracia y con la que tuvo que dialogar para sumar su apoyo.<\/p>\n<p>Y luego recibi\u00f3 a Kast, quien fue a su comando a felicitarlo en persona.<\/p>\n<p>Pero la verdadera celebraci\u00f3n que esperaba a Boric estaba en las calles, donde una multitud pocas veces vista festejaba con banderas chilenas, mapuches, del Partido Comunista y de diversidad sexual.<\/p>\n<figure class=\"mb-3\"><img decoding=\"async\" src=\"https:\/\/www.telam.com.ar\/thumbs\/bluesteel\/advf\/imagenes\/2021\/12\/61bfa9c7e64bb_900.jpg\" alt=\"La diferencia fue de ms de 11 puntos foto Diego Izquierdo\" width=\"100%\" height=\"100%\" \/><\/p>\n<div class=\"media-icons\"><\/div><figcaption>La diferencia fue de m\u00e1s de 11 puntos. foto: Diego Izquierdo<\/figcaption><\/figure>\n<p>Desde el escenario, mientras esperaban a Boric, la actriz Mariana Loyola festej\u00f3 \u00abel fin del pinochetismo\u00bb y, desde el p\u00fablico, le respondieron: \u00abLiberar, liberar a los presos por luchar\u00bb, en referencia a los manifestantes del estallido social de 2019 que a\u00fan siguen detenidos.<\/p>\n<p>La cantidad de gente en la calle era tal que Boric, quien lleg\u00f3 a la escena pol\u00edtica nacional hace diez a\u00f1os como uno de los l\u00edderes estudiantiles de la llamada revoluci\u00f3n de los ping\u00fcinos, tuvo que llegar al escenario caminando y cruzar, ayudado por sus simpatizantes, por encima de las vallas.<\/p>\n<p>\u00abBasta del despotismo iluminado que cree que puede hacer un Gobierno para el pueblo sin el pueblo: \u00a1con nosotros en La Moneda entra la gente! Hoy la esperanza le gan\u00f3 al miedo\u00bb, asegur\u00f3 el mandatario electo y deline\u00f3 cu\u00e1les ser\u00e1n sus prioridades: salud y educaci\u00f3n p\u00fablica, un sistema de pensiones p\u00fablicas, m\u00e1s seguridad, respeto a los derechos humanos y los derechos de los pueblos originarios, las mujeres y la comunidad LGBTQ+.<\/p>\n<p>\u00abLa democracia substantiva no se reduce solamente al voto. Queremos una democracia en la que los barrios, las poblaciones, la sociedad civil tengan protagonismo, porque una democracia sin la gente no es realmente una democracia. Y porque los avances substantivos para que sean s\u00f3lidos tienen que tener consensos, tienen que ser pelda\u00f1o por pelda\u00f1o\u00bb, asegur\u00f3.<\/p>\n<p>Prometi\u00f3 que \u00abproteger\u00e1 la democracia\u00bb, respetar\u00e1 \u00absiempre y en todo lugar\u00bb los derechos humanos, escuchar\u00e1 \u00ablas cr\u00edticas constructivas\u00bb y, finalmente, hizo un compromiso, que pareci\u00f3 retomar uno de los ataques verbales m\u00e1s recordados de Pi\u00f1era a los manifestantes del estallido social de 2019: \u00abNunca en nuestro pa\u00eds volveremos a tener un presidente que le declare la guerra a su propio pueblo.\u00bb<\/p>\n<\/div>\n<\/div>\n<\/div>\n<\/div>\n<\/div>\n<\/div>\n<\/div>\n<\/div>\n","protected":false},"excerpt":{"rendered":"<p>El candidato de izquierda Gabriel Boric es el nuevo presidente electo de Chile al reunir 55,87% de los votos v\u00e1lidos del balotaje de este domingo, cuando se hab\u00eda complet\u00f3 100 % del escrutinio oficial.<\/p>\n","protected":false},"author":3,"featured_media":0,"comment_status":"closed","ping_status":"closed","sticky":false,"template":"","format":"standard","meta":{"footnotes":""},"categories":[24,26],"tags":[],"class_list":["post-66142","post","type-post","status-publish","format-standard","hentry","category-politica","category-sociedad"],"yoast_head":"<!-- This site is optimized with the Yoast SEO plugin v25.9 - https:\/\/yoast.com\/wordpress\/plugins\/seo\/ -->\n<title>Boric gan\u00f3 la Presidencia chilena y la izquierda respira con alivio y esperanza - Noticias Radio Reflejos<\/title>\n<meta name=\"robots\" content=\"index, follow, max-snippet:-1, max-image-preview:large, max-video-preview:-1\" \/>\n<link rel=\"canonical\" href=\"https:\/\/www.noticiasradioreflejos.com.ar\/2021\/boric-gano-la-presidencia-chilena-y-la-izquierda-respira-con-alivio-y-esperanza\/\" \/>\n<meta property=\"og:locale\" content=\"es_ES\" \/>\n<meta property=\"og:type\" content=\"article\" \/>\n<meta property=\"og:title\" content=\"Boric gan\u00f3 la Presidencia chilena y la izquierda respira con alivio y esperanza - Noticias Radio Reflejos\" \/>\n<meta property=\"og:description\" content=\"El candidato de izquierda Gabriel Boric es el nuevo presidente electo de Chile al reunir 55,87% de los votos v\u00e1lidos del balotaje de este domingo, cuando se hab\u00eda complet\u00f3 100 % del escrutinio oficial.\" \/>\n<meta property=\"og:url\" content=\"https:\/\/www.noticiasradioreflejos.com.ar\/2021\/boric-gano-la-presidencia-chilena-y-la-izquierda-respira-con-alivio-y-esperanza\/\" \/>\n<meta property=\"og:site_name\" content=\"Noticias Radio Reflejos\" \/>\n<meta property=\"article:published_time\" content=\"2021-12-20T10:08:52+00:00\" \/>\n<meta property=\"og:image\" content=\"https:\/\/www.telam.com.ar\/thumbs\/bluesteel\/advf\/imagenes\/2021\/11\/6197acbd727be_900.jpg\" \/>\n<meta name=\"author\" content=\"Arnaldo Botto\" \/>\n<meta name=\"twitter:card\" content=\"summary_large_image\" \/>\n<script type=\"application\/ld+json\" class=\"yoast-schema-graph\">{\"@context\":\"https:\/\/schema.org\",\"@graph\":[{\"@type\":\"WebPage\",\"@id\":\"https:\/\/www.noticiasradioreflejos.com.ar\/2021\/boric-gano-la-presidencia-chilena-y-la-izquierda-respira-con-alivio-y-esperanza\/\",\"url\":\"https:\/\/www.noticiasradioreflejos.com.ar\/2021\/boric-gano-la-presidencia-chilena-y-la-izquierda-respira-con-alivio-y-esperanza\/\",\"name\":\"Boric gan\u00f3 la Presidencia chilena y la izquierda respira con alivio y esperanza - Noticias Radio Reflejos\",\"isPartOf\":{\"@id\":\"https:\/\/www.noticiasradioreflejos.com.ar\/2021\/#website\"},\"primaryImageOfPage\":{\"@id\":\"https:\/\/www.noticiasradioreflejos.com.ar\/2021\/boric-gano-la-presidencia-chilena-y-la-izquierda-respira-con-alivio-y-esperanza\/#primaryimage\"},\"image\":{\"@id\":\"https:\/\/www.noticiasradioreflejos.com.ar\/2021\/boric-gano-la-presidencia-chilena-y-la-izquierda-respira-con-alivio-y-esperanza\/#primaryimage\"},\"thumbnailUrl\":\"https:\/\/www.telam.com.ar\/thumbs\/bluesteel\/advf\/imagenes\/2021\/11\/6197acbd727be_900.jpg\",\"datePublished\":\"2021-12-20T10:08:52+00:00\",\"author\":{\"@id\":\"https:\/\/www.noticiasradioreflejos.com.ar\/2021\/#\/schema\/person\/ad82545263dcc5ec0996818884fd5fb1\"},\"breadcrumb\":{\"@id\":\"https:\/\/www.noticiasradioreflejos.com.ar\/2021\/boric-gano-la-presidencia-chilena-y-la-izquierda-respira-con-alivio-y-esperanza\/#breadcrumb\"},\"inLanguage\":\"es\",\"potentialAction\":[{\"@type\":\"ReadAction\",\"target\":[\"https:\/\/www.noticiasradioreflejos.com.ar\/2021\/boric-gano-la-presidencia-chilena-y-la-izquierda-respira-con-alivio-y-esperanza\/\"]}]},{\"@type\":\"ImageObject\",\"inLanguage\":\"es\",\"@id\":\"https:\/\/www.noticiasradioreflejos.com.ar\/2021\/boric-gano-la-presidencia-chilena-y-la-izquierda-respira-con-alivio-y-esperanza\/#primaryimage\",\"url\":\"https:\/\/www.telam.com.ar\/thumbs\/bluesteel\/advf\/imagenes\/2021\/11\/6197acbd727be_900.jpg\",\"contentUrl\":\"https:\/\/www.telam.com.ar\/thumbs\/bluesteel\/advf\/imagenes\/2021\/11\/6197acbd727be_900.jpg\"},{\"@type\":\"BreadcrumbList\",\"@id\":\"https:\/\/www.noticiasradioreflejos.com.ar\/2021\/boric-gano-la-presidencia-chilena-y-la-izquierda-respira-con-alivio-y-esperanza\/#breadcrumb\",\"itemListElement\":[{\"@type\":\"ListItem\",\"position\":1,\"name\":\"Portada\",\"item\":\"https:\/\/www.noticiasradioreflejos.com.ar\/2021\/\"},{\"@type\":\"ListItem\",\"position\":2,\"name\":\"Boric gan\u00f3 la Presidencia chilena y la izquierda respira con alivio y esperanza\"}]},{\"@type\":\"WebSite\",\"@id\":\"https:\/\/www.noticiasradioreflejos.com.ar\/2021\/#website\",\"url\":\"https:\/\/www.noticiasradioreflejos.com.ar\/2021\/\",\"name\":\"Noticias Radio Reflejos\",\"description\":\"Las noticias de mi comarca\",\"potentialAction\":[{\"@type\":\"SearchAction\",\"target\":{\"@type\":\"EntryPoint\",\"urlTemplate\":\"https:\/\/www.noticiasradioreflejos.com.ar\/2021\/?s={search_term_string}\"},\"query-input\":{\"@type\":\"PropertyValueSpecification\",\"valueRequired\":true,\"valueName\":\"search_term_string\"}}],\"inLanguage\":\"es\"},{\"@type\":\"Person\",\"@id\":\"https:\/\/www.noticiasradioreflejos.com.ar\/2021\/#\/schema\/person\/ad82545263dcc5ec0996818884fd5fb1\",\"name\":\"Arnaldo Botto\",\"image\":{\"@type\":\"ImageObject\",\"inLanguage\":\"es\",\"@id\":\"https:\/\/www.noticiasradioreflejos.com.ar\/2021\/#\/schema\/person\/image\/\",\"url\":\"https:\/\/secure.gravatar.com\/avatar\/55cb5e37c1efa326397366e6974cb338056df65cb50e7d64d1cf314e87504837?s=96&d=mm&r=g\",\"contentUrl\":\"https:\/\/secure.gravatar.com\/avatar\/55cb5e37c1efa326397366e6974cb338056df65cb50e7d64d1cf314e87504837?s=96&d=mm&r=g\",\"caption\":\"Arnaldo Botto\"},\"url\":\"https:\/\/www.noticiasradioreflejos.com.ar\/2021\/author\/arnaldo\/\"}]}<\/script>\n<!-- \/ Yoast SEO plugin. -->","yoast_head_json":{"title":"Boric gan\u00f3 la Presidencia chilena y la izquierda respira con alivio y esperanza - Noticias Radio Reflejos","robots":{"index":"index","follow":"follow","max-snippet":"max-snippet:-1","max-image-preview":"max-image-preview:large","max-video-preview":"max-video-preview:-1"},"canonical":"https:\/\/www.noticiasradioreflejos.com.ar\/2021\/boric-gano-la-presidencia-chilena-y-la-izquierda-respira-con-alivio-y-esperanza\/","og_locale":"es_ES","og_type":"article","og_title":"Boric gan\u00f3 la Presidencia chilena y la izquierda respira con alivio y esperanza - Noticias Radio Reflejos","og_description":"El candidato de izquierda Gabriel Boric es el nuevo presidente electo de Chile al reunir 55,87% de los votos v\u00e1lidos del balotaje de este domingo, cuando se hab\u00eda complet\u00f3 100 % del escrutinio oficial.","og_url":"https:\/\/www.noticiasradioreflejos.com.ar\/2021\/boric-gano-la-presidencia-chilena-y-la-izquierda-respira-con-alivio-y-esperanza\/","og_site_name":"Noticias Radio Reflejos","article_published_time":"2021-12-20T10:08:52+00:00","og_image":[{"url":"https:\/\/www.telam.com.ar\/thumbs\/bluesteel\/advf\/imagenes\/2021\/11\/6197acbd727be_900.jpg","type":"","width":"","height":""}],"author":"Arnaldo Botto","twitter_card":"summary_large_image","schema":{"@context":"https:\/\/schema.org","@graph":[{"@type":"WebPage","@id":"https:\/\/www.noticiasradioreflejos.com.ar\/2021\/boric-gano-la-presidencia-chilena-y-la-izquierda-respira-con-alivio-y-esperanza\/","url":"https:\/\/www.noticiasradioreflejos.com.ar\/2021\/boric-gano-la-presidencia-chilena-y-la-izquierda-respira-con-alivio-y-esperanza\/","name":"Boric gan\u00f3 la Presidencia chilena y la izquierda respira con alivio y esperanza - Noticias Radio Reflejos","isPartOf":{"@id":"https:\/\/www.noticiasradioreflejos.com.ar\/2021\/#website"},"primaryImageOfPage":{"@id":"https:\/\/www.noticiasradioreflejos.com.ar\/2021\/boric-gano-la-presidencia-chilena-y-la-izquierda-respira-con-alivio-y-esperanza\/#primaryimage"},"image":{"@id":"https:\/\/www.noticiasradioreflejos.com.ar\/2021\/boric-gano-la-presidencia-chilena-y-la-izquierda-respira-con-alivio-y-esperanza\/#primaryimage"},"thumbnailUrl":"https:\/\/www.telam.com.ar\/thumbs\/bluesteel\/advf\/imagenes\/2021\/11\/6197acbd727be_900.jpg","datePublished":"2021-12-20T10:08:52+00:00","author":{"@id":"https:\/\/www.noticiasradioreflejos.com.ar\/2021\/#\/schema\/person\/ad82545263dcc5ec0996818884fd5fb1"},"breadcrumb":{"@id":"https:\/\/www.noticiasradioreflejos.com.ar\/2021\/boric-gano-la-presidencia-chilena-y-la-izquierda-respira-con-alivio-y-esperanza\/#breadcrumb"},"inLanguage":"es","potentialAction":[{"@type":"ReadAction","target":["https:\/\/www.noticiasradioreflejos.com.ar\/2021\/boric-gano-la-presidencia-chilena-y-la-izquierda-respira-con-alivio-y-esperanza\/"]}]},{"@type":"ImageObject","inLanguage":"es","@id":"https:\/\/www.noticiasradioreflejos.com.ar\/2021\/boric-gano-la-presidencia-chilena-y-la-izquierda-respira-con-alivio-y-esperanza\/#primaryimage","url":"https:\/\/www.telam.com.ar\/thumbs\/bluesteel\/advf\/imagenes\/2021\/11\/6197acbd727be_900.jpg","contentUrl":"https:\/\/www.telam.com.ar\/thumbs\/bluesteel\/advf\/imagenes\/2021\/11\/6197acbd727be_900.jpg"},{"@type":"BreadcrumbList","@id":"https:\/\/www.noticiasradioreflejos.com.ar\/2021\/boric-gano-la-presidencia-chilena-y-la-izquierda-respira-con-alivio-y-esperanza\/#breadcrumb","itemListElement":[{"@type":"ListItem","position":1,"name":"Portada","item":"https:\/\/www.noticiasradioreflejos.com.ar\/2021\/"},{"@type":"ListItem","position":2,"name":"Boric gan\u00f3 la Presidencia chilena y la izquierda respira con alivio y esperanza"}]},{"@type":"WebSite","@id":"https:\/\/www.noticiasradioreflejos.com.ar\/2021\/#website","url":"https:\/\/www.noticiasradioreflejos.com.ar\/2021\/","name":"Noticias Radio Reflejos","description":"Las noticias de mi comarca","potentialAction":[{"@type":"SearchAction","target":{"@type":"EntryPoint","urlTemplate":"https:\/\/www.noticiasradioreflejos.com.ar\/2021\/?s={search_term_string}"},"query-input":{"@type":"PropertyValueSpecification","valueRequired":true,"valueName":"search_term_string"}}],"inLanguage":"es"},{"@type":"Person","@id":"https:\/\/www.noticiasradioreflejos.com.ar\/2021\/#\/schema\/person\/ad82545263dcc5ec0996818884fd5fb1","name":"Arnaldo Botto","image":{"@type":"ImageObject","inLanguage":"es","@id":"https:\/\/www.noticiasradioreflejos.com.ar\/2021\/#\/schema\/person\/image\/","url":"https:\/\/secure.gravatar.com\/avatar\/55cb5e37c1efa326397366e6974cb338056df65cb50e7d64d1cf314e87504837?s=96&d=mm&r=g","contentUrl":"https:\/\/secure.gravatar.com\/avatar\/55cb5e37c1efa326397366e6974cb338056df65cb50e7d64d1cf314e87504837?s=96&d=mm&r=g","caption":"Arnaldo Botto"},"url":"https:\/\/www.noticiasradioreflejos.com.ar\/2021\/author\/arnaldo\/"}]}},"_links":{"self":[{"href":"https:\/\/www.noticiasradioreflejos.com.ar\/2021\/wp-json\/wp\/v2\/posts\/66142","targetHints":{"allow":["GET"]}}],"collection":[{"href":"https:\/\/www.noticiasradioreflejos.com.ar\/2021\/wp-json\/wp\/v2\/posts"}],"about":[{"href":"https:\/\/www.noticiasradioreflejos.com.ar\/2021\/wp-json\/wp\/v2\/types\/post"}],"author":[{"embeddable":true,"href":"https:\/\/www.noticiasradioreflejos.com.ar\/2021\/wp-json\/wp\/v2\/users\/3"}],"replies":[{"embeddable":true,"href":"https:\/\/www.noticiasradioreflejos.com.ar\/2021\/wp-json\/wp\/v2\/comments?post=66142"}],"version-history":[{"count":1,"href":"https:\/\/www.noticiasradioreflejos.com.ar\/2021\/wp-json\/wp\/v2\/posts\/66142\/revisions"}],"predecessor-version":[{"id":66144,"href":"https:\/\/www.noticiasradioreflejos.com.ar\/2021\/wp-json\/wp\/v2\/posts\/66142\/revisions\/66144"}],"wp:attachment":[{"href":"https:\/\/www.noticiasradioreflejos.com.ar\/2021\/wp-json\/wp\/v2\/media?parent=66142"}],"wp:term":[{"taxonomy":"category","embeddable":true,"href":"https:\/\/www.noticiasradioreflejos.com.ar\/2021\/wp-json\/wp\/v2\/categories?post=66142"},{"taxonomy":"post_tag","embeddable":true,"href":"https:\/\/www.noticiasradioreflejos.com.ar\/2021\/wp-json\/wp\/v2\/tags?post=66142"}],"curies":[{"name":"wp","href":"https:\/\/api.w.org\/{rel}","templated":true}]}}