{"id":66137,"date":"2021-12-19T15:37:21","date_gmt":"2021-12-19T15:37:21","guid":{"rendered":"http:\/\/www.noticiasradioreflejos.com.ar\/2021\/?p=66137"},"modified":"2021-12-19T15:39:44","modified_gmt":"2021-12-19T15:39:44","slug":"dos-jovenes-de-tornquist-accidentados-en-la-ruta-76","status":"publish","type":"post","link":"https:\/\/www.noticiasradioreflejos.com.ar\/2021\/dos-jovenes-de-tornquist-accidentados-en-la-ruta-76\/","title":{"rendered":"Dos j\u00f3venes de Tornquist accidentados en la ruta 76"},"content":{"rendered":"<p>En cercan\u00edas del acceso a nuestra ciudad por ruta provincial 76, este domingo a la 1.10 de la ma\u00f1ana fueron alertados bomberos voluntarios, polic\u00eda y personal de salud por el vuelco de un autom\u00f3vil.<!--more--><\/p>\n<p>El auto un VW gol(GHO 075)que se desplazaba sentido \u00a0a Tornquist se despist\u00f3 a unos novecientos metros del ingreso a la ciudad y volc\u00f3 en la banquina opuesta.<\/p>\n<p>El veh\u00edculo estaba al mando de Facundo Labat(24), acompa\u00f1ado por Alex Qui\u00f1ones(22), domiciliados en nuestra ciudad.<\/p>\n<p>Los dos j\u00f3venes se encontraban afuera del veh\u00edculo cuando llegaron para asistirlos y ser trasladados al hospital municipal.<\/p>\n<p>Desde el nosocomio el Director Dr. Diego Herrera, inform\u00f3 que ambos hab\u00edan sido estabilizados y derivados al hospital interzonal Jos\u00e9 Penna, donde permanecen internados.<\/p>\n<div><img decoding=\"async\" src=\"https:\/\/www.noticiastornquist.com.ar\/imagen.php?imagen=\/9cc8cc843e6d4c2e966e77c5dbb972e5.jpg\" \/><\/div>\n<div><\/div>\n<div>Fuente: Noticias Tornquist<\/div>\n","protected":false},"excerpt":{"rendered":"<p>En cercan\u00edas del acceso a nuestra ciudad por ruta provincial 76, este domingo a la 1.10 de la ma\u00f1ana fueron alertados bomberos voluntarios, polic\u00eda y personal de salud por el vuelco de un autom\u00f3vil.<\/p>\n","protected":false},"author":3,"featured_media":0,"comment_status":"closed","ping_status":"closed","sticky":false,"template":"","format":"standard","meta":{"footnotes":""},"categories":[29],"tags":[48],"class_list":["post-66137","post","type-post","status-publish","format-standard","hentry","category-policiales","tag-destacada"],"yoast_head":"<!-- This site is optimized with the Yoast SEO plugin v25.9 - https:\/\/yoast.com\/wordpress\/plugins\/seo\/ -->\n<title>Dos j\u00f3venes de Tornquist accidentados en la ruta 76 - Noticias Radio Reflejos<\/title>\n<meta name=\"robots\" content=\"index, follow, max-snippet:-1, max-image-preview:large, max-video-preview:-1\" \/>\n<link rel=\"canonical\" href=\"https:\/\/www.noticiasradioreflejos.com.ar\/2021\/dos-jovenes-de-tornquist-accidentados-en-la-ruta-76\/\" \/>\n<meta property=\"og:locale\" content=\"es_ES\" \/>\n<meta property=\"og:type\" content=\"article\" \/>\n<meta property=\"og:title\" content=\"Dos j\u00f3venes de Tornquist accidentados en la ruta 76 - Noticias Radio Reflejos\" \/>\n<meta property=\"og:description\" content=\"En cercan\u00edas del acceso a nuestra ciudad por ruta provincial 76, este domingo a la 1.10 de la ma\u00f1ana fueron alertados bomberos voluntarios, polic\u00eda y personal de salud por el vuelco de un autom\u00f3vil.\" \/>\n<meta property=\"og:url\" content=\"https:\/\/www.noticiasradioreflejos.com.ar\/2021\/dos-jovenes-de-tornquist-accidentados-en-la-ruta-76\/\" \/>\n<meta property=\"og:site_name\" content=\"Noticias Radio Reflejos\" \/>\n<meta property=\"article:published_time\" content=\"2021-12-19T15:37:21+00:00\" \/>\n<meta property=\"article:modified_time\" content=\"2021-12-19T15:39:44+00:00\" \/>\n<meta property=\"og:image\" content=\"https:\/\/www.noticiastornquist.com.ar\/imagen.php?imagen=\/9cc8cc843e6d4c2e966e77c5dbb972e5.jpg\" \/>\n<meta name=\"author\" content=\"Arnaldo Botto\" \/>\n<meta name=\"twitter:card\" content=\"summary_large_image\" \/>\n<script type=\"application\/ld+json\" class=\"yoast-schema-graph\">{\"@context\":\"https:\/\/schema.org\",\"@graph\":[{\"@type\":\"WebPage\",\"@id\":\"https:\/\/www.noticiasradioreflejos.com.ar\/2021\/dos-jovenes-de-tornquist-accidentados-en-la-ruta-76\/\",\"url\":\"https:\/\/www.noticiasradioreflejos.com.ar\/2021\/dos-jovenes-de-tornquist-accidentados-en-la-ruta-76\/\",\"name\":\"Dos j\u00f3venes de Tornquist accidentados en la ruta 76 - Noticias Radio Reflejos\",\"isPartOf\":{\"@id\":\"https:\/\/www.noticiasradioreflejos.com.ar\/2021\/#website\"},\"primaryImageOfPage\":{\"@id\":\"https:\/\/www.noticiasradioreflejos.com.ar\/2021\/dos-jovenes-de-tornquist-accidentados-en-la-ruta-76\/#primaryimage\"},\"image\":{\"@id\":\"https:\/\/www.noticiasradioreflejos.com.ar\/2021\/dos-jovenes-de-tornquist-accidentados-en-la-ruta-76\/#primaryimage\"},\"thumbnailUrl\":\"https:\/\/www.noticiastornquist.com.ar\/imagen.php?imagen=\/9cc8cc843e6d4c2e966e77c5dbb972e5.jpg\",\"datePublished\":\"2021-12-19T15:37:21+00:00\",\"dateModified\":\"2021-12-19T15:39:44+00:00\",\"author\":{\"@id\":\"https:\/\/www.noticiasradioreflejos.com.ar\/2021\/#\/schema\/person\/ad82545263dcc5ec0996818884fd5fb1\"},\"breadcrumb\":{\"@id\":\"https:\/\/www.noticiasradioreflejos.com.ar\/2021\/dos-jovenes-de-tornquist-accidentados-en-la-ruta-76\/#breadcrumb\"},\"inLanguage\":\"es\",\"potentialAction\":[{\"@type\":\"ReadAction\",\"target\":[\"https:\/\/www.noticiasradioreflejos.com.ar\/2021\/dos-jovenes-de-tornquist-accidentados-en-la-ruta-76\/\"]}]},{\"@type\":\"ImageObject\",\"inLanguage\":\"es\",\"@id\":\"https:\/\/www.noticiasradioreflejos.com.ar\/2021\/dos-jovenes-de-tornquist-accidentados-en-la-ruta-76\/#primaryimage\",\"url\":\"https:\/\/www.noticiastornquist.com.ar\/imagen.php?imagen=\/9cc8cc843e6d4c2e966e77c5dbb972e5.jpg\",\"contentUrl\":\"https:\/\/www.noticiastornquist.com.ar\/imagen.php?imagen=\/9cc8cc843e6d4c2e966e77c5dbb972e5.jpg\"},{\"@type\":\"BreadcrumbList\",\"@id\":\"https:\/\/www.noticiasradioreflejos.com.ar\/2021\/dos-jovenes-de-tornquist-accidentados-en-la-ruta-76\/#breadcrumb\",\"itemListElement\":[{\"@type\":\"ListItem\",\"position\":1,\"name\":\"Portada\",\"item\":\"https:\/\/www.noticiasradioreflejos.com.ar\/2021\/\"},{\"@type\":\"ListItem\",\"position\":2,\"name\":\"Dos j\u00f3venes de Tornquist accidentados en la ruta 76\"}]},{\"@type\":\"WebSite\",\"@id\":\"https:\/\/www.noticiasradioreflejos.com.ar\/2021\/#website\",\"url\":\"https:\/\/www.noticiasradioreflejos.com.ar\/2021\/\",\"name\":\"Noticias Radio Reflejos\",\"description\":\"Las noticias de mi comarca\",\"potentialAction\":[{\"@type\":\"SearchAction\",\"target\":{\"@type\":\"EntryPoint\",\"urlTemplate\":\"https:\/\/www.noticiasradioreflejos.com.ar\/2021\/?s={search_term_string}\"},\"query-input\":{\"@type\":\"PropertyValueSpecification\",\"valueRequired\":true,\"valueName\":\"search_term_string\"}}],\"inLanguage\":\"es\"},{\"@type\":\"Person\",\"@id\":\"https:\/\/www.noticiasradioreflejos.com.ar\/2021\/#\/schema\/person\/ad82545263dcc5ec0996818884fd5fb1\",\"name\":\"Arnaldo Botto\",\"image\":{\"@type\":\"ImageObject\",\"inLanguage\":\"es\",\"@id\":\"https:\/\/www.noticiasradioreflejos.com.ar\/2021\/#\/schema\/person\/image\/\",\"url\":\"https:\/\/secure.gravatar.com\/avatar\/55cb5e37c1efa326397366e6974cb338056df65cb50e7d64d1cf314e87504837?s=96&d=mm&r=g\",\"contentUrl\":\"https:\/\/secure.gravatar.com\/avatar\/55cb5e37c1efa326397366e6974cb338056df65cb50e7d64d1cf314e87504837?s=96&d=mm&r=g\",\"caption\":\"Arnaldo Botto\"},\"url\":\"https:\/\/www.noticiasradioreflejos.com.ar\/2021\/author\/arnaldo\/\"}]}<\/script>\n<!-- \/ Yoast SEO plugin. -->","yoast_head_json":{"title":"Dos j\u00f3venes de Tornquist accidentados en la ruta 76 - Noticias Radio Reflejos","robots":{"index":"index","follow":"follow","max-snippet":"max-snippet:-1","max-image-preview":"max-image-preview:large","max-video-preview":"max-video-preview:-1"},"canonical":"https:\/\/www.noticiasradioreflejos.com.ar\/2021\/dos-jovenes-de-tornquist-accidentados-en-la-ruta-76\/","og_locale":"es_ES","og_type":"article","og_title":"Dos j\u00f3venes de Tornquist accidentados en la ruta 76 - Noticias Radio Reflejos","og_description":"En cercan\u00edas del acceso a nuestra ciudad por ruta provincial 76, este domingo a la 1.10 de la ma\u00f1ana fueron alertados bomberos voluntarios, polic\u00eda y personal de salud por el vuelco de un autom\u00f3vil.","og_url":"https:\/\/www.noticiasradioreflejos.com.ar\/2021\/dos-jovenes-de-tornquist-accidentados-en-la-ruta-76\/","og_site_name":"Noticias Radio Reflejos","article_published_time":"2021-12-19T15:37:21+00:00","article_modified_time":"2021-12-19T15:39:44+00:00","og_image":[{"url":"https:\/\/www.noticiastornquist.com.ar\/imagen.php?imagen=\/9cc8cc843e6d4c2e966e77c5dbb972e5.jpg","type":"","width":"","height":""}],"author":"Arnaldo Botto","twitter_card":"summary_large_image","schema":{"@context":"https:\/\/schema.org","@graph":[{"@type":"WebPage","@id":"https:\/\/www.noticiasradioreflejos.com.ar\/2021\/dos-jovenes-de-tornquist-accidentados-en-la-ruta-76\/","url":"https:\/\/www.noticiasradioreflejos.com.ar\/2021\/dos-jovenes-de-tornquist-accidentados-en-la-ruta-76\/","name":"Dos j\u00f3venes de Tornquist accidentados en la ruta 76 - Noticias Radio Reflejos","isPartOf":{"@id":"https:\/\/www.noticiasradioreflejos.com.ar\/2021\/#website"},"primaryImageOfPage":{"@id":"https:\/\/www.noticiasradioreflejos.com.ar\/2021\/dos-jovenes-de-tornquist-accidentados-en-la-ruta-76\/#primaryimage"},"image":{"@id":"https:\/\/www.noticiasradioreflejos.com.ar\/2021\/dos-jovenes-de-tornquist-accidentados-en-la-ruta-76\/#primaryimage"},"thumbnailUrl":"https:\/\/www.noticiastornquist.com.ar\/imagen.php?imagen=\/9cc8cc843e6d4c2e966e77c5dbb972e5.jpg","datePublished":"2021-12-19T15:37:21+00:00","dateModified":"2021-12-19T15:39:44+00:00","author":{"@id":"https:\/\/www.noticiasradioreflejos.com.ar\/2021\/#\/schema\/person\/ad82545263dcc5ec0996818884fd5fb1"},"breadcrumb":{"@id":"https:\/\/www.noticiasradioreflejos.com.ar\/2021\/dos-jovenes-de-tornquist-accidentados-en-la-ruta-76\/#breadcrumb"},"inLanguage":"es","potentialAction":[{"@type":"ReadAction","target":["https:\/\/www.noticiasradioreflejos.com.ar\/2021\/dos-jovenes-de-tornquist-accidentados-en-la-ruta-76\/"]}]},{"@type":"ImageObject","inLanguage":"es","@id":"https:\/\/www.noticiasradioreflejos.com.ar\/2021\/dos-jovenes-de-tornquist-accidentados-en-la-ruta-76\/#primaryimage","url":"https:\/\/www.noticiastornquist.com.ar\/imagen.php?imagen=\/9cc8cc843e6d4c2e966e77c5dbb972e5.jpg","contentUrl":"https:\/\/www.noticiastornquist.com.ar\/imagen.php?imagen=\/9cc8cc843e6d4c2e966e77c5dbb972e5.jpg"},{"@type":"BreadcrumbList","@id":"https:\/\/www.noticiasradioreflejos.com.ar\/2021\/dos-jovenes-de-tornquist-accidentados-en-la-ruta-76\/#breadcrumb","itemListElement":[{"@type":"ListItem","position":1,"name":"Portada","item":"https:\/\/www.noticiasradioreflejos.com.ar\/2021\/"},{"@type":"ListItem","position":2,"name":"Dos j\u00f3venes de Tornquist accidentados en la ruta 76"}]},{"@type":"WebSite","@id":"https:\/\/www.noticiasradioreflejos.com.ar\/2021\/#website","url":"https:\/\/www.noticiasradioreflejos.com.ar\/2021\/","name":"Noticias Radio Reflejos","description":"Las noticias de mi comarca","potentialAction":[{"@type":"SearchAction","target":{"@type":"EntryPoint","urlTemplate":"https:\/\/www.noticiasradioreflejos.com.ar\/2021\/?s={search_term_string}"},"query-input":{"@type":"PropertyValueSpecification","valueRequired":true,"valueName":"search_term_string"}}],"inLanguage":"es"},{"@type":"Person","@id":"https:\/\/www.noticiasradioreflejos.com.ar\/2021\/#\/schema\/person\/ad82545263dcc5ec0996818884fd5fb1","name":"Arnaldo Botto","image":{"@type":"ImageObject","inLanguage":"es","@id":"https:\/\/www.noticiasradioreflejos.com.ar\/2021\/#\/schema\/person\/image\/","url":"https:\/\/secure.gravatar.com\/avatar\/55cb5e37c1efa326397366e6974cb338056df65cb50e7d64d1cf314e87504837?s=96&d=mm&r=g","contentUrl":"https:\/\/secure.gravatar.com\/avatar\/55cb5e37c1efa326397366e6974cb338056df65cb50e7d64d1cf314e87504837?s=96&d=mm&r=g","caption":"Arnaldo Botto"},"url":"https:\/\/www.noticiasradioreflejos.com.ar\/2021\/author\/arnaldo\/"}]}},"_links":{"self":[{"href":"https:\/\/www.noticiasradioreflejos.com.ar\/2021\/wp-json\/wp\/v2\/posts\/66137","targetHints":{"allow":["GET"]}}],"collection":[{"href":"https:\/\/www.noticiasradioreflejos.com.ar\/2021\/wp-json\/wp\/v2\/posts"}],"about":[{"href":"https:\/\/www.noticiasradioreflejos.com.ar\/2021\/wp-json\/wp\/v2\/types\/post"}],"author":[{"embeddable":true,"href":"https:\/\/www.noticiasradioreflejos.com.ar\/2021\/wp-json\/wp\/v2\/users\/3"}],"replies":[{"embeddable":true,"href":"https:\/\/www.noticiasradioreflejos.com.ar\/2021\/wp-json\/wp\/v2\/comments?post=66137"}],"version-history":[{"count":2,"href":"https:\/\/www.noticiasradioreflejos.com.ar\/2021\/wp-json\/wp\/v2\/posts\/66137\/revisions"}],"predecessor-version":[{"id":66141,"href":"https:\/\/www.noticiasradioreflejos.com.ar\/2021\/wp-json\/wp\/v2\/posts\/66137\/revisions\/66141"}],"wp:attachment":[{"href":"https:\/\/www.noticiasradioreflejos.com.ar\/2021\/wp-json\/wp\/v2\/media?parent=66137"}],"wp:term":[{"taxonomy":"category","embeddable":true,"href":"https:\/\/www.noticiasradioreflejos.com.ar\/2021\/wp-json\/wp\/v2\/categories?post=66137"},{"taxonomy":"post_tag","embeddable":true,"href":"https:\/\/www.noticiasradioreflejos.com.ar\/2021\/wp-json\/wp\/v2\/tags?post=66137"}],"curies":[{"name":"wp","href":"https:\/\/api.w.org\/{rel}","templated":true}]}}